{"id":63100,"date":"2012-08-29T13:37:28","date_gmt":"2012-08-29T12:37:28","guid":{"rendered":"http:\/\/www.visit-ulcinj.com\/blog\/?p=63100"},"modified":"2012-08-29T13:37:28","modified_gmt":"2012-08-29T12:37:28","slug":"se-shpejti-ne-ekran-filmi-i-ciljetes-dhe-bjordit-video","status":"publish","type":"post","link":"https:\/\/www.visit-ulcinj.com\/blog\/2012\/08\/29\/se-shpejti-ne-ekran-filmi-i-ciljetes-dhe-bjordit-video\/","title":{"rendered":"S\u00eb shpejti n\u00eb ekran, filmi i \u00c7iljet\u00ebs dhe Bjordit + Video"},"content":{"rendered":"<p><a href=\"http:\/\/www.visit-ulcinj.com\/blog\/wp-content\/uploads\/2012\/08\/filmi-i-Ciljet\u00ebs-dhe-Bjordit.jpg\"><img loading=\"lazy\" class=\"alignleft  wp-image-63101\" title=\"filmi i Ciljet\u00ebs dhe Bjordit\" src=\"http:\/\/www.visit-ulcinj.com\/blog\/wp-content\/uploads\/2012\/08\/filmi-i-Ciljet\u00ebs-dhe-Bjordit.jpg\" alt=\"\" width=\"508\" height=\"237\" \/><\/a>Ka kaluar gati nj\u00eb vit q\u00eb kur media roz\u00eb komentoi sip\u00ebrmarrjen e re t\u00eb k\u00ebng\u00ebtares \u00c7iljeta Xhilaga dhe t\u00eb ish-banorit t\u00eb \u201cBig Brother\u201d, Bjordi Mezini. T\u00eb p\u00ebrzgjedhur nga regjisori i ri Jetmir Pjet\u00ebrnikaj, ata udh\u00ebtuan drejt Italis\u00eb p\u00ebr t\u00eb xhiruar skenat e filmit \u201cFloorless\u201d. Filmi flet p\u00ebr disa njer\u00ebz q\u00eb mbeten t\u00eb mbyllur n\u00eb ashensorin e supermarketit dhe aty p\u00ebrjetojn\u00eb ankth, konflikt e dikush mbetet i vrar\u00eb.<\/p>\n<p>\u00c7iljeta shfaqet n\u00eb rolin e nj\u00eb kameriereje shqiptare q\u00eb \u00ebsht\u00eb n\u00eb muajt e fundit t\u00eb shtatzanis\u00eb, nd\u00ebrsa Bjordi ka rolin e nj\u00eb djali autik. K\u00ebto dit\u00eb, n\u00eb \u201cYoutube\u201d \u00ebsht\u00eb publikuar edhe traileri jo zyrtar i filmit, n\u00eb t\u00eb cilin shfaqen skena t\u00eb ndryshme t\u00eb tij. Nga pamjet e trailerit duket q\u00eb filmi \u00ebsht\u00eb me skena t\u00eb forta.<\/p>\n<p>&nbsp;<\/p>\n<p>Akoma nuk dim\u00eb se kur do t\u00eb mund ta shohim t\u00eb gjith\u00eb filmin, por burime nga stafi realizues i tij b\u00ebjn\u00eb t\u00eb ditur se po punohet intensivisht, q\u00eb filmi t\u00eb jet\u00eb gati sa m\u00eb shpejt.<\/p>\n<p><strong>Bluetooth<br \/>\n<!--YouTube Error: bad URL entered--><br \/>\n<\/strong><\/p>\n","protected":false},"excerpt":{"rendered":"<p>Ka kaluar gati nj\u00eb vit q\u00eb kur media roz\u00eb komentoi sip\u00ebrmarrjen e re t\u00eb k\u00ebng\u00ebtares \u00c7iljeta Xhilaga dhe t\u00eb ish-banorit t\u00eb \u201cBig Brother\u201d, Bjordi Mezini. T\u00eb p\u00ebrzgjedhur nga regjisori i ri Jetmir Pjet\u00ebrnikaj, ata udh\u00ebtuan drejt Italis\u00eb p\u00ebr t\u00eb xhiruar skenat e filmit \u201cFloorless\u201d. Filmi flet p\u00ebr disa njer\u00ebz q\u00eb mbeten t\u00eb mbyllur n\u00eb ashensorin [&hellip;]<\/p>\n","protected":false},"author":1,"featured_media":0,"comment_status":"open","ping_status":"closed","sticky":false,"template":"","format":"standard","meta":{"spay_email":"","jetpack_publicize_message":"","jetpack_is_tweetstorm":false,"jetpack_publicize_feature_enabled":true},"categories":[1],"tags":[6665,19677,5456,19806,16036,19514,19511,6693,4684,19460],"jetpack_publicize_connections":[],"yoast_head":"<!-- This site is optimized with the Yoast SEO plugin v19.1 - https:\/\/yoast.com\/wordpress\/plugins\/seo\/ -->\n<title>S\u00eb shpejti n\u00eb ekran, filmi i \u00c7iljet\u00ebs dhe Bjordit + Video - Lajme nga Ulqini<\/title>\n<meta name=\"description\" content=\"Ka kaluar gati nj\u00eb vit q\u00eb kur media roz\u00eb komentoi sip\u00ebrmarrjen e re t\u00eb k\u00ebng\u00ebtares \u00c7iljeta Xhilaga dhe t\u00eb ish-banorit t\u00eb \u201cBig Brother\u201d, Bjordi Mezini. T\u00eb\" \/>\n<meta name=\"robots\" content=\"index, follow, max-snippet:-1, max-image-preview:large, max-video-preview:-1\" \/>\n<link rel=\"canonical\" href=\"https:\/\/www.visit-ulcinj.com\/blog\/2012\/08\/29\/se-shpejti-ne-ekran-filmi-i-ciljetes-dhe-bjordit-video\/\" \/>\n<meta property=\"og:locale\" content=\"en_US\" \/>\n<meta property=\"og:type\" content=\"article\" \/>\n<meta property=\"og:title\" content=\"S\u00eb shpejti n\u00eb ekran, filmi i \u00c7iljet\u00ebs dhe Bjordit + Video - Lajme nga Ulqini\" \/>\n<meta property=\"og:description\" content=\"Ka kaluar gati nj\u00eb vit q\u00eb kur media roz\u00eb komentoi sip\u00ebrmarrjen e re t\u00eb k\u00ebng\u00ebtares \u00c7iljeta Xhilaga dhe t\u00eb ish-banorit t\u00eb \u201cBig Brother\u201d, Bjordi Mezini. T\u00eb\" \/>\n<meta property=\"og:url\" content=\"https:\/\/www.visit-ulcinj.com\/blog\/2012\/08\/29\/se-shpejti-ne-ekran-filmi-i-ciljetes-dhe-bjordit-video\/\" \/>\n<meta property=\"og:site_name\" content=\"Lajme nga Ulqini\" \/>\n<meta property=\"article:published_time\" content=\"2012-08-29T12:37:28+00:00\" \/>\n<meta name=\"twitter:label1\" content=\"Written by\" \/>\n\t<meta name=\"twitter:data1\" content=\"ulqini\" \/>\n\t<meta name=\"twitter:label2\" content=\"Est. reading time\" \/>\n\t<meta name=\"twitter:data2\" content=\"1 minute\" \/>\n<script type=\"application\/ld+json\" class=\"yoast-schema-graph\">{\"@context\":\"https:\/\/schema.org\",\"@graph\":[{\"@type\":\"WebSite\",\"@id\":\"https:\/\/www.visit-ulcinj.com\/blog\/#website\",\"url\":\"https:\/\/www.visit-ulcinj.com\/blog\/\",\"name\":\"Lajme nga Ulqini\",\"description\":\"Lajme,Vijesti,Ulqini,Ulqin,Crna Gora,Mali i Zi\",\"potentialAction\":[{\"@type\":\"SearchAction\",\"target\":{\"@type\":\"EntryPoint\",\"urlTemplate\":\"https:\/\/www.visit-ulcinj.com\/blog\/?s={search_term_string}\"},\"query-input\":\"required name=search_term_string\"}],\"inLanguage\":\"en-US\"},{\"@type\":\"WebPage\",\"@id\":\"https:\/\/www.visit-ulcinj.com\/blog\/2012\/08\/29\/se-shpejti-ne-ekran-filmi-i-ciljetes-dhe-bjordit-video\/#webpage\",\"url\":\"https:\/\/www.visit-ulcinj.com\/blog\/2012\/08\/29\/se-shpejti-ne-ekran-filmi-i-ciljetes-dhe-bjordit-video\/\",\"name\":\"S\u00eb shpejti n\u00eb ekran, filmi i \u00c7iljet\u00ebs dhe Bjordit + Video - Lajme nga Ulqini\",\"isPartOf\":{\"@id\":\"https:\/\/www.visit-ulcinj.com\/blog\/#website\"},\"datePublished\":\"2012-08-29T12:37:28+00:00\",\"dateModified\":\"2012-08-29T12:37:28+00:00\",\"author\":{\"@id\":\"https:\/\/www.visit-ulcinj.com\/blog\/#\/schema\/person\/dcab619c614d3038751c63bc2aadc06d\"},\"description\":\"Ka kaluar gati nj\u00eb vit q\u00eb kur media roz\u00eb komentoi sip\u00ebrmarrjen e re t\u00eb k\u00ebng\u00ebtares \u00c7iljeta Xhilaga dhe t\u00eb ish-banorit t\u00eb \u201cBig Brother\u201d, Bjordi Mezini. T\u00eb\",\"breadcrumb\":{\"@id\":\"https:\/\/www.visit-ulcinj.com\/blog\/2012\/08\/29\/se-shpejti-ne-ekran-filmi-i-ciljetes-dhe-bjordit-video\/#breadcrumb\"},\"inLanguage\":\"en-US\",\"potentialAction\":[{\"@type\":\"ReadAction\",\"target\":[\"https:\/\/www.visit-ulcinj.com\/blog\/2012\/08\/29\/se-shpejti-ne-ekran-filmi-i-ciljetes-dhe-bjordit-video\/\"]}]},{\"@type\":\"BreadcrumbList\",\"@id\":\"https:\/\/www.visit-ulcinj.com\/blog\/2012\/08\/29\/se-shpejti-ne-ekran-filmi-i-ciljetes-dhe-bjordit-video\/#breadcrumb\",\"itemListElement\":[{\"@type\":\"ListItem\",\"position\":1,\"name\":\"S\u00eb shpejti n\u00eb ekran, filmi i \u00c7iljet\u00ebs dhe Bjordit + Video\"}]},{\"@type\":\"Person\",\"@id\":\"https:\/\/www.visit-ulcinj.com\/blog\/#\/schema\/person\/dcab619c614d3038751c63bc2aadc06d\",\"name\":\"ulqini\",\"sameAs\":[\"http:\/\/www.visit-ulcinj.com\"],\"url\":\"https:\/\/www.visit-ulcinj.com\/blog\/author\/admin\/\"}]}<\/script>\n<!-- \/ Yoast SEO plugin. -->","yoast_head_json":{"title":"S\u00eb shpejti n\u00eb ekran, filmi i \u00c7iljet\u00ebs dhe Bjordit + Video - Lajme nga Ulqini","description":"Ka kaluar gati nj\u00eb vit q\u00eb kur media roz\u00eb komentoi sip\u00ebrmarrjen e re t\u00eb k\u00ebng\u00ebtares \u00c7iljeta Xhilaga dhe t\u00eb ish-banorit t\u00eb \u201cBig Brother\u201d, Bjordi Mezini. T\u00eb","robots":{"index":"index","follow":"follow","max-snippet":"max-snippet:-1","max-image-preview":"max-image-preview:large","max-video-preview":"max-video-preview:-1"},"canonical":"https:\/\/www.visit-ulcinj.com\/blog\/2012\/08\/29\/se-shpejti-ne-ekran-filmi-i-ciljetes-dhe-bjordit-video\/","og_locale":"en_US","og_type":"article","og_title":"S\u00eb shpejti n\u00eb ekran, filmi i \u00c7iljet\u00ebs dhe Bjordit + Video - Lajme nga Ulqini","og_description":"Ka kaluar gati nj\u00eb vit q\u00eb kur media roz\u00eb komentoi sip\u00ebrmarrjen e re t\u00eb k\u00ebng\u00ebtares \u00c7iljeta Xhilaga dhe t\u00eb ish-banorit t\u00eb \u201cBig Brother\u201d, Bjordi Mezini. T\u00eb","og_url":"https:\/\/www.visit-ulcinj.com\/blog\/2012\/08\/29\/se-shpejti-ne-ekran-filmi-i-ciljetes-dhe-bjordit-video\/","og_site_name":"Lajme nga Ulqini","article_published_time":"2012-08-29T12:37:28+00:00","twitter_misc":{"Written by":"ulqini","Est. reading time":"1 minute"},"schema":{"@context":"https:\/\/schema.org","@graph":[{"@type":"WebSite","@id":"https:\/\/www.visit-ulcinj.com\/blog\/#website","url":"https:\/\/www.visit-ulcinj.com\/blog\/","name":"Lajme nga Ulqini","description":"Lajme,Vijesti,Ulqini,Ulqin,Crna Gora,Mali i Zi","potentialAction":[{"@type":"SearchAction","target":{"@type":"EntryPoint","urlTemplate":"https:\/\/www.visit-ulcinj.com\/blog\/?s={search_term_string}"},"query-input":"required name=search_term_string"}],"inLanguage":"en-US"},{"@type":"WebPage","@id":"https:\/\/www.visit-ulcinj.com\/blog\/2012\/08\/29\/se-shpejti-ne-ekran-filmi-i-ciljetes-dhe-bjordit-video\/#webpage","url":"https:\/\/www.visit-ulcinj.com\/blog\/2012\/08\/29\/se-shpejti-ne-ekran-filmi-i-ciljetes-dhe-bjordit-video\/","name":"S\u00eb shpejti n\u00eb ekran, filmi i \u00c7iljet\u00ebs dhe Bjordit + Video - Lajme nga Ulqini","isPartOf":{"@id":"https:\/\/www.visit-ulcinj.com\/blog\/#website"},"datePublished":"2012-08-29T12:37:28+00:00","dateModified":"2012-08-29T12:37:28+00:00","author":{"@id":"https:\/\/www.visit-ulcinj.com\/blog\/#\/schema\/person\/dcab619c614d3038751c63bc2aadc06d"},"description":"Ka kaluar gati nj\u00eb vit q\u00eb kur media roz\u00eb komentoi sip\u00ebrmarrjen e re t\u00eb k\u00ebng\u00ebtares \u00c7iljeta Xhilaga dhe t\u00eb ish-banorit t\u00eb \u201cBig Brother\u201d, Bjordi Mezini. T\u00eb","breadcrumb":{"@id":"https:\/\/www.visit-ulcinj.com\/blog\/2012\/08\/29\/se-shpejti-ne-ekran-filmi-i-ciljetes-dhe-bjordit-video\/#breadcrumb"},"inLanguage":"en-US","potentialAction":[{"@type":"ReadAction","target":["https:\/\/www.visit-ulcinj.com\/blog\/2012\/08\/29\/se-shpejti-ne-ekran-filmi-i-ciljetes-dhe-bjordit-video\/"]}]},{"@type":"BreadcrumbList","@id":"https:\/\/www.visit-ulcinj.com\/blog\/2012\/08\/29\/se-shpejti-ne-ekran-filmi-i-ciljetes-dhe-bjordit-video\/#breadcrumb","itemListElement":[{"@type":"ListItem","position":1,"name":"S\u00eb shpejti n\u00eb ekran, filmi i \u00c7iljet\u00ebs dhe Bjordit + Video"}]},{"@type":"Person","@id":"https:\/\/www.visit-ulcinj.com\/blog\/#\/schema\/person\/dcab619c614d3038751c63bc2aadc06d","name":"ulqini","sameAs":["http:\/\/www.visit-ulcinj.com"],"url":"https:\/\/www.visit-ulcinj.com\/blog\/author\/admin\/"}]}},"jetpack_featured_media_url":"","jetpack_sharing_enabled":true,"jetpack_shortlink":"https:\/\/wp.me\/pe6lTn-gpK","_links":{"self":[{"href":"https:\/\/www.visit-ulcinj.com\/blog\/wp-json\/wp\/v2\/posts\/63100"}],"collection":[{"href":"https:\/\/www.visit-ulcinj.com\/blog\/wp-json\/wp\/v2\/posts"}],"about":[{"href":"https:\/\/www.visit-ulcinj.com\/blog\/wp-json\/wp\/v2\/types\/post"}],"author":[{"embeddable":true,"href":"https:\/\/www.visit-ulcinj.com\/blog\/wp-json\/wp\/v2\/users\/1"}],"replies":[{"embeddable":true,"href":"https:\/\/www.visit-ulcinj.com\/blog\/wp-json\/wp\/v2\/comments?post=63100"}],"version-history":[{"count":1,"href":"https:\/\/www.visit-ulcinj.com\/blog\/wp-json\/wp\/v2\/posts\/63100\/revisions"}],"predecessor-version":[{"id":63102,"href":"https:\/\/www.visit-ulcinj.com\/blog\/wp-json\/wp\/v2\/posts\/63100\/revisions\/63102"}],"wp:attachment":[{"href":"https:\/\/www.visit-ulcinj.com\/blog\/wp-json\/wp\/v2\/media?parent=63100"}],"wp:term":[{"taxonomy":"category","embeddable":true,"href":"https:\/\/www.visit-ulcinj.com\/blog\/wp-json\/wp\/v2\/categories?post=63100"},{"taxonomy":"post_tag","embeddable":true,"href":"https:\/\/www.visit-ulcinj.com\/blog\/wp-json\/wp\/v2\/tags?post=63100"}],"curies":[{"name":"wp","href":"https:\/\/api.w.org\/{rel}","templated":true}]}}