{"id":63103,"date":"2012-08-29T13:43:22","date_gmt":"2012-08-29T12:43:22","guid":{"rendered":"http:\/\/www.visit-ulcinj.com\/blog\/?p=63103"},"modified":"2012-08-29T13:43:22","modified_gmt":"2012-08-29T12:43:22","slug":"me-cilin-do-te-vije-ne-duet-argjentina-ramosaj","status":"publish","type":"post","link":"https:\/\/www.visit-ulcinj.com\/blog\/2012\/08\/29\/me-cilin-do-te-vije-ne-duet-argjentina-ramosaj\/","title":{"rendered":"Me cilin do t\u00eb vij\u00eb n\u00eb duet Argjentina Ramosaj?"},"content":{"rendered":"<p><a href=\"http:\/\/www.visit-ulcinj.com\/blog\/wp-content\/uploads\/2012\/08\/Argjentina-Ramosaj.jpg\"><img loading=\"lazy\" class=\"alignleft  wp-image-63104\" title=\"Argjentina Ramosaj\" src=\"http:\/\/www.visit-ulcinj.com\/blog\/wp-content\/uploads\/2012\/08\/Argjentina-Ramosaj.jpg\" alt=\"\" width=\"350\" height=\"400\" \/><\/a>Duket se pasi kaloi nj\u00eb ver\u00eb shum\u00eb t\u00eb bukur n\u00eb sho q\u00ebrin\u00eb e miqve t\u00eb saj, Argjentina Ramosaj tashm\u00eb ka vendosur t\u2019i rikthehet projekteve t\u00eb reja muzikore. E pam\u00eb Argjentin\u00ebn t\u00eb pushonte sa n\u00eb det e sa n\u00eb mal, e sigurisht q\u00eb i duheshin momente t\u00eb tilla q\u00eb ajo t\u00eb rimerrte veten pas ndarjes me t\u00eb fejuarin e saj.<\/p>\n<p>Duket se buz\u00ebqeshja, (nj\u00eb arm\u00eb shum\u00eb e fort\u00eb e saj) \u00ebsht\u00eb rikthyer n\u00eb portretin aq t\u00eb \u00ebmb\u00ebl t\u00eb k\u00ebng\u00ebtares. Ashtu si ka b\u00ebr\u00eb edhe n\u00eb dit\u00ebt n\u00eb vijim, kur ka postuar fotot p\u00ebr t\u00eb njoftuar fansat se si i ka qen\u00eb kjo ver\u00eb p\u00ebr t\u00eb, Argjentina p\u00ebrs\u00ebri n\u00ebp\u00ebrmjet \u201cFacebookut\u201d ka njoftuar t\u00eb gjith\u00eb se do t\u00eb sjell\u00eb shum\u00eb shpejt projekte t\u00eb reja.<\/p>\n<p>S\u00eb shpejti me projekte t\u00eb reja, nd\u00ebr to edhe nj\u00eb duet shum\u00eb i bukur p\u00ebrqafime\u201d, \u2013 ka shkruar ajo n\u00eb nj\u00eb nga postimet e saj m\u00eb t\u00eb fundit p\u00ebrbri fotos q\u00eb po ju publikojm\u00eb. E teksa t\u00eb gjith\u00eb jemi kurioz\u00eb se cili apo cila, do t\u00eb jet\u00eb personi q\u00eb do t\u00eb b\u00ebj\u00eb duet k\u00ebng\u00ebtarja me z\u00ebrin e saj aq melankolik, urojm\u00eb q\u00eb t\u00eb jet\u00eb nj\u00eb k\u00ebng\u00eb e g\u00ebzueshme, si\u00e7 \u00ebsht\u00eb edhe portreti, p\u00ebrbri t\u00eb cilit Argjentina b\u00ebri edhe njoftimin p\u00ebr t\u00eb gjith\u00eb fansat e saj.<\/p>\n<p><strong>Yllka Selita <\/strong><br \/>\n<strong>Koha Jone<\/strong><\/p>\n<!--YouTube Error: bad URL entered-->\n","protected":false},"excerpt":{"rendered":"<p>Duket se pasi kaloi nj\u00eb ver\u00eb shum\u00eb t\u00eb bukur n\u00eb sho q\u00ebrin\u00eb e miqve t\u00eb saj, Argjentina Ramosaj tashm\u00eb ka vendosur t\u2019i rikthehet projekteve t\u00eb reja muzikore. E pam\u00eb Argjentin\u00ebn t\u00eb pushonte sa n\u00eb det e sa n\u00eb mal, e sigurisht q\u00eb i duheshin momente t\u00eb tilla q\u00eb ajo t\u00eb rimerrte veten pas ndarjes me [&hellip;]<\/p>\n","protected":false},"author":1,"featured_media":0,"comment_status":"open","ping_status":"closed","sticky":false,"template":"","format":"standard","meta":{"spay_email":"","jetpack_publicize_message":"","jetpack_is_tweetstorm":false,"jetpack_publicize_feature_enabled":true},"categories":[1],"tags":[16524,19677,19806,16036,19514,19511,6693,4684,19460],"jetpack_publicize_connections":[],"yoast_head":"<!-- This site is optimized with the Yoast SEO plugin v19.1 - https:\/\/yoast.com\/wordpress\/plugins\/seo\/ -->\n<title>Me cilin do t\u00eb vij\u00eb n\u00eb duet Argjentina Ramosaj? - Lajme nga Ulqini<\/title>\n<meta name=\"description\" content=\"Duket se pasi kaloi nj\u00eb ver\u00eb shum\u00eb t\u00eb bukur n\u00eb sho q\u00ebrin\u00eb e miqve t\u00eb saj, Argjentina Ramosaj tashm\u00eb ka vendosur t\u2019i rikthehet projekteve t\u00eb reja muzikore.\" \/>\n<meta name=\"robots\" content=\"index, follow, max-snippet:-1, max-image-preview:large, max-video-preview:-1\" \/>\n<link rel=\"canonical\" href=\"https:\/\/www.visit-ulcinj.com\/blog\/2012\/08\/29\/me-cilin-do-te-vije-ne-duet-argjentina-ramosaj\/\" \/>\n<meta property=\"og:locale\" content=\"en_US\" \/>\n<meta property=\"og:type\" content=\"article\" \/>\n<meta property=\"og:title\" content=\"Me cilin do t\u00eb vij\u00eb n\u00eb duet Argjentina Ramosaj? - Lajme nga Ulqini\" \/>\n<meta property=\"og:description\" content=\"Duket se pasi kaloi nj\u00eb ver\u00eb shum\u00eb t\u00eb bukur n\u00eb sho q\u00ebrin\u00eb e miqve t\u00eb saj, Argjentina Ramosaj tashm\u00eb ka vendosur t\u2019i rikthehet projekteve t\u00eb reja muzikore.\" \/>\n<meta property=\"og:url\" content=\"https:\/\/www.visit-ulcinj.com\/blog\/2012\/08\/29\/me-cilin-do-te-vije-ne-duet-argjentina-ramosaj\/\" \/>\n<meta property=\"og:site_name\" content=\"Lajme nga Ulqini\" \/>\n<meta property=\"article:published_time\" content=\"2012-08-29T12:43:22+00:00\" \/>\n<meta property=\"og:image\" content=\"http:\/\/www.visit-ulcinj.com\/blog\/wp-content\/uploads\/2012\/08\/Argjentina-Ramosaj.jpg\" \/>\n<meta name=\"twitter:label1\" content=\"Written by\" \/>\n\t<meta name=\"twitter:data1\" content=\"ulqini\" \/>\n\t<meta name=\"twitter:label2\" content=\"Est. reading time\" \/>\n\t<meta name=\"twitter:data2\" content=\"1 minute\" \/>\n<script type=\"application\/ld+json\" class=\"yoast-schema-graph\">{\"@context\":\"https:\/\/schema.org\",\"@graph\":[{\"@type\":\"WebSite\",\"@id\":\"https:\/\/www.visit-ulcinj.com\/blog\/#website\",\"url\":\"https:\/\/www.visit-ulcinj.com\/blog\/\",\"name\":\"Lajme nga Ulqini\",\"description\":\"Lajme,Vijesti,Ulqini,Ulqin,Crna Gora,Mali i Zi\",\"potentialAction\":[{\"@type\":\"SearchAction\",\"target\":{\"@type\":\"EntryPoint\",\"urlTemplate\":\"https:\/\/www.visit-ulcinj.com\/blog\/?s={search_term_string}\"},\"query-input\":\"required name=search_term_string\"}],\"inLanguage\":\"en-US\"},{\"@type\":\"ImageObject\",\"inLanguage\":\"en-US\",\"@id\":\"https:\/\/www.visit-ulcinj.com\/blog\/2012\/08\/29\/me-cilin-do-te-vije-ne-duet-argjentina-ramosaj\/#primaryimage\",\"url\":\"http:\/\/www.visit-ulcinj.com\/blog\/wp-content\/uploads\/2012\/08\/Argjentina-Ramosaj.jpg\",\"contentUrl\":\"http:\/\/www.visit-ulcinj.com\/blog\/wp-content\/uploads\/2012\/08\/Argjentina-Ramosaj.jpg\"},{\"@type\":\"WebPage\",\"@id\":\"https:\/\/www.visit-ulcinj.com\/blog\/2012\/08\/29\/me-cilin-do-te-vije-ne-duet-argjentina-ramosaj\/#webpage\",\"url\":\"https:\/\/www.visit-ulcinj.com\/blog\/2012\/08\/29\/me-cilin-do-te-vije-ne-duet-argjentina-ramosaj\/\",\"name\":\"Me cilin do t\u00eb vij\u00eb n\u00eb duet Argjentina Ramosaj? - Lajme nga Ulqini\",\"isPartOf\":{\"@id\":\"https:\/\/www.visit-ulcinj.com\/blog\/#website\"},\"primaryImageOfPage\":{\"@id\":\"https:\/\/www.visit-ulcinj.com\/blog\/2012\/08\/29\/me-cilin-do-te-vije-ne-duet-argjentina-ramosaj\/#primaryimage\"},\"datePublished\":\"2012-08-29T12:43:22+00:00\",\"dateModified\":\"2012-08-29T12:43:22+00:00\",\"author\":{\"@id\":\"https:\/\/www.visit-ulcinj.com\/blog\/#\/schema\/person\/dcab619c614d3038751c63bc2aadc06d\"},\"description\":\"Duket se pasi kaloi nj\u00eb ver\u00eb shum\u00eb t\u00eb bukur n\u00eb sho q\u00ebrin\u00eb e miqve t\u00eb saj, Argjentina Ramosaj tashm\u00eb ka vendosur t\u2019i rikthehet projekteve t\u00eb reja muzikore.\",\"breadcrumb\":{\"@id\":\"https:\/\/www.visit-ulcinj.com\/blog\/2012\/08\/29\/me-cilin-do-te-vije-ne-duet-argjentina-ramosaj\/#breadcrumb\"},\"inLanguage\":\"en-US\",\"potentialAction\":[{\"@type\":\"ReadAction\",\"target\":[\"https:\/\/www.visit-ulcinj.com\/blog\/2012\/08\/29\/me-cilin-do-te-vije-ne-duet-argjentina-ramosaj\/\"]}]},{\"@type\":\"BreadcrumbList\",\"@id\":\"https:\/\/www.visit-ulcinj.com\/blog\/2012\/08\/29\/me-cilin-do-te-vije-ne-duet-argjentina-ramosaj\/#breadcrumb\",\"itemListElement\":[{\"@type\":\"ListItem\",\"position\":1,\"name\":\"Me cilin do t\u00eb vij\u00eb n\u00eb duet Argjentina Ramosaj?\"}]},{\"@type\":\"Person\",\"@id\":\"https:\/\/www.visit-ulcinj.com\/blog\/#\/schema\/person\/dcab619c614d3038751c63bc2aadc06d\",\"name\":\"ulqini\",\"sameAs\":[\"http:\/\/www.visit-ulcinj.com\"],\"url\":\"https:\/\/www.visit-ulcinj.com\/blog\/author\/admin\/\"}]}<\/script>\n<!-- \/ Yoast SEO plugin. -->","yoast_head_json":{"title":"Me cilin do t\u00eb vij\u00eb n\u00eb duet Argjentina Ramosaj? - Lajme nga Ulqini","description":"Duket se pasi kaloi nj\u00eb ver\u00eb shum\u00eb t\u00eb bukur n\u00eb sho q\u00ebrin\u00eb e miqve t\u00eb saj, Argjentina Ramosaj tashm\u00eb ka vendosur t\u2019i rikthehet projekteve t\u00eb reja muzikore.","robots":{"index":"index","follow":"follow","max-snippet":"max-snippet:-1","max-image-preview":"max-image-preview:large","max-video-preview":"max-video-preview:-1"},"canonical":"https:\/\/www.visit-ulcinj.com\/blog\/2012\/08\/29\/me-cilin-do-te-vije-ne-duet-argjentina-ramosaj\/","og_locale":"en_US","og_type":"article","og_title":"Me cilin do t\u00eb vij\u00eb n\u00eb duet Argjentina Ramosaj? - Lajme nga Ulqini","og_description":"Duket se pasi kaloi nj\u00eb ver\u00eb shum\u00eb t\u00eb bukur n\u00eb sho q\u00ebrin\u00eb e miqve t\u00eb saj, Argjentina Ramosaj tashm\u00eb ka vendosur t\u2019i rikthehet projekteve t\u00eb reja muzikore.","og_url":"https:\/\/www.visit-ulcinj.com\/blog\/2012\/08\/29\/me-cilin-do-te-vije-ne-duet-argjentina-ramosaj\/","og_site_name":"Lajme nga Ulqini","article_published_time":"2012-08-29T12:43:22+00:00","og_image":[{"url":"http:\/\/www.visit-ulcinj.com\/blog\/wp-content\/uploads\/2012\/08\/Argjentina-Ramosaj.jpg"}],"twitter_misc":{"Written by":"ulqini","Est. reading time":"1 minute"},"schema":{"@context":"https:\/\/schema.org","@graph":[{"@type":"WebSite","@id":"https:\/\/www.visit-ulcinj.com\/blog\/#website","url":"https:\/\/www.visit-ulcinj.com\/blog\/","name":"Lajme nga Ulqini","description":"Lajme,Vijesti,Ulqini,Ulqin,Crna Gora,Mali i Zi","potentialAction":[{"@type":"SearchAction","target":{"@type":"EntryPoint","urlTemplate":"https:\/\/www.visit-ulcinj.com\/blog\/?s={search_term_string}"},"query-input":"required name=search_term_string"}],"inLanguage":"en-US"},{"@type":"ImageObject","inLanguage":"en-US","@id":"https:\/\/www.visit-ulcinj.com\/blog\/2012\/08\/29\/me-cilin-do-te-vije-ne-duet-argjentina-ramosaj\/#primaryimage","url":"http:\/\/www.visit-ulcinj.com\/blog\/wp-content\/uploads\/2012\/08\/Argjentina-Ramosaj.jpg","contentUrl":"http:\/\/www.visit-ulcinj.com\/blog\/wp-content\/uploads\/2012\/08\/Argjentina-Ramosaj.jpg"},{"@type":"WebPage","@id":"https:\/\/www.visit-ulcinj.com\/blog\/2012\/08\/29\/me-cilin-do-te-vije-ne-duet-argjentina-ramosaj\/#webpage","url":"https:\/\/www.visit-ulcinj.com\/blog\/2012\/08\/29\/me-cilin-do-te-vije-ne-duet-argjentina-ramosaj\/","name":"Me cilin do t\u00eb vij\u00eb n\u00eb duet Argjentina Ramosaj? - Lajme nga Ulqini","isPartOf":{"@id":"https:\/\/www.visit-ulcinj.com\/blog\/#website"},"primaryImageOfPage":{"@id":"https:\/\/www.visit-ulcinj.com\/blog\/2012\/08\/29\/me-cilin-do-te-vije-ne-duet-argjentina-ramosaj\/#primaryimage"},"datePublished":"2012-08-29T12:43:22+00:00","dateModified":"2012-08-29T12:43:22+00:00","author":{"@id":"https:\/\/www.visit-ulcinj.com\/blog\/#\/schema\/person\/dcab619c614d3038751c63bc2aadc06d"},"description":"Duket se pasi kaloi nj\u00eb ver\u00eb shum\u00eb t\u00eb bukur n\u00eb sho q\u00ebrin\u00eb e miqve t\u00eb saj, Argjentina Ramosaj tashm\u00eb ka vendosur t\u2019i rikthehet projekteve t\u00eb reja muzikore.","breadcrumb":{"@id":"https:\/\/www.visit-ulcinj.com\/blog\/2012\/08\/29\/me-cilin-do-te-vije-ne-duet-argjentina-ramosaj\/#breadcrumb"},"inLanguage":"en-US","potentialAction":[{"@type":"ReadAction","target":["https:\/\/www.visit-ulcinj.com\/blog\/2012\/08\/29\/me-cilin-do-te-vije-ne-duet-argjentina-ramosaj\/"]}]},{"@type":"BreadcrumbList","@id":"https:\/\/www.visit-ulcinj.com\/blog\/2012\/08\/29\/me-cilin-do-te-vije-ne-duet-argjentina-ramosaj\/#breadcrumb","itemListElement":[{"@type":"ListItem","position":1,"name":"Me cilin do t\u00eb vij\u00eb n\u00eb duet Argjentina Ramosaj?"}]},{"@type":"Person","@id":"https:\/\/www.visit-ulcinj.com\/blog\/#\/schema\/person\/dcab619c614d3038751c63bc2aadc06d","name":"ulqini","sameAs":["http:\/\/www.visit-ulcinj.com"],"url":"https:\/\/www.visit-ulcinj.com\/blog\/author\/admin\/"}]}},"jetpack_featured_media_url":"","jetpack_sharing_enabled":true,"jetpack_shortlink":"https:\/\/wp.me\/pe6lTn-gpN","_links":{"self":[{"href":"https:\/\/www.visit-ulcinj.com\/blog\/wp-json\/wp\/v2\/posts\/63103"}],"collection":[{"href":"https:\/\/www.visit-ulcinj.com\/blog\/wp-json\/wp\/v2\/posts"}],"about":[{"href":"https:\/\/www.visit-ulcinj.com\/blog\/wp-json\/wp\/v2\/types\/post"}],"author":[{"embeddable":true,"href":"https:\/\/www.visit-ulcinj.com\/blog\/wp-json\/wp\/v2\/users\/1"}],"replies":[{"embeddable":true,"href":"https:\/\/www.visit-ulcinj.com\/blog\/wp-json\/wp\/v2\/comments?post=63103"}],"version-history":[{"count":1,"href":"https:\/\/www.visit-ulcinj.com\/blog\/wp-json\/wp\/v2\/posts\/63103\/revisions"}],"predecessor-version":[{"id":63105,"href":"https:\/\/www.visit-ulcinj.com\/blog\/wp-json\/wp\/v2\/posts\/63103\/revisions\/63105"}],"wp:attachment":[{"href":"https:\/\/www.visit-ulcinj.com\/blog\/wp-json\/wp\/v2\/media?parent=63103"}],"wp:term":[{"taxonomy":"category","embeddable":true,"href":"https:\/\/www.visit-ulcinj.com\/blog\/wp-json\/wp\/v2\/categories?post=63103"},{"taxonomy":"post_tag","embeddable":true,"href":"https:\/\/www.visit-ulcinj.com\/blog\/wp-json\/wp\/v2\/tags?post=63103"}],"curies":[{"name":"wp","href":"https:\/\/api.w.org\/{rel}","templated":true}]}}