{"id":63106,"date":"2012-08-30T09:29:03","date_gmt":"2012-08-30T08:29:03","guid":{"rendered":"http:\/\/www.visit-ulcinj.com\/blog\/?p=63106"},"modified":"2012-08-30T09:29:03","modified_gmt":"2012-08-30T08:29:03","slug":"posle-bajrama-pravac-ulcinj-video","status":"publish","type":"post","link":"https:\/\/www.visit-ulcinj.com\/blog\/2012\/08\/30\/posle-bajrama-pravac-ulcinj-video\/","title":{"rendered":"Posle Bajrama pravac Ulcinj &#8211; Video"},"content":{"rendered":"<p><a href=\"http:\/\/www.visit-ulcinj.com\/blog\/wp-content\/uploads\/2012\/08\/Posle-Bajrama-pravac-Ulcinj.jpg\"><img loading=\"lazy\" class=\"alignleft  wp-image-63107\" title=\"Posle Bajrama pravac Ulcinj\" src=\"http:\/\/www.visit-ulcinj.com\/blog\/wp-content\/uploads\/2012\/08\/Posle-Bajrama-pravac-Ulcinj.jpg\" alt=\"\" width=\"508\" height=\"360\" \/><\/a>Sjajna poseta turista krajem glavne sezone iznenadila mnoge doma\u0107ine. U ovom gradu obja\u0161njavaju da je bum nastao nakon zavr\u0161etka Bajrama<\/p>\n<p>VGUST polako izlazi iz kalendara, ali na ju\u017enom Jadranu gotovo ni\u0161ta ne podse\u0107a na kraj glavne sezone. Sude\u0107i po poseti turista crnogorskim pla\u017eama, sezona je produ\u017eena.<\/p>\n<p>Proteklog vikenda, koji je podsetio na najbolje turisti\u010dke godine, na budvanskoj rivijeri su registrovali blizu 36.000 gostiju, \u0161to je za tri odsto vi\u0161e nego lane u isto vreme.<\/p>\n<p>Gro poznoavgustovskih posetilaca odmara se u privatnom sme\u0161taju, dok je, 13.550 njih u hotelima. Jedino poluprazni kampovi i odmarali\u0161ta, u kojima je ne\u0161to vi\u0161e od 400 turista, ukazuju na to da je glavna sezona zavr\u0161ena. Pored gostiju iz regiona (uglavnom iz Srbije) najvi\u0161e je Rusa, Poljaka i \u010ceha, a prili\u010dno je i gastarbajtera s prostora eks-Jugoslavije.<\/p>\n<p>Poseban bum krajem avgusta dogodio se u Ulcinju. U najju\u017enijoj crnogorskoj op\u0161tini boravi 26.000 registrovanih turista, \u0161to je \u010dak za 280 odsto vi\u0161e nego lane u isto vreme.<br \/>\n<a href=\"http:\/\/www.visit-ulcinj.com\/blog\/wp-content\/uploads\/2012\/08\/Ulcinj-do-100.000-gostiju-nezvanicno1.jpg\"><img loading=\"lazy\" class=\"alignleft  wp-image-63108\" title=\"Ulcinj do 100.000 gostiju nezvanicno\" src=\"http:\/\/www.visit-ulcinj.com\/blog\/wp-content\/uploads\/2012\/08\/Ulcinj-do-100.000-gostiju-nezvanicno1.jpg\" alt=\"\" width=\"508\" height=\"300\" \/><\/a><\/p>\n<p><strong>\u0160ta se dogodilo u Ulcinju?<\/strong><\/p>\n<p>Direktor Turisti\u010dke organizacije Ulcinja Minir Karamanaga ka\u017ee da je muslimanski verski praznik potencijalne goste Ulcinja vezao prili\u010dno dugo za svoje domove.<\/p>\n<p><a href=\"http:\/\/www.visit-ulcinj.com\/blog\/wp-content\/uploads\/2012\/08\/Direktor-TO-Ulcinj_Minir-Karamanaga.jpg\"><img loading=\"lazy\" class=\"alignleft size-medium wp-image-63109\" title=\"Direktor TO Ulcinj_Minir Karamanaga\" src=\"http:\/\/www.visit-ulcinj.com\/blog\/wp-content\/uploads\/2012\/08\/Direktor-TO-Ulcinj_Minir-Karamanaga-270x300.jpg\" alt=\"\" width=\"270\" height=\"300\" srcset=\"https:\/\/www.visit-ulcinj.com\/blog\/wp-content\/uploads\/2012\/08\/Direktor-TO-Ulcinj_Minir-Karamanaga-270x300.jpg 270w, https:\/\/www.visit-ulcinj.com\/blog\/wp-content\/uploads\/2012\/08\/Direktor-TO-Ulcinj_Minir-Karamanaga.jpg 650w\" sizes=\"(max-width: 270px) 100vw, 270px\" \/><\/a> Posle Bajrama, krenula je &#8220;invazija&#8221;. Stigli su u velikom broju gosti sa Kosova, podru\u010dja Sand\u017eaka i iz BiH.<\/p>\n<p>&#8211; Dogodilo se da zakupci kupali\u0161ta, koji su mislili da je sezoni odzvonilo, vra\u0107aju mobilijar na pla\u017ee. Zadovoljni su i ugostitelji kod kojih je promet do pre neki dan bio prili\u010dno slab. Gu\u017eve \u0107e potrajatio do 10. septembra &#8211; isti\u010de Karamanaga.<\/p>\n<p>I obaranje cena od strane vlasnika privatnih ku\u0107a pokazalo se kao dobar potez. U Ulcinju, \u010dak i u u\u017eoj gradskoj zoni, krevet sada ko\u0161ta od pet do \u0161est evra.<\/p>\n<p>Solidnu posetu bele\u017ee i du\u017e Boke Kotorske. Istina, najvi\u0161e je izletnika koji sti\u017eu u Kotor kruzerima, ali su solidno popunjeni i hoteli i ku\u0107e koje su blizu obale.<\/p>\n<p>U TO Budva isti\u010du da sledi dobra postsezona. Ukoliko se vreme ne pokvari (meteorolozi najavljuju ki\u0161e za po\u010detak septembra) i naredni mesec bi mogao da bude bolji od pro\u0161logodi\u0161njeg. Najave stranih turoperatora su veoma dobre, pa se o\u010dekuje dolazak ve\u0107eg broja gostiju iz Rusije, sa zapadnoevropskog tr\u017ei\u0161ta, dok Italijani, kojih je bilo puno tokom avgusta, pakuju kofere jer je zavr\u0161ena sezona godi\u0161njih odmora, takozvana &#8220;feragosta&#8221;.<\/p>\n<p>&#8211; Sezona je produ\u017eena, po\u010dela je ranije nego pro\u0161le godine i traja\u0107e sve do kraja oktobra. Ve\u0107 sada je izvesno da \u0107e na podru\u010dju op\u0161tine Budva porasti broj posetilaca i no\u0107enja u odnosu na sezonu 2011, a bi\u0107e, verujem, i vi\u0161e para nego lane &#8211; kazao je gradona\u010delnik Budve Lazar Ra\u0111enovi\u0107.<\/p>\n<p><a href=\"http:\/\/www.novosti.rs\/vesti\/planeta.300.html:394368-Posle-Bajrama-pravac-Ulcinj\" target=\"_blank\"><strong>Novosti<\/strong><\/a><\/p>\n<!--YouTube Error: bad URL entered-->\n","protected":false},"excerpt":{"rendered":"<p>Sjajna poseta turista krajem glavne sezone iznenadila mnoge doma\u0107ine. U ovom gradu obja\u0161njavaju da je bum nastao nakon zavr\u0161etka Bajrama VGUST polako izlazi iz kalendara, ali na ju\u017enom Jadranu gotovo ni\u0161ta ne podse\u0107a na kraj glavne sezone. Sude\u0107i po poseti turista crnogorskim pla\u017eama, sezona je produ\u017eena. Proteklog vikenda, koji je podsetio na najbolje turisti\u010dke godine, [&hellip;]<\/p>\n","protected":false},"author":1,"featured_media":0,"comment_status":"open","ping_status":"closed","sticky":false,"template":"","format":"standard","meta":{"spay_email":"","jetpack_publicize_message":"","jetpack_is_tweetstorm":false,"jetpack_publicize_feature_enabled":true},"categories":[8337],"tags":[16670,3696,19],"jetpack_publicize_connections":[],"yoast_head":"<!-- This site is optimized with the Yoast SEO plugin v19.1 - https:\/\/yoast.com\/wordpress\/plugins\/seo\/ -->\n<title>Posle Bajrama pravac Ulcinj - Video - Lajme nga Ulqini<\/title>\n<meta name=\"description\" content=\"Sjajna poseta turista krajem glavne sezone iznenadila mnoge doma\u0107ine. U ovom gradu obja\u0161njavaju da je bum nastao nakon zavr\u0161etka Bajrama VGUST polako\" \/>\n<meta name=\"robots\" content=\"index, follow, max-snippet:-1, max-image-preview:large, max-video-preview:-1\" \/>\n<link rel=\"canonical\" href=\"https:\/\/www.visit-ulcinj.com\/blog\/2012\/08\/30\/posle-bajrama-pravac-ulcinj-video\/\" \/>\n<meta property=\"og:locale\" content=\"en_US\" \/>\n<meta property=\"og:type\" content=\"article\" \/>\n<meta property=\"og:title\" content=\"Posle Bajrama pravac Ulcinj - Video - Lajme nga Ulqini\" \/>\n<meta property=\"og:description\" content=\"Sjajna poseta turista krajem glavne sezone iznenadila mnoge doma\u0107ine. U ovom gradu obja\u0161njavaju da je bum nastao nakon zavr\u0161etka Bajrama VGUST polako\" \/>\n<meta property=\"og:url\" content=\"https:\/\/www.visit-ulcinj.com\/blog\/2012\/08\/30\/posle-bajrama-pravac-ulcinj-video\/\" \/>\n<meta property=\"og:site_name\" content=\"Lajme nga Ulqini\" \/>\n<meta property=\"article:published_time\" content=\"2012-08-30T08:29:03+00:00\" \/>\n<meta property=\"og:image\" content=\"http:\/\/www.visit-ulcinj.com\/blog\/wp-content\/uploads\/2012\/08\/Posle-Bajrama-pravac-Ulcinj.jpg\" \/>\n<meta name=\"twitter:label1\" content=\"Written by\" \/>\n\t<meta name=\"twitter:data1\" content=\"ulqini\" \/>\n\t<meta name=\"twitter:label2\" content=\"Est. reading time\" \/>\n\t<meta name=\"twitter:data2\" content=\"2 minutes\" \/>\n<script type=\"application\/ld+json\" class=\"yoast-schema-graph\">{\"@context\":\"https:\/\/schema.org\",\"@graph\":[{\"@type\":\"WebSite\",\"@id\":\"https:\/\/www.visit-ulcinj.com\/blog\/#website\",\"url\":\"https:\/\/www.visit-ulcinj.com\/blog\/\",\"name\":\"Lajme nga Ulqini\",\"description\":\"Lajme,Vijesti,Ulqini,Ulqin,Crna Gora,Mali i Zi\",\"potentialAction\":[{\"@type\":\"SearchAction\",\"target\":{\"@type\":\"EntryPoint\",\"urlTemplate\":\"https:\/\/www.visit-ulcinj.com\/blog\/?s={search_term_string}\"},\"query-input\":\"required name=search_term_string\"}],\"inLanguage\":\"en-US\"},{\"@type\":\"ImageObject\",\"inLanguage\":\"en-US\",\"@id\":\"https:\/\/www.visit-ulcinj.com\/blog\/2012\/08\/30\/posle-bajrama-pravac-ulcinj-video\/#primaryimage\",\"url\":\"https:\/\/www.visit-ulcinj.com\/blog\/wp-content\/uploads\/2012\/08\/Posle-Bajrama-pravac-Ulcinj.jpg\",\"contentUrl\":\"https:\/\/www.visit-ulcinj.com\/blog\/wp-content\/uploads\/2012\/08\/Posle-Bajrama-pravac-Ulcinj.jpg\",\"width\":\"819\",\"height\":\"385\"},{\"@type\":\"WebPage\",\"@id\":\"https:\/\/www.visit-ulcinj.com\/blog\/2012\/08\/30\/posle-bajrama-pravac-ulcinj-video\/#webpage\",\"url\":\"https:\/\/www.visit-ulcinj.com\/blog\/2012\/08\/30\/posle-bajrama-pravac-ulcinj-video\/\",\"name\":\"Posle Bajrama pravac Ulcinj - Video - Lajme nga Ulqini\",\"isPartOf\":{\"@id\":\"https:\/\/www.visit-ulcinj.com\/blog\/#website\"},\"primaryImageOfPage\":{\"@id\":\"https:\/\/www.visit-ulcinj.com\/blog\/2012\/08\/30\/posle-bajrama-pravac-ulcinj-video\/#primaryimage\"},\"datePublished\":\"2012-08-30T08:29:03+00:00\",\"dateModified\":\"2012-08-30T08:29:03+00:00\",\"author\":{\"@id\":\"https:\/\/www.visit-ulcinj.com\/blog\/#\/schema\/person\/dcab619c614d3038751c63bc2aadc06d\"},\"description\":\"Sjajna poseta turista krajem glavne sezone iznenadila mnoge doma\u0107ine. U ovom gradu obja\u0161njavaju da je bum nastao nakon zavr\u0161etka Bajrama VGUST polako\",\"breadcrumb\":{\"@id\":\"https:\/\/www.visit-ulcinj.com\/blog\/2012\/08\/30\/posle-bajrama-pravac-ulcinj-video\/#breadcrumb\"},\"inLanguage\":\"en-US\",\"potentialAction\":[{\"@type\":\"ReadAction\",\"target\":[\"https:\/\/www.visit-ulcinj.com\/blog\/2012\/08\/30\/posle-bajrama-pravac-ulcinj-video\/\"]}]},{\"@type\":\"BreadcrumbList\",\"@id\":\"https:\/\/www.visit-ulcinj.com\/blog\/2012\/08\/30\/posle-bajrama-pravac-ulcinj-video\/#breadcrumb\",\"itemListElement\":[{\"@type\":\"ListItem\",\"position\":1,\"name\":\"Posle Bajrama pravac Ulcinj &#8211; Video\"}]},{\"@type\":\"Person\",\"@id\":\"https:\/\/www.visit-ulcinj.com\/blog\/#\/schema\/person\/dcab619c614d3038751c63bc2aadc06d\",\"name\":\"ulqini\",\"sameAs\":[\"http:\/\/www.visit-ulcinj.com\"],\"url\":\"https:\/\/www.visit-ulcinj.com\/blog\/author\/admin\/\"}]}<\/script>\n<!-- \/ Yoast SEO plugin. -->","yoast_head_json":{"title":"Posle Bajrama pravac Ulcinj - Video - Lajme nga Ulqini","description":"Sjajna poseta turista krajem glavne sezone iznenadila mnoge doma\u0107ine. U ovom gradu obja\u0161njavaju da je bum nastao nakon zavr\u0161etka Bajrama VGUST polako","robots":{"index":"index","follow":"follow","max-snippet":"max-snippet:-1","max-image-preview":"max-image-preview:large","max-video-preview":"max-video-preview:-1"},"canonical":"https:\/\/www.visit-ulcinj.com\/blog\/2012\/08\/30\/posle-bajrama-pravac-ulcinj-video\/","og_locale":"en_US","og_type":"article","og_title":"Posle Bajrama pravac Ulcinj - Video - Lajme nga Ulqini","og_description":"Sjajna poseta turista krajem glavne sezone iznenadila mnoge doma\u0107ine. U ovom gradu obja\u0161njavaju da je bum nastao nakon zavr\u0161etka Bajrama VGUST polako","og_url":"https:\/\/www.visit-ulcinj.com\/blog\/2012\/08\/30\/posle-bajrama-pravac-ulcinj-video\/","og_site_name":"Lajme nga Ulqini","article_published_time":"2012-08-30T08:29:03+00:00","og_image":[{"url":"http:\/\/www.visit-ulcinj.com\/blog\/wp-content\/uploads\/2012\/08\/Posle-Bajrama-pravac-Ulcinj.jpg"}],"twitter_misc":{"Written by":"ulqini","Est. reading time":"2 minutes"},"schema":{"@context":"https:\/\/schema.org","@graph":[{"@type":"WebSite","@id":"https:\/\/www.visit-ulcinj.com\/blog\/#website","url":"https:\/\/www.visit-ulcinj.com\/blog\/","name":"Lajme nga Ulqini","description":"Lajme,Vijesti,Ulqini,Ulqin,Crna Gora,Mali i Zi","potentialAction":[{"@type":"SearchAction","target":{"@type":"EntryPoint","urlTemplate":"https:\/\/www.visit-ulcinj.com\/blog\/?s={search_term_string}"},"query-input":"required name=search_term_string"}],"inLanguage":"en-US"},{"@type":"ImageObject","inLanguage":"en-US","@id":"https:\/\/www.visit-ulcinj.com\/blog\/2012\/08\/30\/posle-bajrama-pravac-ulcinj-video\/#primaryimage","url":"https:\/\/www.visit-ulcinj.com\/blog\/wp-content\/uploads\/2012\/08\/Posle-Bajrama-pravac-Ulcinj.jpg","contentUrl":"https:\/\/www.visit-ulcinj.com\/blog\/wp-content\/uploads\/2012\/08\/Posle-Bajrama-pravac-Ulcinj.jpg","width":"819","height":"385"},{"@type":"WebPage","@id":"https:\/\/www.visit-ulcinj.com\/blog\/2012\/08\/30\/posle-bajrama-pravac-ulcinj-video\/#webpage","url":"https:\/\/www.visit-ulcinj.com\/blog\/2012\/08\/30\/posle-bajrama-pravac-ulcinj-video\/","name":"Posle Bajrama pravac Ulcinj - Video - Lajme nga Ulqini","isPartOf":{"@id":"https:\/\/www.visit-ulcinj.com\/blog\/#website"},"primaryImageOfPage":{"@id":"https:\/\/www.visit-ulcinj.com\/blog\/2012\/08\/30\/posle-bajrama-pravac-ulcinj-video\/#primaryimage"},"datePublished":"2012-08-30T08:29:03+00:00","dateModified":"2012-08-30T08:29:03+00:00","author":{"@id":"https:\/\/www.visit-ulcinj.com\/blog\/#\/schema\/person\/dcab619c614d3038751c63bc2aadc06d"},"description":"Sjajna poseta turista krajem glavne sezone iznenadila mnoge doma\u0107ine. U ovom gradu obja\u0161njavaju da je bum nastao nakon zavr\u0161etka Bajrama VGUST polako","breadcrumb":{"@id":"https:\/\/www.visit-ulcinj.com\/blog\/2012\/08\/30\/posle-bajrama-pravac-ulcinj-video\/#breadcrumb"},"inLanguage":"en-US","potentialAction":[{"@type":"ReadAction","target":["https:\/\/www.visit-ulcinj.com\/blog\/2012\/08\/30\/posle-bajrama-pravac-ulcinj-video\/"]}]},{"@type":"BreadcrumbList","@id":"https:\/\/www.visit-ulcinj.com\/blog\/2012\/08\/30\/posle-bajrama-pravac-ulcinj-video\/#breadcrumb","itemListElement":[{"@type":"ListItem","position":1,"name":"Posle Bajrama pravac Ulcinj &#8211; Video"}]},{"@type":"Person","@id":"https:\/\/www.visit-ulcinj.com\/blog\/#\/schema\/person\/dcab619c614d3038751c63bc2aadc06d","name":"ulqini","sameAs":["http:\/\/www.visit-ulcinj.com"],"url":"https:\/\/www.visit-ulcinj.com\/blog\/author\/admin\/"}]}},"jetpack_featured_media_url":"","jetpack_sharing_enabled":true,"jetpack_shortlink":"https:\/\/wp.me\/pe6lTn-gpQ","_links":{"self":[{"href":"https:\/\/www.visit-ulcinj.com\/blog\/wp-json\/wp\/v2\/posts\/63106"}],"collection":[{"href":"https:\/\/www.visit-ulcinj.com\/blog\/wp-json\/wp\/v2\/posts"}],"about":[{"href":"https:\/\/www.visit-ulcinj.com\/blog\/wp-json\/wp\/v2\/types\/post"}],"author":[{"embeddable":true,"href":"https:\/\/www.visit-ulcinj.com\/blog\/wp-json\/wp\/v2\/users\/1"}],"replies":[{"embeddable":true,"href":"https:\/\/www.visit-ulcinj.com\/blog\/wp-json\/wp\/v2\/comments?post=63106"}],"version-history":[{"count":1,"href":"https:\/\/www.visit-ulcinj.com\/blog\/wp-json\/wp\/v2\/posts\/63106\/revisions"}],"predecessor-version":[{"id":63110,"href":"https:\/\/www.visit-ulcinj.com\/blog\/wp-json\/wp\/v2\/posts\/63106\/revisions\/63110"}],"wp:attachment":[{"href":"https:\/\/www.visit-ulcinj.com\/blog\/wp-json\/wp\/v2\/media?parent=63106"}],"wp:term":[{"taxonomy":"category","embeddable":true,"href":"https:\/\/www.visit-ulcinj.com\/blog\/wp-json\/wp\/v2\/categories?post=63106"},{"taxonomy":"post_tag","embeddable":true,"href":"https:\/\/www.visit-ulcinj.com\/blog\/wp-json\/wp\/v2\/tags?post=63106"}],"curies":[{"name":"wp","href":"https:\/\/api.w.org\/{rel}","templated":true}]}}