{"id":63117,"date":"2012-08-30T10:43:43","date_gmt":"2012-08-30T09:43:43","guid":{"rendered":"http:\/\/www.visit-ulcinj.com\/blog\/?p=63117"},"modified":"2012-08-30T10:43:43","modified_gmt":"2012-08-30T09:43:43","slug":"aurela-gace-u-bera-nene-por-une-nuk-ndryshoj","status":"publish","type":"post","link":"https:\/\/www.visit-ulcinj.com\/blog\/2012\/08\/30\/aurela-gace-u-bera-nene-por-une-nuk-ndryshoj\/","title":{"rendered":"Aurela Gace: U b\u00ebra n\u00ebn\u00eb, por un\u00eb nuk ndryshoj!"},"content":{"rendered":"<p><a href=\"http:\/\/www.visit-ulcinj.com\/blog\/wp-content\/uploads\/2012\/08\/Aurela-Gace.jpg\"><img loading=\"lazy\" class=\"alignleft  wp-image-63118\" title=\"Aurela Gace\" src=\"http:\/\/www.visit-ulcinj.com\/blog\/wp-content\/uploads\/2012\/08\/Aurela-Gace.jpg\" alt=\"\" width=\"508\" height=\"362\" \/><\/a>K\u00ebng\u00ebtrja e \u2018Origjinale\u2019, Aurela Gace shprehet se t\u00eb b\u00ebrit n\u00ebn\u00eb nuk do t\u00eb thot\u00eb q\u00eb ajo t\u00eb ndryshoj\u00eb stilin e saj n\u00eb art.<\/p>\n<p>Gace thekson se nuk e kupton dot pse disa presin q\u00eb ajo me nd\u00ebrrimin e statusit t\u00eb ndryshoj\u00eb.<br \/>\n\u201cMos prisni t\u00eb ndryshoj. Jam b\u00ebr\u00eb n\u00ebn\u00eb, dhe \u00ebshte gj\u00ebja m\u00eb e bukur q\u00eb mund t\u00eb m\u00eb ndodhte, mua, e cdo femre. T\u00eb jesh n\u00ebn\u00eb \u00ebsht\u00eb MREKULLIA vet\u00eb. Por, nuk e kuptoj, pse presin nga un\u00eb t\u00eb ndryshoj e t\u00eb b\u00ebhem dicka q\u00eb nuk jam?\u201d, shkruan Aurela n\u00eb rrjetin social, Facebook.<\/p>\n<p>K\u00ebng\u00ebtarja thekson se do t\u00eb mbetet ajo q\u00eb ka qen\u00eb p\u00ebrher\u00eb p\u00ebr publikun, nd\u00ebrsa fakti q\u00eb \u00ebsht\u00eb b\u00ebr\u00eb n\u00ebn\u00eb i ka shtuar edhe m\u00eb shum\u00eb d\u00ebshir\u00ebn p\u00ebr t\u00eb jetuar jet\u00ebn dhe p\u00ebr t\u00eb dashuruar.<br \/>\n\u201cN\u00eb \u00e7do koh\u00eb, do t\u00eb jem kjo q\u00eb jam\u201d (ORIGJINALE)<br \/>\nT\u00eb b\u00ebhesh n\u00ebn\u00eb, do t\u00eb thot\u00eb t\u00eb kesh me shum\u00eb d\u00ebshire p\u00ebr t\u00eb jetuar\u2026.je m\u00eb shum\u00eb fem\u00ebr, je m\u00eb shum\u00eb e ndjeshme, thjesht,do m\u00eb shume, do m\u00eb gjith\u00eb fuqin\u00eb e shpirtit. Dhe ky fakt mua me lul\u00ebzon edhe m\u00eb shum\u00eb\u201d,, shton m\u00eb tej Gace n\u00eb profilin e saj n\u00eb Facebook.<\/p>\n<p>\u201cP\u00ebr t\u00eb gjith\u00eb ata q\u00eb presin q\u00eb un\u00eb t\u00eb urt\u00ebsohem\u2026.emmmmm \u2026prisni me kot\u2026. P\u00ebr ata q\u00eb m\u00eb duan k\u00ebshtu sic jam\u2026.do t\u2019ju jap p\u00ebrher\u00eb at\u00eb q\u00eb doni tek Aurela\u2026\u2026vet\u00eb veten\u201d.<\/p>\n<p><strong>(d.b\/BalkanWeb)<\/strong><\/p>\n<!--YouTube Error: bad URL entered-->\n","protected":false},"excerpt":{"rendered":"<p>K\u00ebng\u00ebtrja e \u2018Origjinale\u2019, Aurela Gace shprehet se t\u00eb b\u00ebrit n\u00ebn\u00eb nuk do t\u00eb thot\u00eb q\u00eb ajo t\u00eb ndryshoj\u00eb stilin e saj n\u00eb art. Gace thekson se nuk e kupton dot pse disa presin q\u00eb ajo me nd\u00ebrrimin e statusit t\u00eb ndryshoj\u00eb. \u201cMos prisni t\u00eb ndryshoj. Jam b\u00ebr\u00eb n\u00ebn\u00eb, dhe \u00ebshte gj\u00ebja m\u00eb e bukur q\u00eb [&hellip;]<\/p>\n","protected":false},"author":1,"featured_media":0,"comment_status":"open","ping_status":"closed","sticky":false,"template":"","format":"standard","meta":{"spay_email":"","jetpack_publicize_message":"","jetpack_is_tweetstorm":false,"jetpack_publicize_feature_enabled":true},"categories":[1],"tags":[5088,19677,19806,16036,19514,19511,4684,19460],"jetpack_publicize_connections":[],"yoast_head":"<!-- This site is optimized with the Yoast SEO plugin v19.1 - https:\/\/yoast.com\/wordpress\/plugins\/seo\/ -->\n<title>Aurela Gace: U b\u00ebra n\u00ebn\u00eb, por un\u00eb nuk ndryshoj! - Lajme nga Ulqini<\/title>\n<meta name=\"description\" content=\"K\u00ebng\u00ebtrja e \u2018Origjinale\u2019, Aurela Gace shprehet se t\u00eb b\u00ebrit n\u00ebn\u00eb nuk do t\u00eb thot\u00eb q\u00eb ajo t\u00eb ndryshoj\u00eb stilin e saj n\u00eb art. Gace thekson se nuk e kupton dot\" \/>\n<meta name=\"robots\" content=\"index, follow, max-snippet:-1, max-image-preview:large, max-video-preview:-1\" \/>\n<link rel=\"canonical\" href=\"https:\/\/www.visit-ulcinj.com\/blog\/2012\/08\/30\/aurela-gace-u-bera-nene-por-une-nuk-ndryshoj\/\" \/>\n<meta property=\"og:locale\" content=\"en_US\" \/>\n<meta property=\"og:type\" content=\"article\" \/>\n<meta property=\"og:title\" content=\"Aurela Gace: U b\u00ebra n\u00ebn\u00eb, por un\u00eb nuk ndryshoj! - Lajme nga Ulqini\" \/>\n<meta property=\"og:description\" content=\"K\u00ebng\u00ebtrja e \u2018Origjinale\u2019, Aurela Gace shprehet se t\u00eb b\u00ebrit n\u00ebn\u00eb nuk do t\u00eb thot\u00eb q\u00eb ajo t\u00eb ndryshoj\u00eb stilin e saj n\u00eb art. Gace thekson se nuk e kupton dot\" \/>\n<meta property=\"og:url\" content=\"https:\/\/www.visit-ulcinj.com\/blog\/2012\/08\/30\/aurela-gace-u-bera-nene-por-une-nuk-ndryshoj\/\" \/>\n<meta property=\"og:site_name\" content=\"Lajme nga Ulqini\" \/>\n<meta property=\"article:published_time\" content=\"2012-08-30T09:43:43+00:00\" \/>\n<meta property=\"og:image\" content=\"http:\/\/www.visit-ulcinj.com\/blog\/wp-content\/uploads\/2012\/08\/Aurela-Gace.jpg\" \/>\n<meta name=\"twitter:label1\" content=\"Written by\" \/>\n\t<meta name=\"twitter:data1\" content=\"ulqini\" \/>\n\t<meta name=\"twitter:label2\" content=\"Est. reading time\" \/>\n\t<meta name=\"twitter:data2\" content=\"1 minute\" \/>\n<script type=\"application\/ld+json\" class=\"yoast-schema-graph\">{\"@context\":\"https:\/\/schema.org\",\"@graph\":[{\"@type\":\"WebSite\",\"@id\":\"https:\/\/www.visit-ulcinj.com\/blog\/#website\",\"url\":\"https:\/\/www.visit-ulcinj.com\/blog\/\",\"name\":\"Lajme nga Ulqini\",\"description\":\"Lajme,Vijesti,Ulqini,Ulqin,Crna Gora,Mali i Zi\",\"potentialAction\":[{\"@type\":\"SearchAction\",\"target\":{\"@type\":\"EntryPoint\",\"urlTemplate\":\"https:\/\/www.visit-ulcinj.com\/blog\/?s={search_term_string}\"},\"query-input\":\"required name=search_term_string\"}],\"inLanguage\":\"en-US\"},{\"@type\":\"ImageObject\",\"inLanguage\":\"en-US\",\"@id\":\"https:\/\/www.visit-ulcinj.com\/blog\/2012\/08\/30\/aurela-gace-u-bera-nene-por-une-nuk-ndryshoj\/#primaryimage\",\"url\":\"http:\/\/www.visit-ulcinj.com\/blog\/wp-content\/uploads\/2012\/08\/Aurela-Gace.jpg\",\"contentUrl\":\"http:\/\/www.visit-ulcinj.com\/blog\/wp-content\/uploads\/2012\/08\/Aurela-Gace.jpg\"},{\"@type\":\"WebPage\",\"@id\":\"https:\/\/www.visit-ulcinj.com\/blog\/2012\/08\/30\/aurela-gace-u-bera-nene-por-une-nuk-ndryshoj\/#webpage\",\"url\":\"https:\/\/www.visit-ulcinj.com\/blog\/2012\/08\/30\/aurela-gace-u-bera-nene-por-une-nuk-ndryshoj\/\",\"name\":\"Aurela Gace: U b\u00ebra n\u00ebn\u00eb, por un\u00eb nuk ndryshoj! - Lajme nga Ulqini\",\"isPartOf\":{\"@id\":\"https:\/\/www.visit-ulcinj.com\/blog\/#website\"},\"primaryImageOfPage\":{\"@id\":\"https:\/\/www.visit-ulcinj.com\/blog\/2012\/08\/30\/aurela-gace-u-bera-nene-por-une-nuk-ndryshoj\/#primaryimage\"},\"datePublished\":\"2012-08-30T09:43:43+00:00\",\"dateModified\":\"2012-08-30T09:43:43+00:00\",\"author\":{\"@id\":\"https:\/\/www.visit-ulcinj.com\/blog\/#\/schema\/person\/dcab619c614d3038751c63bc2aadc06d\"},\"description\":\"K\u00ebng\u00ebtrja e \u2018Origjinale\u2019, Aurela Gace shprehet se t\u00eb b\u00ebrit n\u00ebn\u00eb nuk do t\u00eb thot\u00eb q\u00eb ajo t\u00eb ndryshoj\u00eb stilin e saj n\u00eb art. Gace thekson se nuk e kupton dot\",\"breadcrumb\":{\"@id\":\"https:\/\/www.visit-ulcinj.com\/blog\/2012\/08\/30\/aurela-gace-u-bera-nene-por-une-nuk-ndryshoj\/#breadcrumb\"},\"inLanguage\":\"en-US\",\"potentialAction\":[{\"@type\":\"ReadAction\",\"target\":[\"https:\/\/www.visit-ulcinj.com\/blog\/2012\/08\/30\/aurela-gace-u-bera-nene-por-une-nuk-ndryshoj\/\"]}]},{\"@type\":\"BreadcrumbList\",\"@id\":\"https:\/\/www.visit-ulcinj.com\/blog\/2012\/08\/30\/aurela-gace-u-bera-nene-por-une-nuk-ndryshoj\/#breadcrumb\",\"itemListElement\":[{\"@type\":\"ListItem\",\"position\":1,\"name\":\"Aurela Gace: U b\u00ebra n\u00ebn\u00eb, por un\u00eb nuk ndryshoj!\"}]},{\"@type\":\"Person\",\"@id\":\"https:\/\/www.visit-ulcinj.com\/blog\/#\/schema\/person\/dcab619c614d3038751c63bc2aadc06d\",\"name\":\"ulqini\",\"sameAs\":[\"http:\/\/www.visit-ulcinj.com\"],\"url\":\"https:\/\/www.visit-ulcinj.com\/blog\/author\/admin\/\"}]}<\/script>\n<!-- \/ Yoast SEO plugin. -->","yoast_head_json":{"title":"Aurela Gace: U b\u00ebra n\u00ebn\u00eb, por un\u00eb nuk ndryshoj! - Lajme nga Ulqini","description":"K\u00ebng\u00ebtrja e \u2018Origjinale\u2019, Aurela Gace shprehet se t\u00eb b\u00ebrit n\u00ebn\u00eb nuk do t\u00eb thot\u00eb q\u00eb ajo t\u00eb ndryshoj\u00eb stilin e saj n\u00eb art. Gace thekson se nuk e kupton dot","robots":{"index":"index","follow":"follow","max-snippet":"max-snippet:-1","max-image-preview":"max-image-preview:large","max-video-preview":"max-video-preview:-1"},"canonical":"https:\/\/www.visit-ulcinj.com\/blog\/2012\/08\/30\/aurela-gace-u-bera-nene-por-une-nuk-ndryshoj\/","og_locale":"en_US","og_type":"article","og_title":"Aurela Gace: U b\u00ebra n\u00ebn\u00eb, por un\u00eb nuk ndryshoj! - Lajme nga Ulqini","og_description":"K\u00ebng\u00ebtrja e \u2018Origjinale\u2019, Aurela Gace shprehet se t\u00eb b\u00ebrit n\u00ebn\u00eb nuk do t\u00eb thot\u00eb q\u00eb ajo t\u00eb ndryshoj\u00eb stilin e saj n\u00eb art. Gace thekson se nuk e kupton dot","og_url":"https:\/\/www.visit-ulcinj.com\/blog\/2012\/08\/30\/aurela-gace-u-bera-nene-por-une-nuk-ndryshoj\/","og_site_name":"Lajme nga Ulqini","article_published_time":"2012-08-30T09:43:43+00:00","og_image":[{"url":"http:\/\/www.visit-ulcinj.com\/blog\/wp-content\/uploads\/2012\/08\/Aurela-Gace.jpg"}],"twitter_misc":{"Written by":"ulqini","Est. reading time":"1 minute"},"schema":{"@context":"https:\/\/schema.org","@graph":[{"@type":"WebSite","@id":"https:\/\/www.visit-ulcinj.com\/blog\/#website","url":"https:\/\/www.visit-ulcinj.com\/blog\/","name":"Lajme nga Ulqini","description":"Lajme,Vijesti,Ulqini,Ulqin,Crna Gora,Mali i Zi","potentialAction":[{"@type":"SearchAction","target":{"@type":"EntryPoint","urlTemplate":"https:\/\/www.visit-ulcinj.com\/blog\/?s={search_term_string}"},"query-input":"required name=search_term_string"}],"inLanguage":"en-US"},{"@type":"ImageObject","inLanguage":"en-US","@id":"https:\/\/www.visit-ulcinj.com\/blog\/2012\/08\/30\/aurela-gace-u-bera-nene-por-une-nuk-ndryshoj\/#primaryimage","url":"http:\/\/www.visit-ulcinj.com\/blog\/wp-content\/uploads\/2012\/08\/Aurela-Gace.jpg","contentUrl":"http:\/\/www.visit-ulcinj.com\/blog\/wp-content\/uploads\/2012\/08\/Aurela-Gace.jpg"},{"@type":"WebPage","@id":"https:\/\/www.visit-ulcinj.com\/blog\/2012\/08\/30\/aurela-gace-u-bera-nene-por-une-nuk-ndryshoj\/#webpage","url":"https:\/\/www.visit-ulcinj.com\/blog\/2012\/08\/30\/aurela-gace-u-bera-nene-por-une-nuk-ndryshoj\/","name":"Aurela Gace: U b\u00ebra n\u00ebn\u00eb, por un\u00eb nuk ndryshoj! - Lajme nga Ulqini","isPartOf":{"@id":"https:\/\/www.visit-ulcinj.com\/blog\/#website"},"primaryImageOfPage":{"@id":"https:\/\/www.visit-ulcinj.com\/blog\/2012\/08\/30\/aurela-gace-u-bera-nene-por-une-nuk-ndryshoj\/#primaryimage"},"datePublished":"2012-08-30T09:43:43+00:00","dateModified":"2012-08-30T09:43:43+00:00","author":{"@id":"https:\/\/www.visit-ulcinj.com\/blog\/#\/schema\/person\/dcab619c614d3038751c63bc2aadc06d"},"description":"K\u00ebng\u00ebtrja e \u2018Origjinale\u2019, Aurela Gace shprehet se t\u00eb b\u00ebrit n\u00ebn\u00eb nuk do t\u00eb thot\u00eb q\u00eb ajo t\u00eb ndryshoj\u00eb stilin e saj n\u00eb art. Gace thekson se nuk e kupton dot","breadcrumb":{"@id":"https:\/\/www.visit-ulcinj.com\/blog\/2012\/08\/30\/aurela-gace-u-bera-nene-por-une-nuk-ndryshoj\/#breadcrumb"},"inLanguage":"en-US","potentialAction":[{"@type":"ReadAction","target":["https:\/\/www.visit-ulcinj.com\/blog\/2012\/08\/30\/aurela-gace-u-bera-nene-por-une-nuk-ndryshoj\/"]}]},{"@type":"BreadcrumbList","@id":"https:\/\/www.visit-ulcinj.com\/blog\/2012\/08\/30\/aurela-gace-u-bera-nene-por-une-nuk-ndryshoj\/#breadcrumb","itemListElement":[{"@type":"ListItem","position":1,"name":"Aurela Gace: U b\u00ebra n\u00ebn\u00eb, por un\u00eb nuk ndryshoj!"}]},{"@type":"Person","@id":"https:\/\/www.visit-ulcinj.com\/blog\/#\/schema\/person\/dcab619c614d3038751c63bc2aadc06d","name":"ulqini","sameAs":["http:\/\/www.visit-ulcinj.com"],"url":"https:\/\/www.visit-ulcinj.com\/blog\/author\/admin\/"}]}},"jetpack_featured_media_url":"","jetpack_sharing_enabled":true,"jetpack_shortlink":"https:\/\/wp.me\/pe6lTn-gq1","_links":{"self":[{"href":"https:\/\/www.visit-ulcinj.com\/blog\/wp-json\/wp\/v2\/posts\/63117"}],"collection":[{"href":"https:\/\/www.visit-ulcinj.com\/blog\/wp-json\/wp\/v2\/posts"}],"about":[{"href":"https:\/\/www.visit-ulcinj.com\/blog\/wp-json\/wp\/v2\/types\/post"}],"author":[{"embeddable":true,"href":"https:\/\/www.visit-ulcinj.com\/blog\/wp-json\/wp\/v2\/users\/1"}],"replies":[{"embeddable":true,"href":"https:\/\/www.visit-ulcinj.com\/blog\/wp-json\/wp\/v2\/comments?post=63117"}],"version-history":[{"count":1,"href":"https:\/\/www.visit-ulcinj.com\/blog\/wp-json\/wp\/v2\/posts\/63117\/revisions"}],"predecessor-version":[{"id":63119,"href":"https:\/\/www.visit-ulcinj.com\/blog\/wp-json\/wp\/v2\/posts\/63117\/revisions\/63119"}],"wp:attachment":[{"href":"https:\/\/www.visit-ulcinj.com\/blog\/wp-json\/wp\/v2\/media?parent=63117"}],"wp:term":[{"taxonomy":"category","embeddable":true,"href":"https:\/\/www.visit-ulcinj.com\/blog\/wp-json\/wp\/v2\/categories?post=63117"},{"taxonomy":"post_tag","embeddable":true,"href":"https:\/\/www.visit-ulcinj.com\/blog\/wp-json\/wp\/v2\/tags?post=63117"}],"curies":[{"name":"wp","href":"https:\/\/api.w.org\/{rel}","templated":true}]}}