{"id":63120,"date":"2012-08-30T11:05:00","date_gmt":"2012-08-30T10:05:00","guid":{"rendered":"http:\/\/www.visit-ulcinj.com\/blog\/?p=63120"},"modified":"2012-08-30T11:05:00","modified_gmt":"2012-08-30T10:05:00","slug":"videoklipi-i-ri-i-linda-halimit-18-video","status":"publish","type":"post","link":"https:\/\/www.visit-ulcinj.com\/blog\/2012\/08\/30\/videoklipi-i-ri-i-linda-halimit-18-video\/","title":{"rendered":"Videoklipi i ri i Linda Halimit, \u2018+18\u2019 + Video"},"content":{"rendered":"<p><strong><a href=\"http:\/\/www.visit-ulcinj.com\/blog\/wp-content\/uploads\/2012\/08\/Linda-Halimi1.jpg\"><img loading=\"lazy\" class=\"alignleft  wp-image-63121\" title=\"Linda Halimi\" src=\"http:\/\/www.visit-ulcinj.com\/blog\/wp-content\/uploads\/2012\/08\/Linda-Halimi1.jpg\" alt=\"\" width=\"508\" height=\"360\" \/><\/a>Linda Halimi ka p\u00ebrfunduar xhirimet e videoklipit t\u00eb ri, t\u00eb cilin mund ta shohin vet\u00ebm ata q\u00eb kan\u00eb mbushur mosh\u00ebn 18 vje\u00e7are.<\/strong><\/p>\n<p>K\u00ebnga quhet \u201cI Just Wanna\u2026\u201d, nd\u00ebrsa p\u00ebr klipin \u00ebsht\u00eb angazhuar produkisoni Imagine. N\u00eb profilin e saj n\u00eb Facebook, Linda e ka quajtur k\u00ebt\u00eb video si \u2018mjaft t\u00eb nxeht\u00eb\u2019, nd\u00ebrsa n\u00eb nj\u00eb intervist\u00eb ka deklaruar se ka edhe shum\u00eb sekuenca nudo.<\/p>\n<p>\u201cPjes\u00ebt nudo normalisht q\u00eb jan\u00eb pjes\u00ebt m\u00eb t\u00eb nxehta n\u00eb videoklip. Shum\u00eb gj\u00ebra q\u00eb kam b\u00ebr\u00eb kan\u00eb qen\u00eb tabu k\u00ebtu n\u00eb Kosov\u00eb. Mir\u00ebpo, un\u00eb i kam b\u00ebr\u00eb dhe vazhdoj t\u2019i b\u00ebj pa ndonj\u00eb kompleks. Aq m\u00eb pak kur kam p\u00ebrkrahjen e familjes dhe fansave t\u00eb mi. Ishte koha t\u00eb sjell di\u00e7ka \u2018fresh\u2019- t\u00eb re, dhe ky \u00ebsht\u00eb ndryshimi q\u00eb kam b\u00ebr\u00eb n\u00eb karrier\u00ebn time. Mund t\u00eb them se jam e vetmja k\u00ebng\u00ebtare shqiptare fem\u00ebr q\u00eb ka femra nudo n\u00eb videoklip\u201d, ka th\u00ebn\u00eb k\u00ebng\u00ebtarja p\u00ebr <em>ORAinfo<\/em>.<\/p>\n<p>N\u00eb t\u00eb nj\u00ebjt\u00ebn intervist\u00eb, ajo ka deklaruar se n\u00eb videoklip jan\u00eb dy meshkuj afro-amerikan\u00eb, dy vajza serbe dhe tri vajza shqiptare. \/Telegrafi\/<\/p>\n<!--YouTube Error: bad URL entered-->\n","protected":false},"excerpt":{"rendered":"<p>Linda Halimi ka p\u00ebrfunduar xhirimet e videoklipit t\u00eb ri, t\u00eb cilin mund ta shohin vet\u00ebm ata q\u00eb kan\u00eb mbushur mosh\u00ebn 18 vje\u00e7are. K\u00ebnga quhet \u201cI Just Wanna\u2026\u201d, nd\u00ebrsa p\u00ebr klipin \u00ebsht\u00eb angazhuar produkisoni Imagine. N\u00eb profilin e saj n\u00eb Facebook, Linda e ka quajtur k\u00ebt\u00eb video si \u2018mjaft t\u00eb nxeht\u00eb\u2019, nd\u00ebrsa n\u00eb nj\u00eb intervist\u00eb ka [&hellip;]<\/p>\n","protected":false},"author":1,"featured_media":0,"comment_status":"open","ping_status":"closed","sticky":false,"template":"","format":"standard","meta":{"spay_email":"","jetpack_publicize_message":"","jetpack_is_tweetstorm":false,"jetpack_publicize_feature_enabled":true},"categories":[1],"tags":[16376],"jetpack_publicize_connections":[],"yoast_head":"<!-- This site is optimized with the Yoast SEO plugin v19.1 - https:\/\/yoast.com\/wordpress\/plugins\/seo\/ -->\n<title>Videoklipi i ri i Linda Halimit, \u2018+18\u2019 + Video - Lajme nga Ulqini<\/title>\n<meta name=\"description\" content=\"Linda Halimi ka p\u00ebrfunduar xhirimet e videoklipit t\u00eb ri, t\u00eb cilin mund ta shohin vet\u00ebm ata q\u00eb kan\u00eb mbushur mosh\u00ebn 18 vje\u00e7are. K\u00ebnga quhet \u201cI Just Wanna\u2026\u201d,\" \/>\n<meta name=\"robots\" content=\"index, follow, max-snippet:-1, max-image-preview:large, max-video-preview:-1\" \/>\n<link rel=\"canonical\" href=\"https:\/\/www.visit-ulcinj.com\/blog\/2012\/08\/30\/videoklipi-i-ri-i-linda-halimit-18-video\/\" \/>\n<meta property=\"og:locale\" content=\"en_US\" \/>\n<meta property=\"og:type\" content=\"article\" \/>\n<meta property=\"og:title\" content=\"Videoklipi i ri i Linda Halimit, \u2018+18\u2019 + Video - Lajme nga Ulqini\" \/>\n<meta property=\"og:description\" content=\"Linda Halimi ka p\u00ebrfunduar xhirimet e videoklipit t\u00eb ri, t\u00eb cilin mund ta shohin vet\u00ebm ata q\u00eb kan\u00eb mbushur mosh\u00ebn 18 vje\u00e7are. K\u00ebnga quhet \u201cI Just Wanna\u2026\u201d,\" \/>\n<meta property=\"og:url\" content=\"https:\/\/www.visit-ulcinj.com\/blog\/2012\/08\/30\/videoklipi-i-ri-i-linda-halimit-18-video\/\" \/>\n<meta property=\"og:site_name\" content=\"Lajme nga Ulqini\" \/>\n<meta property=\"article:published_time\" content=\"2012-08-30T10:05:00+00:00\" \/>\n<meta property=\"og:image\" content=\"http:\/\/www.visit-ulcinj.com\/blog\/wp-content\/uploads\/2012\/08\/Linda-Halimi1.jpg\" \/>\n<meta name=\"twitter:label1\" content=\"Written by\" \/>\n\t<meta name=\"twitter:data1\" content=\"ulqini\" \/>\n\t<meta name=\"twitter:label2\" content=\"Est. reading time\" \/>\n\t<meta name=\"twitter:data2\" content=\"1 minute\" \/>\n<script type=\"application\/ld+json\" class=\"yoast-schema-graph\">{\"@context\":\"https:\/\/schema.org\",\"@graph\":[{\"@type\":\"WebSite\",\"@id\":\"https:\/\/www.visit-ulcinj.com\/blog\/#website\",\"url\":\"https:\/\/www.visit-ulcinj.com\/blog\/\",\"name\":\"Lajme nga Ulqini\",\"description\":\"Lajme,Vijesti,Ulqini,Ulqin,Crna Gora,Mali i Zi\",\"potentialAction\":[{\"@type\":\"SearchAction\",\"target\":{\"@type\":\"EntryPoint\",\"urlTemplate\":\"https:\/\/www.visit-ulcinj.com\/blog\/?s={search_term_string}\"},\"query-input\":\"required name=search_term_string\"}],\"inLanguage\":\"en-US\"},{\"@type\":\"ImageObject\",\"inLanguage\":\"en-US\",\"@id\":\"https:\/\/www.visit-ulcinj.com\/blog\/2012\/08\/30\/videoklipi-i-ri-i-linda-halimit-18-video\/#primaryimage\",\"url\":\"http:\/\/www.visit-ulcinj.com\/blog\/wp-content\/uploads\/2012\/08\/Linda-Halimi1.jpg\",\"contentUrl\":\"http:\/\/www.visit-ulcinj.com\/blog\/wp-content\/uploads\/2012\/08\/Linda-Halimi1.jpg\"},{\"@type\":\"WebPage\",\"@id\":\"https:\/\/www.visit-ulcinj.com\/blog\/2012\/08\/30\/videoklipi-i-ri-i-linda-halimit-18-video\/#webpage\",\"url\":\"https:\/\/www.visit-ulcinj.com\/blog\/2012\/08\/30\/videoklipi-i-ri-i-linda-halimit-18-video\/\",\"name\":\"Videoklipi i ri i Linda Halimit, \u2018+18\u2019 + Video - Lajme nga Ulqini\",\"isPartOf\":{\"@id\":\"https:\/\/www.visit-ulcinj.com\/blog\/#website\"},\"primaryImageOfPage\":{\"@id\":\"https:\/\/www.visit-ulcinj.com\/blog\/2012\/08\/30\/videoklipi-i-ri-i-linda-halimit-18-video\/#primaryimage\"},\"datePublished\":\"2012-08-30T10:05:00+00:00\",\"dateModified\":\"2012-08-30T10:05:00+00:00\",\"author\":{\"@id\":\"https:\/\/www.visit-ulcinj.com\/blog\/#\/schema\/person\/dcab619c614d3038751c63bc2aadc06d\"},\"description\":\"Linda Halimi ka p\u00ebrfunduar xhirimet e videoklipit t\u00eb ri, t\u00eb cilin mund ta shohin vet\u00ebm ata q\u00eb kan\u00eb mbushur mosh\u00ebn 18 vje\u00e7are. K\u00ebnga quhet \u201cI Just Wanna\u2026\u201d,\",\"breadcrumb\":{\"@id\":\"https:\/\/www.visit-ulcinj.com\/blog\/2012\/08\/30\/videoklipi-i-ri-i-linda-halimit-18-video\/#breadcrumb\"},\"inLanguage\":\"en-US\",\"potentialAction\":[{\"@type\":\"ReadAction\",\"target\":[\"https:\/\/www.visit-ulcinj.com\/blog\/2012\/08\/30\/videoklipi-i-ri-i-linda-halimit-18-video\/\"]}]},{\"@type\":\"BreadcrumbList\",\"@id\":\"https:\/\/www.visit-ulcinj.com\/blog\/2012\/08\/30\/videoklipi-i-ri-i-linda-halimit-18-video\/#breadcrumb\",\"itemListElement\":[{\"@type\":\"ListItem\",\"position\":1,\"name\":\"Videoklipi i ri i Linda Halimit, \u2018+18\u2019 + Video\"}]},{\"@type\":\"Person\",\"@id\":\"https:\/\/www.visit-ulcinj.com\/blog\/#\/schema\/person\/dcab619c614d3038751c63bc2aadc06d\",\"name\":\"ulqini\",\"sameAs\":[\"http:\/\/www.visit-ulcinj.com\"],\"url\":\"https:\/\/www.visit-ulcinj.com\/blog\/author\/admin\/\"}]}<\/script>\n<!-- \/ Yoast SEO plugin. -->","yoast_head_json":{"title":"Videoklipi i ri i Linda Halimit, \u2018+18\u2019 + Video - Lajme nga Ulqini","description":"Linda Halimi ka p\u00ebrfunduar xhirimet e videoklipit t\u00eb ri, t\u00eb cilin mund ta shohin vet\u00ebm ata q\u00eb kan\u00eb mbushur mosh\u00ebn 18 vje\u00e7are. K\u00ebnga quhet \u201cI Just Wanna\u2026\u201d,","robots":{"index":"index","follow":"follow","max-snippet":"max-snippet:-1","max-image-preview":"max-image-preview:large","max-video-preview":"max-video-preview:-1"},"canonical":"https:\/\/www.visit-ulcinj.com\/blog\/2012\/08\/30\/videoklipi-i-ri-i-linda-halimit-18-video\/","og_locale":"en_US","og_type":"article","og_title":"Videoklipi i ri i Linda Halimit, \u2018+18\u2019 + Video - Lajme nga Ulqini","og_description":"Linda Halimi ka p\u00ebrfunduar xhirimet e videoklipit t\u00eb ri, t\u00eb cilin mund ta shohin vet\u00ebm ata q\u00eb kan\u00eb mbushur mosh\u00ebn 18 vje\u00e7are. K\u00ebnga quhet \u201cI Just Wanna\u2026\u201d,","og_url":"https:\/\/www.visit-ulcinj.com\/blog\/2012\/08\/30\/videoklipi-i-ri-i-linda-halimit-18-video\/","og_site_name":"Lajme nga Ulqini","article_published_time":"2012-08-30T10:05:00+00:00","og_image":[{"url":"http:\/\/www.visit-ulcinj.com\/blog\/wp-content\/uploads\/2012\/08\/Linda-Halimi1.jpg"}],"twitter_misc":{"Written by":"ulqini","Est. reading time":"1 minute"},"schema":{"@context":"https:\/\/schema.org","@graph":[{"@type":"WebSite","@id":"https:\/\/www.visit-ulcinj.com\/blog\/#website","url":"https:\/\/www.visit-ulcinj.com\/blog\/","name":"Lajme nga Ulqini","description":"Lajme,Vijesti,Ulqini,Ulqin,Crna Gora,Mali i Zi","potentialAction":[{"@type":"SearchAction","target":{"@type":"EntryPoint","urlTemplate":"https:\/\/www.visit-ulcinj.com\/blog\/?s={search_term_string}"},"query-input":"required name=search_term_string"}],"inLanguage":"en-US"},{"@type":"ImageObject","inLanguage":"en-US","@id":"https:\/\/www.visit-ulcinj.com\/blog\/2012\/08\/30\/videoklipi-i-ri-i-linda-halimit-18-video\/#primaryimage","url":"http:\/\/www.visit-ulcinj.com\/blog\/wp-content\/uploads\/2012\/08\/Linda-Halimi1.jpg","contentUrl":"http:\/\/www.visit-ulcinj.com\/blog\/wp-content\/uploads\/2012\/08\/Linda-Halimi1.jpg"},{"@type":"WebPage","@id":"https:\/\/www.visit-ulcinj.com\/blog\/2012\/08\/30\/videoklipi-i-ri-i-linda-halimit-18-video\/#webpage","url":"https:\/\/www.visit-ulcinj.com\/blog\/2012\/08\/30\/videoklipi-i-ri-i-linda-halimit-18-video\/","name":"Videoklipi i ri i Linda Halimit, \u2018+18\u2019 + Video - Lajme nga Ulqini","isPartOf":{"@id":"https:\/\/www.visit-ulcinj.com\/blog\/#website"},"primaryImageOfPage":{"@id":"https:\/\/www.visit-ulcinj.com\/blog\/2012\/08\/30\/videoklipi-i-ri-i-linda-halimit-18-video\/#primaryimage"},"datePublished":"2012-08-30T10:05:00+00:00","dateModified":"2012-08-30T10:05:00+00:00","author":{"@id":"https:\/\/www.visit-ulcinj.com\/blog\/#\/schema\/person\/dcab619c614d3038751c63bc2aadc06d"},"description":"Linda Halimi ka p\u00ebrfunduar xhirimet e videoklipit t\u00eb ri, t\u00eb cilin mund ta shohin vet\u00ebm ata q\u00eb kan\u00eb mbushur mosh\u00ebn 18 vje\u00e7are. K\u00ebnga quhet \u201cI Just Wanna\u2026\u201d,","breadcrumb":{"@id":"https:\/\/www.visit-ulcinj.com\/blog\/2012\/08\/30\/videoklipi-i-ri-i-linda-halimit-18-video\/#breadcrumb"},"inLanguage":"en-US","potentialAction":[{"@type":"ReadAction","target":["https:\/\/www.visit-ulcinj.com\/blog\/2012\/08\/30\/videoklipi-i-ri-i-linda-halimit-18-video\/"]}]},{"@type":"BreadcrumbList","@id":"https:\/\/www.visit-ulcinj.com\/blog\/2012\/08\/30\/videoklipi-i-ri-i-linda-halimit-18-video\/#breadcrumb","itemListElement":[{"@type":"ListItem","position":1,"name":"Videoklipi i ri i Linda Halimit, \u2018+18\u2019 + Video"}]},{"@type":"Person","@id":"https:\/\/www.visit-ulcinj.com\/blog\/#\/schema\/person\/dcab619c614d3038751c63bc2aadc06d","name":"ulqini","sameAs":["http:\/\/www.visit-ulcinj.com"],"url":"https:\/\/www.visit-ulcinj.com\/blog\/author\/admin\/"}]}},"jetpack_featured_media_url":"","jetpack_sharing_enabled":true,"jetpack_shortlink":"https:\/\/wp.me\/pe6lTn-gq4","_links":{"self":[{"href":"https:\/\/www.visit-ulcinj.com\/blog\/wp-json\/wp\/v2\/posts\/63120"}],"collection":[{"href":"https:\/\/www.visit-ulcinj.com\/blog\/wp-json\/wp\/v2\/posts"}],"about":[{"href":"https:\/\/www.visit-ulcinj.com\/blog\/wp-json\/wp\/v2\/types\/post"}],"author":[{"embeddable":true,"href":"https:\/\/www.visit-ulcinj.com\/blog\/wp-json\/wp\/v2\/users\/1"}],"replies":[{"embeddable":true,"href":"https:\/\/www.visit-ulcinj.com\/blog\/wp-json\/wp\/v2\/comments?post=63120"}],"version-history":[{"count":2,"href":"https:\/\/www.visit-ulcinj.com\/blog\/wp-json\/wp\/v2\/posts\/63120\/revisions"}],"predecessor-version":[{"id":63123,"href":"https:\/\/www.visit-ulcinj.com\/blog\/wp-json\/wp\/v2\/posts\/63120\/revisions\/63123"}],"wp:attachment":[{"href":"https:\/\/www.visit-ulcinj.com\/blog\/wp-json\/wp\/v2\/media?parent=63120"}],"wp:term":[{"taxonomy":"category","embeddable":true,"href":"https:\/\/www.visit-ulcinj.com\/blog\/wp-json\/wp\/v2\/categories?post=63120"},{"taxonomy":"post_tag","embeddable":true,"href":"https:\/\/www.visit-ulcinj.com\/blog\/wp-json\/wp\/v2\/tags?post=63120"}],"curies":[{"name":"wp","href":"https:\/\/api.w.org\/{rel}","templated":true}]}}