{"id":63126,"date":"2012-08-30T11:33:30","date_gmt":"2012-08-30T10:33:30","guid":{"rendered":"http:\/\/www.visit-ulcinj.com\/blog\/?p=63126"},"modified":"2012-08-30T11:33:30","modified_gmt":"2012-08-30T10:33:30","slug":"teuta-selimi-vjen-me-kenge-te-re","status":"publish","type":"post","link":"https:\/\/www.visit-ulcinj.com\/blog\/2012\/08\/30\/teuta-selimi-vjen-me-kenge-te-re\/","title":{"rendered":"Teuta Selimi vjen me k\u00ebnge te re"},"content":{"rendered":"<p><strong><a href=\"http:\/\/www.visit-ulcinj.com\/blog\/wp-content\/uploads\/2012\/08\/Teuta-Selimi.jpg\"><img loading=\"lazy\" class=\"alignleft  wp-image-63127\" title=\"Teuta Selimi\" src=\"http:\/\/www.visit-ulcinj.com\/blog\/wp-content\/uploads\/2012\/08\/Teuta-Selimi.jpg\" alt=\"\" width=\"508\" height=\"360\" \/><\/a>Teuta Selimi k\u00ebto dit\u00eb do ta lansoj\u00eb k\u00ebng\u00ebn m\u00eb t\u00eb re t\u00eb titulluar \u201cKush don le t\u00eb feston\u201d, t\u00eb cil\u00ebs k\u00ebng\u00eb s\u00eb shpejti do t\u2019ia realizoj\u00eb edhe videoklipin.<\/strong><\/p>\n<p>Gjat\u00eb nj\u00eb prononcimi p\u00ebr t\u00eb p\u00ebrditshmen \u201cZ\u00ebri\u201d, k\u00ebng\u00ebtarja ka th\u00ebn\u00eb se nuk dyshon n\u00eb k\u00ebt\u00eb sing\u00ebl ngase ka punuar mjaft shum\u00eb n\u00eb t\u00eb, dhe \u00ebsht\u00eb nj\u00eb k\u00ebng\u00eb ritmike q\u00eb mund ta p\u00eblqejn\u00eb t\u00eb gjith\u00eb.<\/p>\n<p>\u201cTani p\u00ebrfundova sezonin e ver\u00ebs p\u00ebr t\u00eb cilin jam mjaft\u00eb e k\u00ebnaqur sepse po e p\u00ebrmbyll nj\u00eb sezon me mjaft\u00eb suksese. Kam pasur mjaft\u00eb angazhime si brenda ashtu edhe jasht\u00eb vendit dhe kjo m\u00eb g\u00ebzon mjaft\u00eb shum\u00eb\u201d.<\/p>\n<p>\u201cNd\u00ebrkaq tani adhuruesve do t\u2019u sjell\u00eb nj\u00eb sing\u00ebl t\u00eb ri, t\u00eb realizuar mjaft\u00eb mir\u00eb. Shpresoj t\u00eb p\u00eblqehet sepse \u00ebsht\u00eb punuar shum\u00eb n\u00eb k\u00ebt\u00eb k\u00ebng\u00eb\u201d.<\/p>\n<p>\u201cK\u00ebnga do ta ket\u00eb edhe videoklipin, t\u00eb cilin do ta p\u00ebrgatisim me ndonj\u00eb produksion vendor me t\u00eb cil\u00ebt nuk kam punuar m\u00eb par\u00eb\u201d, ka th\u00ebn\u00eb ajo p\u00ebr \u201cZ\u00ebri\u201d.<\/p>\n","protected":false},"excerpt":{"rendered":"<p>Teuta Selimi k\u00ebto dit\u00eb do ta lansoj\u00eb k\u00ebng\u00ebn m\u00eb t\u00eb re t\u00eb titulluar \u201cKush don le t\u00eb feston\u201d, t\u00eb cil\u00ebs k\u00ebng\u00eb s\u00eb shpejti do t\u2019ia realizoj\u00eb edhe videoklipin. Gjat\u00eb nj\u00eb prononcimi p\u00ebr t\u00eb p\u00ebrditshmen \u201cZ\u00ebri\u201d, k\u00ebng\u00ebtarja ka th\u00ebn\u00eb se nuk dyshon n\u00eb k\u00ebt\u00eb sing\u00ebl ngase ka punuar mjaft shum\u00eb n\u00eb t\u00eb, dhe \u00ebsht\u00eb nj\u00eb k\u00ebng\u00eb [&hellip;]<\/p>\n","protected":false},"author":1,"featured_media":0,"comment_status":"open","ping_status":"closed","sticky":false,"template":"","format":"standard","meta":{"spay_email":"","jetpack_publicize_message":"","jetpack_is_tweetstorm":false,"jetpack_publicize_feature_enabled":true},"categories":[1],"tags":[20901],"jetpack_publicize_connections":[],"yoast_head":"<!-- This site is optimized with the Yoast SEO plugin v19.1 - https:\/\/yoast.com\/wordpress\/plugins\/seo\/ -->\n<title>Teuta Selimi vjen me k\u00ebnge te re - Lajme nga Ulqini<\/title>\n<meta name=\"description\" content=\"Teuta Selimi k\u00ebto dit\u00eb do ta lansoj\u00eb k\u00ebng\u00ebn m\u00eb t\u00eb re t\u00eb titulluar \u201cKush don le t\u00eb feston\u201d, t\u00eb cil\u00ebs k\u00ebng\u00eb s\u00eb shpejti do t\u2019ia realizoj\u00eb edhe videoklipin.\" \/>\n<meta name=\"robots\" content=\"index, follow, max-snippet:-1, max-image-preview:large, max-video-preview:-1\" \/>\n<link rel=\"canonical\" href=\"https:\/\/www.visit-ulcinj.com\/blog\/2012\/08\/30\/teuta-selimi-vjen-me-kenge-te-re\/\" \/>\n<meta property=\"og:locale\" content=\"en_US\" \/>\n<meta property=\"og:type\" content=\"article\" \/>\n<meta property=\"og:title\" content=\"Teuta Selimi vjen me k\u00ebnge te re - Lajme nga Ulqini\" \/>\n<meta property=\"og:description\" content=\"Teuta Selimi k\u00ebto dit\u00eb do ta lansoj\u00eb k\u00ebng\u00ebn m\u00eb t\u00eb re t\u00eb titulluar \u201cKush don le t\u00eb feston\u201d, t\u00eb cil\u00ebs k\u00ebng\u00eb s\u00eb shpejti do t\u2019ia realizoj\u00eb edhe videoklipin.\" \/>\n<meta property=\"og:url\" content=\"https:\/\/www.visit-ulcinj.com\/blog\/2012\/08\/30\/teuta-selimi-vjen-me-kenge-te-re\/\" \/>\n<meta property=\"og:site_name\" content=\"Lajme nga Ulqini\" \/>\n<meta property=\"article:published_time\" content=\"2012-08-30T10:33:30+00:00\" \/>\n<meta property=\"og:image\" content=\"http:\/\/www.visit-ulcinj.com\/blog\/wp-content\/uploads\/2012\/08\/Teuta-Selimi.jpg\" \/>\n<meta name=\"twitter:label1\" content=\"Written by\" \/>\n\t<meta name=\"twitter:data1\" content=\"ulqini\" \/>\n\t<meta name=\"twitter:label2\" content=\"Est. reading time\" \/>\n\t<meta name=\"twitter:data2\" content=\"1 minute\" \/>\n<script type=\"application\/ld+json\" class=\"yoast-schema-graph\">{\"@context\":\"https:\/\/schema.org\",\"@graph\":[{\"@type\":\"WebSite\",\"@id\":\"https:\/\/www.visit-ulcinj.com\/blog\/#website\",\"url\":\"https:\/\/www.visit-ulcinj.com\/blog\/\",\"name\":\"Lajme nga Ulqini\",\"description\":\"Lajme,Vijesti,Ulqini,Ulqin,Crna Gora,Mali i Zi\",\"potentialAction\":[{\"@type\":\"SearchAction\",\"target\":{\"@type\":\"EntryPoint\",\"urlTemplate\":\"https:\/\/www.visit-ulcinj.com\/blog\/?s={search_term_string}\"},\"query-input\":\"required name=search_term_string\"}],\"inLanguage\":\"en-US\"},{\"@type\":\"ImageObject\",\"inLanguage\":\"en-US\",\"@id\":\"https:\/\/www.visit-ulcinj.com\/blog\/2012\/08\/30\/teuta-selimi-vjen-me-kenge-te-re\/#primaryimage\",\"url\":\"http:\/\/www.visit-ulcinj.com\/blog\/wp-content\/uploads\/2012\/08\/Teuta-Selimi.jpg\",\"contentUrl\":\"http:\/\/www.visit-ulcinj.com\/blog\/wp-content\/uploads\/2012\/08\/Teuta-Selimi.jpg\"},{\"@type\":\"WebPage\",\"@id\":\"https:\/\/www.visit-ulcinj.com\/blog\/2012\/08\/30\/teuta-selimi-vjen-me-kenge-te-re\/#webpage\",\"url\":\"https:\/\/www.visit-ulcinj.com\/blog\/2012\/08\/30\/teuta-selimi-vjen-me-kenge-te-re\/\",\"name\":\"Teuta Selimi vjen me k\u00ebnge te re - Lajme nga Ulqini\",\"isPartOf\":{\"@id\":\"https:\/\/www.visit-ulcinj.com\/blog\/#website\"},\"primaryImageOfPage\":{\"@id\":\"https:\/\/www.visit-ulcinj.com\/blog\/2012\/08\/30\/teuta-selimi-vjen-me-kenge-te-re\/#primaryimage\"},\"datePublished\":\"2012-08-30T10:33:30+00:00\",\"dateModified\":\"2012-08-30T10:33:30+00:00\",\"author\":{\"@id\":\"https:\/\/www.visit-ulcinj.com\/blog\/#\/schema\/person\/dcab619c614d3038751c63bc2aadc06d\"},\"description\":\"Teuta Selimi k\u00ebto dit\u00eb do ta lansoj\u00eb k\u00ebng\u00ebn m\u00eb t\u00eb re t\u00eb titulluar \u201cKush don le t\u00eb feston\u201d, t\u00eb cil\u00ebs k\u00ebng\u00eb s\u00eb shpejti do t\u2019ia realizoj\u00eb edhe videoklipin.\",\"breadcrumb\":{\"@id\":\"https:\/\/www.visit-ulcinj.com\/blog\/2012\/08\/30\/teuta-selimi-vjen-me-kenge-te-re\/#breadcrumb\"},\"inLanguage\":\"en-US\",\"potentialAction\":[{\"@type\":\"ReadAction\",\"target\":[\"https:\/\/www.visit-ulcinj.com\/blog\/2012\/08\/30\/teuta-selimi-vjen-me-kenge-te-re\/\"]}]},{\"@type\":\"BreadcrumbList\",\"@id\":\"https:\/\/www.visit-ulcinj.com\/blog\/2012\/08\/30\/teuta-selimi-vjen-me-kenge-te-re\/#breadcrumb\",\"itemListElement\":[{\"@type\":\"ListItem\",\"position\":1,\"name\":\"Teuta Selimi vjen me k\u00ebnge te re\"}]},{\"@type\":\"Person\",\"@id\":\"https:\/\/www.visit-ulcinj.com\/blog\/#\/schema\/person\/dcab619c614d3038751c63bc2aadc06d\",\"name\":\"ulqini\",\"sameAs\":[\"http:\/\/www.visit-ulcinj.com\"],\"url\":\"https:\/\/www.visit-ulcinj.com\/blog\/author\/admin\/\"}]}<\/script>\n<!-- \/ Yoast SEO plugin. -->","yoast_head_json":{"title":"Teuta Selimi vjen me k\u00ebnge te re - Lajme nga Ulqini","description":"Teuta Selimi k\u00ebto dit\u00eb do ta lansoj\u00eb k\u00ebng\u00ebn m\u00eb t\u00eb re t\u00eb titulluar \u201cKush don le t\u00eb feston\u201d, t\u00eb cil\u00ebs k\u00ebng\u00eb s\u00eb shpejti do t\u2019ia realizoj\u00eb edhe videoklipin.","robots":{"index":"index","follow":"follow","max-snippet":"max-snippet:-1","max-image-preview":"max-image-preview:large","max-video-preview":"max-video-preview:-1"},"canonical":"https:\/\/www.visit-ulcinj.com\/blog\/2012\/08\/30\/teuta-selimi-vjen-me-kenge-te-re\/","og_locale":"en_US","og_type":"article","og_title":"Teuta Selimi vjen me k\u00ebnge te re - Lajme nga Ulqini","og_description":"Teuta Selimi k\u00ebto dit\u00eb do ta lansoj\u00eb k\u00ebng\u00ebn m\u00eb t\u00eb re t\u00eb titulluar \u201cKush don le t\u00eb feston\u201d, t\u00eb cil\u00ebs k\u00ebng\u00eb s\u00eb shpejti do t\u2019ia realizoj\u00eb edhe videoklipin.","og_url":"https:\/\/www.visit-ulcinj.com\/blog\/2012\/08\/30\/teuta-selimi-vjen-me-kenge-te-re\/","og_site_name":"Lajme nga Ulqini","article_published_time":"2012-08-30T10:33:30+00:00","og_image":[{"url":"http:\/\/www.visit-ulcinj.com\/blog\/wp-content\/uploads\/2012\/08\/Teuta-Selimi.jpg"}],"twitter_misc":{"Written by":"ulqini","Est. reading time":"1 minute"},"schema":{"@context":"https:\/\/schema.org","@graph":[{"@type":"WebSite","@id":"https:\/\/www.visit-ulcinj.com\/blog\/#website","url":"https:\/\/www.visit-ulcinj.com\/blog\/","name":"Lajme nga Ulqini","description":"Lajme,Vijesti,Ulqini,Ulqin,Crna Gora,Mali i Zi","potentialAction":[{"@type":"SearchAction","target":{"@type":"EntryPoint","urlTemplate":"https:\/\/www.visit-ulcinj.com\/blog\/?s={search_term_string}"},"query-input":"required name=search_term_string"}],"inLanguage":"en-US"},{"@type":"ImageObject","inLanguage":"en-US","@id":"https:\/\/www.visit-ulcinj.com\/blog\/2012\/08\/30\/teuta-selimi-vjen-me-kenge-te-re\/#primaryimage","url":"http:\/\/www.visit-ulcinj.com\/blog\/wp-content\/uploads\/2012\/08\/Teuta-Selimi.jpg","contentUrl":"http:\/\/www.visit-ulcinj.com\/blog\/wp-content\/uploads\/2012\/08\/Teuta-Selimi.jpg"},{"@type":"WebPage","@id":"https:\/\/www.visit-ulcinj.com\/blog\/2012\/08\/30\/teuta-selimi-vjen-me-kenge-te-re\/#webpage","url":"https:\/\/www.visit-ulcinj.com\/blog\/2012\/08\/30\/teuta-selimi-vjen-me-kenge-te-re\/","name":"Teuta Selimi vjen me k\u00ebnge te re - Lajme nga Ulqini","isPartOf":{"@id":"https:\/\/www.visit-ulcinj.com\/blog\/#website"},"primaryImageOfPage":{"@id":"https:\/\/www.visit-ulcinj.com\/blog\/2012\/08\/30\/teuta-selimi-vjen-me-kenge-te-re\/#primaryimage"},"datePublished":"2012-08-30T10:33:30+00:00","dateModified":"2012-08-30T10:33:30+00:00","author":{"@id":"https:\/\/www.visit-ulcinj.com\/blog\/#\/schema\/person\/dcab619c614d3038751c63bc2aadc06d"},"description":"Teuta Selimi k\u00ebto dit\u00eb do ta lansoj\u00eb k\u00ebng\u00ebn m\u00eb t\u00eb re t\u00eb titulluar \u201cKush don le t\u00eb feston\u201d, t\u00eb cil\u00ebs k\u00ebng\u00eb s\u00eb shpejti do t\u2019ia realizoj\u00eb edhe videoklipin.","breadcrumb":{"@id":"https:\/\/www.visit-ulcinj.com\/blog\/2012\/08\/30\/teuta-selimi-vjen-me-kenge-te-re\/#breadcrumb"},"inLanguage":"en-US","potentialAction":[{"@type":"ReadAction","target":["https:\/\/www.visit-ulcinj.com\/blog\/2012\/08\/30\/teuta-selimi-vjen-me-kenge-te-re\/"]}]},{"@type":"BreadcrumbList","@id":"https:\/\/www.visit-ulcinj.com\/blog\/2012\/08\/30\/teuta-selimi-vjen-me-kenge-te-re\/#breadcrumb","itemListElement":[{"@type":"ListItem","position":1,"name":"Teuta Selimi vjen me k\u00ebnge te re"}]},{"@type":"Person","@id":"https:\/\/www.visit-ulcinj.com\/blog\/#\/schema\/person\/dcab619c614d3038751c63bc2aadc06d","name":"ulqini","sameAs":["http:\/\/www.visit-ulcinj.com"],"url":"https:\/\/www.visit-ulcinj.com\/blog\/author\/admin\/"}]}},"jetpack_featured_media_url":"","jetpack_sharing_enabled":true,"jetpack_shortlink":"https:\/\/wp.me\/pe6lTn-gqa","_links":{"self":[{"href":"https:\/\/www.visit-ulcinj.com\/blog\/wp-json\/wp\/v2\/posts\/63126"}],"collection":[{"href":"https:\/\/www.visit-ulcinj.com\/blog\/wp-json\/wp\/v2\/posts"}],"about":[{"href":"https:\/\/www.visit-ulcinj.com\/blog\/wp-json\/wp\/v2\/types\/post"}],"author":[{"embeddable":true,"href":"https:\/\/www.visit-ulcinj.com\/blog\/wp-json\/wp\/v2\/users\/1"}],"replies":[{"embeddable":true,"href":"https:\/\/www.visit-ulcinj.com\/blog\/wp-json\/wp\/v2\/comments?post=63126"}],"version-history":[{"count":1,"href":"https:\/\/www.visit-ulcinj.com\/blog\/wp-json\/wp\/v2\/posts\/63126\/revisions"}],"predecessor-version":[{"id":63128,"href":"https:\/\/www.visit-ulcinj.com\/blog\/wp-json\/wp\/v2\/posts\/63126\/revisions\/63128"}],"wp:attachment":[{"href":"https:\/\/www.visit-ulcinj.com\/blog\/wp-json\/wp\/v2\/media?parent=63126"}],"wp:term":[{"taxonomy":"category","embeddable":true,"href":"https:\/\/www.visit-ulcinj.com\/blog\/wp-json\/wp\/v2\/categories?post=63126"},{"taxonomy":"post_tag","embeddable":true,"href":"https:\/\/www.visit-ulcinj.com\/blog\/wp-json\/wp\/v2\/tags?post=63126"}],"curies":[{"name":"wp","href":"https:\/\/api.w.org\/{rel}","templated":true}]}}