{"id":63129,"date":"2012-08-30T11:43:08","date_gmt":"2012-08-30T10:43:08","guid":{"rendered":"http:\/\/www.visit-ulcinj.com\/blog\/?p=63129"},"modified":"2012-08-30T11:43:08","modified_gmt":"2012-08-30T10:43:08","slug":"diellza-pas-ulqinitrikthehet-ne-filmin-dashuria-e-bjeshkeve-te-nemuna-2","status":"publish","type":"post","link":"https:\/\/www.visit-ulcinj.com\/blog\/2012\/08\/30\/diellza-pas-ulqinitrikthehet-ne-filmin-dashuria-e-bjeshkeve-te-nemuna-2\/","title":{"rendered":"Diellza pas Ulqinit,rikthehet n\u00eb filmin \u201cDashuria e Bjeshk\u00ebve t\u00eb Nemuna 2\u201d"},"content":{"rendered":"<p><a href=\"http:\/\/www.visit-ulcinj.com\/blog\/wp-content\/uploads\/2012\/08\/Djellza-Kolgeci-ne-Ulqin.jpg\"><img loading=\"lazy\" class=\"alignleft  wp-image-63130\" title=\"Djellza Kolgeci ne Ulqin\" src=\"http:\/\/www.visit-ulcinj.com\/blog\/wp-content\/uploads\/2012\/08\/Djellza-Kolgeci-ne-Ulqin.jpg\" alt=\"\" width=\"508\" height=\"357\" \/><\/a>Edhe pse ndodhet n\u00eb bregdet, Diellza Kolgeci ndjek\u00eb \u00e7do aktivitet q\u00eb ka t\u00eb b\u00ebj\u00eb me t\u00eb. Ndon\u00ebse tani n\u00eb k\u00ebto dit\u00eb ajo ndjehet mjaft\u00eb e lumtur p\u00ebr faktin se do t\u00eb nis\u00eb xhirimi i filmit shqiptar \u201cDashuria e Bjeshk\u00ebve t\u00eb Nemuna 2\u201d.<\/p>\n<p>Sipas Diellz\u00ebs xhirimet do t\u00eb fillojn\u00eb m\u00eb 3 shtator dhe do t\u00eb jen\u00eb disa vende q\u00eb do t\u00eb realizohet ky film.<\/p>\n<p>\u201cPo ndjehem mjaft\u00eb e k\u00ebnaqur q\u00eb erdhi koha p\u00ebr ta xhiruar filmin e shum\u00eb k\u00ebrkuar \u201cDashuria e Bjeshk\u00ebve t\u00eb Nemuna 2\u201d i cili tani n\u00eb k\u00ebto dit\u00eb do t\u00eb filloj s\u00eb xhiruari. K\u00ebt\u00eb film do ta xhirojm\u00eb n\u00eb disa vende si Prishtin\u00eb, Tiran\u00eb, Butrint dhe Nju Jork. Besoj se do t\u00eb kalojm\u00eb bukur gjat\u00eb xhirimit t\u00eb filmit\u201d, ka th\u00ebn\u00eb ajo p\u00ebr \u201cZ\u00ebri\u201d.<\/p>\n<p>Diellza n\u00eb bregdetin e Ulqinit do t\u00eb q\u00ebndroj edhe disa dit\u00eb dhe pas kthimit do t\u00eb nis\u00eb edhe me disa projekte t\u00eb tjera t\u00eb cil\u00ebt preferon t\u2019i l\u00eb surpriz\u00eb.<\/p>\n<p>\u201cUroj q\u00eb \u2018Dashuria e Bjeshk\u00ebve t\u00eb Nemuna 2\u2019 ta ket\u00eb suksesin si\u00e7 e ka pasur pjesa e par\u00eb e k\u00ebtij filmi. Pas kthimit tim nga pushimi n\u00eb bregdet, planifikoj ti nis\u00eb edhe disa projekte p\u00ebr t\u00eb cilat nuk mund t\u00eb flas\u00eb tani. Le t\u00eb jet\u00eb surpriz\u00eb p\u00ebr adhuruesit e mi\u201d, thot\u00eb n\u00eb fund ajo.<\/p>\n<p><strong>Z\u00ebri<\/strong><\/p>\n","protected":false},"excerpt":{"rendered":"<p>Edhe pse ndodhet n\u00eb bregdet, Diellza Kolgeci ndjek\u00eb \u00e7do aktivitet q\u00eb ka t\u00eb b\u00ebj\u00eb me t\u00eb. Ndon\u00ebse tani n\u00eb k\u00ebto dit\u00eb ajo ndjehet mjaft\u00eb e lumtur p\u00ebr faktin se do t\u00eb nis\u00eb xhirimi i filmit shqiptar \u201cDashuria e Bjeshk\u00ebve t\u00eb Nemuna 2\u201d. Sipas Diellz\u00ebs xhirimet do t\u00eb fillojn\u00eb m\u00eb 3 shtator dhe do t\u00eb jen\u00eb [&hellip;]<\/p>\n","protected":false},"author":1,"featured_media":0,"comment_status":"open","ping_status":"closed","sticky":false,"template":"","format":"standard","meta":{"spay_email":"","jetpack_publicize_message":"","jetpack_is_tweetstorm":false,"jetpack_publicize_feature_enabled":true},"categories":[1],"tags":[20902,200],"jetpack_publicize_connections":[],"yoast_head":"<!-- This site is optimized with the Yoast SEO plugin v19.1 - https:\/\/yoast.com\/wordpress\/plugins\/seo\/ -->\n<title>Diellza pas Ulqinit,rikthehet n\u00eb filmin \u201cDashuria e Bjeshk\u00ebve t\u00eb Nemuna 2\u201d - Lajme nga Ulqini<\/title>\n<meta name=\"description\" content=\"Edhe pse ndodhet n\u00eb bregdet, Diellza Kolgeci ndjek\u00eb \u00e7do aktivitet q\u00eb ka t\u00eb b\u00ebj\u00eb me t\u00eb. Ndon\u00ebse tani n\u00eb k\u00ebto dit\u00eb ajo ndjehet mjaft\u00eb e lumtur p\u00ebr faktin se\" \/>\n<meta name=\"robots\" content=\"index, follow, max-snippet:-1, max-image-preview:large, max-video-preview:-1\" \/>\n<link rel=\"canonical\" href=\"https:\/\/www.visit-ulcinj.com\/blog\/2012\/08\/30\/diellza-pas-ulqinitrikthehet-ne-filmin-dashuria-e-bjeshkeve-te-nemuna-2\/\" \/>\n<meta property=\"og:locale\" content=\"en_US\" \/>\n<meta property=\"og:type\" content=\"article\" \/>\n<meta property=\"og:title\" content=\"Diellza pas Ulqinit,rikthehet n\u00eb filmin \u201cDashuria e Bjeshk\u00ebve t\u00eb Nemuna 2\u201d - Lajme nga Ulqini\" \/>\n<meta property=\"og:description\" content=\"Edhe pse ndodhet n\u00eb bregdet, Diellza Kolgeci ndjek\u00eb \u00e7do aktivitet q\u00eb ka t\u00eb b\u00ebj\u00eb me t\u00eb. Ndon\u00ebse tani n\u00eb k\u00ebto dit\u00eb ajo ndjehet mjaft\u00eb e lumtur p\u00ebr faktin se\" \/>\n<meta property=\"og:url\" content=\"https:\/\/www.visit-ulcinj.com\/blog\/2012\/08\/30\/diellza-pas-ulqinitrikthehet-ne-filmin-dashuria-e-bjeshkeve-te-nemuna-2\/\" \/>\n<meta property=\"og:site_name\" content=\"Lajme nga Ulqini\" \/>\n<meta property=\"article:published_time\" content=\"2012-08-30T10:43:08+00:00\" \/>\n<meta property=\"og:image\" content=\"http:\/\/www.visit-ulcinj.com\/blog\/wp-content\/uploads\/2012\/08\/Djellza-Kolgeci-ne-Ulqin.jpg\" \/>\n<meta name=\"twitter:label1\" content=\"Written by\" \/>\n\t<meta name=\"twitter:data1\" content=\"ulqini\" \/>\n\t<meta name=\"twitter:label2\" content=\"Est. reading time\" \/>\n\t<meta name=\"twitter:data2\" content=\"1 minute\" \/>\n<script type=\"application\/ld+json\" class=\"yoast-schema-graph\">{\"@context\":\"https:\/\/schema.org\",\"@graph\":[{\"@type\":\"WebSite\",\"@id\":\"https:\/\/www.visit-ulcinj.com\/blog\/#website\",\"url\":\"https:\/\/www.visit-ulcinj.com\/blog\/\",\"name\":\"Lajme nga Ulqini\",\"description\":\"Lajme,Vijesti,Ulqini,Ulqin,Crna Gora,Mali i Zi\",\"potentialAction\":[{\"@type\":\"SearchAction\",\"target\":{\"@type\":\"EntryPoint\",\"urlTemplate\":\"https:\/\/www.visit-ulcinj.com\/blog\/?s={search_term_string}\"},\"query-input\":\"required name=search_term_string\"}],\"inLanguage\":\"en-US\"},{\"@type\":\"ImageObject\",\"inLanguage\":\"en-US\",\"@id\":\"https:\/\/www.visit-ulcinj.com\/blog\/2012\/08\/30\/diellza-pas-ulqinitrikthehet-ne-filmin-dashuria-e-bjeshkeve-te-nemuna-2\/#primaryimage\",\"url\":\"http:\/\/www.visit-ulcinj.com\/blog\/wp-content\/uploads\/2012\/08\/Djellza-Kolgeci-ne-Ulqin.jpg\",\"contentUrl\":\"http:\/\/www.visit-ulcinj.com\/blog\/wp-content\/uploads\/2012\/08\/Djellza-Kolgeci-ne-Ulqin.jpg\"},{\"@type\":\"WebPage\",\"@id\":\"https:\/\/www.visit-ulcinj.com\/blog\/2012\/08\/30\/diellza-pas-ulqinitrikthehet-ne-filmin-dashuria-e-bjeshkeve-te-nemuna-2\/#webpage\",\"url\":\"https:\/\/www.visit-ulcinj.com\/blog\/2012\/08\/30\/diellza-pas-ulqinitrikthehet-ne-filmin-dashuria-e-bjeshkeve-te-nemuna-2\/\",\"name\":\"Diellza pas Ulqinit,rikthehet n\u00eb filmin \u201cDashuria e Bjeshk\u00ebve t\u00eb Nemuna 2\u201d - Lajme nga Ulqini\",\"isPartOf\":{\"@id\":\"https:\/\/www.visit-ulcinj.com\/blog\/#website\"},\"primaryImageOfPage\":{\"@id\":\"https:\/\/www.visit-ulcinj.com\/blog\/2012\/08\/30\/diellza-pas-ulqinitrikthehet-ne-filmin-dashuria-e-bjeshkeve-te-nemuna-2\/#primaryimage\"},\"datePublished\":\"2012-08-30T10:43:08+00:00\",\"dateModified\":\"2012-08-30T10:43:08+00:00\",\"author\":{\"@id\":\"https:\/\/www.visit-ulcinj.com\/blog\/#\/schema\/person\/dcab619c614d3038751c63bc2aadc06d\"},\"description\":\"Edhe pse ndodhet n\u00eb bregdet, Diellza Kolgeci ndjek\u00eb \u00e7do aktivitet q\u00eb ka t\u00eb b\u00ebj\u00eb me t\u00eb. Ndon\u00ebse tani n\u00eb k\u00ebto dit\u00eb ajo ndjehet mjaft\u00eb e lumtur p\u00ebr faktin se\",\"breadcrumb\":{\"@id\":\"https:\/\/www.visit-ulcinj.com\/blog\/2012\/08\/30\/diellza-pas-ulqinitrikthehet-ne-filmin-dashuria-e-bjeshkeve-te-nemuna-2\/#breadcrumb\"},\"inLanguage\":\"en-US\",\"potentialAction\":[{\"@type\":\"ReadAction\",\"target\":[\"https:\/\/www.visit-ulcinj.com\/blog\/2012\/08\/30\/diellza-pas-ulqinitrikthehet-ne-filmin-dashuria-e-bjeshkeve-te-nemuna-2\/\"]}]},{\"@type\":\"BreadcrumbList\",\"@id\":\"https:\/\/www.visit-ulcinj.com\/blog\/2012\/08\/30\/diellza-pas-ulqinitrikthehet-ne-filmin-dashuria-e-bjeshkeve-te-nemuna-2\/#breadcrumb\",\"itemListElement\":[{\"@type\":\"ListItem\",\"position\":1,\"name\":\"Diellza pas Ulqinit,rikthehet n\u00eb filmin \u201cDashuria e Bjeshk\u00ebve t\u00eb Nemuna 2\u201d\"}]},{\"@type\":\"Person\",\"@id\":\"https:\/\/www.visit-ulcinj.com\/blog\/#\/schema\/person\/dcab619c614d3038751c63bc2aadc06d\",\"name\":\"ulqini\",\"sameAs\":[\"http:\/\/www.visit-ulcinj.com\"],\"url\":\"https:\/\/www.visit-ulcinj.com\/blog\/author\/admin\/\"}]}<\/script>\n<!-- \/ Yoast SEO plugin. -->","yoast_head_json":{"title":"Diellza pas Ulqinit,rikthehet n\u00eb filmin \u201cDashuria e Bjeshk\u00ebve t\u00eb Nemuna 2\u201d - Lajme nga Ulqini","description":"Edhe pse ndodhet n\u00eb bregdet, Diellza Kolgeci ndjek\u00eb \u00e7do aktivitet q\u00eb ka t\u00eb b\u00ebj\u00eb me t\u00eb. Ndon\u00ebse tani n\u00eb k\u00ebto dit\u00eb ajo ndjehet mjaft\u00eb e lumtur p\u00ebr faktin se","robots":{"index":"index","follow":"follow","max-snippet":"max-snippet:-1","max-image-preview":"max-image-preview:large","max-video-preview":"max-video-preview:-1"},"canonical":"https:\/\/www.visit-ulcinj.com\/blog\/2012\/08\/30\/diellza-pas-ulqinitrikthehet-ne-filmin-dashuria-e-bjeshkeve-te-nemuna-2\/","og_locale":"en_US","og_type":"article","og_title":"Diellza pas Ulqinit,rikthehet n\u00eb filmin \u201cDashuria e Bjeshk\u00ebve t\u00eb Nemuna 2\u201d - Lajme nga Ulqini","og_description":"Edhe pse ndodhet n\u00eb bregdet, Diellza Kolgeci ndjek\u00eb \u00e7do aktivitet q\u00eb ka t\u00eb b\u00ebj\u00eb me t\u00eb. Ndon\u00ebse tani n\u00eb k\u00ebto dit\u00eb ajo ndjehet mjaft\u00eb e lumtur p\u00ebr faktin se","og_url":"https:\/\/www.visit-ulcinj.com\/blog\/2012\/08\/30\/diellza-pas-ulqinitrikthehet-ne-filmin-dashuria-e-bjeshkeve-te-nemuna-2\/","og_site_name":"Lajme nga Ulqini","article_published_time":"2012-08-30T10:43:08+00:00","og_image":[{"url":"http:\/\/www.visit-ulcinj.com\/blog\/wp-content\/uploads\/2012\/08\/Djellza-Kolgeci-ne-Ulqin.jpg"}],"twitter_misc":{"Written by":"ulqini","Est. reading time":"1 minute"},"schema":{"@context":"https:\/\/schema.org","@graph":[{"@type":"WebSite","@id":"https:\/\/www.visit-ulcinj.com\/blog\/#website","url":"https:\/\/www.visit-ulcinj.com\/blog\/","name":"Lajme nga Ulqini","description":"Lajme,Vijesti,Ulqini,Ulqin,Crna Gora,Mali i Zi","potentialAction":[{"@type":"SearchAction","target":{"@type":"EntryPoint","urlTemplate":"https:\/\/www.visit-ulcinj.com\/blog\/?s={search_term_string}"},"query-input":"required name=search_term_string"}],"inLanguage":"en-US"},{"@type":"ImageObject","inLanguage":"en-US","@id":"https:\/\/www.visit-ulcinj.com\/blog\/2012\/08\/30\/diellza-pas-ulqinitrikthehet-ne-filmin-dashuria-e-bjeshkeve-te-nemuna-2\/#primaryimage","url":"http:\/\/www.visit-ulcinj.com\/blog\/wp-content\/uploads\/2012\/08\/Djellza-Kolgeci-ne-Ulqin.jpg","contentUrl":"http:\/\/www.visit-ulcinj.com\/blog\/wp-content\/uploads\/2012\/08\/Djellza-Kolgeci-ne-Ulqin.jpg"},{"@type":"WebPage","@id":"https:\/\/www.visit-ulcinj.com\/blog\/2012\/08\/30\/diellza-pas-ulqinitrikthehet-ne-filmin-dashuria-e-bjeshkeve-te-nemuna-2\/#webpage","url":"https:\/\/www.visit-ulcinj.com\/blog\/2012\/08\/30\/diellza-pas-ulqinitrikthehet-ne-filmin-dashuria-e-bjeshkeve-te-nemuna-2\/","name":"Diellza pas Ulqinit,rikthehet n\u00eb filmin \u201cDashuria e Bjeshk\u00ebve t\u00eb Nemuna 2\u201d - Lajme nga Ulqini","isPartOf":{"@id":"https:\/\/www.visit-ulcinj.com\/blog\/#website"},"primaryImageOfPage":{"@id":"https:\/\/www.visit-ulcinj.com\/blog\/2012\/08\/30\/diellza-pas-ulqinitrikthehet-ne-filmin-dashuria-e-bjeshkeve-te-nemuna-2\/#primaryimage"},"datePublished":"2012-08-30T10:43:08+00:00","dateModified":"2012-08-30T10:43:08+00:00","author":{"@id":"https:\/\/www.visit-ulcinj.com\/blog\/#\/schema\/person\/dcab619c614d3038751c63bc2aadc06d"},"description":"Edhe pse ndodhet n\u00eb bregdet, Diellza Kolgeci ndjek\u00eb \u00e7do aktivitet q\u00eb ka t\u00eb b\u00ebj\u00eb me t\u00eb. Ndon\u00ebse tani n\u00eb k\u00ebto dit\u00eb ajo ndjehet mjaft\u00eb e lumtur p\u00ebr faktin se","breadcrumb":{"@id":"https:\/\/www.visit-ulcinj.com\/blog\/2012\/08\/30\/diellza-pas-ulqinitrikthehet-ne-filmin-dashuria-e-bjeshkeve-te-nemuna-2\/#breadcrumb"},"inLanguage":"en-US","potentialAction":[{"@type":"ReadAction","target":["https:\/\/www.visit-ulcinj.com\/blog\/2012\/08\/30\/diellza-pas-ulqinitrikthehet-ne-filmin-dashuria-e-bjeshkeve-te-nemuna-2\/"]}]},{"@type":"BreadcrumbList","@id":"https:\/\/www.visit-ulcinj.com\/blog\/2012\/08\/30\/diellza-pas-ulqinitrikthehet-ne-filmin-dashuria-e-bjeshkeve-te-nemuna-2\/#breadcrumb","itemListElement":[{"@type":"ListItem","position":1,"name":"Diellza pas Ulqinit,rikthehet n\u00eb filmin \u201cDashuria e Bjeshk\u00ebve t\u00eb Nemuna 2\u201d"}]},{"@type":"Person","@id":"https:\/\/www.visit-ulcinj.com\/blog\/#\/schema\/person\/dcab619c614d3038751c63bc2aadc06d","name":"ulqini","sameAs":["http:\/\/www.visit-ulcinj.com"],"url":"https:\/\/www.visit-ulcinj.com\/blog\/author\/admin\/"}]}},"jetpack_featured_media_url":"","jetpack_sharing_enabled":true,"jetpack_shortlink":"https:\/\/wp.me\/pe6lTn-gqd","_links":{"self":[{"href":"https:\/\/www.visit-ulcinj.com\/blog\/wp-json\/wp\/v2\/posts\/63129"}],"collection":[{"href":"https:\/\/www.visit-ulcinj.com\/blog\/wp-json\/wp\/v2\/posts"}],"about":[{"href":"https:\/\/www.visit-ulcinj.com\/blog\/wp-json\/wp\/v2\/types\/post"}],"author":[{"embeddable":true,"href":"https:\/\/www.visit-ulcinj.com\/blog\/wp-json\/wp\/v2\/users\/1"}],"replies":[{"embeddable":true,"href":"https:\/\/www.visit-ulcinj.com\/blog\/wp-json\/wp\/v2\/comments?post=63129"}],"version-history":[{"count":1,"href":"https:\/\/www.visit-ulcinj.com\/blog\/wp-json\/wp\/v2\/posts\/63129\/revisions"}],"predecessor-version":[{"id":63131,"href":"https:\/\/www.visit-ulcinj.com\/blog\/wp-json\/wp\/v2\/posts\/63129\/revisions\/63131"}],"wp:attachment":[{"href":"https:\/\/www.visit-ulcinj.com\/blog\/wp-json\/wp\/v2\/media?parent=63129"}],"wp:term":[{"taxonomy":"category","embeddable":true,"href":"https:\/\/www.visit-ulcinj.com\/blog\/wp-json\/wp\/v2\/categories?post=63129"},{"taxonomy":"post_tag","embeddable":true,"href":"https:\/\/www.visit-ulcinj.com\/blog\/wp-json\/wp\/v2\/tags?post=63129"}],"curies":[{"name":"wp","href":"https:\/\/api.w.org\/{rel}","templated":true}]}}