{"id":63132,"date":"2012-08-30T13:59:48","date_gmt":"2012-08-30T12:59:48","guid":{"rendered":"http:\/\/www.visit-ulcinj.com\/blog\/?p=63132"},"modified":"2012-08-31T22:46:03","modified_gmt":"2012-08-31T21:46:03","slug":"gjon-lulgjuraj-atdhetar-qe-shkrihet-per-komb-e-atdhe-video","status":"publish","type":"post","link":"https:\/\/www.visit-ulcinj.com\/blog\/2012\/08\/30\/gjon-lulgjuraj-atdhetar-qe-shkrihet-per-komb-e-atdhe-video\/","title":{"rendered":"Gjon Lulgjuraj-atdhetar q\u00eb shkrihet p\u00ebr komb e atdhe &#8211; Video"},"content":{"rendered":"<p><strong><span style=\"color: #000066;\"><a href=\"http:\/\/www.visit-ulcinj.com\/blog\/wp-content\/uploads\/2012\/08\/Gjon-Lulgjuraj.png\"><img loading=\"lazy\" class=\"alignleft  wp-image-63133\" title=\"Gjon Lulgjuraj\" src=\"http:\/\/www.visit-ulcinj.com\/blog\/wp-content\/uploads\/2012\/08\/Gjon-Lulgjuraj.png\" alt=\"\" width=\"470\" height=\"260\" srcset=\"https:\/\/www.visit-ulcinj.com\/blog\/wp-content\/uploads\/2012\/08\/Gjon-Lulgjuraj.png 470w, https:\/\/www.visit-ulcinj.com\/blog\/wp-content\/uploads\/2012\/08\/Gjon-Lulgjuraj-300x165.png 300w\" sizes=\"(max-width: 470px) 100vw, 470px\" \/><\/a>Nga\u00a0Gjek\u00eb Gjonaj<\/span><\/strong><\/p>\n<p>Kurdo dhe kudo \u00a0takoj apo korrespondoj p\u00ebrmes telefonit apo post\u00ebs elektronike \u00a0me\u00a0 m\u00ebrgimtar\u00eb shqiptar\u00eb n\u00eb diaspor\u00eb\u00a0n\u00eb mendjen dhe shpirtin tim ndjej\u00eb\u00a0 nj\u00eb krenari\u00a0 t\u00eb q\u00ebndrueshme t\u00eb cil\u00ebn e bazoj n\u00eb kontributin\u00a0 dhe sakrific\u00ebn e tyre t\u00eb vazhdueshme\u00a0 p\u00ebr\u00a0 t\u2019i ndihmuar vendlindjes s\u00eb tyre t\u00eb dashur, t\u00eb af\u00ebrmve,\u00a0 bashk\u00ebvendasve e bashk\u00ebkombasve\u00a0 n\u00eb nevoj\u00eb dhe kombit shqiptar n\u00eb p\u00ebrgjith\u00ebsi.\u00a0 Sepse, shum\u00eb nga ata, larg vatrave t\u00eb tyre st\u00ebrgjyshore,\u00a0 jan\u00eb b\u00ebr\u00eb emblema e shqiptarizmit, duke u v\u00ebn\u00eb n\u00eb ball\u00eb t\u00eb p\u00ebrpjekjeve dhe t\u00eb luft\u00ebs p\u00ebr lirin\u00eb e kombit shqiptar. Andaj vepra e paharrueshme e k\u00ebtyre burrave\u00a0 atdhetar\u00eb t\u00eb m\u00ebrgat\u00ebs\u00a0 son\u00eb\u00a0 p\u00ebr internacio0nalizimin, institucionalizimin, unifikimin\u00a0 e problemeve\u00a0 tona t\u00eb pa zgjidhura duhet t\u00eb nderohet.<\/p>\n<p><a href=\"http:\/\/www.visit-ulcinj.com\/blog\/wp-content\/uploads\/2012\/08\/GjonLulgjuraj.1.jpg\"><img loading=\"lazy\" class=\"alignleft size-full wp-image-63134\" title=\"GjonLulgjuraj.1\" src=\"http:\/\/www.visit-ulcinj.com\/blog\/wp-content\/uploads\/2012\/08\/GjonLulgjuraj.1.jpg\" alt=\"\" width=\"139\" height=\"208\" \/><\/a>Dhe pik\u00ebrisht ky shkrim, i cili protagonist ka\u00a0 veprimtarin e shquar t\u00eb m\u00ebrgat\u00ebs shqiptare n\u00eb Amerik\u00eb\u00a0 Gjon Lulgjuraj,\u00a0 synon\u00a0 t\u00eb shpalos\u00eb\u00a0 shkurt\u00a0 veprimtarin\u00eb e v\u00ebrtet\u00eb\u00a0 dhe angazhimin e suksessh\u00ebm t\u00eb k\u00ebtij biri t\u00eb devotsh\u00ebm t\u00eb Mal\u00ebsis\u00eb s\u00eb Mbishkodr\u00ebs (nj\u00eb nga krahinat m\u00eb heroike shqiptare\u00a0 t\u00eb q\u00ebndres\u00ebs kund\u00ebr pushtuesve)\u00a0 n\u00eb sh\u00ebrbim t\u00eb\u00a0 \u00e7\u00ebshtjes shqiptare. K\u00ebtij\u00a0 njeriu t\u00eb\u00a0 heshtur,\u00a0 t\u00eb\u00a0 thjesht\u00eb e modest\u00a0\u00a0 p\u00ebr nga natyra,\u00a0 mikut tim t\u00eb shtrenjt\u00eb,\u00a0 nuk i p\u00eblqen lavd\u00ebrimi p\u00ebr at\u00eb \u00e7far\u00eb ka b\u00ebr\u00eb dhe po b\u00ebn p\u00ebr\u00a0 kauz\u00ebn shqiptare, p\u00ebr lirit\u00eb dhe t\u00eb drejtat e tyre , p\u00ebr bashkimin komb\u00ebtar,p\u00ebr angazhimin e tij p\u00ebr ta mbajtur gjall\u00eb\u00a0 gjuh\u00ebn e bukur shqipe n\u00eb m\u00ebrgim,\u00a0 p\u00ebr kultivimin e k\u00ebng\u00ebs shqipe q\u00eb\u00a0 prek zemr\u00ebn dhe gjall\u00ebron shpirtin e \u00e7do shqiptari ,\u00a0 me t\u00eb cilat p\u00ebrcillet brez pas brezi\u00a0 n\u00ebp\u00ebr shekuj e gjith\u00eb historia jon\u00eb komb\u00ebtare, por edhe leht\u00ebsohet dhimbja e plag\u00ebve t\u00eb mallit p\u00ebr atdheun.\u00a0 Prandaj, duke i respektuar k\u00ebto virtyte njer\u00ebzore t\u00eb k\u00ebtij\u00a0 bashk\u00ebkombasi\u00a0 me shpirt t\u00eb madh\u00a0\u00a0 t\u00eb nj\u00eb atdhetari q\u00eb shkrihet\u00a0 p\u00ebr komb e atdhe, do t\u00eb kursehem nga fjal\u00ebt e m\u00ebdha.<\/p>\n<p><strong>Shkollimi dhe formimi profesional<\/strong><\/p>\n<p>Shk\u00ebputja\u00a0 e k\u00ebtij\u00a0 mal\u00ebsori nga vendlinja e tij, fshati Llofk\u00eb\u00a0 buz\u00eb\u00a0 Suk\u00ebs s\u00eb\u00a0 Grud\u00ebs, mbi lumin Cem q\u00eb gurgullon\u00a0 prej bjeshk\u00ebve t\u00eb Kelmendit, ndodhi\u00a0 para dyezet e dy vitesh,\u00a0 sakt\u00ebsisht n\u00eb vitin 1970 t\u00eb shekullit t\u00eb kaluar.\u00a0 Ky largim pakthim i\u00a0 Gjonit nga toka e t\u00eb par\u00ebve, kur ai ishte djalosh 18 vje\u00e7ar, ishte i p\u00ebrmallsh\u00ebm dhe natyrsh\u00ebm ka l\u00ebn\u00eb gjurm\u00eb t\u00eb pashlyeshme\u00a0 n\u00eb shpirtin njer\u00ebzor t\u00eb\u00a0 k\u00ebtij intelektuali fisnik dhe aktivisti n\u00eb z\u00eb n\u00eb komunitetin shqiptar n\u00eb\u00a0 Shtete t\u00eb Bashkuara t\u00eb Amerik\u00ebs. Gjoni si f\u00ebmij\u00eb u p\u00ebrkund n\u00eb djepin e\u00a0 historis\u00eb s\u00eb\u00a0 Mal\u00ebsis\u00eb, u rrit dhe u edukua\u00a0 n\u00eb frym\u00ebn e tradit\u00ebs s\u00eb mal\u00ebsor\u00ebve, m\u00ebsimeve t\u00eb t\u00eb par\u00ebve t\u00eb tij\u00a0 duke d\u00ebgjuar pleqt\u00eb e\u00a0 fshatit ku l\u00ebnd\u00eb kryesore\u00a0 t\u00eb m\u00ebsimit kishin: virtytet e mira njer\u00ebzore,\u00a0 ndershm\u00ebria,\u00a0 morali,\u00a0 besimi, besa, burr\u00ebria, fisnik\u00ebria, dashuria p\u00ebr kombin dhe vendlindjen, d\u00ebshira p\u00ebr t\u2019i\u00a0 sh\u00ebrbyer p\u00ebrparimit t\u00eb p\u00ebrgjithsh\u00ebm t\u00eb trevave shqiptare t\u00eb kudo ndodhura.\u00a0 Ai\u00a0 pati fatin q\u00eb n\u00eb\u00a0 vendlindje\u00a0 t\u00eb\u00a0 mbaroj\u00eb shkoll\u00ebn fillore, ku nga\u00a0 m\u00ebsuesit e tij mori m\u00ebsimet e para p\u00ebr gjuh\u00ebn dhe kultur\u00ebn e shqiptar\u00ebve.\u00a0 Nd\u00ebrkaq shkollimin e mes\u00ebm e kreu\u00a0 n\u00eb Gjimnazin Klasik Dominikan n\u00eb ishullin Brac t\u00eb Kroacis\u00eb. Kur mb\u00ebrriti n\u00eb Amerik\u00eb ( Detroit) p\u00ebrfundoi me sukses\u00a0 studimet e larta n\u00eb Mi\u00e7igan, n\u00eb deg\u00ebn e historis\u00eb s\u00eb artit &#8211; periudha e Renesanc\u00ebs , kurse\u00a0 m\u00eb pas u magjistrua n\u00eb deg\u00ebn e historis\u00eb s\u00eb arkeologjis\u00eb. Pas p\u00ebrfundimit t\u00eb studimeve hapi nj\u00eb biznes n\u00eb Mi\u00e7igan, duke e mabjtur p\u00ebr 13 vjet. N\u00eb vitin 1989 shp\u00ebrngulet n\u00eb shtetin e diellit, n\u00eb Florida, ku tani jeton. \u00cbsht\u00eb i martuar me bashk\u00ebshorten Shpresa\u00a0\u00a0 me prejardhje nga P\u00ebrmeti, e lindur dhe e rritur\u00a0 ne Tirane, me t\u00eb cil\u00ebn\u00a0 ka\u00a0 nj\u00eb djal, Leonardin dhe\u00a0 dy vajza, Jennifer\u00a0 e Jessica. Drejton operacionet e nj\u00a0 korporate t\u00eb madhe financiare n\u00eb Florida. Hobi ka\u00a0 golfin.<\/p>\n<p>Ai i kujton me trishtim\u00a0 dit\u00ebt e para n\u00eb Amerik\u00eb kur n\u00ebp\u00ebr dasma shqiptare k\u00ebndoheshin k\u00ebng\u00eb serbe.<\/p>\n<p>Kur arrita n\u00eb Shtete e Bashkuara t\u00eb Amerik\u00ebs, tregon Gjoni,\u00a0 e v\u00ebrejta menj\u00ebher\u00eb se\u00a0 Beogradi dhe Titogradi i at\u00ebhersh\u00ebm, t\u00eb k\u00ebnaqur q\u00eb shqiptar\u00ebt po largohen, donin me \u00e7do kusht t\u00eb mbanin komunitetin shqiptar n\u00ebn kontroll. \u201c Ata i kishin edhe njer\u00ebzit e tyre si Vladimir Sarceviq, Simo Biraq, Nik Najdoviq etj. q\u00eb ishin t\u00eb drejtuar nga Qeveria Jugosllave ta infiltronin komunitetin shqiptar. Fatkeq\u00ebsisht, n\u00eb mesin e tyre ishin edhe shqiptar. M\u00ebnyra e veprimit te tyre ishte n\u00ebp\u00ebrmes aktiviteteve t\u00eb ndryshme, koncerte, nat\u00eb muzikore etj. Fillimisht, n\u00ebp\u00ebr koncertet jugosllave shkonin shum\u00eb shqiptar\u00eb.\u00a0 Kishte raste q\u00eb edhe n\u00ebp\u00ebr dasma t\u00eb ndihej ndonj\u00eb k\u00ebng\u00eb serbe. Kjo nuk ndodhte, sepse shqiptar\u00ebt ishin pro-serb, por nga fakti se shqiptar\u00ebt, sidomos n\u00ebn Mal t\u00eb Zi, kishin p\u00ebrjetuar nj\u00eb gjenocid kulturor t\u00eb vazhduesh\u00ebm. Me fjal\u00eb tjera, me at\u00eb muzik\u00eb u rrit\u00ebn, sepse Radio-Titogradi rezervonte vet\u00ebm\u00a0 nj\u00eb or\u00eb n\u00eb jav\u00eb program shqip, dhe ajo or\u00eb ishte n\u00ebn drejtimin\u00a0 e plot\u00eb t\u00eb malazez\u00ebve\u201d sqaron ai.<\/p>\n<p><strong>Themelues dhe drejtues\u00a0 i\u00a0 programit radiofonik \u201cZ\u00ebri i Komunitetit Shqiptar n\u00eb Detroit\u201d<\/strong><\/p>\n<p><a href=\"http:\/\/www.visit-ulcinj.com\/blog\/wp-content\/uploads\/2012\/08\/GjonLulgjuraj.2.jpg\"><img loading=\"lazy\" class=\"alignleft size-full wp-image-63136\" title=\"GjonLulgjuraj.2\" src=\"http:\/\/www.visit-ulcinj.com\/blog\/wp-content\/uploads\/2012\/08\/GjonLulgjuraj.2.jpg\" alt=\"\" width=\"392\" height=\"257\" srcset=\"https:\/\/www.visit-ulcinj.com\/blog\/wp-content\/uploads\/2012\/08\/GjonLulgjuraj.2.jpg 392w, https:\/\/www.visit-ulcinj.com\/blog\/wp-content\/uploads\/2012\/08\/GjonLulgjuraj.2-300x196.jpg 300w\" sizes=\"(max-width: 392px) 100vw, 392px\" \/><\/a>Nd\u00ebr aktivitet e hershme kulturore t\u00eb Gjonit si student n\u00eb m\u00ebrgim\u00a0 duhet ve\u00e7uar hapjen e programit radiofonik \u201c Z\u00ebri i Komuinitetit Shqiptar n\u00eb Detroit\u201d, n\u00eb mars t\u00eb vitit 1971, me q\u00ebllim t\u00eb kund\u00ebrv\u00ebnies s\u00eb influenc\u00ebs represive t\u00eb Jugosllavis\u00eb s\u00eb at\u00ebhershme t\u00eb Titos ndaj shqiptar\u00ebve. \u201c Ky\u00a0 ishte programi i par\u00eb afatgjat\u00eb n\u00eb gjuh\u00ebn shqipe n\u00eb Mi\u00e7igan, i cili u transmetua\u00a0 nj\u00eb \u00e7erek shekulli, deri n\u00eb mars t\u00eb vitit 1996. Nga viti 1989 programin e p\u00ebrgatit\u00ebn dhe transmetuan bashk\u00ebpun\u00ebtoret dhe miqt\u00eb e mi t\u00eb\u00a0 dashur, z. Julian Cefa dhe z. Kujtim Qafa, me t\u00eb cil\u00ebt kam bashk\u00ebpunuar vite me rrall\u00eb.\u201d, P\u00ebr nj\u00eb koh\u00eb, s\u00eb bashku me z. Kujtim Qaf\u00ebn dhe me ndihm\u00ebn e Komunitetit Shqiptar, hap\u00ebm dhe programin televiziv q\u00eb transmetohej nj\u00eb her\u00eb n\u00eb jav\u00eb. Klika Jugosllave, me Simo Biraq dhe serb\u00eb te tjer\u00eb, hap\u00ebn programin televiziv, nj\u00eb pjes\u00eb e\u00a0 t\u00eb cilit\u00a0 ishte i drejtuar ndaj shqiptar\u00ebve. P\u00ebr t\u2019 iu kund\u00ebrvu k\u00ebsaj\u00a0 influence antishqiptare\u00a0 t\u00eb Jugosllavis\u00eb s\u00eb at\u00ebhershme hap\u00ebm programin televiziv shqiptar,\u00a0 dhe organizuam aktivitete t\u00eb tjera\u201d, shprehet Gjoni.<\/p>\n<p><strong>Adhurues, kultivues\u00a0 dhe promovues i kultur\u00ebs shqiptare<\/strong><\/p>\n<p>Gjoni ka qen\u00eb shum\u00eb aktiv dhe i pasionuar pas muzik\u00ebs shqipe, ve\u00e7mas asaj popullore, e cila e mban gjall\u00eb dhe t\u00eb pavdeksh\u00ebm shpirtin e kombit ton\u00eb. Ai gjat\u00eb q\u00ebndrimit t\u00eb tij n\u00eb\u00a0 Detroit\u00a0 ka bashk\u00ebpunuar me grupin muzikor \u201cShqiponja\u201d, q\u00eb\u00a0 ishte formuar nga Marie Dushaj, Vasel Pepaj, Mark Dedivanaj dhe i ndjeri Gjergj Sinishtaj. M\u00eb pas, grupi i dha detyr\u00ebn e drejtorit muzikor.<\/p>\n<p>\u201cKisha studiuar pianon, dhe me p\u00eblqente muzika, mbi te gjitha me p\u00eblqente muzika shqipe, dhe k\u00ebshtu iu bashk\u00ebngjita grupit muzikor \u201cShqiponja\u201d. Q\u00ebllimi kryesor i grupit ishte q\u00eb n\u00ebp\u00ebr dasma dhe festa shqiptare t\u00eb d\u00ebgjohet k\u00ebnga shqipe e cila t\u00eb ushqen shpirtin\u201d, thot\u00eb Gjoni. Me k\u00ebto aktivitete muzikore\u00a0 Gjoni me an\u00ebtar\u00ebt e grupit t\u00eb p\u00ebrmendur muzikor , duke k\u00ebnduar\u00a0 k\u00ebng\u00eb patriotike n\u00ebp\u00ebr dasma,\u00a0\u00a0 gazmende t\u00eb tjera familjare e koncerte arrit\u00ebn t\u00eb ngjallin emocione t\u00eb thella\u00a0 tek m\u00ebrgimtar\u00ebt shqiptar\u00eb p\u00ebr vendin e tyre.<\/p>\n<p>Nga viti 1972 deri ne vitin 1977 ka qen\u00eb n\u00ebnkryetar i organizat\u00ebs fam\u00ebmadhe \u201cEthnic Councel of Michigan\u201d, organizat\u00eb qe p\u00ebrfaq\u00ebsonte te gjitha grupet etnike ne Mi\u00e7igan.<\/p>\n<p>P\u00ebr k\u00ebt\u00eb organizat\u00eb, Gjoni e kujton vitin 1976, kur u nderuan me detyr\u00ebn p\u00ebr t\u00eb hapur dhe drejtuar kremtimin e par\u00eb n\u00eb Mi\u00e7igan p\u00ebr \u201cBicentennial\u201d, 200-vjetorin e Shteteve te Bashkuara, n\u00eb prezenc\u00ebn e Guvernatorit t\u00eb Mi\u00e7iganit dhe shum\u00eb personalitete t\u00eb larta shtet\u00ebrore. Ky ishte nj\u00eb nderim\u00a0 i madh\u00a0 q\u00eb iu b\u00eb Gjonit p\u00ebr faktin se\u00a0 kjo nat\u00eb historike n\u00eb Michigan, ku\u00a0 jetonin mbi 2 milion njer\u00ebz t\u00eb komuniteteve t\u00eb ndryshme, udh\u00ebhiqej nga nj\u00eb shqiptar ( mal\u00ebsor).<\/p>\n<p>Gjoni me ndihm\u00ebn e Viktor Chachos dhe shume familjeve shqiptare, ne vitin 1976 formoi \u201cGrupin Vall\u00ebzues\u201d, i cili\u00a0 mori pjes\u00eb n\u00eb programin e kremtimit t\u00eb 200-vjetorit t\u00eb Shteteve te Bashkuara.\u00a0 Ai ishte mjaft aktgiv edhe n\u00eb fush\u00ebn e sportit. Sipas fjal\u00ebve t\u00eb tij\u00a0\u00a0 pro &#8211; jugosllav\u00ebt infiltruan skuadr\u00ebn e futbollit \u201cBesa\u201d,\u00a0 kurse ai me shok\u00eb\u00a0\u00a0\u00a0 si kund\u00ebrvajtje\u00a0\u00a0 formuan\u00a0 skuadra e re t\u00eb futbollit \u201c Iliria\u201d. Gjat\u00eb viteve 1978 dhe 1979 ka qen\u00eb\u00a0 President i\u00a0 Lidhjes s\u00eb Futbollit n\u00eb Detroit, n\u00eb kuad\u00ebr t\u00eb s\u00eb cil\u00ebs\u00a0 ishin\u00a0 edhe dy skuadra shqiptare, \u201cBesa\u201d dhe \u201cIliria\u201d, detyr\u00eb e cila i jepte mund\u00ebsi t\u00eb kontrolloj\u00eb m\u00eb af\u00ebr aktivitetet e elementit pro-Jugosllav\u201d.<\/p>\n<p><strong>Mbrojt\u00ebs i flakt\u00eb i t\u00eb drejtave\u00a0 t\u00eb shqiptar\u00ebve n\u00eb rajon<\/strong><\/p>\n<p>Nga biografia e pasur e k\u00ebtij protagonisti t\u00eb k\u00ebtij shkrimi sh\u00ebnojm\u00eb edhe angazhimin e tij atdhetar p\u00ebr zgjidhjen e \u00e7\u00ebshtjes shqiptare.\u00a0\u00a0 Gjoni n\u00eb vitin 1979, i ftuar nga Sht\u00ebpia e Bardh\u00eb\u00a0 ka marr\u00eb pjes\u00eb ne punime me \u201cDelegacionin\u00a0 Amerikan p\u00ebr Konferenc\u00ebn e Madridit\u201d p\u00ebr t\u00eb drejtat e njeriut, sipas marr\u00ebveshjes t\u00eb Helsinkit. Konferenca e Madridit u mbajt ne fund te vitit 1979. Delegacioni drejtohej nga z. Griffin Bell, ish-ambasadorja amerikan n\u00eb OKB, zonja Jane Kirkpatrick, ish-ambasadori n\u00eb Jugosllavi z. Zimmerman etj. Gjate k\u00ebtyre punimeve ai k\u00ebrkoi nga Delegacioni Amerikan, q\u00eb n\u00eb agjend\u00ebn e tyre t\u00eb diskutohej p\u00ebr\u00a0 shkeljet flagrante t\u00eb te drejtave t\u00eb njeriut ndaj popullit shqiptar ne Jugosllavin\u00eb e at\u00ebhershme, si dhe gjendjen tep\u00ebr te v\u00ebshtir\u00eb te popullit n\u00eb Shqip\u00ebri nen diktatur\u00ebn Enveriane.<\/p>\n<p>Ka ndihmuar organizimin\u00a0 dhe ka marr\u00eb\u00a0\u00a0 pjes\u00eb n\u00eb shume aktivitete t\u00eb komunitetit, duke p\u00ebrfshir\u00eb edhe mitingje dhe demonstrate ne p\u00ebrkrahje te popullit shqiptar. Nd\u00ebr demonstratat kryesore q\u00eb u p\u00ebrgatit\u00ebn n\u00eb Mi\u00e7igan, ishte \u201cGreva e Uris\u00eb\u201d pran\u00eb Qendr\u00ebs Federale ne Detroit. N\u00eb k\u00ebt\u00eb grev\u00eb 17 shqiptar\u00eb q\u00ebndruan\u00a0 pes\u00eb dite pa ngr\u00ebn\u00eb, derisa u realizuan k\u00ebrkesat e tyre p\u00ebr t\u2019u takuar me senator\u00ebt e Mi\u00e7iganit. Si pasoj\u00eb, senator\u00ebt premtuan se do ta p\u00ebrkrahin rezolut\u00ebn e parashtruar pran\u00eb Kongresit Amerikan p\u00ebr Kosov\u00ebn. Demonstrata te tjera me rend\u00ebsi ishin ato qe shkaktuan mbylljen e festivalit Jugosllav ne Detroit, etj\u201d.<\/p>\n<p><a href=\"http:\/\/www.visit-ulcinj.com\/blog\/wp-content\/uploads\/2012\/08\/GjonLulgjuraj.3.jpg\"><img loading=\"lazy\" class=\"alignleft size-full wp-image-63135\" title=\"GjonLulgjuraj.3\" src=\"http:\/\/www.visit-ulcinj.com\/blog\/wp-content\/uploads\/2012\/08\/GjonLulgjuraj.3.jpg\" alt=\"\" width=\"307\" height=\"239\" srcset=\"https:\/\/www.visit-ulcinj.com\/blog\/wp-content\/uploads\/2012\/08\/GjonLulgjuraj.3.jpg 307w, https:\/\/www.visit-ulcinj.com\/blog\/wp-content\/uploads\/2012\/08\/GjonLulgjuraj.3-300x233.jpg 300w\" sizes=\"(max-width: 307px) 100vw, 307px\" \/><\/a>Gjon Lulgjuraj disa her\u00eb\u00a0 ka dh\u00ebn\u00eb d\u00ebshmi, pran\u00eb Kongresit Amerikan, p\u00ebr gjendjen e Shqiptar\u00ebve ne Kosov\u00eb, Maqedoni, Mal t\u00eb\u00a0 Zi dhe Shqip\u00ebri. N\u00eb\u00a0 vitin 1982, gjat\u00eb nj\u00eb demonstrate t\u00eb madhe t\u00eb\u00a0 shqiptar\u00ebve n\u00eb Uashington, ai mbajti nj\u00eb fjalim n\u00eb gjuh\u00ebn angleze, n\u00eb shkallet e Kongresit Amerikan,\u00a0 ku denoncoj aktet gjenocide Serbo-Malazeze-Maqedonase dhe Greke ndaj popullit Shqiptar.Nj\u00eb nga rastet e ve\u00e7anta, ishte paraqitja pran\u00eb Kongresit se bashku me ish-n\u00ebnkryetarin e LDK\u2019se te Kosov\u00ebs, z. Anton Kola, si dhe gjat\u00eb\u00a0 rastit t\u00eb z. Pjeter Ivezaj, i burgosur politik , p\u00ebr t\u00eb cilin Qeveria Amerikane ushtroj presion ndaj Jugosllavis\u00eb, q\u00eb ta liroj\u00eb .<\/p>\n<p>Pas revolucionit te Kosov\u00ebs t\u00eb vitit 1981, Gjoni\u00a0 ka ndryshuar strategjin\u00eb\u00a0 e veprimeve t\u00eb tij. Bashk\u00eb me\u00a0 Komunitetin Shqiptar\u00a0 organizoi demonstrata kund\u00ebr festivalit Jugosllav n\u00eb Detroit, i cili , si\u00e7 shprehet ai ishte b\u00ebr\u00eb strehimi i agjentur\u00ebs jugosllave dhe qendra e propagand\u00ebs se tyre. P\u00ebr disa vite ka qen\u00eb kryetar i organizat\u00ebs m\u00eb prestigjoze t\u00eb dispor\u00ebs\u00a0 AANO (Albanian American National Organization) Organizata Komb\u00ebtare Shqiptaro Amerikane, e themeluar n\u00eb vitin 1946 me q\u00ebllim p\u00ebr t\u00eb ruajtur identitetin ton\u00eb komb\u00ebtar n\u00eb m\u00ebrgim pastaj p\u00ebr disa vite ka drejtuar edhe L\u00ebvizjen \u201cAtdheu na Bashkon\u201d, e formuar n\u00eb vitin 2006, e cila nd\u00ebr t\u00eb tjera\u00a0 kishte p\u00ebr q\u00ebllim bashkimin e elementit politik shqiptar n\u00eb Mal t\u00eb Zi, gj\u00eb e cila\u00a0\u00a0 p\u00ebr fatin e keq t\u00eb shqiptar\u00ebve n\u00eb k\u00ebt\u00eb vend ende nuk u realizua p\u00ebr shkak t\u00eb n\u00eb radh\u00eb t\u00eb par\u00eb mospajtimit t\u00eb lider\u00ebve politik\u00eb shqiptar\u00eb. N\u00eb\u00a0 nj\u00eb periudh\u00eb kohore prej 42 vjet\u00ebsh n\u00eb Amerik\u00eb Gjon Lulgjuraj\u00a0 disa her\u00eb ka qen\u00eb i pranish\u00ebm me shkrimet e tij n\u00eb shytpin amerikan n\u00eb mbrojtjen e \u00e7\u00eblshtjes shqiptare.<\/p>\n<p><a href=\"http:\/\/www.visit-ulcinj.com\/blog\/wp-content\/uploads\/2012\/08\/GjonLulgjuraj.4.jpg\"><img loading=\"lazy\" class=\"alignleft size-full wp-image-63137\" title=\"GjonLulgjuraj.4\" src=\"http:\/\/www.visit-ulcinj.com\/blog\/wp-content\/uploads\/2012\/08\/GjonLulgjuraj.4.jpg\" alt=\"\" width=\"325\" height=\"269\" srcset=\"https:\/\/www.visit-ulcinj.com\/blog\/wp-content\/uploads\/2012\/08\/GjonLulgjuraj.4.jpg 325w, https:\/\/www.visit-ulcinj.com\/blog\/wp-content\/uploads\/2012\/08\/GjonLulgjuraj.4-300x248.jpg 300w\" sizes=\"(max-width: 325px) 100vw, 325px\" \/><\/a>N\u00eb\u00a0 vitin 1979, ai publikisht denoncoi shtypin amerikan q\u00eb N\u00ebn\u00eb Terez\u00ebn e quanin \u201cMurgesh\u00eb Jugosllave\u201d, duke dh\u00ebn\u00eb fakte nga intervistat q\u00eb N\u00ebn\u00eb Tereza i b\u00ebri ne Detroit,\u00a0 ku ajo deklaroi se ishte shum\u00eb krenare q\u00eb ishte Shqiptare. Si pasoj\u00eb e k\u00ebsaj proteste, thot\u00eb Lugjuraj,\u00a0 shtypi n\u00eb Mi\u00e7igan e identifikoi N\u00ebn\u00eb Terez\u00ebn me prejardhje shqiptare. Artikujt e Gjonit\u00a0\u00a0 gjast\u00eb luft\u00ebs n\u00eb Kosov\u00eb i kan\u00eb\u00a0 botuar\u00a0 dy gazetat kryesore n\u00eb Florida : St. Petersburg Times dhe Tampa Tribune.\u00a0 Ai shprehet i lumtur dhe me fat q\u00eb\u00a0 p\u00ebrjetoi demokratizimin e Shqip\u00ebris\u00eb dhe Pavar\u00ebsin\u00eb e Kosov\u00ebs. Mbetet me shpres\u00eb s\u00eb s\u00eb shpejti do t\u00eb realizohet edhe \u00ebnd\u00ebrra e tij e tret\u00eb &#8211; bashkimi i t\u00eb gjith\u00eb shqiptar\u00ebve dhe trojeve shqiptare n\u00eb nj\u00eb simbol dhe parime demokratike.<\/p>\n<p>Intelektuali, biznesmeni dhe atdhetari shqiptar\u00a0 Gjon Lulgjuraj me veprimtarin\u00eb e tij t\u00eb deritashme patriotike dhe kulturore\u00a0 n\u00eb m\u00ebrgim\u00a0 shleu nj\u00eb pjes\u00eb t\u00eb detyrimit komb\u00ebtar dhe u b\u00eb shembull model i nj\u00eb njeriu q\u00eb i del zot popullit t\u00eb vet dhe lufton p\u00ebr t\u00eb drejtat e tij n\u00eb qarqet e\u00a0 njohura t\u00eb politk\u00ebb\u00ebrjes bot\u00ebrore.<\/p>\n<!--YouTube Error: bad URL entered-->\n","protected":false},"excerpt":{"rendered":"<p>Nga\u00a0Gjek\u00eb Gjonaj Kurdo dhe kudo \u00a0takoj apo korrespondoj p\u00ebrmes telefonit apo post\u00ebs elektronike \u00a0me\u00a0 m\u00ebrgimtar\u00eb shqiptar\u00eb n\u00eb diaspor\u00eb\u00a0n\u00eb mendjen dhe shpirtin tim ndjej\u00eb\u00a0 nj\u00eb krenari\u00a0 t\u00eb q\u00ebndrueshme t\u00eb cil\u00ebn e bazoj n\u00eb kontributin\u00a0 dhe sakrific\u00ebn e tyre t\u00eb vazhdueshme\u00a0 p\u00ebr\u00a0 t\u2019i ndihmuar vendlindjes s\u00eb tyre t\u00eb dashur, t\u00eb af\u00ebrmve,\u00a0 bashk\u00ebvendasve e bashk\u00ebkombasve\u00a0 n\u00eb nevoj\u00eb dhe [&hellip;]<\/p>\n","protected":false},"author":1,"featured_media":0,"comment_status":"open","ping_status":"closed","sticky":false,"template":"","format":"standard","meta":{"spay_email":"","jetpack_publicize_message":"","jetpack_is_tweetstorm":false,"jetpack_publicize_feature_enabled":true},"categories":[14249],"tags":[2541],"jetpack_publicize_connections":[],"yoast_head":"<!-- This site is optimized with the Yoast SEO plugin v19.1 - https:\/\/yoast.com\/wordpress\/plugins\/seo\/ -->\n<title>Gjon Lulgjuraj-atdhetar q\u00eb shkrihet p\u00ebr komb e atdhe - Video - Lajme nga Ulqini<\/title>\n<meta name=\"description\" content=\"Nga\u00a0Gjek\u00eb Gjonaj Kurdo dhe kudo \u00a0takoj apo korrespondoj p\u00ebrmes telefonit apo post\u00ebs elektronike \u00a0me\u00a0 m\u00ebrgimtar\u00eb shqiptar\u00eb n\u00eb diaspor\u00eb\u00a0n\u00eb mendjen dhe\" \/>\n<meta name=\"robots\" content=\"index, follow, max-snippet:-1, max-image-preview:large, max-video-preview:-1\" \/>\n<link rel=\"canonical\" href=\"https:\/\/www.visit-ulcinj.com\/blog\/2012\/08\/30\/gjon-lulgjuraj-atdhetar-qe-shkrihet-per-komb-e-atdhe-video\/\" \/>\n<meta property=\"og:locale\" content=\"en_US\" \/>\n<meta property=\"og:type\" content=\"article\" \/>\n<meta property=\"og:title\" content=\"Gjon Lulgjuraj-atdhetar q\u00eb shkrihet p\u00ebr komb e atdhe - Video - Lajme nga Ulqini\" \/>\n<meta property=\"og:description\" content=\"Nga\u00a0Gjek\u00eb Gjonaj Kurdo dhe kudo \u00a0takoj apo korrespondoj p\u00ebrmes telefonit apo post\u00ebs elektronike \u00a0me\u00a0 m\u00ebrgimtar\u00eb shqiptar\u00eb n\u00eb diaspor\u00eb\u00a0n\u00eb mendjen dhe\" \/>\n<meta property=\"og:url\" content=\"https:\/\/www.visit-ulcinj.com\/blog\/2012\/08\/30\/gjon-lulgjuraj-atdhetar-qe-shkrihet-per-komb-e-atdhe-video\/\" \/>\n<meta property=\"og:site_name\" content=\"Lajme nga Ulqini\" \/>\n<meta property=\"article:published_time\" content=\"2012-08-30T12:59:48+00:00\" \/>\n<meta property=\"article:modified_time\" content=\"2012-08-31T21:46:03+00:00\" \/>\n<meta property=\"og:image\" content=\"http:\/\/www.visit-ulcinj.com\/blog\/wp-content\/uploads\/2012\/08\/Gjon-Lulgjuraj.png\" \/>\n<meta name=\"twitter:label1\" content=\"Written by\" \/>\n\t<meta name=\"twitter:data1\" content=\"ulqini\" \/>\n\t<meta name=\"twitter:label2\" content=\"Est. reading time\" \/>\n\t<meta name=\"twitter:data2\" content=\"12 minutes\" \/>\n<script type=\"application\/ld+json\" class=\"yoast-schema-graph\">{\"@context\":\"https:\/\/schema.org\",\"@graph\":[{\"@type\":\"WebSite\",\"@id\":\"https:\/\/www.visit-ulcinj.com\/blog\/#website\",\"url\":\"https:\/\/www.visit-ulcinj.com\/blog\/\",\"name\":\"Lajme nga Ulqini\",\"description\":\"Lajme,Vijesti,Ulqini,Ulqin,Crna Gora,Mali i Zi\",\"potentialAction\":[{\"@type\":\"SearchAction\",\"target\":{\"@type\":\"EntryPoint\",\"urlTemplate\":\"https:\/\/www.visit-ulcinj.com\/blog\/?s={search_term_string}\"},\"query-input\":\"required name=search_term_string\"}],\"inLanguage\":\"en-US\"},{\"@type\":\"ImageObject\",\"inLanguage\":\"en-US\",\"@id\":\"https:\/\/www.visit-ulcinj.com\/blog\/2012\/08\/30\/gjon-lulgjuraj-atdhetar-qe-shkrihet-per-komb-e-atdhe-video\/#primaryimage\",\"url\":\"https:\/\/www.visit-ulcinj.com\/blog\/wp-content\/uploads\/2012\/08\/Gjon-Lulgjuraj.png\",\"contentUrl\":\"https:\/\/www.visit-ulcinj.com\/blog\/wp-content\/uploads\/2012\/08\/Gjon-Lulgjuraj.png\",\"width\":\"470\",\"height\":\"260\"},{\"@type\":\"WebPage\",\"@id\":\"https:\/\/www.visit-ulcinj.com\/blog\/2012\/08\/30\/gjon-lulgjuraj-atdhetar-qe-shkrihet-per-komb-e-atdhe-video\/#webpage\",\"url\":\"https:\/\/www.visit-ulcinj.com\/blog\/2012\/08\/30\/gjon-lulgjuraj-atdhetar-qe-shkrihet-per-komb-e-atdhe-video\/\",\"name\":\"Gjon Lulgjuraj-atdhetar q\u00eb shkrihet p\u00ebr komb e atdhe - Video - Lajme nga Ulqini\",\"isPartOf\":{\"@id\":\"https:\/\/www.visit-ulcinj.com\/blog\/#website\"},\"primaryImageOfPage\":{\"@id\":\"https:\/\/www.visit-ulcinj.com\/blog\/2012\/08\/30\/gjon-lulgjuraj-atdhetar-qe-shkrihet-per-komb-e-atdhe-video\/#primaryimage\"},\"datePublished\":\"2012-08-30T12:59:48+00:00\",\"dateModified\":\"2012-08-31T21:46:03+00:00\",\"author\":{\"@id\":\"https:\/\/www.visit-ulcinj.com\/blog\/#\/schema\/person\/dcab619c614d3038751c63bc2aadc06d\"},\"description\":\"Nga\u00a0Gjek\u00eb Gjonaj Kurdo dhe kudo \u00a0takoj apo korrespondoj p\u00ebrmes telefonit apo post\u00ebs elektronike \u00a0me\u00a0 m\u00ebrgimtar\u00eb shqiptar\u00eb n\u00eb diaspor\u00eb\u00a0n\u00eb mendjen dhe\",\"breadcrumb\":{\"@id\":\"https:\/\/www.visit-ulcinj.com\/blog\/2012\/08\/30\/gjon-lulgjuraj-atdhetar-qe-shkrihet-per-komb-e-atdhe-video\/#breadcrumb\"},\"inLanguage\":\"en-US\",\"potentialAction\":[{\"@type\":\"ReadAction\",\"target\":[\"https:\/\/www.visit-ulcinj.com\/blog\/2012\/08\/30\/gjon-lulgjuraj-atdhetar-qe-shkrihet-per-komb-e-atdhe-video\/\"]}]},{\"@type\":\"BreadcrumbList\",\"@id\":\"https:\/\/www.visit-ulcinj.com\/blog\/2012\/08\/30\/gjon-lulgjuraj-atdhetar-qe-shkrihet-per-komb-e-atdhe-video\/#breadcrumb\",\"itemListElement\":[{\"@type\":\"ListItem\",\"position\":1,\"name\":\"Gjon Lulgjuraj-atdhetar q\u00eb shkrihet p\u00ebr komb e atdhe &#8211; Video\"}]},{\"@type\":\"Person\",\"@id\":\"https:\/\/www.visit-ulcinj.com\/blog\/#\/schema\/person\/dcab619c614d3038751c63bc2aadc06d\",\"name\":\"ulqini\",\"sameAs\":[\"http:\/\/www.visit-ulcinj.com\"],\"url\":\"https:\/\/www.visit-ulcinj.com\/blog\/author\/admin\/\"}]}<\/script>\n<!-- \/ Yoast SEO plugin. -->","yoast_head_json":{"title":"Gjon Lulgjuraj-atdhetar q\u00eb shkrihet p\u00ebr komb e atdhe - Video - Lajme nga Ulqini","description":"Nga\u00a0Gjek\u00eb Gjonaj Kurdo dhe kudo \u00a0takoj apo korrespondoj p\u00ebrmes telefonit apo post\u00ebs elektronike \u00a0me\u00a0 m\u00ebrgimtar\u00eb shqiptar\u00eb n\u00eb diaspor\u00eb\u00a0n\u00eb mendjen dhe","robots":{"index":"index","follow":"follow","max-snippet":"max-snippet:-1","max-image-preview":"max-image-preview:large","max-video-preview":"max-video-preview:-1"},"canonical":"https:\/\/www.visit-ulcinj.com\/blog\/2012\/08\/30\/gjon-lulgjuraj-atdhetar-qe-shkrihet-per-komb-e-atdhe-video\/","og_locale":"en_US","og_type":"article","og_title":"Gjon Lulgjuraj-atdhetar q\u00eb shkrihet p\u00ebr komb e atdhe - Video - Lajme nga Ulqini","og_description":"Nga\u00a0Gjek\u00eb Gjonaj Kurdo dhe kudo \u00a0takoj apo korrespondoj p\u00ebrmes telefonit apo post\u00ebs elektronike \u00a0me\u00a0 m\u00ebrgimtar\u00eb shqiptar\u00eb n\u00eb diaspor\u00eb\u00a0n\u00eb mendjen dhe","og_url":"https:\/\/www.visit-ulcinj.com\/blog\/2012\/08\/30\/gjon-lulgjuraj-atdhetar-qe-shkrihet-per-komb-e-atdhe-video\/","og_site_name":"Lajme nga Ulqini","article_published_time":"2012-08-30T12:59:48+00:00","article_modified_time":"2012-08-31T21:46:03+00:00","og_image":[{"url":"http:\/\/www.visit-ulcinj.com\/blog\/wp-content\/uploads\/2012\/08\/Gjon-Lulgjuraj.png"}],"twitter_misc":{"Written by":"ulqini","Est. reading time":"12 minutes"},"schema":{"@context":"https:\/\/schema.org","@graph":[{"@type":"WebSite","@id":"https:\/\/www.visit-ulcinj.com\/blog\/#website","url":"https:\/\/www.visit-ulcinj.com\/blog\/","name":"Lajme nga Ulqini","description":"Lajme,Vijesti,Ulqini,Ulqin,Crna Gora,Mali i Zi","potentialAction":[{"@type":"SearchAction","target":{"@type":"EntryPoint","urlTemplate":"https:\/\/www.visit-ulcinj.com\/blog\/?s={search_term_string}"},"query-input":"required name=search_term_string"}],"inLanguage":"en-US"},{"@type":"ImageObject","inLanguage":"en-US","@id":"https:\/\/www.visit-ulcinj.com\/blog\/2012\/08\/30\/gjon-lulgjuraj-atdhetar-qe-shkrihet-per-komb-e-atdhe-video\/#primaryimage","url":"https:\/\/www.visit-ulcinj.com\/blog\/wp-content\/uploads\/2012\/08\/Gjon-Lulgjuraj.png","contentUrl":"https:\/\/www.visit-ulcinj.com\/blog\/wp-content\/uploads\/2012\/08\/Gjon-Lulgjuraj.png","width":"470","height":"260"},{"@type":"WebPage","@id":"https:\/\/www.visit-ulcinj.com\/blog\/2012\/08\/30\/gjon-lulgjuraj-atdhetar-qe-shkrihet-per-komb-e-atdhe-video\/#webpage","url":"https:\/\/www.visit-ulcinj.com\/blog\/2012\/08\/30\/gjon-lulgjuraj-atdhetar-qe-shkrihet-per-komb-e-atdhe-video\/","name":"Gjon Lulgjuraj-atdhetar q\u00eb shkrihet p\u00ebr komb e atdhe - Video - Lajme nga Ulqini","isPartOf":{"@id":"https:\/\/www.visit-ulcinj.com\/blog\/#website"},"primaryImageOfPage":{"@id":"https:\/\/www.visit-ulcinj.com\/blog\/2012\/08\/30\/gjon-lulgjuraj-atdhetar-qe-shkrihet-per-komb-e-atdhe-video\/#primaryimage"},"datePublished":"2012-08-30T12:59:48+00:00","dateModified":"2012-08-31T21:46:03+00:00","author":{"@id":"https:\/\/www.visit-ulcinj.com\/blog\/#\/schema\/person\/dcab619c614d3038751c63bc2aadc06d"},"description":"Nga\u00a0Gjek\u00eb Gjonaj Kurdo dhe kudo \u00a0takoj apo korrespondoj p\u00ebrmes telefonit apo post\u00ebs elektronike \u00a0me\u00a0 m\u00ebrgimtar\u00eb shqiptar\u00eb n\u00eb diaspor\u00eb\u00a0n\u00eb mendjen dhe","breadcrumb":{"@id":"https:\/\/www.visit-ulcinj.com\/blog\/2012\/08\/30\/gjon-lulgjuraj-atdhetar-qe-shkrihet-per-komb-e-atdhe-video\/#breadcrumb"},"inLanguage":"en-US","potentialAction":[{"@type":"ReadAction","target":["https:\/\/www.visit-ulcinj.com\/blog\/2012\/08\/30\/gjon-lulgjuraj-atdhetar-qe-shkrihet-per-komb-e-atdhe-video\/"]}]},{"@type":"BreadcrumbList","@id":"https:\/\/www.visit-ulcinj.com\/blog\/2012\/08\/30\/gjon-lulgjuraj-atdhetar-qe-shkrihet-per-komb-e-atdhe-video\/#breadcrumb","itemListElement":[{"@type":"ListItem","position":1,"name":"Gjon Lulgjuraj-atdhetar q\u00eb shkrihet p\u00ebr komb e atdhe &#8211; Video"}]},{"@type":"Person","@id":"https:\/\/www.visit-ulcinj.com\/blog\/#\/schema\/person\/dcab619c614d3038751c63bc2aadc06d","name":"ulqini","sameAs":["http:\/\/www.visit-ulcinj.com"],"url":"https:\/\/www.visit-ulcinj.com\/blog\/author\/admin\/"}]}},"jetpack_featured_media_url":"","jetpack_sharing_enabled":true,"jetpack_shortlink":"https:\/\/wp.me\/pe6lTn-gqg","_links":{"self":[{"href":"https:\/\/www.visit-ulcinj.com\/blog\/wp-json\/wp\/v2\/posts\/63132"}],"collection":[{"href":"https:\/\/www.visit-ulcinj.com\/blog\/wp-json\/wp\/v2\/posts"}],"about":[{"href":"https:\/\/www.visit-ulcinj.com\/blog\/wp-json\/wp\/v2\/types\/post"}],"author":[{"embeddable":true,"href":"https:\/\/www.visit-ulcinj.com\/blog\/wp-json\/wp\/v2\/users\/1"}],"replies":[{"embeddable":true,"href":"https:\/\/www.visit-ulcinj.com\/blog\/wp-json\/wp\/v2\/comments?post=63132"}],"version-history":[{"count":3,"href":"https:\/\/www.visit-ulcinj.com\/blog\/wp-json\/wp\/v2\/posts\/63132\/revisions"}],"predecessor-version":[{"id":63276,"href":"https:\/\/www.visit-ulcinj.com\/blog\/wp-json\/wp\/v2\/posts\/63132\/revisions\/63276"}],"wp:attachment":[{"href":"https:\/\/www.visit-ulcinj.com\/blog\/wp-json\/wp\/v2\/media?parent=63132"}],"wp:term":[{"taxonomy":"category","embeddable":true,"href":"https:\/\/www.visit-ulcinj.com\/blog\/wp-json\/wp\/v2\/categories?post=63132"},{"taxonomy":"post_tag","embeddable":true,"href":"https:\/\/www.visit-ulcinj.com\/blog\/wp-json\/wp\/v2\/tags?post=63132"}],"curies":[{"name":"wp","href":"https:\/\/api.w.org\/{rel}","templated":true}]}}