{"id":63210,"date":"2012-08-30T21:37:23","date_gmt":"2012-08-30T20:37:23","guid":{"rendered":"http:\/\/www.visit-ulcinj.com\/blog\/?p=63210"},"modified":"2012-08-30T21:37:23","modified_gmt":"2012-08-30T20:37:23","slug":"festivali-skena-veroreulqin-2012","status":"publish","type":"post","link":"https:\/\/www.visit-ulcinj.com\/blog\/2012\/08\/30\/festivali-skena-veroreulqin-2012\/","title":{"rendered":"Festivali \u201cSkena  verore\u201d,Ulqin, 2012"},"content":{"rendered":"<p><a href=\"http:\/\/www.visit-ulcinj.com\/blog\/wp-content\/uploads\/2012\/08\/skena-verore-ulqin-2012.jpg\"><img loading=\"lazy\" class=\"alignleft  wp-image-63211\" title=\"skena verore ulqin 2012\" src=\"http:\/\/www.visit-ulcinj.com\/blog\/wp-content\/uploads\/2012\/08\/skena-verore-ulqin-2012.jpg\" alt=\"\" width=\"508\" height=\"360\" \/><\/a>Para disa dit\u00ebsh, \u00a0n\u00eb Kalan\u00eb e Ulqinit, \u00a0n\u00eb sheshin\u00a0 e Servantesit u mbyll festivali \u201cSkena verore \u201c 2012. Mbi nj\u00eb muaj n\u00eb k\u00ebt\u00eb shesh,\u00a0 n\u00eb\u00a0 \u00a0sken\u00eb,\u00a0 nd\u00ebrmjet mureve\u00a0 Ilire, \u00a0u prezantuan\u00a0\u00a0 kultura\u00a0 t\u00eb ndryshme nga ajo e p\u00ebrditshmja, \u00a0e cila\u00a0 ndodh \u00a0\u00e7do dit\u00eb n\u00eb Ran\u00ebn ton\u00eb, gjat\u00eb sezonit turistik. Adhuruesit e artit, t\u00eb \u00a0poezis\u00eb, t\u00eb \u00a0muzikes, t\u00eb dram\u00ebs dhe t\u00eb\u00a0 \u00a0teatrit kan\u00eb pasur mund\u00ebsi q\u00eb\u00a0 \u00e7do nat\u00eb\u00a0 radhazi t\u00eb vizitojn\u00eb k\u00ebt\u00eb vend\u00a0 kaq t\u00eb fam\u00ebsh\u00ebm n\u00eb Kalan\u00eb ton\u00eb.<\/p>\n<p>Dikur n\u00eb k\u00ebt\u00eb shesh, \u00a0n\u00eb \u201cPazarin e gjytetit\u201d nga \u00a0t\u00eb par\u00ebt\u00a0 tan\u00eb mbet\u00ebn \u00a0gjurm\u00eb t\u00eb pa shyera.\u00a0 P\u00ebr \u00a0at\u00eb koh\u00eb\u00a0 edhe\u00a0 \u00a0gur\u00ebt\u00a0 d\u00ebshmojn\u00eb \u00a0p\u00ebr nj\u00eb histori t\u00eb fam\u00ebshme \u00a0t\u00eb k\u00ebtij qyteti 2500 vje\u00e7ar. Sot n\u00eb k\u00ebt\u00eb shesh \u00a0p\u00ebrs\u00ebri\u00a0 \u00a0takohen grupe nga vendi dhe nga bota p\u00ebr t\u00eb prezentuar \u00a0kultur\u00ebn e vet. Edhe ne, trashimktar\u00ebt e t\u00eb par\u00ebve tan\u00eb kemi marr\u00eb pjes\u00eb me tradit\u00ebn dhe kultur\u00ebn ton\u00eb, duke i treguar bot\u00ebs se edhe ne b\u00ebjm\u00eb pjes\u00eb n\u00eb bot\u00ebn civilizuese. Edhe p\u00ebr t\u00eb, m\u00eb\u00a0 nj\u00eb krenari t\u00eb posa\u00e7me\u00a0 un\u00eb \u00a0i cili pa nd\u00ebrprerje flas p\u00ebr kultur\u00ebn ton\u00eb shqiptare, them se Ulqini gjendet n\u00eb nj\u00eb paralel\u00eb me Rom\u00ebn dhe me Barcelon\u00ebn, pra n\u00eb zem\u00ebr t\u00eb Evrop\u00ebs.<\/p>\n<p>Them se k\u00ebtu\u00a0 deri n\u00eb vitet e 90 t\u00eb sh. t\u00eb kaluar jan\u00eb\u00a0 g\u00ebrshetuar kultura t\u00eb ndryshme. \u00a0Ulqini \u00a0ka qen\u00eb nj\u00eb pik\u00eb takimi n\u00eb mes\u00a0 t\u00eb Evrop\u00ebs, e turist\u00ebve nga t\u00ebr\u00eb \u00a0Evropa. K\u00ebt\u00eb e\u00a0 them\u00a0 duke pasur parasysh popullat\u00ebn ton\u00eb mikprit\u00ebse, \u00a0dhe qytetin ton\u00eb me pamje t\u00ebrheq\u00ebse orientale.\u00a0 Prandaj edhe p\u00ebr te ai ka qen\u00eb \u00a0\u201cOrijenti\u201dn\u00eb mes \u00a0t\u00eb \u00a0Evrop\u00ebs, k\u00ebshtu q\u00eb \u00a0\u00a0edhe festivali \u201dSkena verore\u201d i cili vite me radh\u00eb organizohet n\u00eb k\u00ebt\u00eb sken\u00eb ka nj\u00eb domethan\u00ebe \u00a0dhe nj\u00eb vler\u00eb t\u00eb posa\u00e7me.<\/p>\n<p>\u201cSkena verore\u201de sivjetme \u00a0si \u00a0edhe m\u00eb par\u00eb, \u00a0ka filluar dhe \u00a0\u00ebsht\u00eb organizuar \u00a0\u00a0si zakonisht n\u00eb fillim t\u00eb gushti.\u00a0 Mbi 25 dit\u00eb ka zgjoi \u00a0interesim\u00a0 tek \u00a0adhuruesit dhe publiku i cili p\u00ebr \u00e7do nat\u00eb\u00a0 p\u00ebrcolli m\u00eb v\u00ebmendje\u00a0 ekspozitat, dramat, shfaqet teatrale, poezit\u00eb \u00a0dhe muzik\u00ebn \u00a0klasike. Ndoshta , edhe \u00a0p\u00ebr shkak t\u00eb\u00a0 mund\u00ebsive\u00a0 financiare t\u00eb organizatorit \u201cQendra\u00a0 p\u00ebr kultur\u00eb \u201c e Ulqinit, \u00a0\u00a0nuk b\u00ebri p\u00ebrzgjedhje n\u00eb nj\u00eb nivel t\u00eb lakmuesh\u00ebm t\u00eb cilin e meriton qyteti yn\u00eb i lasht\u00eb. Megjithat\u00eb, si do q\u00eb t\u00eb jet, m\u00eb duket se\u00a0 ka qen\u00eb m\u00eb i mir\u00eb se ato e viteve t\u00eb kaluara.<br \/>\n<a href=\"http:\/\/www.visit-ulcinj.com\/blog\/wp-content\/uploads\/2012\/08\/Kalimera-Poetike-Art-Club-Ulqin.jpg\"><img loading=\"lazy\" class=\"alignleft  wp-image-63212\" title=\"Kalimera Poetike - Art Club Ulqin\" src=\"http:\/\/www.visit-ulcinj.com\/blog\/wp-content\/uploads\/2012\/08\/Kalimera-Poetike-Art-Club-Ulqin.jpg\" alt=\"\" width=\"508\" height=\"303\" \/><\/a><\/p>\n<p>Ka filluar me \u201cKalimer\u00ebn poetike\u201d me\u00a0 homazh\u00eb\u00a0 p\u00ebr\u00a0 Ali Podrimjen,\u00a0 vazhdoi \u00a0me ekspozit\u00ebn \u00a0e mysafir\u00ebve nga Rusia t\u00eb cil\u00ebt jetojn\u00eb dhe veprojn\u00eb n\u00eb Mal t\u00eb Zi, pastaj me drama dhe shfaqe teatrale t\u00eb ndryshme nga t\u00ebr\u00eb \u00a0Ballkani n\u00eb gjuh\u00ebn shqipe dhe at\u00eb malaziase. M\u00eb n\u00eb fund duhet t\u00eb p\u00ebrmendet\u00a0 e aktori i madh\u00a0 malazias \u00a0Slobodan Marunoviq me nj\u00eb kolazh\u00a0 poezie\u00a0 malaziase &#8211; \u00a0shqiptare, pastaj teatri dhe shkolla e muzik\u00ebs nga Prizreni i cilir \u00e7do vit e q\u00ebndis\u00eb Kalan\u00eb ton\u00eb. \u201c Skena verore\u201d mbyllet m\u00eb nj\u00eb koncert e tenorit t\u00eb madh\u00a0 shqiptar m\u00eb fam\u00eb bot\u00ebrore Kastriot Tush\u00ebs, \u00a0i cili si mysafire na \u00a0solli\u00a0 nj\u00eb vajz\u00eb ulqinake, \u00a0Gjylije Pelinkun. Publiku dhe kamerat e shumta e kan\u00eb sh\u00ebnuar k\u00ebt\u00eb ngarje t\u00eb jasht\u00ebzakonshme . Nj\u00eb sukses\u00a0 i madh\u00eb p\u00ebr k\u00ebt\u00eb vajz\u00eb\u00a0 me nj\u00eb z\u00eb i cili nuk mund \u00a0t\u00eb p\u00ebrshkruhet,\u00a0 por edhe nj\u00eb arg\u00ebtim p\u00ebr t\u00eb gjith\u00eb ato t\u00eb cil\u00ebt kan\u00eb pasur sukses t\u00eb gjejn\u00eb\u00a0 vend n\u00eb \u201cPazarin e gjytetit\u201d ton\u00eb. \u201cSkena verore\u201d \u00ebsht\u00eb p\u00ebrcjell\u00eb\u00a0 p\u00ebr \u00e7do nat\u00eb nga shum\u00eb vizitor, por edhe nga kamerat e\u00a0 tv lokale \u201cTeuta\u201d dhe m\u00eb nj\u00eb v\u00ebshtrim t\u00eb posa\u00e7\u00ebm nga televizioni\u00a0 \u201cRokum\u201d nga Kosova. Natyrisht, edhe nga ne t\u00eb cil\u00ebt kemi qen\u00eb p\u00ebr \u00e7do nat\u00eb prezent. P\u00ebr dallim nga vitet e kaluara, sivjet \u00a0nuk ka pasur\u201d hapje dhe mbyllje\u201d dhe kokteje \u00a0\u201cpompeze\u201d nga ata t\u00eb cil\u00ebt vite me radh\u00eb kan\u00eb pasur \u201cmonopol\u201d p\u00ebr organizimin e k\u00ebtij \u00a0manifestimi \u00a0tradicional n\u00eb Kalan\u00eb ton\u00eb. Nd\u00ebrimi i pushtetit lokal si\u00e7 duket ka ndikuar edhe n\u00eb kultur\u00eb, k\u00ebshtu q\u00eb k\u00ebta zot\u00ebrinjt\u00eb t\u00eb cil\u00ebt vite me radh\u00eb kan\u00eb qen\u00eb prezent n\u00eb seciiln hap te ne, k\u00ebsaj radhe kan\u00eb anashkaluar edhe kultur\u00ebn. Nj\u00eb fakt i pakuptuesh\u00ebm , pasi ekspozitat, koncertet, poezia , drama dhe muzika nuk njohin politik\u00eb. Aq m\u00eb tep\u00ebr\u00a0\u00a0 nj\u00eb politik\u00eb e\u00a0 \u201cpolitikan\u00ebve\u201d kaq t\u00eb vegj\u00ebl lokal\u00eb..\u00cbsht\u00eb p\u00ebr t\u00eb u\u00a0 \u00e7uditur, q\u00eb edhe ata t\u00eb cil\u00ebt jan\u00eb \u00a0marr\u00eb dhe merren me kultur\u00eb, nuk kan\u00eb ardhur m\u00eb s\u00eb pakti\u00a0\u00a0 as ti\u00a0 p\u00ebrsh\u00ebsin aktor\u00ebt, a po \u00a0koleg\u00ebt t\u00eb cil\u00ebt ato vet\u00eb i kan\u00eb animurar dhe i kan\u00eb sjell\u00eb\u00a0 n\u00eb k\u00ebt\u00eb sken\u00eb vite me radh. M\u00eb t\u00eb v\u00ebrtet\u00eb v\u00ebshtir\u00a0 t\u00eb i\u00a0 pranoj\u00eb\u00a0 truri i sh\u00ebndosh\u00eb. Un\u00eb nuk jam gjykat\u00ebs dhe nuk pretendoj\u00a0 t\u00eb jem nj\u00eb kritik i madh , por si kryetar i nj\u00eb Shoqate e\u00a0 cila me\u00a0 ngulm e \u00a0ruan Kalan\u00eb dhe mundohet ta\u00a0\u00a0 radhis\u00eb \u00a0n\u00eb mbrojtje t\u00eb Uneskos si nj\u00eb vler\u00eb universale, flas dhe shkruaj m\u00eb plot p\u00ebrgjegj\u00ebsi. Prandaj mendoj dhe jam i sigurt se fastivali \u201cSkena verore\u201d sivjet ka pasur sukses. Natyrisht,\u00a0 festivali \u201cSkena verore\u201d te ne, nuk mund t\u00eb\u00a0 krahasohet me ngjarje kulturore n\u00eb Tivar, Budva a po n\u00eb Herzeg Novi, duke pasur parasysh investimet dhe mjetet q\u00eb ndahen\u00a0\u00a0\u00a0 n\u00eb ato qytete. Qyteti yn\u00eb \u00ebsht\u00eb i l\u00ebn\u00eb \u00a0pas dore n\u00eb t\u00ebr\u00eb sferat, \u00a0k\u00ebshtu edhe n\u00eb kultur\u00eb, \u00a0dhe prandaj pak e shum\u00eb duhet t\u00eb jemi t\u00eb k\u00ebnaqur .\u00a0\u00a0 \u00a0\u00cbshr\u00eb p\u00ebr t\u00eb l\u00ebvduar drejtori i \u201cQendr\u00ebs s\u00eb kultur\u00ebs\u201d z. Nail Draga i cili p\u00ebr \u00e7do nat\u00eb pavar\u00ebsisht se jeton n\u00eb Kat\u00ebkoll\u00eb,\u00a0 ishte \u00a0prezent \u00a0me ekipin \u00a0e tij \u00a0nga \u201cQendra e kultur\u00ebs\u201d. K\u00ebt\u00eb e them, \u00a0pasi q\u00eb ata t\u00eb m\u00eb par\u00ebsh\u00ebmit\u00a0 t\u00eb cil\u00ebt mbi 25 vite kan\u00eb pasur \u201cmonopol \u201c n\u00eb\u00a0 organizimin e k\u00ebtij \u00a0festivali, k\u00ebtu kan\u00eb qen\u00eb prezent n\u00eb hapje, n\u00eb \u00a0mbullje dhe n\u00eb kokteje.<\/p>\n<p><a href=\"http:\/\/www.visit-ulcinj.com\/blog\/wp-content\/uploads\/2012\/08\/skena-verore-ulqin-2012.1.jpg\"><img loading=\"lazy\" class=\"alignleft  wp-image-63213\" title=\"skena verore ulqin 2012.1\" src=\"http:\/\/www.visit-ulcinj.com\/blog\/wp-content\/uploads\/2012\/08\/skena-verore-ulqin-2012.1.jpg\" alt=\"\" width=\"508\" height=\"300\" \/><\/a>Sivjet festivali \u201cSkena verore\u201d 2012 ka qen\u00eb modest, posa\u00e7\u00ebrisht \u00a0nga ana financiare dhe k\u00ebto fakte duhet t\u00eb p\u00ebrmenden,\u00a0 aq m\u00eb tep\u00ebr duke pasur parasysh\u00a0 injorimin e Ministrit dhe t\u00eb\u00a0 Ministris\u00eb s\u00eb Kultur\u00ebs, t\u00eb\u00a0 Malit t\u00eb Zi. \u00a0K\u00ebt\u00eb e them dhe pas k\u00ebtij\u00a0 mendimi rri un\u00eb personalisht,\u00a0 pasi q\u00eb m\u00eb duket\u00a0 se kur k\u00ebto zot\u00ebrinj t\u00eb vijn\u00eb n\u00eb Ulqin , sidomos\u00a0 n\u00ebse tresin rrug\u00eb dhe vijn\u00eb\u00a0 deri \u00a0n\u00eb Kala\u00a0 ndonj\u00eb her\u00eb rast\u00ebsisht, at\u00ebher un\u00eb do t\u00eb k\u00ebrkoj ata t\u00eb cil\u00ebt merren me \u201cGinisin\u201d.\u00a0 N\u00eb p\u00ebrgjith\u00ebsi Ulqini , \u00ebsht\u00eb i l\u00ebn\u00eb pas dore nga pushteti i shtetit t\u00eb Malit t\u00eb Zi, k\u00ebshtu q\u00eb edhe kultura dhe ky Ministri \u00a0nuk mund t\u00eb p\u00ebrjashtohen.\u00a0\u00a0 Ky \u00ebsht\u00eb mendimi i shum\u00eb qytetar\u00ebve t\u00eb Ulqinit dhe mendimi im personal.<\/p>\n<p>Ndoshta, \u00a0ndokush nga pushteti\u00a0 dhe politika, \u00a0posa\u00e7\u00ebrisht\u00a0 nga ata t\u00eb cil\u00ebt sundojn\u00eb n\u00eb t\u00eb \u201cMir\u00ebn detare\u201d, a po b\u00ebjn\u00eb\u201dkoalicione\u201d p\u00ebr \u00a0interesa personale edhe \u00a0mendojn\u00eb\u00a0 ndryshe,\u00a0 por ai \u00ebsht\u00eb problemi i tyre. K\u00ebt\u00eb un\u00eb e th\u00ebm haptas dhe publikisht.<\/p>\n<p>Por, \u00a0\u00a0ne t\u00eb cil\u00ebt jetojm\u00eb n\u00eb k\u00ebt\u00eb qytet,\u00a0 duhet t\u00eb jemi optimist\u00eb dhe duhet ti kthehemi\u00a0 nganj\u00ebher\u00eb asaj fjalie t\u00eb njohur \u00a0t\u00eb Galileo G. i cili pas gjykimit\u00a0 e \u00a0\u00a0\u00a0\u00a0\u00a0 ka th\u00ebn\u00eb n\u00eb dalje at\u00eb fjalin e fam\u00ebshme,\u00a0\u00a0 \u201cse sillet\u201d. K\u00ebshtu edhe duhet t\u00eb jemi \u00a0optimist\u00eb \u00a0dhe\u00a0 duhet t\u00eb mendojm\u00eb se kurdoher\u00eb\u00a0 do t\u00eb vijn\u00eb \u00a0ndryshime \u00a0tek ne, n\u00eb p\u00ebrgjith\u00ebsi..<\/p>\n<p>Ulqin, gusht, 2012\u00a0\u00a0\u00a0\u00a0\u00a0\u00a0\u00a0\u00a0\u00a0\u00a0\u00a0\u00a0\u00a0\u00a0\u00a0\u00a0\u00a0\u00a0\u00a0\u00a0\u00a0\u00a0\u00a0\u00a0\u00a0\u00a0\u00a0\u00a0\u00a0\u00a0\u00a0\u00a0\u00a0\u00a0\u00a0\u00a0\u00a0\u00a0\u00a0\u00a0\u00a0\u00a0\u00a0\u00a0\u00a0\u00a0\u00a0\u00a0\u00a0\u00a0\u00a0\u00a0\u00a0\u00a0\u00a0\u00a0\u00a0\u00a0\u00a0\u00a0\u00a0\u00a0\u00a0\u00a0\u00a0\u00a0\u00a0\u00a0\u00a0\u00a0\u00a0\u00a0\u00a0\u00a0\u00a0 \u00a0\u00a0\u00a0\u00a0\u00a0\u00a0\u00a0\u00a0Ismet Karamanaga<\/p>\n","protected":false},"excerpt":{"rendered":"<p>Para disa dit\u00ebsh, \u00a0n\u00eb Kalan\u00eb e Ulqinit, \u00a0n\u00eb sheshin\u00a0 e Servantesit u mbyll festivali \u201cSkena verore \u201c 2012. Mbi nj\u00eb muaj n\u00eb k\u00ebt\u00eb shesh,\u00a0 n\u00eb\u00a0 \u00a0sken\u00eb,\u00a0 nd\u00ebrmjet mureve\u00a0 Ilire, \u00a0u prezantuan\u00a0\u00a0 kultura\u00a0 t\u00eb ndryshme nga ajo e p\u00ebrditshmja, \u00a0e cila\u00a0 ndodh \u00a0\u00e7do dit\u00eb n\u00eb Ran\u00ebn ton\u00eb, gjat\u00eb sezonit turistik. Adhuruesit e artit, t\u00eb \u00a0poezis\u00eb, t\u00eb [&hellip;]<\/p>\n","protected":false},"author":1,"featured_media":0,"comment_status":"open","ping_status":"closed","sticky":false,"template":"","format":"standard","meta":{"spay_email":"","jetpack_publicize_message":"","jetpack_is_tweetstorm":false,"jetpack_publicize_feature_enabled":true},"categories":[6950],"tags":[10449,200],"jetpack_publicize_connections":[],"yoast_head":"<!-- This site is optimized with the Yoast SEO plugin v19.1 - https:\/\/yoast.com\/wordpress\/plugins\/seo\/ -->\n<title>Festivali \u201cSkena verore\u201d,Ulqin, 2012 - Lajme nga Ulqini<\/title>\n<meta name=\"description\" content=\"Para disa dit\u00ebsh, \u00a0n\u00eb Kalan\u00eb e Ulqinit, \u00a0n\u00eb sheshin\u00a0 e Servantesit u mbyll festivali \u201cSkena verore \u201c 2012. Mbi nj\u00eb muaj n\u00eb k\u00ebt\u00eb shesh,\u00a0 n\u00eb\u00a0 \u00a0sken\u00eb,\u00a0\" \/>\n<meta name=\"robots\" content=\"index, follow, max-snippet:-1, max-image-preview:large, max-video-preview:-1\" \/>\n<link rel=\"canonical\" href=\"https:\/\/www.visit-ulcinj.com\/blog\/2012\/08\/30\/festivali-skena-veroreulqin-2012\/\" \/>\n<meta property=\"og:locale\" content=\"en_US\" \/>\n<meta property=\"og:type\" content=\"article\" \/>\n<meta property=\"og:title\" content=\"Festivali \u201cSkena verore\u201d,Ulqin, 2012 - Lajme nga Ulqini\" \/>\n<meta property=\"og:description\" content=\"Para disa dit\u00ebsh, \u00a0n\u00eb Kalan\u00eb e Ulqinit, \u00a0n\u00eb sheshin\u00a0 e Servantesit u mbyll festivali \u201cSkena verore \u201c 2012. Mbi nj\u00eb muaj n\u00eb k\u00ebt\u00eb shesh,\u00a0 n\u00eb\u00a0 \u00a0sken\u00eb,\u00a0\" \/>\n<meta property=\"og:url\" content=\"https:\/\/www.visit-ulcinj.com\/blog\/2012\/08\/30\/festivali-skena-veroreulqin-2012\/\" \/>\n<meta property=\"og:site_name\" content=\"Lajme nga Ulqini\" \/>\n<meta property=\"article:published_time\" content=\"2012-08-30T20:37:23+00:00\" \/>\n<meta property=\"og:image\" content=\"http:\/\/www.visit-ulcinj.com\/blog\/wp-content\/uploads\/2012\/08\/skena-verore-ulqin-2012.jpg\" \/>\n<meta name=\"twitter:label1\" content=\"Written by\" \/>\n\t<meta name=\"twitter:data1\" content=\"ulqini\" \/>\n\t<meta name=\"twitter:label2\" content=\"Est. reading time\" \/>\n\t<meta name=\"twitter:data2\" content=\"6 minutes\" \/>\n<script type=\"application\/ld+json\" class=\"yoast-schema-graph\">{\"@context\":\"https:\/\/schema.org\",\"@graph\":[{\"@type\":\"WebSite\",\"@id\":\"https:\/\/www.visit-ulcinj.com\/blog\/#website\",\"url\":\"https:\/\/www.visit-ulcinj.com\/blog\/\",\"name\":\"Lajme nga Ulqini\",\"description\":\"Lajme,Vijesti,Ulqini,Ulqin,Crna Gora,Mali i Zi\",\"potentialAction\":[{\"@type\":\"SearchAction\",\"target\":{\"@type\":\"EntryPoint\",\"urlTemplate\":\"https:\/\/www.visit-ulcinj.com\/blog\/?s={search_term_string}\"},\"query-input\":\"required name=search_term_string\"}],\"inLanguage\":\"en-US\"},{\"@type\":\"ImageObject\",\"inLanguage\":\"en-US\",\"@id\":\"https:\/\/www.visit-ulcinj.com\/blog\/2012\/08\/30\/festivali-skena-veroreulqin-2012\/#primaryimage\",\"url\":\"http:\/\/www.visit-ulcinj.com\/blog\/wp-content\/uploads\/2012\/08\/skena-verore-ulqin-2012.jpg\",\"contentUrl\":\"http:\/\/www.visit-ulcinj.com\/blog\/wp-content\/uploads\/2012\/08\/skena-verore-ulqin-2012.jpg\"},{\"@type\":\"WebPage\",\"@id\":\"https:\/\/www.visit-ulcinj.com\/blog\/2012\/08\/30\/festivali-skena-veroreulqin-2012\/#webpage\",\"url\":\"https:\/\/www.visit-ulcinj.com\/blog\/2012\/08\/30\/festivali-skena-veroreulqin-2012\/\",\"name\":\"Festivali \u201cSkena verore\u201d,Ulqin, 2012 - Lajme nga Ulqini\",\"isPartOf\":{\"@id\":\"https:\/\/www.visit-ulcinj.com\/blog\/#website\"},\"primaryImageOfPage\":{\"@id\":\"https:\/\/www.visit-ulcinj.com\/blog\/2012\/08\/30\/festivali-skena-veroreulqin-2012\/#primaryimage\"},\"datePublished\":\"2012-08-30T20:37:23+00:00\",\"dateModified\":\"2012-08-30T20:37:23+00:00\",\"author\":{\"@id\":\"https:\/\/www.visit-ulcinj.com\/blog\/#\/schema\/person\/dcab619c614d3038751c63bc2aadc06d\"},\"description\":\"Para disa dit\u00ebsh, \u00a0n\u00eb Kalan\u00eb e Ulqinit, \u00a0n\u00eb sheshin\u00a0 e Servantesit u mbyll festivali \u201cSkena verore \u201c 2012. Mbi nj\u00eb muaj n\u00eb k\u00ebt\u00eb shesh,\u00a0 n\u00eb\u00a0 \u00a0sken\u00eb,\u00a0\",\"breadcrumb\":{\"@id\":\"https:\/\/www.visit-ulcinj.com\/blog\/2012\/08\/30\/festivali-skena-veroreulqin-2012\/#breadcrumb\"},\"inLanguage\":\"en-US\",\"potentialAction\":[{\"@type\":\"ReadAction\",\"target\":[\"https:\/\/www.visit-ulcinj.com\/blog\/2012\/08\/30\/festivali-skena-veroreulqin-2012\/\"]}]},{\"@type\":\"BreadcrumbList\",\"@id\":\"https:\/\/www.visit-ulcinj.com\/blog\/2012\/08\/30\/festivali-skena-veroreulqin-2012\/#breadcrumb\",\"itemListElement\":[{\"@type\":\"ListItem\",\"position\":1,\"name\":\"Festivali \u201cSkena verore\u201d,Ulqin, 2012\"}]},{\"@type\":\"Person\",\"@id\":\"https:\/\/www.visit-ulcinj.com\/blog\/#\/schema\/person\/dcab619c614d3038751c63bc2aadc06d\",\"name\":\"ulqini\",\"sameAs\":[\"http:\/\/www.visit-ulcinj.com\"],\"url\":\"https:\/\/www.visit-ulcinj.com\/blog\/author\/admin\/\"}]}<\/script>\n<!-- \/ Yoast SEO plugin. -->","yoast_head_json":{"title":"Festivali \u201cSkena verore\u201d,Ulqin, 2012 - Lajme nga Ulqini","description":"Para disa dit\u00ebsh, \u00a0n\u00eb Kalan\u00eb e Ulqinit, \u00a0n\u00eb sheshin\u00a0 e Servantesit u mbyll festivali \u201cSkena verore \u201c 2012. Mbi nj\u00eb muaj n\u00eb k\u00ebt\u00eb shesh,\u00a0 n\u00eb\u00a0 \u00a0sken\u00eb,\u00a0","robots":{"index":"index","follow":"follow","max-snippet":"max-snippet:-1","max-image-preview":"max-image-preview:large","max-video-preview":"max-video-preview:-1"},"canonical":"https:\/\/www.visit-ulcinj.com\/blog\/2012\/08\/30\/festivali-skena-veroreulqin-2012\/","og_locale":"en_US","og_type":"article","og_title":"Festivali \u201cSkena verore\u201d,Ulqin, 2012 - Lajme nga Ulqini","og_description":"Para disa dit\u00ebsh, \u00a0n\u00eb Kalan\u00eb e Ulqinit, \u00a0n\u00eb sheshin\u00a0 e Servantesit u mbyll festivali \u201cSkena verore \u201c 2012. Mbi nj\u00eb muaj n\u00eb k\u00ebt\u00eb shesh,\u00a0 n\u00eb\u00a0 \u00a0sken\u00eb,\u00a0","og_url":"https:\/\/www.visit-ulcinj.com\/blog\/2012\/08\/30\/festivali-skena-veroreulqin-2012\/","og_site_name":"Lajme nga Ulqini","article_published_time":"2012-08-30T20:37:23+00:00","og_image":[{"url":"http:\/\/www.visit-ulcinj.com\/blog\/wp-content\/uploads\/2012\/08\/skena-verore-ulqin-2012.jpg"}],"twitter_misc":{"Written by":"ulqini","Est. reading time":"6 minutes"},"schema":{"@context":"https:\/\/schema.org","@graph":[{"@type":"WebSite","@id":"https:\/\/www.visit-ulcinj.com\/blog\/#website","url":"https:\/\/www.visit-ulcinj.com\/blog\/","name":"Lajme nga Ulqini","description":"Lajme,Vijesti,Ulqini,Ulqin,Crna Gora,Mali i Zi","potentialAction":[{"@type":"SearchAction","target":{"@type":"EntryPoint","urlTemplate":"https:\/\/www.visit-ulcinj.com\/blog\/?s={search_term_string}"},"query-input":"required name=search_term_string"}],"inLanguage":"en-US"},{"@type":"ImageObject","inLanguage":"en-US","@id":"https:\/\/www.visit-ulcinj.com\/blog\/2012\/08\/30\/festivali-skena-veroreulqin-2012\/#primaryimage","url":"http:\/\/www.visit-ulcinj.com\/blog\/wp-content\/uploads\/2012\/08\/skena-verore-ulqin-2012.jpg","contentUrl":"http:\/\/www.visit-ulcinj.com\/blog\/wp-content\/uploads\/2012\/08\/skena-verore-ulqin-2012.jpg"},{"@type":"WebPage","@id":"https:\/\/www.visit-ulcinj.com\/blog\/2012\/08\/30\/festivali-skena-veroreulqin-2012\/#webpage","url":"https:\/\/www.visit-ulcinj.com\/blog\/2012\/08\/30\/festivali-skena-veroreulqin-2012\/","name":"Festivali \u201cSkena verore\u201d,Ulqin, 2012 - Lajme nga Ulqini","isPartOf":{"@id":"https:\/\/www.visit-ulcinj.com\/blog\/#website"},"primaryImageOfPage":{"@id":"https:\/\/www.visit-ulcinj.com\/blog\/2012\/08\/30\/festivali-skena-veroreulqin-2012\/#primaryimage"},"datePublished":"2012-08-30T20:37:23+00:00","dateModified":"2012-08-30T20:37:23+00:00","author":{"@id":"https:\/\/www.visit-ulcinj.com\/blog\/#\/schema\/person\/dcab619c614d3038751c63bc2aadc06d"},"description":"Para disa dit\u00ebsh, \u00a0n\u00eb Kalan\u00eb e Ulqinit, \u00a0n\u00eb sheshin\u00a0 e Servantesit u mbyll festivali \u201cSkena verore \u201c 2012. Mbi nj\u00eb muaj n\u00eb k\u00ebt\u00eb shesh,\u00a0 n\u00eb\u00a0 \u00a0sken\u00eb,\u00a0","breadcrumb":{"@id":"https:\/\/www.visit-ulcinj.com\/blog\/2012\/08\/30\/festivali-skena-veroreulqin-2012\/#breadcrumb"},"inLanguage":"en-US","potentialAction":[{"@type":"ReadAction","target":["https:\/\/www.visit-ulcinj.com\/blog\/2012\/08\/30\/festivali-skena-veroreulqin-2012\/"]}]},{"@type":"BreadcrumbList","@id":"https:\/\/www.visit-ulcinj.com\/blog\/2012\/08\/30\/festivali-skena-veroreulqin-2012\/#breadcrumb","itemListElement":[{"@type":"ListItem","position":1,"name":"Festivali \u201cSkena verore\u201d,Ulqin, 2012"}]},{"@type":"Person","@id":"https:\/\/www.visit-ulcinj.com\/blog\/#\/schema\/person\/dcab619c614d3038751c63bc2aadc06d","name":"ulqini","sameAs":["http:\/\/www.visit-ulcinj.com"],"url":"https:\/\/www.visit-ulcinj.com\/blog\/author\/admin\/"}]}},"jetpack_featured_media_url":"","jetpack_sharing_enabled":true,"jetpack_shortlink":"https:\/\/wp.me\/pe6lTn-grw","_links":{"self":[{"href":"https:\/\/www.visit-ulcinj.com\/blog\/wp-json\/wp\/v2\/posts\/63210"}],"collection":[{"href":"https:\/\/www.visit-ulcinj.com\/blog\/wp-json\/wp\/v2\/posts"}],"about":[{"href":"https:\/\/www.visit-ulcinj.com\/blog\/wp-json\/wp\/v2\/types\/post"}],"author":[{"embeddable":true,"href":"https:\/\/www.visit-ulcinj.com\/blog\/wp-json\/wp\/v2\/users\/1"}],"replies":[{"embeddable":true,"href":"https:\/\/www.visit-ulcinj.com\/blog\/wp-json\/wp\/v2\/comments?post=63210"}],"version-history":[{"count":1,"href":"https:\/\/www.visit-ulcinj.com\/blog\/wp-json\/wp\/v2\/posts\/63210\/revisions"}],"predecessor-version":[{"id":63214,"href":"https:\/\/www.visit-ulcinj.com\/blog\/wp-json\/wp\/v2\/posts\/63210\/revisions\/63214"}],"wp:attachment":[{"href":"https:\/\/www.visit-ulcinj.com\/blog\/wp-json\/wp\/v2\/media?parent=63210"}],"wp:term":[{"taxonomy":"category","embeddable":true,"href":"https:\/\/www.visit-ulcinj.com\/blog\/wp-json\/wp\/v2\/categories?post=63210"},{"taxonomy":"post_tag","embeddable":true,"href":"https:\/\/www.visit-ulcinj.com\/blog\/wp-json\/wp\/v2\/tags?post=63210"}],"curies":[{"name":"wp","href":"https:\/\/api.w.org\/{rel}","templated":true}]}}