{"id":63225,"date":"2012-08-31T10:25:06","date_gmt":"2012-08-31T09:25:06","guid":{"rendered":"http:\/\/www.visit-ulcinj.com\/blog\/?p=63225"},"modified":"2012-08-31T10:25:06","modified_gmt":"2012-08-31T09:25:06","slug":"ojq-horizonti-i-ri-sherbim-i-ri-social-ne-ulqin","status":"publish","type":"post","link":"https:\/\/www.visit-ulcinj.com\/blog\/2012\/08\/31\/ojq-horizonti-i-ri-sherbim-i-ri-social-ne-ulqin\/","title":{"rendered":"OJQ Horizonti i ri &#8211; Sh\u00ebrbim i ri social n\u00eb Ulqin"},"content":{"rendered":"<p><a href=\"http:\/\/www.visit-ulcinj.com\/blog\/wp-content\/uploads\/2012\/08\/NOVI-LOKALNI-SOCIJALNI-SERVIS-SH\u00cbRBIMI-i-RI-SOCIAL-N\u00cb-ULQIN.3.jpg\"><img loading=\"lazy\" class=\"alignleft  wp-image-63226\" title=\"NOVI LOKALNI SOCIJALNI SERVIS - SH\u00cbRBIMI i RI SOCIAL N\u00cb ULQIN.3\" src=\"http:\/\/www.visit-ulcinj.com\/blog\/wp-content\/uploads\/2012\/08\/NOVI-LOKALNI-SOCIJALNI-SERVIS-SH\u00cbRBIMI-i-RI-SOCIAL-N\u00cb-ULQIN.3.jpg\" alt=\"\" width=\"508\" height=\"360\" \/><\/a>P\u00ebrmes k\u00ebtij projekti, t\u00eb cilin e realizojn\u00eb OJQ \u201cHORIZONTI i RI\u201d dhe QENDRA P\u00cbR PUN\u00cb SOCIALE \u2013 Sh\u00ebrbimi Ulqin, inciohet nj\u00eb sh\u00ebrbim i ri social n\u00eb nivel lokal \u2013 mb\u00ebshtetje p\u00ebr prind\u00ebrit e vet\u00ebm n\u00eb komun\u00ebn e Ulqinit.<\/p>\n<p>Krijimi i k\u00ebtij sh\u00ebrbimi social ka p\u00ebr q\u00ebllim:<br \/>\n\u2022 p\u00ebrmir\u00ebsimin e aft\u00ebsive edukative t\u00eb prind\u00ebrve t\u00eb vet\u00ebm<br \/>\n\u2022 p\u00ebrmir\u00ebsimin e cil\u00ebsis\u00eb s\u00eb jetes\u00ebs t\u00eb familjeve me nj\u00eb prind<br \/>\n\u2022 mb\u00ebshtetjen e prind\u00ebrve t\u00eb vet\u00ebm n\u00eb zhvillimin a aft\u00ebsive p\u00ebr vetorganizim, tejkalimin e pasojave t\u00eb gjendjes s\u00eb v\u00ebshtir\u00eb n\u00eb t\u00eb cil\u00ebn ndodhen, etj.<\/p>\n<p>E gjith\u00eb kjo do t\u00eb realizohet p\u00ebrmes aktiviteteve socio-edukative, respektivisht duke ofruar sh\u00ebrbime k\u00ebshilluese dhe terapie p\u00ebr prind\u00ebrit e vet\u00ebm n\u00eb komun\u00ebn e Ulqinit.<\/p>\n<p>Sh\u00ebrbimi \u201cMB\u00cbSHTETJE P\u00cbR PRIND\u00cbRIT E VET\u00cbM\u201d \u00ebsht\u00eb pjes\u00eb e projektit \u201cReforma e sistemit t\u00eb mbrojtjes sociale dhe t\u00eb f\u00ebmij\u00ebve \u2013 avancimi i p\u00ebrfshirjes sociale IPA 2010\u201d, t\u00eb cilin e realizon Zyra e UNDP n\u00eb Mal t\u00eb Zi s\u00ebbashku me Ministrin\u00eb e pun\u00ebs dhe p\u00ebrkujdesjes sociale, Ministrin\u00eb e arsimit dhe UNICEF-in.<br \/>\nK\u00ebt\u00eb projekt e financon delegacioni i Bashkimit Evropian n\u00eb Mal t\u00eb Zi.<\/p>\n<p><strong><a id=\"js_5\" href=\"https:\/\/www.facebook.com\/horizonti.ngo\" data-ft=\"{&quot;type&quot;:35,&quot;tn&quot;:&quot;;&quot;}\" data-hovercard=\"\/ajax\/hovercard\/user.php?id=100001634242248\">Horizonti Ngo<\/a><\/strong><\/p>\n\n\t\t<style type=\"text\/css\">\n\t\t\t#gallery-1 {\n\t\t\t\tmargin: auto;\n\t\t\t}\n\t\t\t#gallery-1 .gallery-item {\n\t\t\t\tfloat: left;\n\t\t\t\tmargin-top: 10px;\n\t\t\t\ttext-align: center;\n\t\t\t\twidth: 33%;\n\t\t\t}\n\t\t\t#gallery-1 img {\n\t\t\t\tborder: 2px solid #cfcfcf;\n\t\t\t}\n\t\t\t#gallery-1 .gallery-caption {\n\t\t\t\tmargin-left: 0;\n\t\t\t}\n\t\t\t\/* see gallery_shortcode() in wp-includes\/media.php *\/\n\t\t<\/style>\n\t\t<div id='gallery-1' class='gallery galleryid-63225 gallery-columns-3 gallery-size-thumbnail'><dl class='gallery-item'>\n\t\t\t<dt class='gallery-icon landscape'>\n\t\t\t\t<a href='https:\/\/www.visit-ulcinj.com\/blog\/wp-content\/uploads\/2012\/08\/NOVI-LOKALNI-SOCIJALNI-SERVIS-SH\u00cbRBIMI-i-RI-SOCIAL-N\u00cb-ULQIN.3.jpg'><img width=\"150\" height=\"150\" src=\"https:\/\/www.visit-ulcinj.com\/blog\/wp-content\/uploads\/2012\/08\/NOVI-LOKALNI-SOCIJALNI-SERVIS-SH\u00cbRBIMI-i-RI-SOCIAL-N\u00cb-ULQIN.3-150x150.jpg\" class=\"attachment-thumbnail size-thumbnail\" alt=\"\" loading=\"lazy\" \/><\/a>\n\t\t\t<\/dt><\/dl><dl class='gallery-item'>\n\t\t\t<dt class='gallery-icon landscape'>\n\t\t\t\t<a href='https:\/\/www.visit-ulcinj.com\/blog\/wp-content\/uploads\/2012\/08\/NOVI-LOKALNI-SOCIJALNI-SERVIS-SH\u00cbRBIMI-i-RI-SOCIAL-N\u00cb-ULQIN.4.jpg'><img width=\"150\" height=\"150\" src=\"https:\/\/www.visit-ulcinj.com\/blog\/wp-content\/uploads\/2012\/08\/NOVI-LOKALNI-SOCIJALNI-SERVIS-SH\u00cbRBIMI-i-RI-SOCIAL-N\u00cb-ULQIN.4-150x150.jpg\" class=\"attachment-thumbnail size-thumbnail\" alt=\"\" loading=\"lazy\" \/><\/a>\n\t\t\t<\/dt><\/dl><dl class='gallery-item'>\n\t\t\t<dt class='gallery-icon landscape'>\n\t\t\t\t<a href='https:\/\/www.visit-ulcinj.com\/blog\/wp-content\/uploads\/2012\/08\/NOVI-LOKALNI-SOCIJALNI-SERVIS-SH\u00cbRBIMI-i-RI-SOCIAL-N\u00cb-ULQIN.51.jpg'><img width=\"150\" height=\"150\" src=\"https:\/\/www.visit-ulcinj.com\/blog\/wp-content\/uploads\/2012\/08\/NOVI-LOKALNI-SOCIJALNI-SERVIS-SH\u00cbRBIMI-i-RI-SOCIAL-N\u00cb-ULQIN.51-150x150.jpg\" class=\"attachment-thumbnail size-thumbnail\" alt=\"\" loading=\"lazy\" \/><\/a>\n\t\t\t<\/dt><\/dl><br style=\"clear: both\" \/><dl class='gallery-item'>\n\t\t\t<dt class='gallery-icon landscape'>\n\t\t\t\t<a href='https:\/\/www.visit-ulcinj.com\/blog\/wp-content\/uploads\/2012\/08\/NOVI-LOKALNI-SOCIJALNI-SERVIS-SH\u00cbRBIMI-i-RI-SOCIAL-N\u00cb-ULQIN.6.jpg'><img width=\"150\" height=\"150\" src=\"https:\/\/www.visit-ulcinj.com\/blog\/wp-content\/uploads\/2012\/08\/NOVI-LOKALNI-SOCIJALNI-SERVIS-SH\u00cbRBIMI-i-RI-SOCIAL-N\u00cb-ULQIN.6-150x150.jpg\" class=\"attachment-thumbnail size-thumbnail\" alt=\"\" loading=\"lazy\" \/><\/a>\n\t\t\t<\/dt><\/dl><dl class='gallery-item'>\n\t\t\t<dt class='gallery-icon landscape'>\n\t\t\t\t<a href='https:\/\/www.visit-ulcinj.com\/blog\/wp-content\/uploads\/2012\/08\/NOVI-LOKALNI-SOCIJALNI-SERVIS-SH\u00cbRBIMI-i-RI-SOCIAL-N\u00cb-ULQIN.7.jpg'><img width=\"150\" height=\"150\" src=\"https:\/\/www.visit-ulcinj.com\/blog\/wp-content\/uploads\/2012\/08\/NOVI-LOKALNI-SOCIJALNI-SERVIS-SH\u00cbRBIMI-i-RI-SOCIAL-N\u00cb-ULQIN.7-150x150.jpg\" class=\"attachment-thumbnail size-thumbnail\" alt=\"\" loading=\"lazy\" \/><\/a>\n\t\t\t<\/dt><\/dl><dl class='gallery-item'>\n\t\t\t<dt class='gallery-icon landscape'>\n\t\t\t\t<a href='https:\/\/www.visit-ulcinj.com\/blog\/wp-content\/uploads\/2012\/08\/NOVI-LOKALNI-SOCIJALNI-SERVIS-SH\u00cbRBIMI-i-RI-SOCIAL-N\u00cb-ULQIN1.jpg'><img width=\"150\" height=\"150\" src=\"https:\/\/www.visit-ulcinj.com\/blog\/wp-content\/uploads\/2012\/08\/NOVI-LOKALNI-SOCIJALNI-SERVIS-SH\u00cbRBIMI-i-RI-SOCIAL-N\u00cb-ULQIN1-150x150.jpg\" class=\"attachment-thumbnail size-thumbnail\" alt=\"\" loading=\"lazy\" \/><\/a>\n\t\t\t<\/dt><\/dl><br style=\"clear: both\" \/>\n\t\t<\/div>\n\n","protected":false},"excerpt":{"rendered":"<p>P\u00ebrmes k\u00ebtij projekti, t\u00eb cilin e realizojn\u00eb OJQ \u201cHORIZONTI i RI\u201d dhe QENDRA P\u00cbR PUN\u00cb SOCIALE \u2013 Sh\u00ebrbimi Ulqin, inciohet nj\u00eb sh\u00ebrbim i ri social n\u00eb nivel lokal \u2013 mb\u00ebshtetje p\u00ebr prind\u00ebrit e vet\u00ebm n\u00eb komun\u00ebn e Ulqinit. Krijimi i k\u00ebtij sh\u00ebrbimi social ka p\u00ebr q\u00ebllim: \u2022 p\u00ebrmir\u00ebsimin e aft\u00ebsive edukative t\u00eb prind\u00ebrve t\u00eb vet\u00ebm [&hellip;]<\/p>\n","protected":false},"author":1,"featured_media":0,"comment_status":"open","ping_status":"closed","sticky":false,"template":"","format":"standard","meta":{"spay_email":"","jetpack_publicize_message":"","jetpack_is_tweetstorm":false,"jetpack_publicize_feature_enabled":true},"categories":[12],"tags":[18178,200],"jetpack_publicize_connections":[],"yoast_head":"<!-- This site is optimized with the Yoast SEO plugin v19.1 - https:\/\/yoast.com\/wordpress\/plugins\/seo\/ -->\n<title>OJQ Horizonti i ri - Sh\u00ebrbim i ri social n\u00eb Ulqin - Lajme nga Ulqini<\/title>\n<meta name=\"description\" content=\"P\u00ebrmes k\u00ebtij projekti, t\u00eb cilin e realizojn\u00eb OJQ \u201cHORIZONTI i RI\u201d dhe QENDRA P\u00cbR PUN\u00cb SOCIALE \u2013 Sh\u00ebrbimi Ulqin, inciohet nj\u00eb sh\u00ebrbim i ri social n\u00eb nivel\" \/>\n<meta name=\"robots\" content=\"index, follow, max-snippet:-1, max-image-preview:large, max-video-preview:-1\" \/>\n<link rel=\"canonical\" href=\"https:\/\/www.visit-ulcinj.com\/blog\/2012\/08\/31\/ojq-horizonti-i-ri-sherbim-i-ri-social-ne-ulqin\/\" \/>\n<meta property=\"og:locale\" content=\"en_US\" \/>\n<meta property=\"og:type\" content=\"article\" \/>\n<meta property=\"og:title\" content=\"OJQ Horizonti i ri - Sh\u00ebrbim i ri social n\u00eb Ulqin - Lajme nga Ulqini\" \/>\n<meta property=\"og:description\" content=\"P\u00ebrmes k\u00ebtij projekti, t\u00eb cilin e realizojn\u00eb OJQ \u201cHORIZONTI i RI\u201d dhe QENDRA P\u00cbR PUN\u00cb SOCIALE \u2013 Sh\u00ebrbimi Ulqin, inciohet nj\u00eb sh\u00ebrbim i ri social n\u00eb nivel\" \/>\n<meta property=\"og:url\" content=\"https:\/\/www.visit-ulcinj.com\/blog\/2012\/08\/31\/ojq-horizonti-i-ri-sherbim-i-ri-social-ne-ulqin\/\" \/>\n<meta property=\"og:site_name\" content=\"Lajme nga Ulqini\" \/>\n<meta property=\"article:published_time\" content=\"2012-08-31T09:25:06+00:00\" \/>\n<meta property=\"og:image\" content=\"https:\/\/www.visit-ulcinj.com\/blog\/wp-content\/uploads\/2012\/08\/NOVI-LOKALNI-SOCIJALNI-SERVIS-SH\u00cbRBIMI-i-RI-SOCIAL-N\u00cb-ULQIN.3-150x150.jpg\" \/>\n<meta name=\"twitter:label1\" content=\"Written by\" \/>\n\t<meta name=\"twitter:data1\" content=\"ulqini\" \/>\n\t<meta name=\"twitter:label2\" content=\"Est. reading time\" \/>\n\t<meta name=\"twitter:data2\" content=\"1 minute\" \/>\n<script type=\"application\/ld+json\" class=\"yoast-schema-graph\">{\"@context\":\"https:\/\/schema.org\",\"@graph\":[{\"@type\":\"WebSite\",\"@id\":\"https:\/\/www.visit-ulcinj.com\/blog\/#website\",\"url\":\"https:\/\/www.visit-ulcinj.com\/blog\/\",\"name\":\"Lajme nga Ulqini\",\"description\":\"Lajme,Vijesti,Ulqini,Ulqin,Crna Gora,Mali i Zi\",\"potentialAction\":[{\"@type\":\"SearchAction\",\"target\":{\"@type\":\"EntryPoint\",\"urlTemplate\":\"https:\/\/www.visit-ulcinj.com\/blog\/?s={search_term_string}\"},\"query-input\":\"required name=search_term_string\"}],\"inLanguage\":\"en-US\"},{\"@type\":\"WebPage\",\"@id\":\"https:\/\/www.visit-ulcinj.com\/blog\/2012\/08\/31\/ojq-horizonti-i-ri-sherbim-i-ri-social-ne-ulqin\/#webpage\",\"url\":\"https:\/\/www.visit-ulcinj.com\/blog\/2012\/08\/31\/ojq-horizonti-i-ri-sherbim-i-ri-social-ne-ulqin\/\",\"name\":\"OJQ Horizonti i ri - Sh\u00ebrbim i ri social n\u00eb Ulqin - Lajme nga Ulqini\",\"isPartOf\":{\"@id\":\"https:\/\/www.visit-ulcinj.com\/blog\/#website\"},\"datePublished\":\"2012-08-31T09:25:06+00:00\",\"dateModified\":\"2012-08-31T09:25:06+00:00\",\"author\":{\"@id\":\"https:\/\/www.visit-ulcinj.com\/blog\/#\/schema\/person\/dcab619c614d3038751c63bc2aadc06d\"},\"description\":\"P\u00ebrmes k\u00ebtij projekti, t\u00eb cilin e realizojn\u00eb OJQ \u201cHORIZONTI i RI\u201d dhe QENDRA P\u00cbR PUN\u00cb SOCIALE \u2013 Sh\u00ebrbimi Ulqin, inciohet nj\u00eb sh\u00ebrbim i ri social n\u00eb nivel\",\"breadcrumb\":{\"@id\":\"https:\/\/www.visit-ulcinj.com\/blog\/2012\/08\/31\/ojq-horizonti-i-ri-sherbim-i-ri-social-ne-ulqin\/#breadcrumb\"},\"inLanguage\":\"en-US\",\"potentialAction\":[{\"@type\":\"ReadAction\",\"target\":[\"https:\/\/www.visit-ulcinj.com\/blog\/2012\/08\/31\/ojq-horizonti-i-ri-sherbim-i-ri-social-ne-ulqin\/\"]}]},{\"@type\":\"BreadcrumbList\",\"@id\":\"https:\/\/www.visit-ulcinj.com\/blog\/2012\/08\/31\/ojq-horizonti-i-ri-sherbim-i-ri-social-ne-ulqin\/#breadcrumb\",\"itemListElement\":[{\"@type\":\"ListItem\",\"position\":1,\"name\":\"OJQ Horizonti i ri &#8211; Sh\u00ebrbim i ri social n\u00eb Ulqin\"}]},{\"@type\":\"Person\",\"@id\":\"https:\/\/www.visit-ulcinj.com\/blog\/#\/schema\/person\/dcab619c614d3038751c63bc2aadc06d\",\"name\":\"ulqini\",\"sameAs\":[\"http:\/\/www.visit-ulcinj.com\"],\"url\":\"https:\/\/www.visit-ulcinj.com\/blog\/author\/admin\/\"}]}<\/script>\n<!-- \/ Yoast SEO plugin. -->","yoast_head_json":{"title":"OJQ Horizonti i ri - Sh\u00ebrbim i ri social n\u00eb Ulqin - Lajme nga Ulqini","description":"P\u00ebrmes k\u00ebtij projekti, t\u00eb cilin e realizojn\u00eb OJQ \u201cHORIZONTI i RI\u201d dhe QENDRA P\u00cbR PUN\u00cb SOCIALE \u2013 Sh\u00ebrbimi Ulqin, inciohet nj\u00eb sh\u00ebrbim i ri social n\u00eb nivel","robots":{"index":"index","follow":"follow","max-snippet":"max-snippet:-1","max-image-preview":"max-image-preview:large","max-video-preview":"max-video-preview:-1"},"canonical":"https:\/\/www.visit-ulcinj.com\/blog\/2012\/08\/31\/ojq-horizonti-i-ri-sherbim-i-ri-social-ne-ulqin\/","og_locale":"en_US","og_type":"article","og_title":"OJQ Horizonti i ri - Sh\u00ebrbim i ri social n\u00eb Ulqin - Lajme nga Ulqini","og_description":"P\u00ebrmes k\u00ebtij projekti, t\u00eb cilin e realizojn\u00eb OJQ \u201cHORIZONTI i RI\u201d dhe QENDRA P\u00cbR PUN\u00cb SOCIALE \u2013 Sh\u00ebrbimi Ulqin, inciohet nj\u00eb sh\u00ebrbim i ri social n\u00eb nivel","og_url":"https:\/\/www.visit-ulcinj.com\/blog\/2012\/08\/31\/ojq-horizonti-i-ri-sherbim-i-ri-social-ne-ulqin\/","og_site_name":"Lajme nga Ulqini","article_published_time":"2012-08-31T09:25:06+00:00","og_image":[{"url":"https:\/\/www.visit-ulcinj.com\/blog\/wp-content\/uploads\/2012\/08\/NOVI-LOKALNI-SOCIJALNI-SERVIS-SH\u00cbRBIMI-i-RI-SOCIAL-N\u00cb-ULQIN.3-150x150.jpg"}],"twitter_misc":{"Written by":"ulqini","Est. reading time":"1 minute"},"schema":{"@context":"https:\/\/schema.org","@graph":[{"@type":"WebSite","@id":"https:\/\/www.visit-ulcinj.com\/blog\/#website","url":"https:\/\/www.visit-ulcinj.com\/blog\/","name":"Lajme nga Ulqini","description":"Lajme,Vijesti,Ulqini,Ulqin,Crna Gora,Mali i Zi","potentialAction":[{"@type":"SearchAction","target":{"@type":"EntryPoint","urlTemplate":"https:\/\/www.visit-ulcinj.com\/blog\/?s={search_term_string}"},"query-input":"required name=search_term_string"}],"inLanguage":"en-US"},{"@type":"WebPage","@id":"https:\/\/www.visit-ulcinj.com\/blog\/2012\/08\/31\/ojq-horizonti-i-ri-sherbim-i-ri-social-ne-ulqin\/#webpage","url":"https:\/\/www.visit-ulcinj.com\/blog\/2012\/08\/31\/ojq-horizonti-i-ri-sherbim-i-ri-social-ne-ulqin\/","name":"OJQ Horizonti i ri - Sh\u00ebrbim i ri social n\u00eb Ulqin - Lajme nga Ulqini","isPartOf":{"@id":"https:\/\/www.visit-ulcinj.com\/blog\/#website"},"datePublished":"2012-08-31T09:25:06+00:00","dateModified":"2012-08-31T09:25:06+00:00","author":{"@id":"https:\/\/www.visit-ulcinj.com\/blog\/#\/schema\/person\/dcab619c614d3038751c63bc2aadc06d"},"description":"P\u00ebrmes k\u00ebtij projekti, t\u00eb cilin e realizojn\u00eb OJQ \u201cHORIZONTI i RI\u201d dhe QENDRA P\u00cbR PUN\u00cb SOCIALE \u2013 Sh\u00ebrbimi Ulqin, inciohet nj\u00eb sh\u00ebrbim i ri social n\u00eb nivel","breadcrumb":{"@id":"https:\/\/www.visit-ulcinj.com\/blog\/2012\/08\/31\/ojq-horizonti-i-ri-sherbim-i-ri-social-ne-ulqin\/#breadcrumb"},"inLanguage":"en-US","potentialAction":[{"@type":"ReadAction","target":["https:\/\/www.visit-ulcinj.com\/blog\/2012\/08\/31\/ojq-horizonti-i-ri-sherbim-i-ri-social-ne-ulqin\/"]}]},{"@type":"BreadcrumbList","@id":"https:\/\/www.visit-ulcinj.com\/blog\/2012\/08\/31\/ojq-horizonti-i-ri-sherbim-i-ri-social-ne-ulqin\/#breadcrumb","itemListElement":[{"@type":"ListItem","position":1,"name":"OJQ Horizonti i ri &#8211; Sh\u00ebrbim i ri social n\u00eb Ulqin"}]},{"@type":"Person","@id":"https:\/\/www.visit-ulcinj.com\/blog\/#\/schema\/person\/dcab619c614d3038751c63bc2aadc06d","name":"ulqini","sameAs":["http:\/\/www.visit-ulcinj.com"],"url":"https:\/\/www.visit-ulcinj.com\/blog\/author\/admin\/"}]}},"jetpack_featured_media_url":"","jetpack_sharing_enabled":true,"jetpack_shortlink":"https:\/\/wp.me\/pe6lTn-grL","_links":{"self":[{"href":"https:\/\/www.visit-ulcinj.com\/blog\/wp-json\/wp\/v2\/posts\/63225"}],"collection":[{"href":"https:\/\/www.visit-ulcinj.com\/blog\/wp-json\/wp\/v2\/posts"}],"about":[{"href":"https:\/\/www.visit-ulcinj.com\/blog\/wp-json\/wp\/v2\/types\/post"}],"author":[{"embeddable":true,"href":"https:\/\/www.visit-ulcinj.com\/blog\/wp-json\/wp\/v2\/users\/1"}],"replies":[{"embeddable":true,"href":"https:\/\/www.visit-ulcinj.com\/blog\/wp-json\/wp\/v2\/comments?post=63225"}],"version-history":[{"count":1,"href":"https:\/\/www.visit-ulcinj.com\/blog\/wp-json\/wp\/v2\/posts\/63225\/revisions"}],"predecessor-version":[{"id":63234,"href":"https:\/\/www.visit-ulcinj.com\/blog\/wp-json\/wp\/v2\/posts\/63225\/revisions\/63234"}],"wp:attachment":[{"href":"https:\/\/www.visit-ulcinj.com\/blog\/wp-json\/wp\/v2\/media?parent=63225"}],"wp:term":[{"taxonomy":"category","embeddable":true,"href":"https:\/\/www.visit-ulcinj.com\/blog\/wp-json\/wp\/v2\/categories?post=63225"},{"taxonomy":"post_tag","embeddable":true,"href":"https:\/\/www.visit-ulcinj.com\/blog\/wp-json\/wp\/v2\/tags?post=63225"}],"curies":[{"name":"wp","href":"https:\/\/api.w.org\/{rel}","templated":true}]}}