{"id":6323,"date":"2008-11-18T12:07:19","date_gmt":"2008-11-18T17:07:19","guid":{"rendered":"http:\/\/www.visit-ulcinj.com\/blog\/?p=6323"},"modified":"2008-11-18T13:06:44","modified_gmt":"2008-11-18T18:06:44","slug":"ada-postaje-poluostrvo","status":"publish","type":"post","link":"https:\/\/www.visit-ulcinj.com\/blog\/2008\/11\/18\/ada-postaje-poluostrvo\/","title":{"rendered":"Ada postaje poluostrvo"},"content":{"rendered":"<p><a href=\"http:\/\/www.visit-ulcinj.com\/gallery\/main.php?g2_itemId=8693&amp;g2_imageViewsIndex=1\" target=\"_blank\"><img loading=\"lazy\" class=\"alignleft size-medium wp-image-6336\" title=\"ada-bojana-_1\" src=\"http:\/\/www.visit-ulcinj.com\/blog\/wp-content\/uploads\/2008\/11\/ada-bojana-_1-300x200.jpg\" alt=\"\" width=\"433\" height=\"259\" \/><\/a><strong>Ekocid na Bojani<\/strong><br \/>\nAko se ne\u0161to hitno ne preduzme, desni krak Bojane ?e se za ?etiri do pet godina zatvoriti. Ada vi\u0161e ne?e biti ostrvo. O drugim posljedicama ne \u017eelim ni da razmi\u0161ljam\u201c, rekao je za Monitor Tino Vogli?. Ovaj poznati ulcinjski ribar, koji 40 godina lovi na Bojani, kazao je da se ve? sada ?esto de\u0161ava da se barkom ne mo\u017ee u?i u Bojanu, pa su u?estali slu?ajevi nasukavanja. Svi ribari se sla\u017eu da je to, prije svega, rezultat enormne gradnje vikendica i ku?a za odmor na obalama Bojane i nanosa drve?a i ostalog materjala na mjestu gdje se rijeka ra?va, \u0161to uti?e na smanjenje brzine rijeke prema u\u0161?u, te postepenog su\u017eavanja njenog desnog rukavca. Uo?avaju?i ovaj problem, akademije nauka Crne Gore i Albanije pokrenule su 2006. godine zajedni?ki projekat Ure?enje vodnog re\u017eima Skadarskog jezera i rijeke Bojane. Pro\u0161le godine poku\u0161ano je da se, mehani?kim va?enjem velikih koli?ina pijeska, u\u0161?e izme?u ostrva Ade i Velike pla\u017ee produbi, ali je uspjeh izostao.<\/p>\n<div style=\"width: 459px\" class=\"wp-caption alignnone\"><a href=\"http:\/\/www.urbanizam.info\/Bojana.htm\"><img loading=\"lazy\" title=\"KATALOG OBJEKATA NA ADI BOJANI\" src=\"http:\/\/www.urbanizam.info\/images\/Ada-front2.jpg\" alt=\"KATALOG OBJEKATA NA ADI BOJANI\" width=\"449\" height=\"94\" \/><\/a><p class=\"wp-caption-text\">KATALOG OBJEKATA NA ADI BOJANI<\/p><\/div>\n<p><strong>DRUGI NEUSPJEH:<\/strong> Isti epilog do\u017eivjela je i pompezna akcija Urbanisti?ke inspekcije Ministarstva za ekonomski razvoj, koja je izvedena sredinom septembra. Kako je saop\u0161teno iz crnogorske Vlade, tom prilikom je uklonjeno 35 monta\u017enih objekata koji su bespravno postavljeni. Inspektori koji su desetak dana proveli u Ulcinju bespomo?no su dizali ruke ne shvataju?i kako objekti ni?u preko no?i. Zato ne ?udi \u0161to su, kada su odlazili sa Bojane, pozvali druge dr\u017eavne organe dase uklju?e u za\u0161titu ovog prostora. Stanje na terenu pokazuje da je ?itava akcija izvedena traljavo i neefikasno. \u201eRu\u0161ili su sirotinji, odnosno tamo gdje nije bilo klima ure?aja i ?akuzija\u201c, kazalo je nekoliko na\u0161ih ogor?enih sagovornika. I na ovom slu?aju se potvrdilo da je pametnije ne preduzimati akcije nego preduzimati akcije koje otkrivaju slabosti. Jer, dr\u017eava je pokazala izuzetnu neefikasnost da sprije?i \u0161irenje \u201etumora\u201c na na\u0161oj strani Bojane, ?ime su dodatno ohrabreni divlji graditelji. A njih na obalama Bojane ima preko 400. Najmanje je sada mje\u0161tana, iako oni snose najve?u odgovornost za haos na ovoj rijeci. Uz, naravno, Javno preduze?e za upravljanje morskim dobrom koje gospodari ovim prostorom ve? 16 godina i uredno prikuplja poreze od vlasnika ku?ica. U Ulcinju je, dakle, morsko dobro i obala rijeke. \u201cDa bi se dodvorili na\u0161im funkcionerima, kolegama i uticajnim novope?enim biznismenima, mi smo ih godinama pozivali da na Bojani kupuju i grade vikendice. Vodili smo ih sa sobom ulov i ribolov\u201c, nevoljno je priznao jedan visokopozicionirani Ulcinjanin. I dolazili su politi?ari, udba\u0161i, tajkuni, oficiri. Restorane, u kojima se jede najbolja riba na Jadranu, a koji su nelegalno sagra?eni, nerijetko posje?uju i crnogorski ?elnici. Pobje?i iz Podgorice da bi se ru?alo na Bojani i u\u017eivati u ?arima te jedinstvene rijeke, te pro\u0161etati po Adi, bilo je pitanje presti\u017ea za novu crnogorsku elitu. Posjedovanje vikendice se podrazumijevalo<\/p>\n<p><strong>PLJU\u0160TE PRIJAVE:<\/strong> U Mre\u017ei za afirmaciji nevladinog sektora (MANS) tvrde da je na Bojani uzurpirano najmanje 30 hiljada kvadratnih metara dr\u017eavnog zemlji\u0161ta. \u201eAko se ima u vidu ?injenica da je kvadratni metar od lokalnih me\u0161etara cijenjen od 50 do 200 eura, dolazimo do sume od preko \u0161est miliona eura koje su uzurpanti prometovali na \u0161tetu dr\u017eave u proteklih nekoliko godina i to samo na osnovu prodaje i preprodaje dr\u017eavnih placeva na Bojani\u201c, rekao je korodinator MANS-a Dejan Milovac. Konstatuju?i da na lokaciji u\u0161?a Bojane ima preko 400 nelegalnih objekata, on je rekao da inspekcijski nadzor na tom prostoru gotovo da nije ni postojao. Zaista je nevjerovatno kako je svih ovih godina, bez ikakvih posljedica po nekoliko ljudi, funkcionisala procedura: \u201eja tebi kolibu na dr\u017eavnom zemlji\u0161tu, ti meni pare!\u201c Kr?mljenje dr\u017eavne imovine i prodaja placeva na?inila je od Bojane pravo gradili\u0161te, a preprodavcima donosila ogromnu zaradu. Zbog devastacije i uzurpacije dr\u017eavnog zemlji\u0161ta, te nelegalne gradnje na Bojani MANS je dr\u017eavnom tu\u017eila\u0161tvu i Upravi policije dostavila krivi?ne prijave protiv direktora ulcinjske Elektrodistribucije Ljora Nreki?a, te biv\u0161ih na?elnika ispostave policije u Ulcinju Sabra Buzukovi?a i Vladana Lakovi?a. Buzukovi? je sada savjetnik direktora policije Veselina Veljovi?a, dok je Lakovi? na?elnik Podru?ne jedinice u Baru.<\/p>\n<p><strong>R A N J E N A R I J E K A :<\/strong> O s i m MANS- a i nekoliko ekolo\u0161kih organizacija, niko punih 20 godina nije mario za devastaciju Bojane. A trebalo je, jer je ?itav taj prostor u\u0161?a Bojane u Jadransko more pod posebnom za\u0161titom dr\u017eave. Od po?etka devedesetih, posebno nakon \u0161verca nafte i naftinih derivata iz Albanije, Bojana je ranjena rijeka. Nekoliko se puta zbog nepa\u017enje krijum?ara mazut izlio u rijeku, a kada se on pomije\u0161a sa hladnom vodom posljedice po ekosistem traju godinama, tvrde stru?njaci. Zato je iz Bojane nestala staklasta jegulja, izuzetno rijetka i lijepa rije?na riba, koja zahtjeva kristalno ?istu vodu. Kilogram staklaste jegulje na evropskim pijacama staje nekoliko stotina eura. O?ekuju?i ili ta?nije pripremaju?i teren za potencijalne investitore Vlada Crne Gore je u septembru predstavila studiju Regionalni park Delte Bojane, kojom se predvi?a da se sru\u0161e svi nelegalno izgra?eni objekti i uvede moratorijum na novogradnju u tom pojasu. ?ak se navodi i da treba zabraniti vo\u017enju van puteva i iskopavanje pijeska. To je njena obaveza ukoliko se zna da ova rijeka ima me?unarodni zna?aj, jer predstavlja put migracije riba iz Jadranskog mora u Skadarsko jezero, ali je, izgleda, presudan bio pritisak mo?nih stranih ulaga?a koji ?e uskoro zagospodariti ovim prostorom. Ostaje da se vidi da li ?e to uroditi plodom, jer su stvari oti\u0161le predaleko. Dakle, Bojana danas ima rak u metastazi i malo je, na\u017ealost, izgleda da ?e desni krak rijeke odoljeti neredu koji su izazvali ljudi. Za Bojanu (albanski naziv Buna, latinski Barbana) se ne?e mo?i govoriti ono \u0161to je Mahatma Gandi rekao o svetoj rijeci Gang: \u201eVoda u Gangu je uvijek druga, a Gang je uvijek isti.\u201c<br \/>\n<strong><br \/>\nMustafa CANKA<\/strong><\/p>\n<p><strong>Izvor \/ Monitor<\/strong><\/p>\n","protected":false},"excerpt":{"rendered":"<p>Ekocid na Bojani Ako se ne\u0161to hitno ne preduzme, desni krak Bojane ?e se za ?etiri do pet godina zatvoriti. Ada vi\u0161e ne?e biti ostrvo. O drugim posljedicama ne \u017eelim ni da razmi\u0161ljam\u201c, rekao je za Monitor Tino Vogli?. Ovaj poznati ulcinjski ribar, koji 40 godina lovi na Bojani, kazao je da se ve? sada [&hellip;]<\/p>\n","protected":false},"author":1,"featured_media":0,"comment_status":"open","ping_status":"closed","sticky":false,"template":"","format":"standard","meta":{"spay_email":"","jetpack_publicize_message":"","jetpack_is_tweetstorm":false,"jetpack_publicize_feature_enabled":true},"categories":[1],"tags":[138,4525],"jetpack_publicize_connections":[],"yoast_head":"<!-- This site is optimized with the Yoast SEO plugin v19.1 - https:\/\/yoast.com\/wordpress\/plugins\/seo\/ -->\n<title>Ada postaje poluostrvo - Lajme nga Ulqini<\/title>\n<meta name=\"description\" content=\"Ekocid na Bojani Ako se ne\u0161to hitno ne preduzme, desni krak Bojane ?e se za ?etiri do pet godina zatvoriti. Ada vi\u0161e ne?e biti ostrvo. O drugim\" \/>\n<meta name=\"robots\" content=\"index, follow, max-snippet:-1, max-image-preview:large, max-video-preview:-1\" \/>\n<link rel=\"canonical\" href=\"https:\/\/www.visit-ulcinj.com\/blog\/2008\/11\/18\/ada-postaje-poluostrvo\/\" \/>\n<meta property=\"og:locale\" content=\"en_US\" \/>\n<meta property=\"og:type\" content=\"article\" \/>\n<meta property=\"og:title\" content=\"Ada postaje poluostrvo - Lajme nga Ulqini\" \/>\n<meta property=\"og:description\" content=\"Ekocid na Bojani Ako se ne\u0161to hitno ne preduzme, desni krak Bojane ?e se za ?etiri do pet godina zatvoriti. Ada vi\u0161e ne?e biti ostrvo. O drugim\" \/>\n<meta property=\"og:url\" content=\"https:\/\/www.visit-ulcinj.com\/blog\/2008\/11\/18\/ada-postaje-poluostrvo\/\" \/>\n<meta property=\"og:site_name\" content=\"Lajme nga Ulqini\" \/>\n<meta property=\"article:published_time\" content=\"2008-11-18T17:07:19+00:00\" \/>\n<meta property=\"article:modified_time\" content=\"2008-11-18T18:06:44+00:00\" \/>\n<meta property=\"og:image\" content=\"http:\/\/www.visit-ulcinj.com\/blog\/wp-content\/uploads\/2008\/11\/ada-bojana-_1-300x200.jpg\" \/>\n<meta name=\"twitter:label1\" content=\"Written by\" \/>\n\t<meta name=\"twitter:data1\" content=\"ulqini\" \/>\n\t<meta name=\"twitter:label2\" content=\"Est. reading time\" \/>\n\t<meta name=\"twitter:data2\" content=\"5 minutes\" \/>\n<script type=\"application\/ld+json\" class=\"yoast-schema-graph\">{\"@context\":\"https:\/\/schema.org\",\"@graph\":[{\"@type\":\"WebSite\",\"@id\":\"https:\/\/www.visit-ulcinj.com\/blog\/#website\",\"url\":\"https:\/\/www.visit-ulcinj.com\/blog\/\",\"name\":\"Lajme nga Ulqini\",\"description\":\"Lajme,Vijesti,Ulqini,Ulqin,Crna Gora,Mali i Zi\",\"potentialAction\":[{\"@type\":\"SearchAction\",\"target\":{\"@type\":\"EntryPoint\",\"urlTemplate\":\"https:\/\/www.visit-ulcinj.com\/blog\/?s={search_term_string}\"},\"query-input\":\"required name=search_term_string\"}],\"inLanguage\":\"en-US\"},{\"@type\":\"ImageObject\",\"inLanguage\":\"en-US\",\"@id\":\"https:\/\/www.visit-ulcinj.com\/blog\/2008\/11\/18\/ada-postaje-poluostrvo\/#primaryimage\",\"url\":\"http:\/\/www.visit-ulcinj.com\/blog\/wp-content\/uploads\/2008\/11\/ada-bojana-_1-300x200.jpg\",\"contentUrl\":\"http:\/\/www.visit-ulcinj.com\/blog\/wp-content\/uploads\/2008\/11\/ada-bojana-_1-300x200.jpg\"},{\"@type\":\"WebPage\",\"@id\":\"https:\/\/www.visit-ulcinj.com\/blog\/2008\/11\/18\/ada-postaje-poluostrvo\/#webpage\",\"url\":\"https:\/\/www.visit-ulcinj.com\/blog\/2008\/11\/18\/ada-postaje-poluostrvo\/\",\"name\":\"Ada postaje poluostrvo - Lajme nga Ulqini\",\"isPartOf\":{\"@id\":\"https:\/\/www.visit-ulcinj.com\/blog\/#website\"},\"primaryImageOfPage\":{\"@id\":\"https:\/\/www.visit-ulcinj.com\/blog\/2008\/11\/18\/ada-postaje-poluostrvo\/#primaryimage\"},\"datePublished\":\"2008-11-18T17:07:19+00:00\",\"dateModified\":\"2008-11-18T18:06:44+00:00\",\"author\":{\"@id\":\"https:\/\/www.visit-ulcinj.com\/blog\/#\/schema\/person\/dcab619c614d3038751c63bc2aadc06d\"},\"description\":\"Ekocid na Bojani Ako se ne\u0161to hitno ne preduzme, desni krak Bojane ?e se za ?etiri do pet godina zatvoriti. Ada vi\u0161e ne?e biti ostrvo. O drugim\",\"breadcrumb\":{\"@id\":\"https:\/\/www.visit-ulcinj.com\/blog\/2008\/11\/18\/ada-postaje-poluostrvo\/#breadcrumb\"},\"inLanguage\":\"en-US\",\"potentialAction\":[{\"@type\":\"ReadAction\",\"target\":[\"https:\/\/www.visit-ulcinj.com\/blog\/2008\/11\/18\/ada-postaje-poluostrvo\/\"]}]},{\"@type\":\"BreadcrumbList\",\"@id\":\"https:\/\/www.visit-ulcinj.com\/blog\/2008\/11\/18\/ada-postaje-poluostrvo\/#breadcrumb\",\"itemListElement\":[{\"@type\":\"ListItem\",\"position\":1,\"name\":\"Ada postaje poluostrvo\"}]},{\"@type\":\"Person\",\"@id\":\"https:\/\/www.visit-ulcinj.com\/blog\/#\/schema\/person\/dcab619c614d3038751c63bc2aadc06d\",\"name\":\"ulqini\",\"sameAs\":[\"http:\/\/www.visit-ulcinj.com\"],\"url\":\"https:\/\/www.visit-ulcinj.com\/blog\/author\/admin\/\"}]}<\/script>\n<!-- \/ Yoast SEO plugin. -->","yoast_head_json":{"title":"Ada postaje poluostrvo - Lajme nga Ulqini","description":"Ekocid na Bojani Ako se ne\u0161to hitno ne preduzme, desni krak Bojane ?e se za ?etiri do pet godina zatvoriti. Ada vi\u0161e ne?e biti ostrvo. O drugim","robots":{"index":"index","follow":"follow","max-snippet":"max-snippet:-1","max-image-preview":"max-image-preview:large","max-video-preview":"max-video-preview:-1"},"canonical":"https:\/\/www.visit-ulcinj.com\/blog\/2008\/11\/18\/ada-postaje-poluostrvo\/","og_locale":"en_US","og_type":"article","og_title":"Ada postaje poluostrvo - Lajme nga Ulqini","og_description":"Ekocid na Bojani Ako se ne\u0161to hitno ne preduzme, desni krak Bojane ?e se za ?etiri do pet godina zatvoriti. Ada vi\u0161e ne?e biti ostrvo. O drugim","og_url":"https:\/\/www.visit-ulcinj.com\/blog\/2008\/11\/18\/ada-postaje-poluostrvo\/","og_site_name":"Lajme nga Ulqini","article_published_time":"2008-11-18T17:07:19+00:00","article_modified_time":"2008-11-18T18:06:44+00:00","og_image":[{"url":"http:\/\/www.visit-ulcinj.com\/blog\/wp-content\/uploads\/2008\/11\/ada-bojana-_1-300x200.jpg"}],"twitter_misc":{"Written by":"ulqini","Est. reading time":"5 minutes"},"schema":{"@context":"https:\/\/schema.org","@graph":[{"@type":"WebSite","@id":"https:\/\/www.visit-ulcinj.com\/blog\/#website","url":"https:\/\/www.visit-ulcinj.com\/blog\/","name":"Lajme nga Ulqini","description":"Lajme,Vijesti,Ulqini,Ulqin,Crna Gora,Mali i Zi","potentialAction":[{"@type":"SearchAction","target":{"@type":"EntryPoint","urlTemplate":"https:\/\/www.visit-ulcinj.com\/blog\/?s={search_term_string}"},"query-input":"required name=search_term_string"}],"inLanguage":"en-US"},{"@type":"ImageObject","inLanguage":"en-US","@id":"https:\/\/www.visit-ulcinj.com\/blog\/2008\/11\/18\/ada-postaje-poluostrvo\/#primaryimage","url":"http:\/\/www.visit-ulcinj.com\/blog\/wp-content\/uploads\/2008\/11\/ada-bojana-_1-300x200.jpg","contentUrl":"http:\/\/www.visit-ulcinj.com\/blog\/wp-content\/uploads\/2008\/11\/ada-bojana-_1-300x200.jpg"},{"@type":"WebPage","@id":"https:\/\/www.visit-ulcinj.com\/blog\/2008\/11\/18\/ada-postaje-poluostrvo\/#webpage","url":"https:\/\/www.visit-ulcinj.com\/blog\/2008\/11\/18\/ada-postaje-poluostrvo\/","name":"Ada postaje poluostrvo - Lajme nga Ulqini","isPartOf":{"@id":"https:\/\/www.visit-ulcinj.com\/blog\/#website"},"primaryImageOfPage":{"@id":"https:\/\/www.visit-ulcinj.com\/blog\/2008\/11\/18\/ada-postaje-poluostrvo\/#primaryimage"},"datePublished":"2008-11-18T17:07:19+00:00","dateModified":"2008-11-18T18:06:44+00:00","author":{"@id":"https:\/\/www.visit-ulcinj.com\/blog\/#\/schema\/person\/dcab619c614d3038751c63bc2aadc06d"},"description":"Ekocid na Bojani Ako se ne\u0161to hitno ne preduzme, desni krak Bojane ?e se za ?etiri do pet godina zatvoriti. Ada vi\u0161e ne?e biti ostrvo. O drugim","breadcrumb":{"@id":"https:\/\/www.visit-ulcinj.com\/blog\/2008\/11\/18\/ada-postaje-poluostrvo\/#breadcrumb"},"inLanguage":"en-US","potentialAction":[{"@type":"ReadAction","target":["https:\/\/www.visit-ulcinj.com\/blog\/2008\/11\/18\/ada-postaje-poluostrvo\/"]}]},{"@type":"BreadcrumbList","@id":"https:\/\/www.visit-ulcinj.com\/blog\/2008\/11\/18\/ada-postaje-poluostrvo\/#breadcrumb","itemListElement":[{"@type":"ListItem","position":1,"name":"Ada postaje poluostrvo"}]},{"@type":"Person","@id":"https:\/\/www.visit-ulcinj.com\/blog\/#\/schema\/person\/dcab619c614d3038751c63bc2aadc06d","name":"ulqini","sameAs":["http:\/\/www.visit-ulcinj.com"],"url":"https:\/\/www.visit-ulcinj.com\/blog\/author\/admin\/"}]}},"jetpack_featured_media_url":"","jetpack_sharing_enabled":true,"jetpack_shortlink":"https:\/\/wp.me\/pe6lTn-1DZ","_links":{"self":[{"href":"https:\/\/www.visit-ulcinj.com\/blog\/wp-json\/wp\/v2\/posts\/6323"}],"collection":[{"href":"https:\/\/www.visit-ulcinj.com\/blog\/wp-json\/wp\/v2\/posts"}],"about":[{"href":"https:\/\/www.visit-ulcinj.com\/blog\/wp-json\/wp\/v2\/types\/post"}],"author":[{"embeddable":true,"href":"https:\/\/www.visit-ulcinj.com\/blog\/wp-json\/wp\/v2\/users\/1"}],"replies":[{"embeddable":true,"href":"https:\/\/www.visit-ulcinj.com\/blog\/wp-json\/wp\/v2\/comments?post=6323"}],"version-history":[{"count":0,"href":"https:\/\/www.visit-ulcinj.com\/blog\/wp-json\/wp\/v2\/posts\/6323\/revisions"}],"wp:attachment":[{"href":"https:\/\/www.visit-ulcinj.com\/blog\/wp-json\/wp\/v2\/media?parent=6323"}],"wp:term":[{"taxonomy":"category","embeddable":true,"href":"https:\/\/www.visit-ulcinj.com\/blog\/wp-json\/wp\/v2\/categories?post=6323"},{"taxonomy":"post_tag","embeddable":true,"href":"https:\/\/www.visit-ulcinj.com\/blog\/wp-json\/wp\/v2\/tags?post=6323"}],"curies":[{"name":"wp","href":"https:\/\/api.w.org\/{rel}","templated":true}]}}