{"id":63260,"date":"2012-08-31T12:51:48","date_gmt":"2012-08-31T11:51:48","guid":{"rendered":"http:\/\/www.visit-ulcinj.com\/blog\/?p=63260"},"modified":"2012-08-31T12:51:48","modified_gmt":"2012-08-31T11:51:48","slug":"tuna-ne-kerkim-te-nje-supermeni","status":"publish","type":"post","link":"https:\/\/www.visit-ulcinj.com\/blog\/2012\/08\/31\/tuna-ne-kerkim-te-nje-supermeni\/","title":{"rendered":"Tuna n\u00eb k\u00ebrkim t\u00eb nj\u00eb supermeni"},"content":{"rendered":"<p><a href=\"http:\/\/www.visit-ulcinj.com\/blog\/wp-content\/uploads\/2012\/08\/Tuna-Sejdiu-n\u00eb-k\u00ebrkim-t\u00eb-nj\u00eb-supermeni.jpg\"><img loading=\"lazy\" class=\"alignleft  wp-image-63261\" title=\"Tuna Sejdiu n\u00eb k\u00ebrkim t\u00eb nj\u00eb supermeni\" src=\"http:\/\/www.visit-ulcinj.com\/blog\/wp-content\/uploads\/2012\/08\/Tuna-Sejdiu-n\u00eb-k\u00ebrkim-t\u00eb-nj\u00eb-supermeni.jpg\" alt=\"\" width=\"508\" height=\"360\" \/><\/a>Tuna ende nuk e ka gjetur mashkullin e zemr\u00ebs s\u00eb saj, e p\u00ebr k\u00ebt\u00eb k\u00ebng\u00ebtarja duket se ka disa kritere. N\u00eb krah ajo do nj\u00eb\u00a0supermen me tiparet e Santa Klausit q\u00eb t\u2019i plot\u00ebsoj\u00eb \u00e7do d\u00ebshir\u00eb. T\u00eb pakt\u00ebn k\u00ebt\u00eb l\u00eb ajo t\u00eb kuptohet pas k\u00ebsaj fotoje t\u00eb postuar n\u00eb Facebook me mbishkrimin: \u201cAi nuk e ka vendosur ende se \u00e7far\u00eb do t\u00eb b\u00ebhet, nj\u00eb Santa apo Supermen\u201d.<\/p>\n<p>Po sikur t\u2019i ket\u00eb t\u00eb dyja Tuna, a nuk do t\u00eb ishte m\u00eb mir\u00eb? Nd\u00ebrkoh\u00eb, ve\u00e7 pushimeve dhe koncerteve Tuna \u00ebsht\u00eb duke shijuar suksesin e k\u00ebng\u00ebs \u201cI asaj\u201d, nj\u00eb k\u00ebng\u00eb q\u00eb ka pasur mjaft klikime n\u00eb Youtube dhe \u00ebsht\u00eb pritur mjaft mir\u00eb nga publiku. \u00a0MAPO<br \/>\n<!--YouTube Error: bad URL entered--><\/p>\n","protected":false},"excerpt":{"rendered":"<p>Tuna ende nuk e ka gjetur mashkullin e zemr\u00ebs s\u00eb saj, e p\u00ebr k\u00ebt\u00eb k\u00ebng\u00ebtarja duket se ka disa kritere. N\u00eb krah ajo do nj\u00eb\u00a0supermen me tiparet e Santa Klausit q\u00eb t\u2019i plot\u00ebsoj\u00eb \u00e7do d\u00ebshir\u00eb. T\u00eb pakt\u00ebn k\u00ebt\u00eb l\u00eb ajo t\u00eb kuptohet pas k\u00ebsaj fotoje t\u00eb postuar n\u00eb Facebook me mbishkrimin: \u201cAi nuk e ka [&hellip;]<\/p>\n","protected":false},"author":1,"featured_media":0,"comment_status":"open","ping_status":"closed","sticky":false,"template":"","format":"standard","meta":{"spay_email":"","jetpack_publicize_message":"","jetpack_is_tweetstorm":false,"jetpack_publicize_feature_enabled":true},"categories":[1],"tags":[12963],"jetpack_publicize_connections":[],"yoast_head":"<!-- This site is optimized with the Yoast SEO plugin v19.1 - https:\/\/yoast.com\/wordpress\/plugins\/seo\/ -->\n<title>Tuna n\u00eb k\u00ebrkim t\u00eb nj\u00eb supermeni - Lajme nga Ulqini<\/title>\n<meta name=\"description\" content=\"Tuna ende nuk e ka gjetur mashkullin e zemr\u00ebs s\u00eb saj, e p\u00ebr k\u00ebt\u00eb k\u00ebng\u00ebtarja duket se ka disa kritere. N\u00eb krah ajo do nj\u00eb\u00a0supermen me tiparet e Santa\" \/>\n<meta name=\"robots\" content=\"index, follow, max-snippet:-1, max-image-preview:large, max-video-preview:-1\" \/>\n<link rel=\"canonical\" href=\"https:\/\/www.visit-ulcinj.com\/blog\/2012\/08\/31\/tuna-ne-kerkim-te-nje-supermeni\/\" \/>\n<meta property=\"og:locale\" content=\"en_US\" \/>\n<meta property=\"og:type\" content=\"article\" \/>\n<meta property=\"og:title\" content=\"Tuna n\u00eb k\u00ebrkim t\u00eb nj\u00eb supermeni - Lajme nga Ulqini\" \/>\n<meta property=\"og:description\" content=\"Tuna ende nuk e ka gjetur mashkullin e zemr\u00ebs s\u00eb saj, e p\u00ebr k\u00ebt\u00eb k\u00ebng\u00ebtarja duket se ka disa kritere. N\u00eb krah ajo do nj\u00eb\u00a0supermen me tiparet e Santa\" \/>\n<meta property=\"og:url\" content=\"https:\/\/www.visit-ulcinj.com\/blog\/2012\/08\/31\/tuna-ne-kerkim-te-nje-supermeni\/\" \/>\n<meta property=\"og:site_name\" content=\"Lajme nga Ulqini\" \/>\n<meta property=\"article:published_time\" content=\"2012-08-31T11:51:48+00:00\" \/>\n<meta name=\"twitter:label1\" content=\"Written by\" \/>\n\t<meta name=\"twitter:data1\" content=\"ulqini\" \/>\n\t<meta name=\"twitter:label2\" content=\"Est. reading time\" \/>\n\t<meta name=\"twitter:data2\" content=\"1 minute\" \/>\n<script type=\"application\/ld+json\" class=\"yoast-schema-graph\">{\"@context\":\"https:\/\/schema.org\",\"@graph\":[{\"@type\":\"WebSite\",\"@id\":\"https:\/\/www.visit-ulcinj.com\/blog\/#website\",\"url\":\"https:\/\/www.visit-ulcinj.com\/blog\/\",\"name\":\"Lajme nga Ulqini\",\"description\":\"Lajme,Vijesti,Ulqini,Ulqin,Crna Gora,Mali i Zi\",\"potentialAction\":[{\"@type\":\"SearchAction\",\"target\":{\"@type\":\"EntryPoint\",\"urlTemplate\":\"https:\/\/www.visit-ulcinj.com\/blog\/?s={search_term_string}\"},\"query-input\":\"required name=search_term_string\"}],\"inLanguage\":\"en-US\"},{\"@type\":\"WebPage\",\"@id\":\"https:\/\/www.visit-ulcinj.com\/blog\/2012\/08\/31\/tuna-ne-kerkim-te-nje-supermeni\/#webpage\",\"url\":\"https:\/\/www.visit-ulcinj.com\/blog\/2012\/08\/31\/tuna-ne-kerkim-te-nje-supermeni\/\",\"name\":\"Tuna n\u00eb k\u00ebrkim t\u00eb nj\u00eb supermeni - Lajme nga Ulqini\",\"isPartOf\":{\"@id\":\"https:\/\/www.visit-ulcinj.com\/blog\/#website\"},\"datePublished\":\"2012-08-31T11:51:48+00:00\",\"dateModified\":\"2012-08-31T11:51:48+00:00\",\"author\":{\"@id\":\"https:\/\/www.visit-ulcinj.com\/blog\/#\/schema\/person\/dcab619c614d3038751c63bc2aadc06d\"},\"description\":\"Tuna ende nuk e ka gjetur mashkullin e zemr\u00ebs s\u00eb saj, e p\u00ebr k\u00ebt\u00eb k\u00ebng\u00ebtarja duket se ka disa kritere. N\u00eb krah ajo do nj\u00eb\u00a0supermen me tiparet e Santa\",\"breadcrumb\":{\"@id\":\"https:\/\/www.visit-ulcinj.com\/blog\/2012\/08\/31\/tuna-ne-kerkim-te-nje-supermeni\/#breadcrumb\"},\"inLanguage\":\"en-US\",\"potentialAction\":[{\"@type\":\"ReadAction\",\"target\":[\"https:\/\/www.visit-ulcinj.com\/blog\/2012\/08\/31\/tuna-ne-kerkim-te-nje-supermeni\/\"]}]},{\"@type\":\"BreadcrumbList\",\"@id\":\"https:\/\/www.visit-ulcinj.com\/blog\/2012\/08\/31\/tuna-ne-kerkim-te-nje-supermeni\/#breadcrumb\",\"itemListElement\":[{\"@type\":\"ListItem\",\"position\":1,\"name\":\"Tuna n\u00eb k\u00ebrkim t\u00eb nj\u00eb supermeni\"}]},{\"@type\":\"Person\",\"@id\":\"https:\/\/www.visit-ulcinj.com\/blog\/#\/schema\/person\/dcab619c614d3038751c63bc2aadc06d\",\"name\":\"ulqini\",\"sameAs\":[\"http:\/\/www.visit-ulcinj.com\"],\"url\":\"https:\/\/www.visit-ulcinj.com\/blog\/author\/admin\/\"}]}<\/script>\n<!-- \/ Yoast SEO plugin. -->","yoast_head_json":{"title":"Tuna n\u00eb k\u00ebrkim t\u00eb nj\u00eb supermeni - Lajme nga Ulqini","description":"Tuna ende nuk e ka gjetur mashkullin e zemr\u00ebs s\u00eb saj, e p\u00ebr k\u00ebt\u00eb k\u00ebng\u00ebtarja duket se ka disa kritere. N\u00eb krah ajo do nj\u00eb\u00a0supermen me tiparet e Santa","robots":{"index":"index","follow":"follow","max-snippet":"max-snippet:-1","max-image-preview":"max-image-preview:large","max-video-preview":"max-video-preview:-1"},"canonical":"https:\/\/www.visit-ulcinj.com\/blog\/2012\/08\/31\/tuna-ne-kerkim-te-nje-supermeni\/","og_locale":"en_US","og_type":"article","og_title":"Tuna n\u00eb k\u00ebrkim t\u00eb nj\u00eb supermeni - Lajme nga Ulqini","og_description":"Tuna ende nuk e ka gjetur mashkullin e zemr\u00ebs s\u00eb saj, e p\u00ebr k\u00ebt\u00eb k\u00ebng\u00ebtarja duket se ka disa kritere. N\u00eb krah ajo do nj\u00eb\u00a0supermen me tiparet e Santa","og_url":"https:\/\/www.visit-ulcinj.com\/blog\/2012\/08\/31\/tuna-ne-kerkim-te-nje-supermeni\/","og_site_name":"Lajme nga Ulqini","article_published_time":"2012-08-31T11:51:48+00:00","twitter_misc":{"Written by":"ulqini","Est. reading time":"1 minute"},"schema":{"@context":"https:\/\/schema.org","@graph":[{"@type":"WebSite","@id":"https:\/\/www.visit-ulcinj.com\/blog\/#website","url":"https:\/\/www.visit-ulcinj.com\/blog\/","name":"Lajme nga Ulqini","description":"Lajme,Vijesti,Ulqini,Ulqin,Crna Gora,Mali i Zi","potentialAction":[{"@type":"SearchAction","target":{"@type":"EntryPoint","urlTemplate":"https:\/\/www.visit-ulcinj.com\/blog\/?s={search_term_string}"},"query-input":"required name=search_term_string"}],"inLanguage":"en-US"},{"@type":"WebPage","@id":"https:\/\/www.visit-ulcinj.com\/blog\/2012\/08\/31\/tuna-ne-kerkim-te-nje-supermeni\/#webpage","url":"https:\/\/www.visit-ulcinj.com\/blog\/2012\/08\/31\/tuna-ne-kerkim-te-nje-supermeni\/","name":"Tuna n\u00eb k\u00ebrkim t\u00eb nj\u00eb supermeni - Lajme nga Ulqini","isPartOf":{"@id":"https:\/\/www.visit-ulcinj.com\/blog\/#website"},"datePublished":"2012-08-31T11:51:48+00:00","dateModified":"2012-08-31T11:51:48+00:00","author":{"@id":"https:\/\/www.visit-ulcinj.com\/blog\/#\/schema\/person\/dcab619c614d3038751c63bc2aadc06d"},"description":"Tuna ende nuk e ka gjetur mashkullin e zemr\u00ebs s\u00eb saj, e p\u00ebr k\u00ebt\u00eb k\u00ebng\u00ebtarja duket se ka disa kritere. N\u00eb krah ajo do nj\u00eb\u00a0supermen me tiparet e Santa","breadcrumb":{"@id":"https:\/\/www.visit-ulcinj.com\/blog\/2012\/08\/31\/tuna-ne-kerkim-te-nje-supermeni\/#breadcrumb"},"inLanguage":"en-US","potentialAction":[{"@type":"ReadAction","target":["https:\/\/www.visit-ulcinj.com\/blog\/2012\/08\/31\/tuna-ne-kerkim-te-nje-supermeni\/"]}]},{"@type":"BreadcrumbList","@id":"https:\/\/www.visit-ulcinj.com\/blog\/2012\/08\/31\/tuna-ne-kerkim-te-nje-supermeni\/#breadcrumb","itemListElement":[{"@type":"ListItem","position":1,"name":"Tuna n\u00eb k\u00ebrkim t\u00eb nj\u00eb supermeni"}]},{"@type":"Person","@id":"https:\/\/www.visit-ulcinj.com\/blog\/#\/schema\/person\/dcab619c614d3038751c63bc2aadc06d","name":"ulqini","sameAs":["http:\/\/www.visit-ulcinj.com"],"url":"https:\/\/www.visit-ulcinj.com\/blog\/author\/admin\/"}]}},"jetpack_featured_media_url":"","jetpack_sharing_enabled":true,"jetpack_shortlink":"https:\/\/wp.me\/pe6lTn-gsk","_links":{"self":[{"href":"https:\/\/www.visit-ulcinj.com\/blog\/wp-json\/wp\/v2\/posts\/63260"}],"collection":[{"href":"https:\/\/www.visit-ulcinj.com\/blog\/wp-json\/wp\/v2\/posts"}],"about":[{"href":"https:\/\/www.visit-ulcinj.com\/blog\/wp-json\/wp\/v2\/types\/post"}],"author":[{"embeddable":true,"href":"https:\/\/www.visit-ulcinj.com\/blog\/wp-json\/wp\/v2\/users\/1"}],"replies":[{"embeddable":true,"href":"https:\/\/www.visit-ulcinj.com\/blog\/wp-json\/wp\/v2\/comments?post=63260"}],"version-history":[{"count":1,"href":"https:\/\/www.visit-ulcinj.com\/blog\/wp-json\/wp\/v2\/posts\/63260\/revisions"}],"predecessor-version":[{"id":63262,"href":"https:\/\/www.visit-ulcinj.com\/blog\/wp-json\/wp\/v2\/posts\/63260\/revisions\/63262"}],"wp:attachment":[{"href":"https:\/\/www.visit-ulcinj.com\/blog\/wp-json\/wp\/v2\/media?parent=63260"}],"wp:term":[{"taxonomy":"category","embeddable":true,"href":"https:\/\/www.visit-ulcinj.com\/blog\/wp-json\/wp\/v2\/categories?post=63260"},{"taxonomy":"post_tag","embeddable":true,"href":"https:\/\/www.visit-ulcinj.com\/blog\/wp-json\/wp\/v2\/tags?post=63260"}],"curies":[{"name":"wp","href":"https:\/\/api.w.org\/{rel}","templated":true}]}}