{"id":63268,"date":"2012-08-31T22:44:06","date_gmt":"2012-08-31T21:44:06","guid":{"rendered":"http:\/\/www.visit-ulcinj.com\/blog\/?p=63268"},"modified":"2012-09-03T19:24:53","modified_gmt":"2012-09-03T18:24:53","slug":"ndertimi-i-rrugeve-leva-e-arkimedit-per-integrim","status":"publish","type":"post","link":"https:\/\/www.visit-ulcinj.com\/blog\/2012\/08\/31\/ndertimi-i-rrugeve-leva-e-arkimedit-per-integrim\/","title":{"rendered":"Nd\u00ebrtimi i rrug\u00ebve: leva e Arkimedit p\u00ebr integrim &#8211; Video"},"content":{"rendered":"<p><a href=\"http:\/\/www.visit-ulcinj.com\/blog\/wp-content\/uploads\/2012\/08\/Berisha_Cungu.jpg\"><img loading=\"lazy\" class=\"alignleft size-full wp-image-63269\" title=\"Berisha_Cungu\" src=\"http:\/\/www.visit-ulcinj.com\/blog\/wp-content\/uploads\/2012\/08\/Berisha_Cungu.jpg\" alt=\"\" width=\"180\" height=\"205\" \/><\/a>Tre vite m\u00eb par\u00eb kur vum\u00eb Rrug\u00ebn Decan-Plav\u00eb-Vermosh-Tamar\u00eb-Podgoric\u00eb si nj\u00eb nd\u00ebr prioritetet e programit ton\u00eb politik, shum\u00eb qytetar\u00eb jan\u00eb tallur m\u00eb k\u00ebt\u00eb projekt. Disa kishin t\u00eb drejt\u00eb sepse partit\u00eb politike shqitpare nuk kan\u00eb pasur mund\u00ebsi t\u00eb promovojn\u00eb e shtyjn\u00eb p\u00ebrpara projekte m\u00eb t\u00eb vogla e jo m\u00eb t\u00eb besonin se ky projekt kaq i madh do t\u00eb ecte me t\u00eb v\u00ebrtet e do t\u00eb merrej seriozisht nga institucionet shtet\u00ebrore. Parrulla e Forc\u00ebs asokohe ishte Forca p\u00ebr integrim duke patur parasysh integrimin e pakic\u00ebs shqiptare brenda Malit t\u00eb Zi mes vetes, integrimin mbar\u00eb-komb\u00ebtar mes shqiptar\u00ebsh kudo q\u00eb jetojn\u00eb si dhe integrimi evropian n\u00eb p\u00ebrgjith\u00ebs.<\/p>\n<p>Vizita e kryer nga ministri shqiptar i transportit \u00a0, Z. Sokol Olldashi n\u00eb 4 gusht dhe deklarata e tij p\u00ebr angazhimin e qeveris\u00eb shqiptare p\u00ebr nd\u00ebrtimin e segmentit Hot-Tamar\u00eb-Vermosh i vuri n\u00eb nj\u00eb far m\u00ebnyre gurin e themelit nisjes s\u00eb realizimit t\u00eb k\u00ebtij projekti q\u00eb tre vite m\u00eb par\u00eb ishte fantazi. P\u00ebrfaq\u00ebsuesit e Forc\u00ebs s\u00eb Re Demokratike e kan\u00eb promovuar k\u00ebt\u00eb projekt jo vet\u00ebm n\u00eb takimet me zyrtar\u00ebt e lart\u00eb sikurse ka q\u00ebn\u00eb vizita e Z. Berisha n\u00eb komun\u00ebn e Ulqinit n\u00eb fillim t\u00eb vitit, por edhe n\u00ebp\u00ebr mediat kryesore t\u00eb t\u00eb treja shteteve t\u00eb p\u00ebrfshira. Kryeministri Berisha gjithnj\u00eb flet me pasion dhe entuziaz\u00ebm p\u00ebr r\u00ebnd\u00ebsine e nd\u00ebrtimit t\u00eb rrug\u00ebve duke i quajtur \u201cleva e Arkimedit p\u00ebr zhvillim\u201d. Kjo\u00a0 gj\u00eb na u konfirmuar prej tij edhe n\u00eb nj\u00eb takim informal q\u00eb pat\u00ebm me t\u00eb n\u00eb Tiran\u00eb n\u00eb 7 gusht . Ne jo vet\u00ebm q\u00eb e kemi p\u00ebrqafuar k\u00ebt\u00eb filozofi t\u00eb tij por mendojm\u00eb se p\u00ebr ne k\u00ebto rrug\u00eb jan\u00eb dyfish t\u00eb \u00e7muara , jo vet\u00ebm lev\u00eb p\u00ebr zhvillim por edhe p\u00ebr integrim.<\/p>\n<p>Kur ne e kemi promovuar k\u00ebt\u00eb projekt dhe kemi nisur ta vendosim si nj\u00eb nd\u00ebr pikat kryesore t\u00eb diskutimeve tona me drejtuesit e shtetit t\u00eb Malit t\u00eb Zi, Kosov\u00ebs dhe Shqip\u00ebris\u00eb kishim besim q\u00eb do t\u00eb ecte p\u00ebrpara e do t\u00eb materializohej sepse analizat tona d\u00ebshmonin se jo vet\u00ebm komuniteti shqiptar n\u00eb Malin e Zi por t\u00eb gjitha shtetet e p\u00ebrfshira do t\u00eb kishin interes t\u00eb madh tek kjo rrug\u00eb. Pra jo vet\u00ebm shqiptar\u00ebt e Plav\u00ebs dhe Gucis\u00eb si dhe t\u00eb Rozhaj\u00ebs do ken\u00eb mund\u00ebsi t\u00eb jen\u00eb m\u00eb af\u00ebr v\u00ebllez\u00ebrve t\u00eb tyre t\u00eb Mal\u00ebsis\u00eb dhe Ulqinit por edhe Podgorica, Prishtina dhe Tirana do t\u00eb p\u00ebrfitojn\u00eb nga kjo rrug\u00eb. Konkretisht Podgorica do t\u00eb lidhet shum\u00eb m\u00eb shpejt me Plav\u00eb-Gucin\u00eb, Andrijevic\u00ebn, Beran\u00ebn dhe Rozhaj\u00ebn n\u00ebse do t\u00eb futeshin n\u00eb territorin shqiptar n\u00eb Tamar\u00eb, t\u00eb ngjiteshin p\u00ebrgjat\u00eb lugin\u00ebs s\u00eb Cemit deri n\u00eb \u00a0Vermosh dhe mandej t\u00eb futeshin prap\u00eb n\u00eb territorin malazez p\u00ebr t\u00eb shkuar n\u00eb Guci. Kuptohet q\u00eb e gjith\u00eb zona e mbuluar do t\u00eb ket\u00eb mund\u00ebsi t\u00eb marr\u00eb frymarrje lirsh\u00ebm dhe t\u00eb nis t\u00eb zhvillohet ekonomia, t\u00eb nxitet turizmi e bujq\u00ebsia si dhe t\u00eb luftohet papun\u00ebsia dhe emigracioni.<br \/>\n<a href=\"http:\/\/www.visit-ulcinj.com\/blog\/wp-content\/uploads\/2012\/08\/Harta-e-kufirit-1.jpg\"><img loading=\"lazy\" class=\"alignleft  wp-image-63270\" title=\"Harta e kufirit 1\" src=\"http:\/\/www.visit-ulcinj.com\/blog\/wp-content\/uploads\/2012\/08\/Harta-e-kufirit-1.jpg\" alt=\"\" width=\"508\" height=\"550\" \/><\/a><br \/>\n<strong>\u00a0<\/strong>Paralelisht ne besojm\u00eb se ekzistojn\u00eb dy rrug\u00eb t\u00eb tjera nd\u00ebr-shtet\u00ebrore q\u00eb kan\u00eb potencial t\u00eb lart\u00eb p\u00ebr zhvillimin e trojeve shqiptare n\u00eb Malin e Zi dhe q\u00eb ne e kemi p\u00ebrfshir\u00eb tashm\u00eb n\u00eb takimet q\u00eb kemi pasur me zyrtar\u00eb t\u00eb lart\u00eb jo vet\u00ebm t\u00eb Malit t\u00eb Zi por edhe t\u00eb Shqip\u00ebris\u00eb. Konkretisht b\u00ebh\u00ebt fjal\u00eb p\u00ebr ur\u00ebn mbi bun\u00eb q\u00eb do mund\u00ebsoj\u00eb t\u00eb lidh Shtojin me Velipoj\u00ebn si dhe rrug\u00ebn Zogaj -Skje n\u00eb Kraj\u00eb dhe hapjen e pikave kufitare p\u00ebrkat\u00ebse. N\u00eb takimet zyrtare q\u00eb kemi pasur me kryetarin e bashkis\u00eb s\u00eb Tiran\u00ebs Z. Basha si dhe me ministrat Aldo Bumci dhe Flamur Noka ne kemi v\u00ebn\u00eb re se k\u00ebto dy projekte kan\u00eb ngjallur interes t\u00eb madh dhe jan\u00eb gjykuar se jan\u00eb shum\u00eb t\u00eb realizueshme.<\/p>\n<p>Rruga ekzistuese e asfaltuar nga Zogaj \u00ebsht\u00eb vet\u00ebm dy tre kilometra larg rrug\u00ebs s\u00eb asfaltuar n\u00eb Skje dhe pika kufitare \u00ebsht\u00eb leht\u00ebsisht e nd\u00ebrtueshme. Mjafton t\u00eb shikohen se sa shum\u00eb restorante e hotele t\u00eb vogla jan\u00eb nd\u00ebrtuar n\u00eb bregun liqenor t\u00eb Shirok\u00ebs dhesa t\u00eb shumt\u00eb j an\u00eb vizitor\u00ebt q\u00eb vejn\u00eb nga Shqip\u00ebria n\u00eb to p\u00ebr t\u00eb parashikuar se si do t\u00eb jet\u00eb impakti i rrug\u00ebs dhe pik\u00ebs s\u00eb re kufitare. Ky projekt do t\u00eb mund t\u00eb v\u00ebr\u00eb n\u00eb veprim potencialin turistik t\u00eb zon\u00ebs s\u00eb Kraj\u00ebs e cila p\u00ebr hir t\u00eb s\u00eb v\u00ebrtet\u00ebs ka nj\u00eb breg m\u00eb spektakular, me natyr\u00eb m\u00eb t\u00eb pasur e t\u00eb paprekur sesa bregu i Shqip\u00ebris\u00eb dhe padyshim ka p\u00ebr t\u00eb konkurruar menj\u00ebher\u00eb me pjes\u00ebn tjet\u00ebr t\u00eb liqenit. Jo vet\u00ebm q\u00eb krajan\u00ebt do ken\u00eb mund\u00ebsi t\u00eb presin vizitor\u00eb dhe t\u00eb p\u00ebrfitojn\u00eb nga sh\u00ebrbimet dhe mund\u00ebsit\u00eb e shumta q\u00eb ofron af\u00ebrsia me qytetin e Shkodr\u00ebs por do ken\u00eb mund\u00ebsi t\u00eb gjejn\u00eb treg t\u00eb madh p\u00ebr produktet bujq\u00ebsore dhe blegtorale t\u00eb tyre.<br \/>\n<a href=\"http:\/\/www.visit-ulcinj.com\/blog\/wp-content\/uploads\/2012\/08\/Harta-e-kufirit-21.jpg\"><img loading=\"lazy\" class=\"alignleft  wp-image-63273\" title=\"Harta e kufirit 2\" src=\"http:\/\/www.visit-ulcinj.com\/blog\/wp-content\/uploads\/2012\/08\/Harta-e-kufirit-21.jpg\" alt=\"\" width=\"508\" height=\"544\" \/><\/a><br \/>\n<strong>\u00a0<\/strong>Projekti tjet\u00ebr i cili m\u00eb t\u00eb v\u00ebrtet\u00eb ka p\u00ebr t\u00eb pasur nj\u00eb impakt t\u00eb \u00a0jasht\u00ebzakonsh\u00ebm zhvillimi n\u00eb mbar\u00eb Komun\u00ebn e Ulqinit ka p\u00ebr t\u00eb qen\u00eb nd\u00ebrtimi i nj\u00eb ure dhe pike kufitare n\u00eb Bun\u00eb dhe paralelisht nd\u00ebrtimi nga Republika e Shqip\u00ebris\u00eb e rrug\u00ebs Sh\u00ebngjin-Velipoj\u00eb. Ky projekt do t\u00eb mund\u00ebsoj\u00eb lidhjen m\u00eb t\u00eb shkurt\u00ebr t\u00eb mundshme mes Tiran\u00ebs dhe Ulqinit duke e b\u00ebr\u00eb larg\u00ebsin\u00eb n\u00eb aspektin kohor t\u00eb ngjashme me at\u00eb q\u00eb sot ka Ulqini prej Podgoric\u00ebs. Konkretisht sot duhet t\u00eb shkohet n\u00eb Shkod\u00ebr e pastaj prej Shkodr\u00ebs n\u00eb Tiran\u00eb n\u00eb nj\u00eb distanc\u00eb prej rreth 140 kilometra. Rrruga deri n\u00eb Sukobin \u00ebsht\u00eb kodrinore pra relativisht e v\u00ebshtir\u00eb dhe me shum\u00eb kthesa duke e b\u00ebr\u00eb edhe m\u00eb t\u00eb ngadalsh\u00ebm udh\u00ebtimin. Nj\u00eb rrug\u00eb q\u00eb vete prej Ulqinit n\u00eb Shtoj e mandej kalon Bun\u00ebn p\u00ebr t\u00eb shkuar n\u00eb Velipoj\u00eb e prej aty drejt Sh\u00ebngjinit e Tiran\u00ebs do e b\u00ebnte distanc\u00ebn rreth 95 km. Duke \u00a0patur parasysh q\u00eb rruga do jet\u00eb fushore dhe nj\u00eb pjes\u00eb e mir\u00eb e rrug\u00ebs Sh\u00ebngjin-Tiran\u00eb \u00ebsht\u00eb autostrad\u00eb, do t\u00eb jet\u00eb e mundur t\u00eb udh\u00ebtohet me nj\u00eb shpejt\u00ebsi t\u00eb lart\u00eb dhe n\u00eb m\u00ebnyr\u00eb shum\u00eb m\u00eb komode. K\u00ebshtu q\u00eb shum\u00eb turist\u00eb por edhe bashk\u00ebatdhetar\u00eb tan\u00eb t\u00eb diaspor\u00ebs do e ken\u00eb m\u00eb t\u00eb leht\u00eb p\u00ebr t\u00eb udh\u00ebtuar drejt Ulqinit prej aeroportit t\u00eb Rinasit i cili do jet\u00eb vet\u00ebm rreth 80 km larg Ulqinit dhe mund t\u00eb p\u00ebrshkrohet n\u00eb nj\u00eb or\u00eb.<br \/>\n<a href=\"http:\/\/www.visit-ulcinj.com\/blog\/wp-content\/uploads\/2012\/08\/Harta-e-kufirit-3.jpg\"><img loading=\"lazy\" class=\"alignleft  wp-image-63274\" title=\"Harta e kufirit 3\" src=\"http:\/\/www.visit-ulcinj.com\/blog\/wp-content\/uploads\/2012\/08\/Harta-e-kufirit-3.jpg\" alt=\"\" width=\"508\" height=\"552\" \/><\/a><br \/>\n<strong>\u00a0<\/strong>Ky projekt na afron \u00a0m\u00eb shum\u00eb me bashk\u00eb-atdhetar\u00ebt ton\u00eb, rrit m\u00eb shum\u00eb integrimin brenda kombit ton\u00eb, shton shk\u00ebmbimet kulturore, artistike, ekonomike, sociale dhe sportive duke e gjall\u00ebruar jet\u00ebn ton\u00eb. Kjo rrug\u00eb do t\u00eb ket\u00eb nj\u00eb impakt t\u00eb madh ekonomik sepse do ta integroj\u00eb bregdetin e Ulqinit me at\u00eb t\u00eb Shqip\u00ebris\u00eb duke e b\u00ebr\u00eb pjes\u00eb t\u00eb nj\u00eb tregu shum\u00eb m\u00eb t\u00eb madh e josh\u00ebs. Po ashtu turist\u00ebt q\u00eb do t\u00eb vijn\u00eb n\u00eb Ulqin do t\u00eb ken\u00eb mund\u00ebsi q\u00eb t\u00eb b\u00ebjn\u00eb vizita t\u00eb shkurtra n\u00ebp\u00ebr monumentet e \u00a0shumta kulturore dhe arkeologjike q\u00eb gjenden n\u00eb Shqip\u00ebri duke e b\u00ebr\u00eb ofert\u00ebn ton\u00eb turistike m\u00eb joshese dhe t\u00eb pasur p\u00ebr turistat e huaj. Rruga do t\u00eb ket\u00eb impakt ekonomik edhe jasht\u00eb sezonit turistik sepse kjo rrug\u00eb mund t\u00eb shnd\u00ebrrohet n\u00eb nj\u00eb korridor t\u00eb mir\u00ebfillt\u00eb t\u00eb komunikacionit tregtar midis Shqip\u00ebris\u00eb dhe veriut t\u00eb Evrop\u00ebs duke e b\u00ebr\u00eb Ulqinin nj\u00eb pik\u00eb t\u00eb r\u00ebndesishme tranziti t\u00eb transportit rrugor evropian. Q\u00eb tani nd\u00ebrtimi i rrug\u00ebs s\u00eb kombit q\u00eb lidh Durr\u00ebsin me Kosov\u00ebn nga qeveria e Tiran\u00ebs si dhe p\u00ebrmir\u00ebsimi i rrug\u00ebs s\u00eb Sukobin\u00ebs dhe pik\u00ebs s\u00eb saj kufitare ka b\u00ebr\u00eb q\u00eb numri i udh\u00ebtar\u00ebve q\u00eb shkojn\u00eb n\u00eb Kosov\u00eb n\u00ebp\u00ebrmjet komun\u00ebs son\u00eb t\u00eb rritet ndjesh\u00ebm. Imagjinoni sa do t\u00eb rrit\u00ebt qarkullimi kur projekti q\u00eb po promovojm\u00eb ne t\u00eb shnd\u00ebrrohet n\u00eb rrug\u00ebn m\u00eb t\u00eb shkurt\u00ebr tok\u00ebsore mes Shqip\u00ebris\u00eb dhe pjes\u00ebs tjet\u00ebr t\u00eb Evrop\u00ebs. Pra k\u00ebto dy projekte rrugore dhe pikat kufitare shoq\u00ebruese me to jan\u00eb mir\u00ebfilli jo vet\u00ebm leva arkimedi p\u00ebr zhvillimin ekonomik por edhe p\u00ebr integrimin e shqiptar\u00ebve dhe integrimin rajonal- evropian.<\/p>\n<p>Forca e re demokratike<br \/>\n<!--YouTube Error: bad URL entered--><\/p>\n","protected":false},"excerpt":{"rendered":"<p>Tre vite m\u00eb par\u00eb kur vum\u00eb Rrug\u00ebn Decan-Plav\u00eb-Vermosh-Tamar\u00eb-Podgoric\u00eb si nj\u00eb nd\u00ebr prioritetet e programit ton\u00eb politik, shum\u00eb qytetar\u00eb jan\u00eb tallur m\u00eb k\u00ebt\u00eb projekt. Disa kishin t\u00eb drejt\u00eb sepse partit\u00eb politike shqitpare nuk kan\u00eb pasur mund\u00ebsi t\u00eb promovojn\u00eb e shtyjn\u00eb p\u00ebrpara projekte m\u00eb t\u00eb vogla e jo m\u00eb t\u00eb besonin se ky projekt kaq i madh [&hellip;]<\/p>\n","protected":false},"author":1,"featured_media":0,"comment_status":"open","ping_status":"closed","sticky":false,"template":"","format":"standard","meta":{"spay_email":"","jetpack_publicize_message":"","jetpack_is_tweetstorm":false,"jetpack_publicize_feature_enabled":true},"categories":[1,6950],"tags":[2608,117,200,18],"jetpack_publicize_connections":[],"yoast_head":"<!-- This site is optimized with the Yoast SEO plugin v19.1 - https:\/\/yoast.com\/wordpress\/plugins\/seo\/ -->\n<title>Nd\u00ebrtimi i rrug\u00ebve: leva e Arkimedit p\u00ebr integrim - Video - Lajme nga Ulqini<\/title>\n<meta name=\"description\" content=\"Tre vite m\u00eb par\u00eb kur vum\u00eb Rrug\u00ebn Decan-Plav\u00eb-Vermosh-Tamar\u00eb-Podgoric\u00eb si nj\u00eb nd\u00ebr prioritetet e programit ton\u00eb politik, shum\u00eb qytetar\u00eb jan\u00eb tallur m\u00eb k\u00ebt\u00eb\" \/>\n<meta name=\"robots\" content=\"index, follow, max-snippet:-1, max-image-preview:large, max-video-preview:-1\" \/>\n<link rel=\"canonical\" href=\"https:\/\/www.visit-ulcinj.com\/blog\/2012\/08\/31\/ndertimi-i-rrugeve-leva-e-arkimedit-per-integrim\/\" \/>\n<meta property=\"og:locale\" content=\"en_US\" \/>\n<meta property=\"og:type\" content=\"article\" \/>\n<meta property=\"og:title\" content=\"Nd\u00ebrtimi i rrug\u00ebve: leva e Arkimedit p\u00ebr integrim - Video - Lajme nga Ulqini\" \/>\n<meta property=\"og:description\" content=\"Tre vite m\u00eb par\u00eb kur vum\u00eb Rrug\u00ebn Decan-Plav\u00eb-Vermosh-Tamar\u00eb-Podgoric\u00eb si nj\u00eb nd\u00ebr prioritetet e programit ton\u00eb politik, shum\u00eb qytetar\u00eb jan\u00eb tallur m\u00eb k\u00ebt\u00eb\" \/>\n<meta property=\"og:url\" content=\"https:\/\/www.visit-ulcinj.com\/blog\/2012\/08\/31\/ndertimi-i-rrugeve-leva-e-arkimedit-per-integrim\/\" \/>\n<meta property=\"og:site_name\" content=\"Lajme nga Ulqini\" \/>\n<meta property=\"article:published_time\" content=\"2012-08-31T21:44:06+00:00\" \/>\n<meta property=\"article:modified_time\" content=\"2012-09-03T18:24:53+00:00\" \/>\n<meta property=\"og:image\" content=\"http:\/\/www.visit-ulcinj.com\/blog\/wp-content\/uploads\/2012\/08\/Berisha_Cungu.jpg\" \/>\n<meta name=\"twitter:label1\" content=\"Written by\" \/>\n\t<meta name=\"twitter:data1\" content=\"ulqini\" \/>\n\t<meta name=\"twitter:label2\" content=\"Est. reading time\" \/>\n\t<meta name=\"twitter:data2\" content=\"7 minutes\" \/>\n<script type=\"application\/ld+json\" class=\"yoast-schema-graph\">{\"@context\":\"https:\/\/schema.org\",\"@graph\":[{\"@type\":\"WebSite\",\"@id\":\"https:\/\/www.visit-ulcinj.com\/blog\/#website\",\"url\":\"https:\/\/www.visit-ulcinj.com\/blog\/\",\"name\":\"Lajme nga Ulqini\",\"description\":\"Lajme,Vijesti,Ulqini,Ulqin,Crna Gora,Mali i Zi\",\"potentialAction\":[{\"@type\":\"SearchAction\",\"target\":{\"@type\":\"EntryPoint\",\"urlTemplate\":\"https:\/\/www.visit-ulcinj.com\/blog\/?s={search_term_string}\"},\"query-input\":\"required name=search_term_string\"}],\"inLanguage\":\"en-US\"},{\"@type\":\"ImageObject\",\"inLanguage\":\"en-US\",\"@id\":\"https:\/\/www.visit-ulcinj.com\/blog\/2012\/08\/31\/ndertimi-i-rrugeve-leva-e-arkimedit-per-integrim\/#primaryimage\",\"url\":\"https:\/\/www.visit-ulcinj.com\/blog\/wp-content\/uploads\/2012\/08\/Berisha_Cungu.jpg\",\"contentUrl\":\"https:\/\/www.visit-ulcinj.com\/blog\/wp-content\/uploads\/2012\/08\/Berisha_Cungu.jpg\",\"width\":\"180\",\"height\":\"205\"},{\"@type\":\"WebPage\",\"@id\":\"https:\/\/www.visit-ulcinj.com\/blog\/2012\/08\/31\/ndertimi-i-rrugeve-leva-e-arkimedit-per-integrim\/#webpage\",\"url\":\"https:\/\/www.visit-ulcinj.com\/blog\/2012\/08\/31\/ndertimi-i-rrugeve-leva-e-arkimedit-per-integrim\/\",\"name\":\"Nd\u00ebrtimi i rrug\u00ebve: leva e Arkimedit p\u00ebr integrim - Video - Lajme nga Ulqini\",\"isPartOf\":{\"@id\":\"https:\/\/www.visit-ulcinj.com\/blog\/#website\"},\"primaryImageOfPage\":{\"@id\":\"https:\/\/www.visit-ulcinj.com\/blog\/2012\/08\/31\/ndertimi-i-rrugeve-leva-e-arkimedit-per-integrim\/#primaryimage\"},\"datePublished\":\"2012-08-31T21:44:06+00:00\",\"dateModified\":\"2012-09-03T18:24:53+00:00\",\"author\":{\"@id\":\"https:\/\/www.visit-ulcinj.com\/blog\/#\/schema\/person\/dcab619c614d3038751c63bc2aadc06d\"},\"description\":\"Tre vite m\u00eb par\u00eb kur vum\u00eb Rrug\u00ebn Decan-Plav\u00eb-Vermosh-Tamar\u00eb-Podgoric\u00eb si nj\u00eb nd\u00ebr prioritetet e programit ton\u00eb politik, shum\u00eb qytetar\u00eb jan\u00eb tallur m\u00eb k\u00ebt\u00eb\",\"breadcrumb\":{\"@id\":\"https:\/\/www.visit-ulcinj.com\/blog\/2012\/08\/31\/ndertimi-i-rrugeve-leva-e-arkimedit-per-integrim\/#breadcrumb\"},\"inLanguage\":\"en-US\",\"potentialAction\":[{\"@type\":\"ReadAction\",\"target\":[\"https:\/\/www.visit-ulcinj.com\/blog\/2012\/08\/31\/ndertimi-i-rrugeve-leva-e-arkimedit-per-integrim\/\"]}]},{\"@type\":\"BreadcrumbList\",\"@id\":\"https:\/\/www.visit-ulcinj.com\/blog\/2012\/08\/31\/ndertimi-i-rrugeve-leva-e-arkimedit-per-integrim\/#breadcrumb\",\"itemListElement\":[{\"@type\":\"ListItem\",\"position\":1,\"name\":\"Nd\u00ebrtimi i rrug\u00ebve: leva e Arkimedit p\u00ebr integrim &#8211; Video\"}]},{\"@type\":\"Person\",\"@id\":\"https:\/\/www.visit-ulcinj.com\/blog\/#\/schema\/person\/dcab619c614d3038751c63bc2aadc06d\",\"name\":\"ulqini\",\"sameAs\":[\"http:\/\/www.visit-ulcinj.com\"],\"url\":\"https:\/\/www.visit-ulcinj.com\/blog\/author\/admin\/\"}]}<\/script>\n<!-- \/ Yoast SEO plugin. -->","yoast_head_json":{"title":"Nd\u00ebrtimi i rrug\u00ebve: leva e Arkimedit p\u00ebr integrim - Video - Lajme nga Ulqini","description":"Tre vite m\u00eb par\u00eb kur vum\u00eb Rrug\u00ebn Decan-Plav\u00eb-Vermosh-Tamar\u00eb-Podgoric\u00eb si nj\u00eb nd\u00ebr prioritetet e programit ton\u00eb politik, shum\u00eb qytetar\u00eb jan\u00eb tallur m\u00eb k\u00ebt\u00eb","robots":{"index":"index","follow":"follow","max-snippet":"max-snippet:-1","max-image-preview":"max-image-preview:large","max-video-preview":"max-video-preview:-1"},"canonical":"https:\/\/www.visit-ulcinj.com\/blog\/2012\/08\/31\/ndertimi-i-rrugeve-leva-e-arkimedit-per-integrim\/","og_locale":"en_US","og_type":"article","og_title":"Nd\u00ebrtimi i rrug\u00ebve: leva e Arkimedit p\u00ebr integrim - Video - Lajme nga Ulqini","og_description":"Tre vite m\u00eb par\u00eb kur vum\u00eb Rrug\u00ebn Decan-Plav\u00eb-Vermosh-Tamar\u00eb-Podgoric\u00eb si nj\u00eb nd\u00ebr prioritetet e programit ton\u00eb politik, shum\u00eb qytetar\u00eb jan\u00eb tallur m\u00eb k\u00ebt\u00eb","og_url":"https:\/\/www.visit-ulcinj.com\/blog\/2012\/08\/31\/ndertimi-i-rrugeve-leva-e-arkimedit-per-integrim\/","og_site_name":"Lajme nga Ulqini","article_published_time":"2012-08-31T21:44:06+00:00","article_modified_time":"2012-09-03T18:24:53+00:00","og_image":[{"url":"http:\/\/www.visit-ulcinj.com\/blog\/wp-content\/uploads\/2012\/08\/Berisha_Cungu.jpg"}],"twitter_misc":{"Written by":"ulqini","Est. reading time":"7 minutes"},"schema":{"@context":"https:\/\/schema.org","@graph":[{"@type":"WebSite","@id":"https:\/\/www.visit-ulcinj.com\/blog\/#website","url":"https:\/\/www.visit-ulcinj.com\/blog\/","name":"Lajme nga Ulqini","description":"Lajme,Vijesti,Ulqini,Ulqin,Crna Gora,Mali i Zi","potentialAction":[{"@type":"SearchAction","target":{"@type":"EntryPoint","urlTemplate":"https:\/\/www.visit-ulcinj.com\/blog\/?s={search_term_string}"},"query-input":"required name=search_term_string"}],"inLanguage":"en-US"},{"@type":"ImageObject","inLanguage":"en-US","@id":"https:\/\/www.visit-ulcinj.com\/blog\/2012\/08\/31\/ndertimi-i-rrugeve-leva-e-arkimedit-per-integrim\/#primaryimage","url":"https:\/\/www.visit-ulcinj.com\/blog\/wp-content\/uploads\/2012\/08\/Berisha_Cungu.jpg","contentUrl":"https:\/\/www.visit-ulcinj.com\/blog\/wp-content\/uploads\/2012\/08\/Berisha_Cungu.jpg","width":"180","height":"205"},{"@type":"WebPage","@id":"https:\/\/www.visit-ulcinj.com\/blog\/2012\/08\/31\/ndertimi-i-rrugeve-leva-e-arkimedit-per-integrim\/#webpage","url":"https:\/\/www.visit-ulcinj.com\/blog\/2012\/08\/31\/ndertimi-i-rrugeve-leva-e-arkimedit-per-integrim\/","name":"Nd\u00ebrtimi i rrug\u00ebve: leva e Arkimedit p\u00ebr integrim - Video - Lajme nga Ulqini","isPartOf":{"@id":"https:\/\/www.visit-ulcinj.com\/blog\/#website"},"primaryImageOfPage":{"@id":"https:\/\/www.visit-ulcinj.com\/blog\/2012\/08\/31\/ndertimi-i-rrugeve-leva-e-arkimedit-per-integrim\/#primaryimage"},"datePublished":"2012-08-31T21:44:06+00:00","dateModified":"2012-09-03T18:24:53+00:00","author":{"@id":"https:\/\/www.visit-ulcinj.com\/blog\/#\/schema\/person\/dcab619c614d3038751c63bc2aadc06d"},"description":"Tre vite m\u00eb par\u00eb kur vum\u00eb Rrug\u00ebn Decan-Plav\u00eb-Vermosh-Tamar\u00eb-Podgoric\u00eb si nj\u00eb nd\u00ebr prioritetet e programit ton\u00eb politik, shum\u00eb qytetar\u00eb jan\u00eb tallur m\u00eb k\u00ebt\u00eb","breadcrumb":{"@id":"https:\/\/www.visit-ulcinj.com\/blog\/2012\/08\/31\/ndertimi-i-rrugeve-leva-e-arkimedit-per-integrim\/#breadcrumb"},"inLanguage":"en-US","potentialAction":[{"@type":"ReadAction","target":["https:\/\/www.visit-ulcinj.com\/blog\/2012\/08\/31\/ndertimi-i-rrugeve-leva-e-arkimedit-per-integrim\/"]}]},{"@type":"BreadcrumbList","@id":"https:\/\/www.visit-ulcinj.com\/blog\/2012\/08\/31\/ndertimi-i-rrugeve-leva-e-arkimedit-per-integrim\/#breadcrumb","itemListElement":[{"@type":"ListItem","position":1,"name":"Nd\u00ebrtimi i rrug\u00ebve: leva e Arkimedit p\u00ebr integrim &#8211; Video"}]},{"@type":"Person","@id":"https:\/\/www.visit-ulcinj.com\/blog\/#\/schema\/person\/dcab619c614d3038751c63bc2aadc06d","name":"ulqini","sameAs":["http:\/\/www.visit-ulcinj.com"],"url":"https:\/\/www.visit-ulcinj.com\/blog\/author\/admin\/"}]}},"jetpack_featured_media_url":"","jetpack_sharing_enabled":true,"jetpack_shortlink":"https:\/\/wp.me\/pe6lTn-gss","_links":{"self":[{"href":"https:\/\/www.visit-ulcinj.com\/blog\/wp-json\/wp\/v2\/posts\/63268"}],"collection":[{"href":"https:\/\/www.visit-ulcinj.com\/blog\/wp-json\/wp\/v2\/posts"}],"about":[{"href":"https:\/\/www.visit-ulcinj.com\/blog\/wp-json\/wp\/v2\/types\/post"}],"author":[{"embeddable":true,"href":"https:\/\/www.visit-ulcinj.com\/blog\/wp-json\/wp\/v2\/users\/1"}],"replies":[{"embeddable":true,"href":"https:\/\/www.visit-ulcinj.com\/blog\/wp-json\/wp\/v2\/comments?post=63268"}],"version-history":[{"count":5,"href":"https:\/\/www.visit-ulcinj.com\/blog\/wp-json\/wp\/v2\/posts\/63268\/revisions"}],"predecessor-version":[{"id":63327,"href":"https:\/\/www.visit-ulcinj.com\/blog\/wp-json\/wp\/v2\/posts\/63268\/revisions\/63327"}],"wp:attachment":[{"href":"https:\/\/www.visit-ulcinj.com\/blog\/wp-json\/wp\/v2\/media?parent=63268"}],"wp:term":[{"taxonomy":"category","embeddable":true,"href":"https:\/\/www.visit-ulcinj.com\/blog\/wp-json\/wp\/v2\/categories?post=63268"},{"taxonomy":"post_tag","embeddable":true,"href":"https:\/\/www.visit-ulcinj.com\/blog\/wp-json\/wp\/v2\/tags?post=63268"}],"curies":[{"name":"wp","href":"https:\/\/api.w.org\/{rel}","templated":true}]}}