{"id":63295,"date":"2012-09-02T11:10:00","date_gmt":"2012-09-02T10:10:00","guid":{"rendered":"http:\/\/www.visit-ulcinj.com\/blog\/?p=63295"},"modified":"2012-09-02T11:10:00","modified_gmt":"2012-09-02T10:10:00","slug":"big-basta-ja-pse-u-largova-nga-big-city-studios","status":"publish","type":"post","link":"https:\/\/www.visit-ulcinj.com\/blog\/2012\/09\/02\/big-basta-ja-pse-u-largova-nga-big-city-studios\/","title":{"rendered":"Big Basta: Ja pse u largova nga \u201cBig City Studio\u2019s\u201d"},"content":{"rendered":"<p><a href=\"http:\/\/www.visit-ulcinj.com\/blog\/wp-content\/uploads\/2012\/09\/big-basta.jpg\"><img loading=\"lazy\" class=\"alignleft  wp-image-63296\" title=\"big basta\" src=\"http:\/\/www.visit-ulcinj.com\/blog\/wp-content\/uploads\/2012\/09\/big-basta.jpg\" alt=\"\" width=\"508\" height=\"360\" \/><\/a>Reperi i mir\u00ebnjohur Big Basta, duket se nuk do t\u00eb jet\u00eb m\u00eb pjes\u00eb e studio Big City Studio\u2019s. N\u00eb nj\u00eb intervist\u00eb p\u00ebr suplementin THASH&amp;THEM, Big Basta rr\u00ebfen ekskluzivisht arsyet e largimit nga kjo studio muzikore dhe planet e ardhshme p\u00ebr krijimin e nj\u00eb tjet\u00ebr studioje muzikore, q\u00eb pritet t\u00eb jet\u00eb m\u00eb e madhe dhe me m\u00eb shum\u00eb artist\u00eb t\u00eb njohur, por edhe emra t\u00eb rinj q\u00eb do ti bashkangjiten sken\u00ebs shqiptare. Reperi i mir\u00ebnjohur flet gjithashtu edhe p\u00ebr pushimet e tij jasht\u00eb shtetit me t\u00eb dashur\u00ebn dhe nj\u00ebkohesisht k\u00ebng\u00ebtaren kosovare, Vesa Luma me t\u00eb cil\u00ebn \u00ebsht\u00eb prej shum\u00eb koh\u00ebsh n\u00eb nj\u00eb lidhje, t\u00eb cil\u00ebn kan\u00eb preferuar ta mbajn\u00eb t\u00eb fsheht\u00eb. N\u00eb muajin korrik Big Basta, n\u00ebn sigl\u00ebn e \u201cBig City Studio\u2019s\u201d, nxorri n\u00eb treg edhe albumin e tij t\u00eb dyt\u00eb \u201cRadio and Club\u201d, i cili u promovua n\u00eb Prishtin\u00eb dhe n\u00eb Tiran\u00eb.<\/p>\n<p><strong>Big Basta, pse vendos\u00ebt t\u00eb shk\u00ebputeshit nga \u201c Big City Studio\u2019s\u201d?<\/strong><\/p>\n<p>U largova sepse dua t\u00eb hedh hapa m\u00eb t\u00eb forta dhe m\u00eb t\u00eb sigurta n\u00eb fush\u00ebn e Hip-Hopit. Pra n\u00eb k\u00ebt\u00eb drejtim dua t\u00eb jem m\u00eb internacional.<\/p>\n<p><strong>Dhe k\u00ebt\u00eb gj\u00eb nuk mund ta realizonit me \u201cBig City Studio\u2019s\u201d?<\/strong><\/p>\n<p>Jo sepse un\u00eb kur e u b\u00ebra pjes\u00eb e k\u00ebsaj studioje doja q\u00eb ajo t\u00eb ishte gjith\u00ebp\u00ebrfshir\u00ebse dhe mos t\u00eb kishte inate mes artist\u00ebve. Un\u00eb jam kund\u00ebr mbajtjes s\u00eb inateve mes artist\u00ebve, sepse n\u00eb fund t\u00eb fundit artisti duhet t\u00eb jet\u00eb artist dhe mjaft i moderuar. Edhe pse duhet t\u00eb pranuar q\u00eb Shqip\u00ebria, nuk ka \u201c Vipa\u201d t\u00eb mir\u00ebfillt\u00eb. Ndaj n\u00eb k\u00ebt\u00eb m\u00ebnyr\u00eb vendosa t\u00eb heq dor\u00eb t\u00eb filloj gjith\u00e7ka nga e para.<\/p>\n<p><strong>Do t\u00eb hapni nj\u00eb studio t\u00eb re muzikore?<\/strong><\/p>\n<p>Patjet\u00ebr q\u00eb po. Do t\u00eb b\u00ebj di\u00e7ka tjet\u00ebr dhe sigurisht akoma m\u00eb t\u00eb madhe. Do t\u00eb jet\u00eb nj\u00eb studio e re muzikore, por artist\u00ebt me t\u00eb cil\u00ebt un\u00eb do t\u00eb punoj\u00eb do t\u00eb jen\u00eb emra t\u00eb njohur t\u00eb sken\u00ebs shqiptare. Nuk do t\u00eb mungojn\u00eb nj\u00ebkoh\u00ebsisht edhe emra t\u00eb rinj, q\u00eb me talentin e tyre pritet t\u00eb b\u00ebjn\u00eb sukses dhe ti bashkangjiten artit shqiptar. Duhet t\u00eb b\u00ebjm\u00eb gj\u00ebra t\u00eb mira dhe t\u00eb ndihmojm\u00eb q\u00eb arti shqiptar t\u00eb ec\u00eb p\u00ebrpara.<\/p>\n<p><strong>Keni menduar p\u00ebr emrin e ri t\u00eb studios?<\/strong><\/p>\n<p>Po (qesh).. dhe po e them ekskluzivisht p\u00ebr TH&amp;TH. Studio ime e re do t\u00eb \u00e7elet n\u00eb fundin e muajit shtator ose n\u00eb fillim t\u00eb tetorit, dhe jemi duke punuar aktualisht me t\u00eb. Ajo do t\u00eb quhet \u201c 042 Zone\u201d dhe p\u00ebr dizanjin e saj, jan\u00eb duke punuar shum\u00eb fansa t\u00eb mit\u00eb n\u00eb Facebook dhe T\u00ebitter. N\u00ebp\u00ebrmjet nj\u00eb statusi n\u00eb k\u00ebto rrjete sociale, un\u00eb u kam k\u00ebrkuar atyre q\u00eb ta dizenjonin logon e saj dhe m\u00eb besoni q\u00eb kam marr\u00eb me qindra, logo dhe ide. Ndihem shum\u00eb i lumtur q\u00eb fansat e mi jan\u00eb angazhuar p\u00ebr projektin tim t\u00eb re, ndaj dhe gjej rastin ti falenderoj\u00eb pa mas\u00eb. \u00cbsht\u00eb shum\u00eb bukur kur ke pran\u00eb njer\u00ebz q\u00eb t\u00eb duan dhe aq m\u00eb tep\u00ebr fansat e tu.<\/p>\n<p><strong>Pra nuk keni patur koh\u00eb t\u00eb pushoni n\u00eb k\u00ebto dit\u00eb t\u00eb nxehta vere?<\/strong><\/p>\n<p>Kam pushuar me familjen time n\u00eb Sarand\u00eb, por kemi preferuar t\u00eb kalojm\u00eb edhe disa dit\u00eb n\u00eb Korfuz.<\/p>\n<p><strong>Po me Ves\u00ebn keni pushuar?<\/strong><\/p>\n<p>Edhe me Ves\u00ebn sigurisht. Vet\u00ebm se me Ves\u00ebn preferuam ti kalonim pushimet jasht\u00eb vendit dhe pik\u00ebrisht n\u00eb Itali. Pa m\u00eb pyetur ju (qesh), mund t\u00eb them se pushimet shkuan shum\u00eb mir\u00eb.<\/p>\n<p><strong>Si po ec\u00ebn lidhja juaj?<\/strong><\/p>\n<p>\u00cbsht\u00eb duke ecur n\u00eb rrug\u00ebn e duhur, t\u00eb dy ndihemi mir\u00eb me nj\u00ebri-tjetrin (qesh).<\/p>\n<p>Su\/ Shqiptarja.com<br \/>\n<!--YouTube Error: bad URL entered--><\/p>\n","protected":false},"excerpt":{"rendered":"<p>Reperi i mir\u00ebnjohur Big Basta, duket se nuk do t\u00eb jet\u00eb m\u00eb pjes\u00eb e studio Big City Studio\u2019s. N\u00eb nj\u00eb intervist\u00eb p\u00ebr suplementin THASH&amp;THEM, Big Basta rr\u00ebfen ekskluzivisht arsyet e largimit nga kjo studio muzikore dhe planet e ardhshme p\u00ebr krijimin e nj\u00eb tjet\u00ebr studioje muzikore, q\u00eb pritet t\u00eb jet\u00eb m\u00eb e madhe dhe me [&hellip;]<\/p>\n","protected":false},"author":1,"featured_media":0,"comment_status":"open","ping_status":"closed","sticky":false,"template":"","format":"standard","meta":{"spay_email":"","jetpack_publicize_message":"","jetpack_is_tweetstorm":false,"jetpack_publicize_feature_enabled":true},"categories":[1],"tags":[16708,19677,19806,16036,19514,19511,4684,19460],"jetpack_publicize_connections":[],"yoast_head":"<!-- This site is optimized with the Yoast SEO plugin v19.1 - https:\/\/yoast.com\/wordpress\/plugins\/seo\/ -->\n<title>Big Basta: Ja pse u largova nga \u201cBig City Studio\u2019s\u201d - Lajme nga Ulqini<\/title>\n<meta name=\"description\" content=\"Reperi i mir\u00ebnjohur Big Basta, duket se nuk do t\u00eb jet\u00eb m\u00eb pjes\u00eb e studio Big City Studio\u2019s. N\u00eb nj\u00eb intervist\u00eb p\u00ebr suplementin THASH&amp;THEM, Big Basta\" \/>\n<meta name=\"robots\" content=\"index, follow, max-snippet:-1, max-image-preview:large, max-video-preview:-1\" \/>\n<link rel=\"canonical\" href=\"https:\/\/www.visit-ulcinj.com\/blog\/2012\/09\/02\/big-basta-ja-pse-u-largova-nga-big-city-studios\/\" \/>\n<meta property=\"og:locale\" content=\"en_US\" \/>\n<meta property=\"og:type\" content=\"article\" \/>\n<meta property=\"og:title\" content=\"Big Basta: Ja pse u largova nga \u201cBig City Studio\u2019s\u201d - Lajme nga Ulqini\" \/>\n<meta property=\"og:description\" content=\"Reperi i mir\u00ebnjohur Big Basta, duket se nuk do t\u00eb jet\u00eb m\u00eb pjes\u00eb e studio Big City Studio\u2019s. N\u00eb nj\u00eb intervist\u00eb p\u00ebr suplementin THASH&amp;THEM, Big Basta\" \/>\n<meta property=\"og:url\" content=\"https:\/\/www.visit-ulcinj.com\/blog\/2012\/09\/02\/big-basta-ja-pse-u-largova-nga-big-city-studios\/\" \/>\n<meta property=\"og:site_name\" content=\"Lajme nga Ulqini\" \/>\n<meta property=\"article:published_time\" content=\"2012-09-02T10:10:00+00:00\" \/>\n<meta property=\"og:image\" content=\"http:\/\/www.visit-ulcinj.com\/blog\/wp-content\/uploads\/2012\/09\/big-basta.jpg\" \/>\n<meta name=\"twitter:label1\" content=\"Written by\" \/>\n\t<meta name=\"twitter:data1\" content=\"ulqini\" \/>\n\t<meta name=\"twitter:label2\" content=\"Est. reading time\" \/>\n\t<meta name=\"twitter:data2\" content=\"3 minutes\" \/>\n<script type=\"application\/ld+json\" class=\"yoast-schema-graph\">{\"@context\":\"https:\/\/schema.org\",\"@graph\":[{\"@type\":\"WebSite\",\"@id\":\"https:\/\/www.visit-ulcinj.com\/blog\/#website\",\"url\":\"https:\/\/www.visit-ulcinj.com\/blog\/\",\"name\":\"Lajme nga Ulqini\",\"description\":\"Lajme,Vijesti,Ulqini,Ulqin,Crna Gora,Mali i Zi\",\"potentialAction\":[{\"@type\":\"SearchAction\",\"target\":{\"@type\":\"EntryPoint\",\"urlTemplate\":\"https:\/\/www.visit-ulcinj.com\/blog\/?s={search_term_string}\"},\"query-input\":\"required name=search_term_string\"}],\"inLanguage\":\"en-US\"},{\"@type\":\"ImageObject\",\"inLanguage\":\"en-US\",\"@id\":\"https:\/\/www.visit-ulcinj.com\/blog\/2012\/09\/02\/big-basta-ja-pse-u-largova-nga-big-city-studios\/#primaryimage\",\"url\":\"http:\/\/www.visit-ulcinj.com\/blog\/wp-content\/uploads\/2012\/09\/big-basta.jpg\",\"contentUrl\":\"http:\/\/www.visit-ulcinj.com\/blog\/wp-content\/uploads\/2012\/09\/big-basta.jpg\"},{\"@type\":\"WebPage\",\"@id\":\"https:\/\/www.visit-ulcinj.com\/blog\/2012\/09\/02\/big-basta-ja-pse-u-largova-nga-big-city-studios\/#webpage\",\"url\":\"https:\/\/www.visit-ulcinj.com\/blog\/2012\/09\/02\/big-basta-ja-pse-u-largova-nga-big-city-studios\/\",\"name\":\"Big Basta: Ja pse u largova nga \u201cBig City Studio\u2019s\u201d - Lajme nga Ulqini\",\"isPartOf\":{\"@id\":\"https:\/\/www.visit-ulcinj.com\/blog\/#website\"},\"primaryImageOfPage\":{\"@id\":\"https:\/\/www.visit-ulcinj.com\/blog\/2012\/09\/02\/big-basta-ja-pse-u-largova-nga-big-city-studios\/#primaryimage\"},\"datePublished\":\"2012-09-02T10:10:00+00:00\",\"dateModified\":\"2012-09-02T10:10:00+00:00\",\"author\":{\"@id\":\"https:\/\/www.visit-ulcinj.com\/blog\/#\/schema\/person\/dcab619c614d3038751c63bc2aadc06d\"},\"description\":\"Reperi i mir\u00ebnjohur Big Basta, duket se nuk do t\u00eb jet\u00eb m\u00eb pjes\u00eb e studio Big City Studio\u2019s. N\u00eb nj\u00eb intervist\u00eb p\u00ebr suplementin THASH&amp;THEM, Big Basta\",\"breadcrumb\":{\"@id\":\"https:\/\/www.visit-ulcinj.com\/blog\/2012\/09\/02\/big-basta-ja-pse-u-largova-nga-big-city-studios\/#breadcrumb\"},\"inLanguage\":\"en-US\",\"potentialAction\":[{\"@type\":\"ReadAction\",\"target\":[\"https:\/\/www.visit-ulcinj.com\/blog\/2012\/09\/02\/big-basta-ja-pse-u-largova-nga-big-city-studios\/\"]}]},{\"@type\":\"BreadcrumbList\",\"@id\":\"https:\/\/www.visit-ulcinj.com\/blog\/2012\/09\/02\/big-basta-ja-pse-u-largova-nga-big-city-studios\/#breadcrumb\",\"itemListElement\":[{\"@type\":\"ListItem\",\"position\":1,\"name\":\"Big Basta: Ja pse u largova nga \u201cBig City Studio\u2019s\u201d\"}]},{\"@type\":\"Person\",\"@id\":\"https:\/\/www.visit-ulcinj.com\/blog\/#\/schema\/person\/dcab619c614d3038751c63bc2aadc06d\",\"name\":\"ulqini\",\"sameAs\":[\"http:\/\/www.visit-ulcinj.com\"],\"url\":\"https:\/\/www.visit-ulcinj.com\/blog\/author\/admin\/\"}]}<\/script>\n<!-- \/ Yoast SEO plugin. -->","yoast_head_json":{"title":"Big Basta: Ja pse u largova nga \u201cBig City Studio\u2019s\u201d - Lajme nga Ulqini","description":"Reperi i mir\u00ebnjohur Big Basta, duket se nuk do t\u00eb jet\u00eb m\u00eb pjes\u00eb e studio Big City Studio\u2019s. N\u00eb nj\u00eb intervist\u00eb p\u00ebr suplementin THASH&amp;THEM, Big Basta","robots":{"index":"index","follow":"follow","max-snippet":"max-snippet:-1","max-image-preview":"max-image-preview:large","max-video-preview":"max-video-preview:-1"},"canonical":"https:\/\/www.visit-ulcinj.com\/blog\/2012\/09\/02\/big-basta-ja-pse-u-largova-nga-big-city-studios\/","og_locale":"en_US","og_type":"article","og_title":"Big Basta: Ja pse u largova nga \u201cBig City Studio\u2019s\u201d - Lajme nga Ulqini","og_description":"Reperi i mir\u00ebnjohur Big Basta, duket se nuk do t\u00eb jet\u00eb m\u00eb pjes\u00eb e studio Big City Studio\u2019s. N\u00eb nj\u00eb intervist\u00eb p\u00ebr suplementin THASH&amp;THEM, Big Basta","og_url":"https:\/\/www.visit-ulcinj.com\/blog\/2012\/09\/02\/big-basta-ja-pse-u-largova-nga-big-city-studios\/","og_site_name":"Lajme nga Ulqini","article_published_time":"2012-09-02T10:10:00+00:00","og_image":[{"url":"http:\/\/www.visit-ulcinj.com\/blog\/wp-content\/uploads\/2012\/09\/big-basta.jpg"}],"twitter_misc":{"Written by":"ulqini","Est. reading time":"3 minutes"},"schema":{"@context":"https:\/\/schema.org","@graph":[{"@type":"WebSite","@id":"https:\/\/www.visit-ulcinj.com\/blog\/#website","url":"https:\/\/www.visit-ulcinj.com\/blog\/","name":"Lajme nga Ulqini","description":"Lajme,Vijesti,Ulqini,Ulqin,Crna Gora,Mali i Zi","potentialAction":[{"@type":"SearchAction","target":{"@type":"EntryPoint","urlTemplate":"https:\/\/www.visit-ulcinj.com\/blog\/?s={search_term_string}"},"query-input":"required name=search_term_string"}],"inLanguage":"en-US"},{"@type":"ImageObject","inLanguage":"en-US","@id":"https:\/\/www.visit-ulcinj.com\/blog\/2012\/09\/02\/big-basta-ja-pse-u-largova-nga-big-city-studios\/#primaryimage","url":"http:\/\/www.visit-ulcinj.com\/blog\/wp-content\/uploads\/2012\/09\/big-basta.jpg","contentUrl":"http:\/\/www.visit-ulcinj.com\/blog\/wp-content\/uploads\/2012\/09\/big-basta.jpg"},{"@type":"WebPage","@id":"https:\/\/www.visit-ulcinj.com\/blog\/2012\/09\/02\/big-basta-ja-pse-u-largova-nga-big-city-studios\/#webpage","url":"https:\/\/www.visit-ulcinj.com\/blog\/2012\/09\/02\/big-basta-ja-pse-u-largova-nga-big-city-studios\/","name":"Big Basta: Ja pse u largova nga \u201cBig City Studio\u2019s\u201d - Lajme nga Ulqini","isPartOf":{"@id":"https:\/\/www.visit-ulcinj.com\/blog\/#website"},"primaryImageOfPage":{"@id":"https:\/\/www.visit-ulcinj.com\/blog\/2012\/09\/02\/big-basta-ja-pse-u-largova-nga-big-city-studios\/#primaryimage"},"datePublished":"2012-09-02T10:10:00+00:00","dateModified":"2012-09-02T10:10:00+00:00","author":{"@id":"https:\/\/www.visit-ulcinj.com\/blog\/#\/schema\/person\/dcab619c614d3038751c63bc2aadc06d"},"description":"Reperi i mir\u00ebnjohur Big Basta, duket se nuk do t\u00eb jet\u00eb m\u00eb pjes\u00eb e studio Big City Studio\u2019s. N\u00eb nj\u00eb intervist\u00eb p\u00ebr suplementin THASH&amp;THEM, Big Basta","breadcrumb":{"@id":"https:\/\/www.visit-ulcinj.com\/blog\/2012\/09\/02\/big-basta-ja-pse-u-largova-nga-big-city-studios\/#breadcrumb"},"inLanguage":"en-US","potentialAction":[{"@type":"ReadAction","target":["https:\/\/www.visit-ulcinj.com\/blog\/2012\/09\/02\/big-basta-ja-pse-u-largova-nga-big-city-studios\/"]}]},{"@type":"BreadcrumbList","@id":"https:\/\/www.visit-ulcinj.com\/blog\/2012\/09\/02\/big-basta-ja-pse-u-largova-nga-big-city-studios\/#breadcrumb","itemListElement":[{"@type":"ListItem","position":1,"name":"Big Basta: Ja pse u largova nga \u201cBig City Studio\u2019s\u201d"}]},{"@type":"Person","@id":"https:\/\/www.visit-ulcinj.com\/blog\/#\/schema\/person\/dcab619c614d3038751c63bc2aadc06d","name":"ulqini","sameAs":["http:\/\/www.visit-ulcinj.com"],"url":"https:\/\/www.visit-ulcinj.com\/blog\/author\/admin\/"}]}},"jetpack_featured_media_url":"","jetpack_sharing_enabled":true,"jetpack_shortlink":"https:\/\/wp.me\/pe6lTn-gsT","_links":{"self":[{"href":"https:\/\/www.visit-ulcinj.com\/blog\/wp-json\/wp\/v2\/posts\/63295"}],"collection":[{"href":"https:\/\/www.visit-ulcinj.com\/blog\/wp-json\/wp\/v2\/posts"}],"about":[{"href":"https:\/\/www.visit-ulcinj.com\/blog\/wp-json\/wp\/v2\/types\/post"}],"author":[{"embeddable":true,"href":"https:\/\/www.visit-ulcinj.com\/blog\/wp-json\/wp\/v2\/users\/1"}],"replies":[{"embeddable":true,"href":"https:\/\/www.visit-ulcinj.com\/blog\/wp-json\/wp\/v2\/comments?post=63295"}],"version-history":[{"count":1,"href":"https:\/\/www.visit-ulcinj.com\/blog\/wp-json\/wp\/v2\/posts\/63295\/revisions"}],"predecessor-version":[{"id":63297,"href":"https:\/\/www.visit-ulcinj.com\/blog\/wp-json\/wp\/v2\/posts\/63295\/revisions\/63297"}],"wp:attachment":[{"href":"https:\/\/www.visit-ulcinj.com\/blog\/wp-json\/wp\/v2\/media?parent=63295"}],"wp:term":[{"taxonomy":"category","embeddable":true,"href":"https:\/\/www.visit-ulcinj.com\/blog\/wp-json\/wp\/v2\/categories?post=63295"},{"taxonomy":"post_tag","embeddable":true,"href":"https:\/\/www.visit-ulcinj.com\/blog\/wp-json\/wp\/v2\/tags?post=63295"}],"curies":[{"name":"wp","href":"https:\/\/api.w.org\/{rel}","templated":true}]}}