{"id":63298,"date":"2012-09-02T11:23:26","date_gmt":"2012-09-02T10:23:26","guid":{"rendered":"http:\/\/www.visit-ulcinj.com\/blog\/?p=63298"},"modified":"2012-09-02T11:29:25","modified_gmt":"2012-09-02T10:29:25","slug":"ciljeta-xhilaga-eshte-4-muajshe-shtatzene","status":"publish","type":"post","link":"https:\/\/www.visit-ulcinj.com\/blog\/2012\/09\/02\/ciljeta-xhilaga-eshte-4-muajshe-shtatzene\/","title":{"rendered":"\u00c7iljeta Xhilaga \u00ebsht\u00eb 4-muajshe shtatz\u00ebn\u00eb"},"content":{"rendered":"<p><strong><a href=\"http:\/\/www.visit-ulcinj.com\/blog\/wp-content\/uploads\/2012\/09\/ciljeta-shtatzene.1.jpg\"><img loading=\"lazy\" class=\"alignleft  wp-image-63299\" title=\"ciljeta-shtatzene.1\" src=\"http:\/\/www.visit-ulcinj.com\/blog\/wp-content\/uploads\/2012\/09\/ciljeta-shtatzene.1.jpg\" alt=\"\" width=\"509\" height=\"375\" \/><\/a>K\u00ebng\u00ebtarja e ka mbajtur sekret lajmin duke u zhdukur nga qarkullimi, f\u00ebmija \u00ebsht\u00eb i seksit mashkull.<br \/>\n<a href=\"http:\/\/www.visit-ulcinj.com\/blog\/wp-content\/uploads\/2012\/09\/ciljeta-shtatzene.jpg\"><img loading=\"lazy\" class=\"alignleft size-full wp-image-63300\" title=\"ciljeta-shtatzene\" src=\"http:\/\/www.visit-ulcinj.com\/blog\/wp-content\/uploads\/2012\/09\/ciljeta-shtatzene.jpg\" alt=\"\" width=\"360\" height=\"246\" \/><\/a><br \/>\n<\/strong><\/p>\n<p>Zakonisht, kur publikojm\u00eb lajme mbi shtatz\u00ebnin\u00eb e nj\u00eb personazhi publik, k\u00ebtij lajmi i paraprijn\u00eb disa t\u00eb tjera. Si p.sh. ne tregojm\u00eb fillimisht p\u00ebr njohjen e saj me nj\u00eb djal\u00eb, m\u00eb pas p\u00ebr dashurin\u00eb e n\u00eb fund p\u00ebr martes\u00ebn apo bashk\u00ebjetes\u00ebn. Pas k\u00ebtyre lajmeve, askush nuk \u00e7uditet kur m\u00ebson se X vajz\u00eb e njohur ka mbetur shtatz\u00ebn\u00eb, k\u00ebshtu q\u00eb ju mir\u00ebkuptojm\u00eb n\u00ebse do t\u00eb shprehni habi teksa m\u00ebsoni q\u00eb \u00c7iljeta \u00ebsht\u00eb kat\u00ebrmuajshe shtatz\u00ebn\u00eb.<\/p>\n<p>PanoramaPlus<\/p>\n<p><a href=\"http:\/\/www.visit-ulcinj.com\/blog\/wp-content\/uploads\/2012\/09\/ciljetaxhilaga.jpg\"><img loading=\"lazy\" src=\"http:\/\/www.visit-ulcinj.com\/blog\/wp-content\/uploads\/2012\/09\/ciljetaxhilaga.jpg\" alt=\"\" title=\"ciljetaxhilaga\" width=\"508\" height=\"400\" class=\"alignleft size-full wp-image-63305\" \/><\/a><br \/>\n<strong><br \/>\n\u00c7iljeta: Zbulohet bashkejetesa me Artitektin Amerikan<\/strong><\/p>\n<p>\u00c7iljeta Xhilaga \u00ebsht\u00eb duke jetuar k\u00ebto koh\u00eb nj\u00eb histori t\u00eb re dashurie. K\u00ebng\u00ebtarja seksi, e cila s\u00eb fundmi i \u00ebsht\u00eb p\u00ebrkushtuar maksimalisht nj\u00eb sip\u00ebrmarrjeje private, m\u00ebsohet se ka nisur bashk\u00ebjetes\u00ebn me nj\u00eb biznesmen t\u00eb huaj. Origjina e djalit nga sa m\u00ebsuam \u00ebsht\u00eb amerikano- latine, por vendbanimi i tij \u00ebsht\u00eb Franca.<br \/>\nDjali q\u00eb i ka vjedhur zemr\u00ebn bukuroshes shqiptare, mendohet t\u00eb ket\u00eb ardhur n\u00eb Shqip\u00ebri p\u00ebr nj\u00eb investim privat, por nuk dihet asgj\u00eb m\u00eb shum\u00eb rreth karakterit q\u00eb ka pasur. Profesioni i tij n\u00eb fakt \u00ebsht\u00eb arkitektura, por prej vitesh merret edhe me biznes.<br \/>\nK\u00ebng\u00ebtarja \u00ebsht\u00eb njohur me t\u00eb nga miq t\u00eb p\u00ebrbashk\u00ebt, nd\u00ebrsa me kalimin e koh\u00ebs ajo q\u00eb nisi si shoq\u00ebri \u00ebsht\u00eb kthyer n\u00eb nj\u00eb dashuri t\u00eb flakt\u00eb, aq sa p\u00ebr t\u00eb \u00c7iljeta ka l\u00ebn\u00eb edhe sht\u00ebpin\u00eb e prind\u00ebrve ku jetonte deri pak muaj m\u00eb par\u00eb, duke u zhvendosur n\u00eb nj\u00eb apartament luksoz n\u00eb qend\u00ebr t\u00eb Tiran\u00ebs, p\u00ebrkrah t\u00eb dashurit t\u00eb zemr\u00ebs. Vet\u00eb \u00c7iljeta e ka ruajtur shum\u00eb k\u00ebt\u00eb pjes\u00eb t\u00eb jet\u00ebs s\u00eb saj, por miqt\u00eb e ngusht\u00eb kan\u00eb qen\u00eb ata q\u00eb e kan\u00eb dekonspiruar lajmin k\u00ebt\u00eb her\u00eb.  Bluetooth<\/p>\n<!--YouTube Error: bad URL entered-->\n","protected":false},"excerpt":{"rendered":"<p>K\u00ebng\u00ebtarja e ka mbajtur sekret lajmin duke u zhdukur nga qarkullimi, f\u00ebmija \u00ebsht\u00eb i seksit mashkull. Zakonisht, kur publikojm\u00eb lajme mbi shtatz\u00ebnin\u00eb e nj\u00eb personazhi publik, k\u00ebtij lajmi i paraprijn\u00eb disa t\u00eb tjera. Si p.sh. ne tregojm\u00eb fillimisht p\u00ebr njohjen e saj me nj\u00eb djal\u00eb, m\u00eb pas p\u00ebr dashurin\u00eb e n\u00eb fund p\u00ebr martes\u00ebn apo [&hellip;]<\/p>\n","protected":false},"author":1,"featured_media":0,"comment_status":"open","ping_status":"closed","sticky":false,"template":"","format":"standard","meta":{"spay_email":"","jetpack_publicize_message":"","jetpack_is_tweetstorm":false,"jetpack_publicize_feature_enabled":true},"categories":[1],"tags":[19677,5456,19806,16036,19514,19511,6693,4684,19460],"jetpack_publicize_connections":[],"yoast_head":"<!-- This site is optimized with the Yoast SEO plugin v19.1 - https:\/\/yoast.com\/wordpress\/plugins\/seo\/ -->\n<title>\u00c7iljeta Xhilaga \u00ebsht\u00eb 4-muajshe shtatz\u00ebn\u00eb - Lajme nga Ulqini<\/title>\n<meta name=\"description\" content=\"K\u00ebng\u00ebtarja e ka mbajtur sekret lajmin duke u zhdukur nga qarkullimi, f\u00ebmija \u00ebsht\u00eb i seksit mashkull. Zakonisht, kur publikojm\u00eb lajme mbi shtatz\u00ebnin\u00eb e nj\u00eb\" \/>\n<meta name=\"robots\" content=\"index, follow, max-snippet:-1, max-image-preview:large, max-video-preview:-1\" \/>\n<link rel=\"canonical\" href=\"https:\/\/www.visit-ulcinj.com\/blog\/2012\/09\/02\/ciljeta-xhilaga-eshte-4-muajshe-shtatzene\/\" \/>\n<meta property=\"og:locale\" content=\"en_US\" \/>\n<meta property=\"og:type\" content=\"article\" \/>\n<meta property=\"og:title\" content=\"\u00c7iljeta Xhilaga \u00ebsht\u00eb 4-muajshe shtatz\u00ebn\u00eb - Lajme nga Ulqini\" \/>\n<meta property=\"og:description\" content=\"K\u00ebng\u00ebtarja e ka mbajtur sekret lajmin duke u zhdukur nga qarkullimi, f\u00ebmija \u00ebsht\u00eb i seksit mashkull. Zakonisht, kur publikojm\u00eb lajme mbi shtatz\u00ebnin\u00eb e nj\u00eb\" \/>\n<meta property=\"og:url\" content=\"https:\/\/www.visit-ulcinj.com\/blog\/2012\/09\/02\/ciljeta-xhilaga-eshte-4-muajshe-shtatzene\/\" \/>\n<meta property=\"og:site_name\" content=\"Lajme nga Ulqini\" \/>\n<meta property=\"article:published_time\" content=\"2012-09-02T10:23:26+00:00\" \/>\n<meta property=\"article:modified_time\" content=\"2012-09-02T10:29:25+00:00\" \/>\n<meta property=\"og:image\" content=\"http:\/\/www.visit-ulcinj.com\/blog\/wp-content\/uploads\/2012\/09\/ciljeta-shtatzene.1.jpg\" \/>\n<meta name=\"twitter:label1\" content=\"Written by\" \/>\n\t<meta name=\"twitter:data1\" content=\"ulqini\" \/>\n\t<meta name=\"twitter:label2\" content=\"Est. reading time\" \/>\n\t<meta name=\"twitter:data2\" content=\"2 minutes\" \/>\n<script type=\"application\/ld+json\" class=\"yoast-schema-graph\">{\"@context\":\"https:\/\/schema.org\",\"@graph\":[{\"@type\":\"WebSite\",\"@id\":\"https:\/\/www.visit-ulcinj.com\/blog\/#website\",\"url\":\"https:\/\/www.visit-ulcinj.com\/blog\/\",\"name\":\"Lajme nga Ulqini\",\"description\":\"Lajme,Vijesti,Ulqini,Ulqin,Crna Gora,Mali i Zi\",\"potentialAction\":[{\"@type\":\"SearchAction\",\"target\":{\"@type\":\"EntryPoint\",\"urlTemplate\":\"https:\/\/www.visit-ulcinj.com\/blog\/?s={search_term_string}\"},\"query-input\":\"required name=search_term_string\"}],\"inLanguage\":\"en-US\"},{\"@type\":\"ImageObject\",\"inLanguage\":\"en-US\",\"@id\":\"https:\/\/www.visit-ulcinj.com\/blog\/2012\/09\/02\/ciljeta-xhilaga-eshte-4-muajshe-shtatzene\/#primaryimage\",\"url\":\"http:\/\/www.visit-ulcinj.com\/blog\/wp-content\/uploads\/2012\/09\/ciljeta-shtatzene.1.jpg\",\"contentUrl\":\"http:\/\/www.visit-ulcinj.com\/blog\/wp-content\/uploads\/2012\/09\/ciljeta-shtatzene.1.jpg\"},{\"@type\":\"WebPage\",\"@id\":\"https:\/\/www.visit-ulcinj.com\/blog\/2012\/09\/02\/ciljeta-xhilaga-eshte-4-muajshe-shtatzene\/#webpage\",\"url\":\"https:\/\/www.visit-ulcinj.com\/blog\/2012\/09\/02\/ciljeta-xhilaga-eshte-4-muajshe-shtatzene\/\",\"name\":\"\u00c7iljeta Xhilaga \u00ebsht\u00eb 4-muajshe shtatz\u00ebn\u00eb - Lajme nga Ulqini\",\"isPartOf\":{\"@id\":\"https:\/\/www.visit-ulcinj.com\/blog\/#website\"},\"primaryImageOfPage\":{\"@id\":\"https:\/\/www.visit-ulcinj.com\/blog\/2012\/09\/02\/ciljeta-xhilaga-eshte-4-muajshe-shtatzene\/#primaryimage\"},\"datePublished\":\"2012-09-02T10:23:26+00:00\",\"dateModified\":\"2012-09-02T10:29:25+00:00\",\"author\":{\"@id\":\"https:\/\/www.visit-ulcinj.com\/blog\/#\/schema\/person\/dcab619c614d3038751c63bc2aadc06d\"},\"description\":\"K\u00ebng\u00ebtarja e ka mbajtur sekret lajmin duke u zhdukur nga qarkullimi, f\u00ebmija \u00ebsht\u00eb i seksit mashkull. Zakonisht, kur publikojm\u00eb lajme mbi shtatz\u00ebnin\u00eb e nj\u00eb\",\"breadcrumb\":{\"@id\":\"https:\/\/www.visit-ulcinj.com\/blog\/2012\/09\/02\/ciljeta-xhilaga-eshte-4-muajshe-shtatzene\/#breadcrumb\"},\"inLanguage\":\"en-US\",\"potentialAction\":[{\"@type\":\"ReadAction\",\"target\":[\"https:\/\/www.visit-ulcinj.com\/blog\/2012\/09\/02\/ciljeta-xhilaga-eshte-4-muajshe-shtatzene\/\"]}]},{\"@type\":\"BreadcrumbList\",\"@id\":\"https:\/\/www.visit-ulcinj.com\/blog\/2012\/09\/02\/ciljeta-xhilaga-eshte-4-muajshe-shtatzene\/#breadcrumb\",\"itemListElement\":[{\"@type\":\"ListItem\",\"position\":1,\"name\":\"\u00c7iljeta Xhilaga \u00ebsht\u00eb 4-muajshe shtatz\u00ebn\u00eb\"}]},{\"@type\":\"Person\",\"@id\":\"https:\/\/www.visit-ulcinj.com\/blog\/#\/schema\/person\/dcab619c614d3038751c63bc2aadc06d\",\"name\":\"ulqini\",\"sameAs\":[\"http:\/\/www.visit-ulcinj.com\"],\"url\":\"https:\/\/www.visit-ulcinj.com\/blog\/author\/admin\/\"}]}<\/script>\n<!-- \/ Yoast SEO plugin. -->","yoast_head_json":{"title":"\u00c7iljeta Xhilaga \u00ebsht\u00eb 4-muajshe shtatz\u00ebn\u00eb - Lajme nga Ulqini","description":"K\u00ebng\u00ebtarja e ka mbajtur sekret lajmin duke u zhdukur nga qarkullimi, f\u00ebmija \u00ebsht\u00eb i seksit mashkull. Zakonisht, kur publikojm\u00eb lajme mbi shtatz\u00ebnin\u00eb e nj\u00eb","robots":{"index":"index","follow":"follow","max-snippet":"max-snippet:-1","max-image-preview":"max-image-preview:large","max-video-preview":"max-video-preview:-1"},"canonical":"https:\/\/www.visit-ulcinj.com\/blog\/2012\/09\/02\/ciljeta-xhilaga-eshte-4-muajshe-shtatzene\/","og_locale":"en_US","og_type":"article","og_title":"\u00c7iljeta Xhilaga \u00ebsht\u00eb 4-muajshe shtatz\u00ebn\u00eb - Lajme nga Ulqini","og_description":"K\u00ebng\u00ebtarja e ka mbajtur sekret lajmin duke u zhdukur nga qarkullimi, f\u00ebmija \u00ebsht\u00eb i seksit mashkull. Zakonisht, kur publikojm\u00eb lajme mbi shtatz\u00ebnin\u00eb e nj\u00eb","og_url":"https:\/\/www.visit-ulcinj.com\/blog\/2012\/09\/02\/ciljeta-xhilaga-eshte-4-muajshe-shtatzene\/","og_site_name":"Lajme nga Ulqini","article_published_time":"2012-09-02T10:23:26+00:00","article_modified_time":"2012-09-02T10:29:25+00:00","og_image":[{"url":"http:\/\/www.visit-ulcinj.com\/blog\/wp-content\/uploads\/2012\/09\/ciljeta-shtatzene.1.jpg"}],"twitter_misc":{"Written by":"ulqini","Est. reading time":"2 minutes"},"schema":{"@context":"https:\/\/schema.org","@graph":[{"@type":"WebSite","@id":"https:\/\/www.visit-ulcinj.com\/blog\/#website","url":"https:\/\/www.visit-ulcinj.com\/blog\/","name":"Lajme nga Ulqini","description":"Lajme,Vijesti,Ulqini,Ulqin,Crna Gora,Mali i Zi","potentialAction":[{"@type":"SearchAction","target":{"@type":"EntryPoint","urlTemplate":"https:\/\/www.visit-ulcinj.com\/blog\/?s={search_term_string}"},"query-input":"required name=search_term_string"}],"inLanguage":"en-US"},{"@type":"ImageObject","inLanguage":"en-US","@id":"https:\/\/www.visit-ulcinj.com\/blog\/2012\/09\/02\/ciljeta-xhilaga-eshte-4-muajshe-shtatzene\/#primaryimage","url":"http:\/\/www.visit-ulcinj.com\/blog\/wp-content\/uploads\/2012\/09\/ciljeta-shtatzene.1.jpg","contentUrl":"http:\/\/www.visit-ulcinj.com\/blog\/wp-content\/uploads\/2012\/09\/ciljeta-shtatzene.1.jpg"},{"@type":"WebPage","@id":"https:\/\/www.visit-ulcinj.com\/blog\/2012\/09\/02\/ciljeta-xhilaga-eshte-4-muajshe-shtatzene\/#webpage","url":"https:\/\/www.visit-ulcinj.com\/blog\/2012\/09\/02\/ciljeta-xhilaga-eshte-4-muajshe-shtatzene\/","name":"\u00c7iljeta Xhilaga \u00ebsht\u00eb 4-muajshe shtatz\u00ebn\u00eb - Lajme nga Ulqini","isPartOf":{"@id":"https:\/\/www.visit-ulcinj.com\/blog\/#website"},"primaryImageOfPage":{"@id":"https:\/\/www.visit-ulcinj.com\/blog\/2012\/09\/02\/ciljeta-xhilaga-eshte-4-muajshe-shtatzene\/#primaryimage"},"datePublished":"2012-09-02T10:23:26+00:00","dateModified":"2012-09-02T10:29:25+00:00","author":{"@id":"https:\/\/www.visit-ulcinj.com\/blog\/#\/schema\/person\/dcab619c614d3038751c63bc2aadc06d"},"description":"K\u00ebng\u00ebtarja e ka mbajtur sekret lajmin duke u zhdukur nga qarkullimi, f\u00ebmija \u00ebsht\u00eb i seksit mashkull. Zakonisht, kur publikojm\u00eb lajme mbi shtatz\u00ebnin\u00eb e nj\u00eb","breadcrumb":{"@id":"https:\/\/www.visit-ulcinj.com\/blog\/2012\/09\/02\/ciljeta-xhilaga-eshte-4-muajshe-shtatzene\/#breadcrumb"},"inLanguage":"en-US","potentialAction":[{"@type":"ReadAction","target":["https:\/\/www.visit-ulcinj.com\/blog\/2012\/09\/02\/ciljeta-xhilaga-eshte-4-muajshe-shtatzene\/"]}]},{"@type":"BreadcrumbList","@id":"https:\/\/www.visit-ulcinj.com\/blog\/2012\/09\/02\/ciljeta-xhilaga-eshte-4-muajshe-shtatzene\/#breadcrumb","itemListElement":[{"@type":"ListItem","position":1,"name":"\u00c7iljeta Xhilaga \u00ebsht\u00eb 4-muajshe shtatz\u00ebn\u00eb"}]},{"@type":"Person","@id":"https:\/\/www.visit-ulcinj.com\/blog\/#\/schema\/person\/dcab619c614d3038751c63bc2aadc06d","name":"ulqini","sameAs":["http:\/\/www.visit-ulcinj.com"],"url":"https:\/\/www.visit-ulcinj.com\/blog\/author\/admin\/"}]}},"jetpack_featured_media_url":"","jetpack_sharing_enabled":true,"jetpack_shortlink":"https:\/\/wp.me\/pe6lTn-gsW","_links":{"self":[{"href":"https:\/\/www.visit-ulcinj.com\/blog\/wp-json\/wp\/v2\/posts\/63298"}],"collection":[{"href":"https:\/\/www.visit-ulcinj.com\/blog\/wp-json\/wp\/v2\/posts"}],"about":[{"href":"https:\/\/www.visit-ulcinj.com\/blog\/wp-json\/wp\/v2\/types\/post"}],"author":[{"embeddable":true,"href":"https:\/\/www.visit-ulcinj.com\/blog\/wp-json\/wp\/v2\/users\/1"}],"replies":[{"embeddable":true,"href":"https:\/\/www.visit-ulcinj.com\/blog\/wp-json\/wp\/v2\/comments?post=63298"}],"version-history":[{"count":5,"href":"https:\/\/www.visit-ulcinj.com\/blog\/wp-json\/wp\/v2\/posts\/63298\/revisions"}],"predecessor-version":[{"id":63306,"href":"https:\/\/www.visit-ulcinj.com\/blog\/wp-json\/wp\/v2\/posts\/63298\/revisions\/63306"}],"wp:attachment":[{"href":"https:\/\/www.visit-ulcinj.com\/blog\/wp-json\/wp\/v2\/media?parent=63298"}],"wp:term":[{"taxonomy":"category","embeddable":true,"href":"https:\/\/www.visit-ulcinj.com\/blog\/wp-json\/wp\/v2\/categories?post=63298"},{"taxonomy":"post_tag","embeddable":true,"href":"https:\/\/www.visit-ulcinj.com\/blog\/wp-json\/wp\/v2\/tags?post=63298"}],"curies":[{"name":"wp","href":"https:\/\/api.w.org\/{rel}","templated":true}]}}