{"id":63307,"date":"2012-09-02T11:35:51","date_gmt":"2012-09-02T10:35:51","guid":{"rendered":"http:\/\/www.visit-ulcinj.com\/blog\/?p=63307"},"modified":"2012-09-02T11:35:51","modified_gmt":"2012-09-02T10:35:51","slug":"argjentina-ramosaj-fryn-buzet","status":"publish","type":"post","link":"https:\/\/www.visit-ulcinj.com\/blog\/2012\/09\/02\/argjentina-ramosaj-fryn-buzet\/","title":{"rendered":"Argjentina Ramosaj fryn buz\u00ebt"},"content":{"rendered":"<p><a href=\"http:\/\/www.visit-ulcinj.com\/blog\/wp-content\/uploads\/2012\/09\/Argjentina-Ramosaj-fryn-buzet.jpg\"><img loading=\"lazy\" class=\"alignleft  wp-image-63308\" title=\"Argjentina Ramosaj fryn buzet\" src=\"http:\/\/www.visit-ulcinj.com\/blog\/wp-content\/uploads\/2012\/09\/Argjentina-Ramosaj-fryn-buzet.jpg\" alt=\"\" width=\"508\" height=\"600\" \/><\/a>Argjentina Ramosaj p\u00ebrve\u00e7se nj\u00eb vajz\u00eb e talentuar k\u00ebng\u00ebt e s\u00eb cil\u00ebs jan\u00eb kthyer n\u00eb hite, p\u00eblqehet nga publiku edhe p\u00ebr pamjen e saj, duke qen\u00eb vajz\u00eb e bukur. Por me sa duket k\u00ebng\u00ebtarja nuk ka qen\u00eb krejt\u00ebsisht e qet\u00eb me pamjen dhe ka ndjer\u00eb nevoj\u00ebn p\u00ebr t\u00eb ndryshuar.<\/p>\n<p>Ajo ka b\u00ebr\u00eb nj\u00eb nd\u00ebrhyrje n\u00eb buz\u00eb dhe i ka fryr\u00eb ato, duke k\u00ebshtu pjes\u00eb e list\u00ebs s\u00eb gjat\u00eb t\u00eb k\u00ebng\u00ebtareve tona q\u00eb kan\u00eb kryer nd\u00ebrhyrje n\u00eb pjes\u00eb t\u00eb ndryshme t\u00eb trupit. Duhet th\u00ebn\u00eb se vendimi i saj nuk \u00ebsht\u00eb pritur mjaft mir\u00eb\u2026 Edhe ne t\u00eb \u201cBluetooth\u201d i bashkohemi atyre q\u00eb mendojn\u00eb se Argjentina dukej e bukur edhe me buz\u00ebt e veta origjinale, madje akoma m\u00eb e bukur se me buz\u00ebt e reja.<\/p>\n<p>Bluetooth<br \/>\n<!--YouTube Error: bad URL entered--><\/p>\n","protected":false},"excerpt":{"rendered":"<p>Argjentina Ramosaj p\u00ebrve\u00e7se nj\u00eb vajz\u00eb e talentuar k\u00ebng\u00ebt e s\u00eb cil\u00ebs jan\u00eb kthyer n\u00eb hite, p\u00eblqehet nga publiku edhe p\u00ebr pamjen e saj, duke qen\u00eb vajz\u00eb e bukur. Por me sa duket k\u00ebng\u00ebtarja nuk ka qen\u00eb krejt\u00ebsisht e qet\u00eb me pamjen dhe ka ndjer\u00eb nevoj\u00ebn p\u00ebr t\u00eb ndryshuar. Ajo ka b\u00ebr\u00eb nj\u00eb nd\u00ebrhyrje n\u00eb buz\u00eb [&hellip;]<\/p>\n","protected":false},"author":1,"featured_media":0,"comment_status":"open","ping_status":"closed","sticky":false,"template":"","format":"standard","meta":{"spay_email":"","jetpack_publicize_message":"","jetpack_is_tweetstorm":false,"jetpack_publicize_feature_enabled":true},"categories":[1],"tags":[16524,19677,19806,16036,19514,19511,19513,6693,4684,19460],"jetpack_publicize_connections":[],"yoast_head":"<!-- This site is optimized with the Yoast SEO plugin v19.1 - https:\/\/yoast.com\/wordpress\/plugins\/seo\/ -->\n<title>Argjentina Ramosaj fryn buz\u00ebt - Lajme nga Ulqini<\/title>\n<meta name=\"description\" content=\"Argjentina Ramosaj p\u00ebrve\u00e7se nj\u00eb vajz\u00eb e talentuar k\u00ebng\u00ebt e s\u00eb cil\u00ebs jan\u00eb kthyer n\u00eb hite, p\u00eblqehet nga publiku edhe p\u00ebr pamjen e saj, duke qen\u00eb vajz\u00eb e\" \/>\n<meta name=\"robots\" content=\"index, follow, max-snippet:-1, max-image-preview:large, max-video-preview:-1\" \/>\n<link rel=\"canonical\" href=\"https:\/\/www.visit-ulcinj.com\/blog\/2012\/09\/02\/argjentina-ramosaj-fryn-buzet\/\" \/>\n<meta property=\"og:locale\" content=\"en_US\" \/>\n<meta property=\"og:type\" content=\"article\" \/>\n<meta property=\"og:title\" content=\"Argjentina Ramosaj fryn buz\u00ebt - Lajme nga Ulqini\" \/>\n<meta property=\"og:description\" content=\"Argjentina Ramosaj p\u00ebrve\u00e7se nj\u00eb vajz\u00eb e talentuar k\u00ebng\u00ebt e s\u00eb cil\u00ebs jan\u00eb kthyer n\u00eb hite, p\u00eblqehet nga publiku edhe p\u00ebr pamjen e saj, duke qen\u00eb vajz\u00eb e\" \/>\n<meta property=\"og:url\" content=\"https:\/\/www.visit-ulcinj.com\/blog\/2012\/09\/02\/argjentina-ramosaj-fryn-buzet\/\" \/>\n<meta property=\"og:site_name\" content=\"Lajme nga Ulqini\" \/>\n<meta property=\"article:published_time\" content=\"2012-09-02T10:35:51+00:00\" \/>\n<meta property=\"og:image\" content=\"http:\/\/www.visit-ulcinj.com\/blog\/wp-content\/uploads\/2012\/09\/Argjentina-Ramosaj-fryn-buzet.jpg\" \/>\n<meta name=\"twitter:label1\" content=\"Written by\" \/>\n\t<meta name=\"twitter:data1\" content=\"ulqini\" \/>\n\t<meta name=\"twitter:label2\" content=\"Est. reading time\" \/>\n\t<meta name=\"twitter:data2\" content=\"1 minute\" \/>\n<script type=\"application\/ld+json\" class=\"yoast-schema-graph\">{\"@context\":\"https:\/\/schema.org\",\"@graph\":[{\"@type\":\"WebSite\",\"@id\":\"https:\/\/www.visit-ulcinj.com\/blog\/#website\",\"url\":\"https:\/\/www.visit-ulcinj.com\/blog\/\",\"name\":\"Lajme nga Ulqini\",\"description\":\"Lajme,Vijesti,Ulqini,Ulqin,Crna Gora,Mali i Zi\",\"potentialAction\":[{\"@type\":\"SearchAction\",\"target\":{\"@type\":\"EntryPoint\",\"urlTemplate\":\"https:\/\/www.visit-ulcinj.com\/blog\/?s={search_term_string}\"},\"query-input\":\"required name=search_term_string\"}],\"inLanguage\":\"en-US\"},{\"@type\":\"ImageObject\",\"inLanguage\":\"en-US\",\"@id\":\"https:\/\/www.visit-ulcinj.com\/blog\/2012\/09\/02\/argjentina-ramosaj-fryn-buzet\/#primaryimage\",\"url\":\"http:\/\/www.visit-ulcinj.com\/blog\/wp-content\/uploads\/2012\/09\/Argjentina-Ramosaj-fryn-buzet.jpg\",\"contentUrl\":\"http:\/\/www.visit-ulcinj.com\/blog\/wp-content\/uploads\/2012\/09\/Argjentina-Ramosaj-fryn-buzet.jpg\"},{\"@type\":\"WebPage\",\"@id\":\"https:\/\/www.visit-ulcinj.com\/blog\/2012\/09\/02\/argjentina-ramosaj-fryn-buzet\/#webpage\",\"url\":\"https:\/\/www.visit-ulcinj.com\/blog\/2012\/09\/02\/argjentina-ramosaj-fryn-buzet\/\",\"name\":\"Argjentina Ramosaj fryn buz\u00ebt - Lajme nga Ulqini\",\"isPartOf\":{\"@id\":\"https:\/\/www.visit-ulcinj.com\/blog\/#website\"},\"primaryImageOfPage\":{\"@id\":\"https:\/\/www.visit-ulcinj.com\/blog\/2012\/09\/02\/argjentina-ramosaj-fryn-buzet\/#primaryimage\"},\"datePublished\":\"2012-09-02T10:35:51+00:00\",\"dateModified\":\"2012-09-02T10:35:51+00:00\",\"author\":{\"@id\":\"https:\/\/www.visit-ulcinj.com\/blog\/#\/schema\/person\/dcab619c614d3038751c63bc2aadc06d\"},\"description\":\"Argjentina Ramosaj p\u00ebrve\u00e7se nj\u00eb vajz\u00eb e talentuar k\u00ebng\u00ebt e s\u00eb cil\u00ebs jan\u00eb kthyer n\u00eb hite, p\u00eblqehet nga publiku edhe p\u00ebr pamjen e saj, duke qen\u00eb vajz\u00eb e\",\"breadcrumb\":{\"@id\":\"https:\/\/www.visit-ulcinj.com\/blog\/2012\/09\/02\/argjentina-ramosaj-fryn-buzet\/#breadcrumb\"},\"inLanguage\":\"en-US\",\"potentialAction\":[{\"@type\":\"ReadAction\",\"target\":[\"https:\/\/www.visit-ulcinj.com\/blog\/2012\/09\/02\/argjentina-ramosaj-fryn-buzet\/\"]}]},{\"@type\":\"BreadcrumbList\",\"@id\":\"https:\/\/www.visit-ulcinj.com\/blog\/2012\/09\/02\/argjentina-ramosaj-fryn-buzet\/#breadcrumb\",\"itemListElement\":[{\"@type\":\"ListItem\",\"position\":1,\"name\":\"Argjentina Ramosaj fryn buz\u00ebt\"}]},{\"@type\":\"Person\",\"@id\":\"https:\/\/www.visit-ulcinj.com\/blog\/#\/schema\/person\/dcab619c614d3038751c63bc2aadc06d\",\"name\":\"ulqini\",\"sameAs\":[\"http:\/\/www.visit-ulcinj.com\"],\"url\":\"https:\/\/www.visit-ulcinj.com\/blog\/author\/admin\/\"}]}<\/script>\n<!-- \/ Yoast SEO plugin. -->","yoast_head_json":{"title":"Argjentina Ramosaj fryn buz\u00ebt - Lajme nga Ulqini","description":"Argjentina Ramosaj p\u00ebrve\u00e7se nj\u00eb vajz\u00eb e talentuar k\u00ebng\u00ebt e s\u00eb cil\u00ebs jan\u00eb kthyer n\u00eb hite, p\u00eblqehet nga publiku edhe p\u00ebr pamjen e saj, duke qen\u00eb vajz\u00eb e","robots":{"index":"index","follow":"follow","max-snippet":"max-snippet:-1","max-image-preview":"max-image-preview:large","max-video-preview":"max-video-preview:-1"},"canonical":"https:\/\/www.visit-ulcinj.com\/blog\/2012\/09\/02\/argjentina-ramosaj-fryn-buzet\/","og_locale":"en_US","og_type":"article","og_title":"Argjentina Ramosaj fryn buz\u00ebt - Lajme nga Ulqini","og_description":"Argjentina Ramosaj p\u00ebrve\u00e7se nj\u00eb vajz\u00eb e talentuar k\u00ebng\u00ebt e s\u00eb cil\u00ebs jan\u00eb kthyer n\u00eb hite, p\u00eblqehet nga publiku edhe p\u00ebr pamjen e saj, duke qen\u00eb vajz\u00eb e","og_url":"https:\/\/www.visit-ulcinj.com\/blog\/2012\/09\/02\/argjentina-ramosaj-fryn-buzet\/","og_site_name":"Lajme nga Ulqini","article_published_time":"2012-09-02T10:35:51+00:00","og_image":[{"url":"http:\/\/www.visit-ulcinj.com\/blog\/wp-content\/uploads\/2012\/09\/Argjentina-Ramosaj-fryn-buzet.jpg"}],"twitter_misc":{"Written by":"ulqini","Est. reading time":"1 minute"},"schema":{"@context":"https:\/\/schema.org","@graph":[{"@type":"WebSite","@id":"https:\/\/www.visit-ulcinj.com\/blog\/#website","url":"https:\/\/www.visit-ulcinj.com\/blog\/","name":"Lajme nga Ulqini","description":"Lajme,Vijesti,Ulqini,Ulqin,Crna Gora,Mali i Zi","potentialAction":[{"@type":"SearchAction","target":{"@type":"EntryPoint","urlTemplate":"https:\/\/www.visit-ulcinj.com\/blog\/?s={search_term_string}"},"query-input":"required name=search_term_string"}],"inLanguage":"en-US"},{"@type":"ImageObject","inLanguage":"en-US","@id":"https:\/\/www.visit-ulcinj.com\/blog\/2012\/09\/02\/argjentina-ramosaj-fryn-buzet\/#primaryimage","url":"http:\/\/www.visit-ulcinj.com\/blog\/wp-content\/uploads\/2012\/09\/Argjentina-Ramosaj-fryn-buzet.jpg","contentUrl":"http:\/\/www.visit-ulcinj.com\/blog\/wp-content\/uploads\/2012\/09\/Argjentina-Ramosaj-fryn-buzet.jpg"},{"@type":"WebPage","@id":"https:\/\/www.visit-ulcinj.com\/blog\/2012\/09\/02\/argjentina-ramosaj-fryn-buzet\/#webpage","url":"https:\/\/www.visit-ulcinj.com\/blog\/2012\/09\/02\/argjentina-ramosaj-fryn-buzet\/","name":"Argjentina Ramosaj fryn buz\u00ebt - Lajme nga Ulqini","isPartOf":{"@id":"https:\/\/www.visit-ulcinj.com\/blog\/#website"},"primaryImageOfPage":{"@id":"https:\/\/www.visit-ulcinj.com\/blog\/2012\/09\/02\/argjentina-ramosaj-fryn-buzet\/#primaryimage"},"datePublished":"2012-09-02T10:35:51+00:00","dateModified":"2012-09-02T10:35:51+00:00","author":{"@id":"https:\/\/www.visit-ulcinj.com\/blog\/#\/schema\/person\/dcab619c614d3038751c63bc2aadc06d"},"description":"Argjentina Ramosaj p\u00ebrve\u00e7se nj\u00eb vajz\u00eb e talentuar k\u00ebng\u00ebt e s\u00eb cil\u00ebs jan\u00eb kthyer n\u00eb hite, p\u00eblqehet nga publiku edhe p\u00ebr pamjen e saj, duke qen\u00eb vajz\u00eb e","breadcrumb":{"@id":"https:\/\/www.visit-ulcinj.com\/blog\/2012\/09\/02\/argjentina-ramosaj-fryn-buzet\/#breadcrumb"},"inLanguage":"en-US","potentialAction":[{"@type":"ReadAction","target":["https:\/\/www.visit-ulcinj.com\/blog\/2012\/09\/02\/argjentina-ramosaj-fryn-buzet\/"]}]},{"@type":"BreadcrumbList","@id":"https:\/\/www.visit-ulcinj.com\/blog\/2012\/09\/02\/argjentina-ramosaj-fryn-buzet\/#breadcrumb","itemListElement":[{"@type":"ListItem","position":1,"name":"Argjentina Ramosaj fryn buz\u00ebt"}]},{"@type":"Person","@id":"https:\/\/www.visit-ulcinj.com\/blog\/#\/schema\/person\/dcab619c614d3038751c63bc2aadc06d","name":"ulqini","sameAs":["http:\/\/www.visit-ulcinj.com"],"url":"https:\/\/www.visit-ulcinj.com\/blog\/author\/admin\/"}]}},"jetpack_featured_media_url":"","jetpack_sharing_enabled":true,"jetpack_shortlink":"https:\/\/wp.me\/pe6lTn-gt5","_links":{"self":[{"href":"https:\/\/www.visit-ulcinj.com\/blog\/wp-json\/wp\/v2\/posts\/63307"}],"collection":[{"href":"https:\/\/www.visit-ulcinj.com\/blog\/wp-json\/wp\/v2\/posts"}],"about":[{"href":"https:\/\/www.visit-ulcinj.com\/blog\/wp-json\/wp\/v2\/types\/post"}],"author":[{"embeddable":true,"href":"https:\/\/www.visit-ulcinj.com\/blog\/wp-json\/wp\/v2\/users\/1"}],"replies":[{"embeddable":true,"href":"https:\/\/www.visit-ulcinj.com\/blog\/wp-json\/wp\/v2\/comments?post=63307"}],"version-history":[{"count":1,"href":"https:\/\/www.visit-ulcinj.com\/blog\/wp-json\/wp\/v2\/posts\/63307\/revisions"}],"predecessor-version":[{"id":63309,"href":"https:\/\/www.visit-ulcinj.com\/blog\/wp-json\/wp\/v2\/posts\/63307\/revisions\/63309"}],"wp:attachment":[{"href":"https:\/\/www.visit-ulcinj.com\/blog\/wp-json\/wp\/v2\/media?parent=63307"}],"wp:term":[{"taxonomy":"category","embeddable":true,"href":"https:\/\/www.visit-ulcinj.com\/blog\/wp-json\/wp\/v2\/categories?post=63307"},{"taxonomy":"post_tag","embeddable":true,"href":"https:\/\/www.visit-ulcinj.com\/blog\/wp-json\/wp\/v2\/tags?post=63307"}],"curies":[{"name":"wp","href":"https:\/\/api.w.org\/{rel}","templated":true}]}}