{"id":63310,"date":"2012-09-02T11:46:41","date_gmt":"2012-09-02T10:46:41","guid":{"rendered":"http:\/\/www.visit-ulcinj.com\/blog\/?p=63310"},"modified":"2012-09-02T11:46:41","modified_gmt":"2012-09-02T10:46:41","slug":"miriam-cani-braktis-shtetesine-shqiptare","status":"publish","type":"post","link":"https:\/\/www.visit-ulcinj.com\/blog\/2012\/09\/02\/miriam-cani-braktis-shtetesine-shqiptare\/","title":{"rendered":"Miriam Cani braktis shtet\u00ebsin\u00eb shqiptare"},"content":{"rendered":"<p><a href=\"http:\/\/www.visit-ulcinj.com\/blog\/wp-content\/uploads\/2012\/09\/Miriam-Cani.jpg\"><img loading=\"lazy\" class=\"alignleft  wp-image-63311\" title=\"Miriam Cani\" src=\"http:\/\/www.visit-ulcinj.com\/blog\/wp-content\/uploads\/2012\/09\/Miriam-Cani.jpg\" alt=\"\" width=\"508\" height=\"360\" \/><\/a>Kengetarja\u00a0e dashur p\u00ebr publikun shqiptar dhe m\u00eb gjer\u00eb, Miriam Cani, e cila prej vitesh e ka ngritur jet\u00ebn n\u00eb Gjermani, ka l\u00ebn\u00eb gjat\u00eb jav\u00ebs s\u00eb shkuar shtet\u00ebsin\u00eb shqiptare. Me nj\u00eb dekret t\u00eb Presidentit t\u00eb Republik\u00ebs, bazuar n\u00eb nenet e Kushtetut\u00ebs s\u00eb Shqip\u00ebris\u00eb, si dhe n\u00eb nenet e ligjit nr. 8389, \u201cP\u00ebr shtet\u00ebsin\u00eb shqiptare\u201d, k\u00ebng\u00ebtarja Miriam Cani nuk mban m\u00eb shtet\u00ebsin\u00eb shqiptare.<br \/>\n<a href=\"http:\/\/www.visit-ulcinj.com\/blog\/wp-content\/uploads\/2012\/09\/Miriam-Cani.1.jpg\"><img loading=\"lazy\" class=\"alignleft size-full wp-image-63312\" title=\"Miriam Cani.1\" src=\"http:\/\/www.visit-ulcinj.com\/blog\/wp-content\/uploads\/2012\/09\/Miriam-Cani.1.jpg\" alt=\"\" width=\"508\" height=\"600\" \/><\/a><br \/>\nNuk e dim\u00eb se cilat kan\u00eb qen\u00eb arsyet q\u00eb e kan\u00eb shtyr\u00eb k\u00ebng\u00ebtaren t\u00eb marr\u00eb k\u00ebt\u00eb vendim, por besojm\u00eb se gjith\u00e7ka lidhet me karrier\u00ebn q\u00eb ajo ka nd\u00ebrtuar n\u00eb Gjermani.<\/p>\n<p>Bluetooth<br \/>\n<!--YouTube Error: bad URL entered--><\/p>\n","protected":false},"excerpt":{"rendered":"<p>Kengetarja\u00a0e dashur p\u00ebr publikun shqiptar dhe m\u00eb gjer\u00eb, Miriam Cani, e cila prej vitesh e ka ngritur jet\u00ebn n\u00eb Gjermani, ka l\u00ebn\u00eb gjat\u00eb jav\u00ebs s\u00eb shkuar shtet\u00ebsin\u00eb shqiptare. Me nj\u00eb dekret t\u00eb Presidentit t\u00eb Republik\u00ebs, bazuar n\u00eb nenet e Kushtetut\u00ebs s\u00eb Shqip\u00ebris\u00eb, si dhe n\u00eb nenet e ligjit nr. 8389, \u201cP\u00ebr shtet\u00ebsin\u00eb shqiptare\u201d, k\u00ebng\u00ebtarja Miriam [&hellip;]<\/p>\n","protected":false},"author":1,"featured_media":0,"comment_status":"open","ping_status":"closed","sticky":false,"template":"","format":"standard","meta":{"spay_email":"","jetpack_publicize_message":"","jetpack_is_tweetstorm":false,"jetpack_publicize_feature_enabled":true},"categories":[1],"tags":[19677,19806,16036,19514,10632,19511,4684,19460],"jetpack_publicize_connections":[],"yoast_head":"<!-- This site is optimized with the Yoast SEO plugin v19.1 - https:\/\/yoast.com\/wordpress\/plugins\/seo\/ -->\n<title>Miriam Cani braktis shtet\u00ebsin\u00eb shqiptare - Lajme nga Ulqini<\/title>\n<meta name=\"description\" content=\"Kengetarja\u00a0e dashur p\u00ebr publikun shqiptar dhe m\u00eb gjer\u00eb, Miriam Cani, e cila prej vitesh e ka ngritur jet\u00ebn n\u00eb Gjermani, ka l\u00ebn\u00eb gjat\u00eb jav\u00ebs s\u00eb shkuar\" \/>\n<meta name=\"robots\" content=\"index, follow, max-snippet:-1, max-image-preview:large, max-video-preview:-1\" \/>\n<link rel=\"canonical\" href=\"https:\/\/www.visit-ulcinj.com\/blog\/2012\/09\/02\/miriam-cani-braktis-shtetesine-shqiptare\/\" \/>\n<meta property=\"og:locale\" content=\"en_US\" \/>\n<meta property=\"og:type\" content=\"article\" \/>\n<meta property=\"og:title\" content=\"Miriam Cani braktis shtet\u00ebsin\u00eb shqiptare - Lajme nga Ulqini\" \/>\n<meta property=\"og:description\" content=\"Kengetarja\u00a0e dashur p\u00ebr publikun shqiptar dhe m\u00eb gjer\u00eb, Miriam Cani, e cila prej vitesh e ka ngritur jet\u00ebn n\u00eb Gjermani, ka l\u00ebn\u00eb gjat\u00eb jav\u00ebs s\u00eb shkuar\" \/>\n<meta property=\"og:url\" content=\"https:\/\/www.visit-ulcinj.com\/blog\/2012\/09\/02\/miriam-cani-braktis-shtetesine-shqiptare\/\" \/>\n<meta property=\"og:site_name\" content=\"Lajme nga Ulqini\" \/>\n<meta property=\"article:published_time\" content=\"2012-09-02T10:46:41+00:00\" \/>\n<meta property=\"og:image\" content=\"http:\/\/www.visit-ulcinj.com\/blog\/wp-content\/uploads\/2012\/09\/Miriam-Cani.jpg\" \/>\n<meta name=\"twitter:label1\" content=\"Written by\" \/>\n\t<meta name=\"twitter:data1\" content=\"ulqini\" \/>\n\t<meta name=\"twitter:label2\" content=\"Est. reading time\" \/>\n\t<meta name=\"twitter:data2\" content=\"1 minute\" \/>\n<script type=\"application\/ld+json\" class=\"yoast-schema-graph\">{\"@context\":\"https:\/\/schema.org\",\"@graph\":[{\"@type\":\"WebSite\",\"@id\":\"https:\/\/www.visit-ulcinj.com\/blog\/#website\",\"url\":\"https:\/\/www.visit-ulcinj.com\/blog\/\",\"name\":\"Lajme nga Ulqini\",\"description\":\"Lajme,Vijesti,Ulqini,Ulqin,Crna Gora,Mali i Zi\",\"potentialAction\":[{\"@type\":\"SearchAction\",\"target\":{\"@type\":\"EntryPoint\",\"urlTemplate\":\"https:\/\/www.visit-ulcinj.com\/blog\/?s={search_term_string}\"},\"query-input\":\"required name=search_term_string\"}],\"inLanguage\":\"en-US\"},{\"@type\":\"ImageObject\",\"inLanguage\":\"en-US\",\"@id\":\"https:\/\/www.visit-ulcinj.com\/blog\/2012\/09\/02\/miriam-cani-braktis-shtetesine-shqiptare\/#primaryimage\",\"url\":\"http:\/\/www.visit-ulcinj.com\/blog\/wp-content\/uploads\/2012\/09\/Miriam-Cani.jpg\",\"contentUrl\":\"http:\/\/www.visit-ulcinj.com\/blog\/wp-content\/uploads\/2012\/09\/Miriam-Cani.jpg\"},{\"@type\":\"WebPage\",\"@id\":\"https:\/\/www.visit-ulcinj.com\/blog\/2012\/09\/02\/miriam-cani-braktis-shtetesine-shqiptare\/#webpage\",\"url\":\"https:\/\/www.visit-ulcinj.com\/blog\/2012\/09\/02\/miriam-cani-braktis-shtetesine-shqiptare\/\",\"name\":\"Miriam Cani braktis shtet\u00ebsin\u00eb shqiptare - Lajme nga Ulqini\",\"isPartOf\":{\"@id\":\"https:\/\/www.visit-ulcinj.com\/blog\/#website\"},\"primaryImageOfPage\":{\"@id\":\"https:\/\/www.visit-ulcinj.com\/blog\/2012\/09\/02\/miriam-cani-braktis-shtetesine-shqiptare\/#primaryimage\"},\"datePublished\":\"2012-09-02T10:46:41+00:00\",\"dateModified\":\"2012-09-02T10:46:41+00:00\",\"author\":{\"@id\":\"https:\/\/www.visit-ulcinj.com\/blog\/#\/schema\/person\/dcab619c614d3038751c63bc2aadc06d\"},\"description\":\"Kengetarja\u00a0e dashur p\u00ebr publikun shqiptar dhe m\u00eb gjer\u00eb, Miriam Cani, e cila prej vitesh e ka ngritur jet\u00ebn n\u00eb Gjermani, ka l\u00ebn\u00eb gjat\u00eb jav\u00ebs s\u00eb shkuar\",\"breadcrumb\":{\"@id\":\"https:\/\/www.visit-ulcinj.com\/blog\/2012\/09\/02\/miriam-cani-braktis-shtetesine-shqiptare\/#breadcrumb\"},\"inLanguage\":\"en-US\",\"potentialAction\":[{\"@type\":\"ReadAction\",\"target\":[\"https:\/\/www.visit-ulcinj.com\/blog\/2012\/09\/02\/miriam-cani-braktis-shtetesine-shqiptare\/\"]}]},{\"@type\":\"BreadcrumbList\",\"@id\":\"https:\/\/www.visit-ulcinj.com\/blog\/2012\/09\/02\/miriam-cani-braktis-shtetesine-shqiptare\/#breadcrumb\",\"itemListElement\":[{\"@type\":\"ListItem\",\"position\":1,\"name\":\"Miriam Cani braktis shtet\u00ebsin\u00eb shqiptare\"}]},{\"@type\":\"Person\",\"@id\":\"https:\/\/www.visit-ulcinj.com\/blog\/#\/schema\/person\/dcab619c614d3038751c63bc2aadc06d\",\"name\":\"ulqini\",\"sameAs\":[\"http:\/\/www.visit-ulcinj.com\"],\"url\":\"https:\/\/www.visit-ulcinj.com\/blog\/author\/admin\/\"}]}<\/script>\n<!-- \/ Yoast SEO plugin. -->","yoast_head_json":{"title":"Miriam Cani braktis shtet\u00ebsin\u00eb shqiptare - Lajme nga Ulqini","description":"Kengetarja\u00a0e dashur p\u00ebr publikun shqiptar dhe m\u00eb gjer\u00eb, Miriam Cani, e cila prej vitesh e ka ngritur jet\u00ebn n\u00eb Gjermani, ka l\u00ebn\u00eb gjat\u00eb jav\u00ebs s\u00eb shkuar","robots":{"index":"index","follow":"follow","max-snippet":"max-snippet:-1","max-image-preview":"max-image-preview:large","max-video-preview":"max-video-preview:-1"},"canonical":"https:\/\/www.visit-ulcinj.com\/blog\/2012\/09\/02\/miriam-cani-braktis-shtetesine-shqiptare\/","og_locale":"en_US","og_type":"article","og_title":"Miriam Cani braktis shtet\u00ebsin\u00eb shqiptare - Lajme nga Ulqini","og_description":"Kengetarja\u00a0e dashur p\u00ebr publikun shqiptar dhe m\u00eb gjer\u00eb, Miriam Cani, e cila prej vitesh e ka ngritur jet\u00ebn n\u00eb Gjermani, ka l\u00ebn\u00eb gjat\u00eb jav\u00ebs s\u00eb shkuar","og_url":"https:\/\/www.visit-ulcinj.com\/blog\/2012\/09\/02\/miriam-cani-braktis-shtetesine-shqiptare\/","og_site_name":"Lajme nga Ulqini","article_published_time":"2012-09-02T10:46:41+00:00","og_image":[{"url":"http:\/\/www.visit-ulcinj.com\/blog\/wp-content\/uploads\/2012\/09\/Miriam-Cani.jpg"}],"twitter_misc":{"Written by":"ulqini","Est. reading time":"1 minute"},"schema":{"@context":"https:\/\/schema.org","@graph":[{"@type":"WebSite","@id":"https:\/\/www.visit-ulcinj.com\/blog\/#website","url":"https:\/\/www.visit-ulcinj.com\/blog\/","name":"Lajme nga Ulqini","description":"Lajme,Vijesti,Ulqini,Ulqin,Crna Gora,Mali i Zi","potentialAction":[{"@type":"SearchAction","target":{"@type":"EntryPoint","urlTemplate":"https:\/\/www.visit-ulcinj.com\/blog\/?s={search_term_string}"},"query-input":"required name=search_term_string"}],"inLanguage":"en-US"},{"@type":"ImageObject","inLanguage":"en-US","@id":"https:\/\/www.visit-ulcinj.com\/blog\/2012\/09\/02\/miriam-cani-braktis-shtetesine-shqiptare\/#primaryimage","url":"http:\/\/www.visit-ulcinj.com\/blog\/wp-content\/uploads\/2012\/09\/Miriam-Cani.jpg","contentUrl":"http:\/\/www.visit-ulcinj.com\/blog\/wp-content\/uploads\/2012\/09\/Miriam-Cani.jpg"},{"@type":"WebPage","@id":"https:\/\/www.visit-ulcinj.com\/blog\/2012\/09\/02\/miriam-cani-braktis-shtetesine-shqiptare\/#webpage","url":"https:\/\/www.visit-ulcinj.com\/blog\/2012\/09\/02\/miriam-cani-braktis-shtetesine-shqiptare\/","name":"Miriam Cani braktis shtet\u00ebsin\u00eb shqiptare - Lajme nga Ulqini","isPartOf":{"@id":"https:\/\/www.visit-ulcinj.com\/blog\/#website"},"primaryImageOfPage":{"@id":"https:\/\/www.visit-ulcinj.com\/blog\/2012\/09\/02\/miriam-cani-braktis-shtetesine-shqiptare\/#primaryimage"},"datePublished":"2012-09-02T10:46:41+00:00","dateModified":"2012-09-02T10:46:41+00:00","author":{"@id":"https:\/\/www.visit-ulcinj.com\/blog\/#\/schema\/person\/dcab619c614d3038751c63bc2aadc06d"},"description":"Kengetarja\u00a0e dashur p\u00ebr publikun shqiptar dhe m\u00eb gjer\u00eb, Miriam Cani, e cila prej vitesh e ka ngritur jet\u00ebn n\u00eb Gjermani, ka l\u00ebn\u00eb gjat\u00eb jav\u00ebs s\u00eb shkuar","breadcrumb":{"@id":"https:\/\/www.visit-ulcinj.com\/blog\/2012\/09\/02\/miriam-cani-braktis-shtetesine-shqiptare\/#breadcrumb"},"inLanguage":"en-US","potentialAction":[{"@type":"ReadAction","target":["https:\/\/www.visit-ulcinj.com\/blog\/2012\/09\/02\/miriam-cani-braktis-shtetesine-shqiptare\/"]}]},{"@type":"BreadcrumbList","@id":"https:\/\/www.visit-ulcinj.com\/blog\/2012\/09\/02\/miriam-cani-braktis-shtetesine-shqiptare\/#breadcrumb","itemListElement":[{"@type":"ListItem","position":1,"name":"Miriam Cani braktis shtet\u00ebsin\u00eb shqiptare"}]},{"@type":"Person","@id":"https:\/\/www.visit-ulcinj.com\/blog\/#\/schema\/person\/dcab619c614d3038751c63bc2aadc06d","name":"ulqini","sameAs":["http:\/\/www.visit-ulcinj.com"],"url":"https:\/\/www.visit-ulcinj.com\/blog\/author\/admin\/"}]}},"jetpack_featured_media_url":"","jetpack_sharing_enabled":true,"jetpack_shortlink":"https:\/\/wp.me\/pe6lTn-gt8","_links":{"self":[{"href":"https:\/\/www.visit-ulcinj.com\/blog\/wp-json\/wp\/v2\/posts\/63310"}],"collection":[{"href":"https:\/\/www.visit-ulcinj.com\/blog\/wp-json\/wp\/v2\/posts"}],"about":[{"href":"https:\/\/www.visit-ulcinj.com\/blog\/wp-json\/wp\/v2\/types\/post"}],"author":[{"embeddable":true,"href":"https:\/\/www.visit-ulcinj.com\/blog\/wp-json\/wp\/v2\/users\/1"}],"replies":[{"embeddable":true,"href":"https:\/\/www.visit-ulcinj.com\/blog\/wp-json\/wp\/v2\/comments?post=63310"}],"version-history":[{"count":1,"href":"https:\/\/www.visit-ulcinj.com\/blog\/wp-json\/wp\/v2\/posts\/63310\/revisions"}],"predecessor-version":[{"id":63313,"href":"https:\/\/www.visit-ulcinj.com\/blog\/wp-json\/wp\/v2\/posts\/63310\/revisions\/63313"}],"wp:attachment":[{"href":"https:\/\/www.visit-ulcinj.com\/blog\/wp-json\/wp\/v2\/media?parent=63310"}],"wp:term":[{"taxonomy":"category","embeddable":true,"href":"https:\/\/www.visit-ulcinj.com\/blog\/wp-json\/wp\/v2\/categories?post=63310"},{"taxonomy":"post_tag","embeddable":true,"href":"https:\/\/www.visit-ulcinj.com\/blog\/wp-json\/wp\/v2\/tags?post=63310"}],"curies":[{"name":"wp","href":"https:\/\/api.w.org\/{rel}","templated":true}]}}