{"id":63323,"date":"2012-09-03T19:23:07","date_gmt":"2012-09-03T18:23:07","guid":{"rendered":"http:\/\/www.visit-ulcinj.com\/blog\/?p=63323"},"modified":"2012-09-06T17:03:09","modified_gmt":"2012-09-06T16:03:09","slug":"forca-ne-zgjedhjet-e-ardshshme-bashke-me-iniciativen-qytetare","status":"publish","type":"post","link":"https:\/\/www.visit-ulcinj.com\/blog\/2012\/09\/03\/forca-ne-zgjedhjet-e-ardshshme-bashke-me-iniciativen-qytetare\/","title":{"rendered":"Forca n\u00eb zgjedhjet e ardshshme bashk\u00eb me Iniciativ\u00ebn Qytetare"},"content":{"rendered":"<p><strong><a href=\"http:\/\/www.visit-ulcinj.com\/blog\/wp-content\/uploads\/2012\/09\/Forca-n\u00eb-zgjedhjet-e-ardshshme-bashk\u00eb-me-Iniciativ\u00ebn-Qytetare.jpg\"><img loading=\"lazy\" class=\"alignleft  wp-image-63324\" title=\"Forca n\u00eb zgjedhjet e ardshshme bashk\u00eb me Iniciativ\u00ebn Qytetare\" src=\"http:\/\/www.visit-ulcinj.com\/blog\/wp-content\/uploads\/2012\/09\/Forca-n\u00eb-zgjedhjet-e-ardshshme-bashk\u00eb-me-Iniciativ\u00ebn-Qytetare.jpg\" alt=\"\" width=\"508\" height=\"360\" \/><\/a>Kumtes\u00eb p\u00ebr opinion<\/strong><\/p>\n<p>Forca e Re Demokratike, p\u00ebr t\u00eb b\u00ebr\u00eb nj\u00eb front t\u00eb p\u00ebrbashk\u00ebt shqiptar morri vendim sot me date 03.shtator 2012 n\u00eb mbledhjen e K\u00ebshillit Q\u00ebndore q\u00eb t\u00eb hyj\u00eb n\u00eb zgjedhjet e ardshshme bashk\u00eb me Iniciativ\u00ebn Qytetare t\u00eb Mal\u00ebsis\u00eb.<br \/>\nE nd\u00ebrmarrim k\u00ebt\u00eb hap t\u00eb bindur se me an\u00eb t\u00eb k\u00ebtij bashkimi do te mund t\u00eb sigurojm\u00eb nj\u00eb sukses elektoral dhe do t\u00eb cojm\u00eb p\u00ebrpara interesat e popullit ton\u00eb.<br \/>\nProgrami i Forc\u00ebs s\u00eb re demokrtaike \u00ebsht\u00eb shum\u00eb i p\u00ebraf\u00ebrt me at\u00eb t\u00eb Iniciativ\u00ebs Qytetare dhe kemi identifikuar shum\u00eb pika t\u00eb p\u00ebrbashk\u00ebta ku do t\u00eb mundemi t\u00eb bashk\u00ebpunojm\u00eb ngusht\u00eb.<br \/>\nBashkimi i dy subjekteve definitivisht do te behet deri me 30 qershor te vitit 2013 n\u00eb form\u00ebn m\u00eb t\u00eb p\u00ebrshtatshme organizative duke rrespektuar emrin FORCA p\u00ebr baz\u00eb t\u00eb emrit t\u00eb subjektit t\u00eb ardh\u00ebsh\u00ebm<br \/>\nNe besojm\u00eb se kjo aleanc\u00eb i sh\u00ebrben m\u00eb s\u00eb miri interesave t\u00eb shqiptar\u00ebve t\u00eb Malit t\u00eb Zi duke i ndalur dallimet krahinore dhe fetare q\u00eb fatkeq\u00ebsisht kan\u00eb z\u00ebn\u00eb rr\u00ebnj\u00eb n\u00eb komunitetin ton\u00eb.<br \/>\nP\u00ebrfitojm\u00eb nga ky rast p\u00ebr ti b\u00ebr\u00eb thirrje t\u00eb sinqert\u00eb, pa kusht\u00ebzime, t\u00eb gjith\u00eb faktor\u00ebve t\u00eb tjer\u00eb politik shqiptar\u00eb q\u00eb t\u00eb na bashkohen.<br \/>\n<a href=\"http:\/\/www.visit-ulcinj.com\/blog\/wp-content\/uploads\/2012\/09\/Forca-n\u00eb-zgjedhjet-e-ardshshme-bashk\u00eb-me-Iniciativ\u00ebn-Qytetare.1.jpg\"><img loading=\"lazy\" class=\"alignleft  wp-image-63325\" title=\"Forca n\u00eb zgjedhjet e ardshshme bashk\u00eb me Iniciativ\u00ebn Qytetare.1\" src=\"http:\/\/www.visit-ulcinj.com\/blog\/wp-content\/uploads\/2012\/09\/Forca-n\u00eb-zgjedhjet-e-ardshshme-bashk\u00eb-me-Iniciativ\u00ebn-Qytetare.1.jpg\" alt=\"\" width=\"508\" height=\"300\" \/><\/a><br \/>\nMe sistemin e ri zgjedhor ky bashk\u00ebpunim b\u00ebhet domosdoshm\u00ebri p\u00ebr hir t\u00eb nj\u00eb p\u00ebrfaq\u00ebsimi parlamentar sa m\u00eb t\u00eb madh shqiptar.<br \/>\nPrandaj duhet d\u00ebshmuar p\u00ebrgjegj\u00ebsi dhe larg\u00ebpam\u00ebsi, duhen l\u00ebn\u00eb m\u00ebnjan\u00eb mosmarr\u00ebveshjet apo p\u00ebrplasjet e egove tona, si dhe duhen kap\u00ebrcyer ndasit\u00eb krahinore dhe fetare p\u00ebr hir t\u00eb bashkimit t\u00eb subjekteve<\/p>\n<p>Ulqin m\u00eb 03.09.2012<\/p>\n<p>Forca e re demokratike<\/p>\n","protected":false},"excerpt":{"rendered":"<p>Kumtes\u00eb p\u00ebr opinion Forca e Re Demokratike, p\u00ebr t\u00eb b\u00ebr\u00eb nj\u00eb front t\u00eb p\u00ebrbashk\u00ebt shqiptar morri vendim sot me date 03.shtator 2012 n\u00eb mbledhjen e K\u00ebshillit Q\u00ebndore q\u00eb t\u00eb hyj\u00eb n\u00eb zgjedhjet e ardshshme bashk\u00eb me Iniciativ\u00ebn Qytetare t\u00eb Mal\u00ebsis\u00eb. E nd\u00ebrmarrim k\u00ebt\u00eb hap t\u00eb bindur se me an\u00eb t\u00eb k\u00ebtij bashkimi do te mund [&hellip;]<\/p>\n","protected":false},"author":1,"featured_media":0,"comment_status":"open","ping_status":"closed","sticky":false,"template":"","format":"standard","meta":{"spay_email":"","jetpack_publicize_message":"","jetpack_is_tweetstorm":false,"jetpack_publicize_feature_enabled":true},"categories":[6950,6],"tags":[874,7790,95,200,18],"jetpack_publicize_connections":[],"yoast_head":"<!-- This site is optimized with the Yoast SEO plugin v19.1 - https:\/\/yoast.com\/wordpress\/plugins\/seo\/ -->\n<title>Forca n\u00eb zgjedhjet e ardshshme bashk\u00eb me Iniciativ\u00ebn Qytetare - Lajme nga Ulqini<\/title>\n<meta name=\"description\" content=\"Kumtes\u00eb p\u00ebr opinion Forca e Re Demokratike, p\u00ebr t\u00eb b\u00ebr\u00eb nj\u00eb front t\u00eb p\u00ebrbashk\u00ebt shqiptar morri vendim sot me date 03.shtator 2012 n\u00eb mbledhjen e K\u00ebshillit\" \/>\n<meta name=\"robots\" content=\"index, follow, max-snippet:-1, max-image-preview:large, max-video-preview:-1\" \/>\n<link rel=\"canonical\" href=\"https:\/\/www.visit-ulcinj.com\/blog\/2012\/09\/03\/forca-ne-zgjedhjet-e-ardshshme-bashke-me-iniciativen-qytetare\/\" \/>\n<meta property=\"og:locale\" content=\"en_US\" \/>\n<meta property=\"og:type\" content=\"article\" \/>\n<meta property=\"og:title\" content=\"Forca n\u00eb zgjedhjet e ardshshme bashk\u00eb me Iniciativ\u00ebn Qytetare - Lajme nga Ulqini\" \/>\n<meta property=\"og:description\" content=\"Kumtes\u00eb p\u00ebr opinion Forca e Re Demokratike, p\u00ebr t\u00eb b\u00ebr\u00eb nj\u00eb front t\u00eb p\u00ebrbashk\u00ebt shqiptar morri vendim sot me date 03.shtator 2012 n\u00eb mbledhjen e K\u00ebshillit\" \/>\n<meta property=\"og:url\" content=\"https:\/\/www.visit-ulcinj.com\/blog\/2012\/09\/03\/forca-ne-zgjedhjet-e-ardshshme-bashke-me-iniciativen-qytetare\/\" \/>\n<meta property=\"og:site_name\" content=\"Lajme nga Ulqini\" \/>\n<meta property=\"article:published_time\" content=\"2012-09-03T18:23:07+00:00\" \/>\n<meta property=\"article:modified_time\" content=\"2012-09-06T16:03:09+00:00\" \/>\n<meta name=\"twitter:label1\" content=\"Written by\" \/>\n\t<meta name=\"twitter:data1\" content=\"ulqini\" \/>\n\t<meta name=\"twitter:label2\" content=\"Est. reading time\" \/>\n\t<meta name=\"twitter:data2\" content=\"1 minute\" \/>\n<script type=\"application\/ld+json\" class=\"yoast-schema-graph\">{\"@context\":\"https:\/\/schema.org\",\"@graph\":[{\"@type\":\"WebSite\",\"@id\":\"https:\/\/www.visit-ulcinj.com\/blog\/#website\",\"url\":\"https:\/\/www.visit-ulcinj.com\/blog\/\",\"name\":\"Lajme nga Ulqini\",\"description\":\"Lajme,Vijesti,Ulqini,Ulqin,Crna Gora,Mali i Zi\",\"potentialAction\":[{\"@type\":\"SearchAction\",\"target\":{\"@type\":\"EntryPoint\",\"urlTemplate\":\"https:\/\/www.visit-ulcinj.com\/blog\/?s={search_term_string}\"},\"query-input\":\"required name=search_term_string\"}],\"inLanguage\":\"en-US\"},{\"@type\":\"WebPage\",\"@id\":\"https:\/\/www.visit-ulcinj.com\/blog\/2012\/09\/03\/forca-ne-zgjedhjet-e-ardshshme-bashke-me-iniciativen-qytetare\/#webpage\",\"url\":\"https:\/\/www.visit-ulcinj.com\/blog\/2012\/09\/03\/forca-ne-zgjedhjet-e-ardshshme-bashke-me-iniciativen-qytetare\/\",\"name\":\"Forca n\u00eb zgjedhjet e ardshshme bashk\u00eb me Iniciativ\u00ebn Qytetare - Lajme nga Ulqini\",\"isPartOf\":{\"@id\":\"https:\/\/www.visit-ulcinj.com\/blog\/#website\"},\"datePublished\":\"2012-09-03T18:23:07+00:00\",\"dateModified\":\"2012-09-06T16:03:09+00:00\",\"author\":{\"@id\":\"https:\/\/www.visit-ulcinj.com\/blog\/#\/schema\/person\/dcab619c614d3038751c63bc2aadc06d\"},\"description\":\"Kumtes\u00eb p\u00ebr opinion Forca e Re Demokratike, p\u00ebr t\u00eb b\u00ebr\u00eb nj\u00eb front t\u00eb p\u00ebrbashk\u00ebt shqiptar morri vendim sot me date 03.shtator 2012 n\u00eb mbledhjen e K\u00ebshillit\",\"breadcrumb\":{\"@id\":\"https:\/\/www.visit-ulcinj.com\/blog\/2012\/09\/03\/forca-ne-zgjedhjet-e-ardshshme-bashke-me-iniciativen-qytetare\/#breadcrumb\"},\"inLanguage\":\"en-US\",\"potentialAction\":[{\"@type\":\"ReadAction\",\"target\":[\"https:\/\/www.visit-ulcinj.com\/blog\/2012\/09\/03\/forca-ne-zgjedhjet-e-ardshshme-bashke-me-iniciativen-qytetare\/\"]}]},{\"@type\":\"BreadcrumbList\",\"@id\":\"https:\/\/www.visit-ulcinj.com\/blog\/2012\/09\/03\/forca-ne-zgjedhjet-e-ardshshme-bashke-me-iniciativen-qytetare\/#breadcrumb\",\"itemListElement\":[{\"@type\":\"ListItem\",\"position\":1,\"name\":\"Forca n\u00eb zgjedhjet e ardshshme bashk\u00eb me Iniciativ\u00ebn Qytetare\"}]},{\"@type\":\"Person\",\"@id\":\"https:\/\/www.visit-ulcinj.com\/blog\/#\/schema\/person\/dcab619c614d3038751c63bc2aadc06d\",\"name\":\"ulqini\",\"sameAs\":[\"http:\/\/www.visit-ulcinj.com\"],\"url\":\"https:\/\/www.visit-ulcinj.com\/blog\/author\/admin\/\"}]}<\/script>\n<!-- \/ Yoast SEO plugin. -->","yoast_head_json":{"title":"Forca n\u00eb zgjedhjet e ardshshme bashk\u00eb me Iniciativ\u00ebn Qytetare - Lajme nga Ulqini","description":"Kumtes\u00eb p\u00ebr opinion Forca e Re Demokratike, p\u00ebr t\u00eb b\u00ebr\u00eb nj\u00eb front t\u00eb p\u00ebrbashk\u00ebt shqiptar morri vendim sot me date 03.shtator 2012 n\u00eb mbledhjen e K\u00ebshillit","robots":{"index":"index","follow":"follow","max-snippet":"max-snippet:-1","max-image-preview":"max-image-preview:large","max-video-preview":"max-video-preview:-1"},"canonical":"https:\/\/www.visit-ulcinj.com\/blog\/2012\/09\/03\/forca-ne-zgjedhjet-e-ardshshme-bashke-me-iniciativen-qytetare\/","og_locale":"en_US","og_type":"article","og_title":"Forca n\u00eb zgjedhjet e ardshshme bashk\u00eb me Iniciativ\u00ebn Qytetare - Lajme nga Ulqini","og_description":"Kumtes\u00eb p\u00ebr opinion Forca e Re Demokratike, p\u00ebr t\u00eb b\u00ebr\u00eb nj\u00eb front t\u00eb p\u00ebrbashk\u00ebt shqiptar morri vendim sot me date 03.shtator 2012 n\u00eb mbledhjen e K\u00ebshillit","og_url":"https:\/\/www.visit-ulcinj.com\/blog\/2012\/09\/03\/forca-ne-zgjedhjet-e-ardshshme-bashke-me-iniciativen-qytetare\/","og_site_name":"Lajme nga Ulqini","article_published_time":"2012-09-03T18:23:07+00:00","article_modified_time":"2012-09-06T16:03:09+00:00","twitter_misc":{"Written by":"ulqini","Est. reading time":"1 minute"},"schema":{"@context":"https:\/\/schema.org","@graph":[{"@type":"WebSite","@id":"https:\/\/www.visit-ulcinj.com\/blog\/#website","url":"https:\/\/www.visit-ulcinj.com\/blog\/","name":"Lajme nga Ulqini","description":"Lajme,Vijesti,Ulqini,Ulqin,Crna Gora,Mali i Zi","potentialAction":[{"@type":"SearchAction","target":{"@type":"EntryPoint","urlTemplate":"https:\/\/www.visit-ulcinj.com\/blog\/?s={search_term_string}"},"query-input":"required name=search_term_string"}],"inLanguage":"en-US"},{"@type":"WebPage","@id":"https:\/\/www.visit-ulcinj.com\/blog\/2012\/09\/03\/forca-ne-zgjedhjet-e-ardshshme-bashke-me-iniciativen-qytetare\/#webpage","url":"https:\/\/www.visit-ulcinj.com\/blog\/2012\/09\/03\/forca-ne-zgjedhjet-e-ardshshme-bashke-me-iniciativen-qytetare\/","name":"Forca n\u00eb zgjedhjet e ardshshme bashk\u00eb me Iniciativ\u00ebn Qytetare - Lajme nga Ulqini","isPartOf":{"@id":"https:\/\/www.visit-ulcinj.com\/blog\/#website"},"datePublished":"2012-09-03T18:23:07+00:00","dateModified":"2012-09-06T16:03:09+00:00","author":{"@id":"https:\/\/www.visit-ulcinj.com\/blog\/#\/schema\/person\/dcab619c614d3038751c63bc2aadc06d"},"description":"Kumtes\u00eb p\u00ebr opinion Forca e Re Demokratike, p\u00ebr t\u00eb b\u00ebr\u00eb nj\u00eb front t\u00eb p\u00ebrbashk\u00ebt shqiptar morri vendim sot me date 03.shtator 2012 n\u00eb mbledhjen e K\u00ebshillit","breadcrumb":{"@id":"https:\/\/www.visit-ulcinj.com\/blog\/2012\/09\/03\/forca-ne-zgjedhjet-e-ardshshme-bashke-me-iniciativen-qytetare\/#breadcrumb"},"inLanguage":"en-US","potentialAction":[{"@type":"ReadAction","target":["https:\/\/www.visit-ulcinj.com\/blog\/2012\/09\/03\/forca-ne-zgjedhjet-e-ardshshme-bashke-me-iniciativen-qytetare\/"]}]},{"@type":"BreadcrumbList","@id":"https:\/\/www.visit-ulcinj.com\/blog\/2012\/09\/03\/forca-ne-zgjedhjet-e-ardshshme-bashke-me-iniciativen-qytetare\/#breadcrumb","itemListElement":[{"@type":"ListItem","position":1,"name":"Forca n\u00eb zgjedhjet e ardshshme bashk\u00eb me Iniciativ\u00ebn Qytetare"}]},{"@type":"Person","@id":"https:\/\/www.visit-ulcinj.com\/blog\/#\/schema\/person\/dcab619c614d3038751c63bc2aadc06d","name":"ulqini","sameAs":["http:\/\/www.visit-ulcinj.com"],"url":"https:\/\/www.visit-ulcinj.com\/blog\/author\/admin\/"}]}},"jetpack_featured_media_url":"","jetpack_sharing_enabled":true,"jetpack_shortlink":"https:\/\/wp.me\/pe6lTn-gtl","_links":{"self":[{"href":"https:\/\/www.visit-ulcinj.com\/blog\/wp-json\/wp\/v2\/posts\/63323"}],"collection":[{"href":"https:\/\/www.visit-ulcinj.com\/blog\/wp-json\/wp\/v2\/posts"}],"about":[{"href":"https:\/\/www.visit-ulcinj.com\/blog\/wp-json\/wp\/v2\/types\/post"}],"author":[{"embeddable":true,"href":"https:\/\/www.visit-ulcinj.com\/blog\/wp-json\/wp\/v2\/users\/1"}],"replies":[{"embeddable":true,"href":"https:\/\/www.visit-ulcinj.com\/blog\/wp-json\/wp\/v2\/comments?post=63323"}],"version-history":[{"count":4,"href":"https:\/\/www.visit-ulcinj.com\/blog\/wp-json\/wp\/v2\/posts\/63323\/revisions"}],"predecessor-version":[{"id":63372,"href":"https:\/\/www.visit-ulcinj.com\/blog\/wp-json\/wp\/v2\/posts\/63323\/revisions\/63372"}],"wp:attachment":[{"href":"https:\/\/www.visit-ulcinj.com\/blog\/wp-json\/wp\/v2\/media?parent=63323"}],"wp:term":[{"taxonomy":"category","embeddable":true,"href":"https:\/\/www.visit-ulcinj.com\/blog\/wp-json\/wp\/v2\/categories?post=63323"},{"taxonomy":"post_tag","embeddable":true,"href":"https:\/\/www.visit-ulcinj.com\/blog\/wp-json\/wp\/v2\/tags?post=63323"}],"curies":[{"name":"wp","href":"https:\/\/api.w.org\/{rel}","templated":true}]}}