{"id":63329,"date":"2012-09-03T22:39:13","date_gmt":"2012-09-03T21:39:13","guid":{"rendered":"http:\/\/www.visit-ulcinj.com\/blog\/?p=63329"},"modified":"2012-09-03T22:39:52","modified_gmt":"2012-09-03T21:39:52","slug":"sot-filloi-viti-i-ri-shkollore-20122013","status":"publish","type":"post","link":"https:\/\/www.visit-ulcinj.com\/blog\/2012\/09\/03\/sot-filloi-viti-i-ri-shkollore-20122013\/","title":{"rendered":"Sot filloi viti i ri shkollor\u00eb 2012\/2013"},"content":{"rendered":"<p><a href=\"http:\/\/www.visit-ulcinj.com\/blog\/wp-content\/uploads\/2012\/09\/aaaaskola1.jpg\"><img loading=\"lazy\" class=\"alignleft  wp-image-63330\" title=\"aaaaskola1\" src=\"http:\/\/www.visit-ulcinj.com\/blog\/wp-content\/uploads\/2012\/09\/aaaaskola1.jpg\" alt=\"\" width=\"508\" height=\"347\" \/><\/a>P\u00ebr t\u00eb gjith\u00eb nx\u00ebn\u00ebsit e shkollave fillore dhe t\u00eb mesme n\u00eb Mal t\u00eb Zi, sot filloi viti i ri shkollor\u00eb 2012\/2013, ashtu q\u00eb m\u00eb tep\u00ebr se nj\u00ebqind mij\u00eb nx\u00ebn\u00ebs sot i filluan obligimet e p\u00ebrditshme n\u00eb procesin e rregullt edukativo-arsimor n\u00eb vitin vijues shkollor\u00eb.<\/p>\n<p>Sipas t\u00eb dh\u00ebnave nga ministria e arsimit dhe sportit, vitin e ri shkollor\u00eb e kan\u00eb filluar rreth 32 mij\u00eb nx\u00ebn\u00ebs t\u00eb shkollave t\u00eb mesme, kurse m\u00eb tep\u00ebr se gjasht\u00ebdhjet\u00eb e n\u00ebnt\u00eb mij\u00eb n\u00eb shkollat fillore. T\u00eb dh\u00ebnat mbi numrin e nx\u00ebn\u00ebsve t\u00eb klas\u00ebn e par\u00eb n\u00eb shkoll\u00ebn fillore nuk jan\u00eb kumtuar por sipas vler\u00ebsimeve , rreth tet\u00eb mij\u00eb nx\u00ebn\u00ebs jan\u00eb ulur sot p\u00ebr her\u00eb t\u00eb par\u00eb n\u00eb bankat e shkoll\u00ebs fillore.<\/p>\n<p>N\u00eb nj\u00ebr\u00ebn prej shkollave m\u00eb t\u00eb m\u00ebdha fillore n\u00eb Mal t\u00eb Zi, Mahmut Lekiq n\u00eb Tuz, po ashtu filluan sot vitin e i shkollor\u00eb, kurse m\u00eb t\u00eb lumturit ishin nx\u00ebn\u00ebsit e klas\u00ebs s\u00eb par\u00eb, t\u00eb cil\u00ebt t\u00eb shoq\u00ebruar nga prind\u00ebrit e tyre , u njoftuan me m\u00ebsuesit e vet dhe ambientin ku do t\u00eb ndjekin m\u00ebsimin rregullt.<\/p>\n<p>Sikurse n\u00eb t\u00eb gjith\u00eb vendin, edhe n\u00eb komun\u00ebn e Ulqinit t\u00eb gjitha shkollat fillore dhe t\u00eb mesme kan\u00eb filluar m\u00ebsimin. Me k\u00ebt\u00eb rast kreu i komun\u00ebs Nazif Cungu, uroi t\u00eb gjith\u00eb nx\u00ebn\u00ebsit dhe m\u00ebsimdh\u00ebn\u00ebsit p\u00ebr nj\u00eb vit t\u00eb mbar\u00eb dhe t\u00eb suksessh\u00ebm shkollor\u00eb.<\/p>\n<p><strong>TVCG<\/strong><\/p>\n","protected":false},"excerpt":{"rendered":"<p>P\u00ebr t\u00eb gjith\u00eb nx\u00ebn\u00ebsit e shkollave fillore dhe t\u00eb mesme n\u00eb Mal t\u00eb Zi, sot filloi viti i ri shkollor\u00eb 2012\/2013, ashtu q\u00eb m\u00eb tep\u00ebr se nj\u00ebqind mij\u00eb nx\u00ebn\u00ebs sot i filluan obligimet e p\u00ebrditshme n\u00eb procesin e rregullt edukativo-arsimor n\u00eb vitin vijues shkollor\u00eb. Sipas t\u00eb dh\u00ebnave nga ministria e arsimit dhe sportit, vitin e [&hellip;]<\/p>\n","protected":false},"author":1,"featured_media":0,"comment_status":"open","ping_status":"closed","sticky":false,"template":"","format":"standard","meta":{"spay_email":"","jetpack_publicize_message":"","jetpack_is_tweetstorm":false,"jetpack_publicize_feature_enabled":true},"categories":[6950],"tags":[200],"jetpack_publicize_connections":[],"yoast_head":"<!-- This site is optimized with the Yoast SEO plugin v19.1 - https:\/\/yoast.com\/wordpress\/plugins\/seo\/ -->\n<title>Sot filloi viti i ri shkollor\u00eb 2012\/2013 - Lajme nga Ulqini<\/title>\n<meta name=\"description\" content=\"P\u00ebr t\u00eb gjith\u00eb nx\u00ebn\u00ebsit e shkollave fillore dhe t\u00eb mesme n\u00eb Mal t\u00eb Zi, sot filloi viti i ri shkollor\u00eb 2012\/2013, ashtu q\u00eb m\u00eb tep\u00ebr se nj\u00ebqind mij\u00eb nx\u00ebn\u00ebs\" \/>\n<meta name=\"robots\" content=\"index, follow, max-snippet:-1, max-image-preview:large, max-video-preview:-1\" \/>\n<link rel=\"canonical\" href=\"https:\/\/www.visit-ulcinj.com\/blog\/2012\/09\/03\/sot-filloi-viti-i-ri-shkollore-20122013\/\" \/>\n<meta property=\"og:locale\" content=\"en_US\" \/>\n<meta property=\"og:type\" content=\"article\" \/>\n<meta property=\"og:title\" content=\"Sot filloi viti i ri shkollor\u00eb 2012\/2013 - Lajme nga Ulqini\" \/>\n<meta property=\"og:description\" content=\"P\u00ebr t\u00eb gjith\u00eb nx\u00ebn\u00ebsit e shkollave fillore dhe t\u00eb mesme n\u00eb Mal t\u00eb Zi, sot filloi viti i ri shkollor\u00eb 2012\/2013, ashtu q\u00eb m\u00eb tep\u00ebr se nj\u00ebqind mij\u00eb nx\u00ebn\u00ebs\" \/>\n<meta property=\"og:url\" content=\"https:\/\/www.visit-ulcinj.com\/blog\/2012\/09\/03\/sot-filloi-viti-i-ri-shkollore-20122013\/\" \/>\n<meta property=\"og:site_name\" content=\"Lajme nga Ulqini\" \/>\n<meta property=\"article:published_time\" content=\"2012-09-03T21:39:13+00:00\" \/>\n<meta property=\"article:modified_time\" content=\"2012-09-03T21:39:52+00:00\" \/>\n<meta property=\"og:image\" content=\"http:\/\/www.visit-ulcinj.com\/blog\/wp-content\/uploads\/2012\/09\/aaaaskola1.jpg\" \/>\n<meta name=\"twitter:label1\" content=\"Written by\" \/>\n\t<meta name=\"twitter:data1\" content=\"ulqini\" \/>\n\t<meta name=\"twitter:label2\" content=\"Est. reading time\" \/>\n\t<meta name=\"twitter:data2\" content=\"1 minute\" \/>\n<script type=\"application\/ld+json\" class=\"yoast-schema-graph\">{\"@context\":\"https:\/\/schema.org\",\"@graph\":[{\"@type\":\"WebSite\",\"@id\":\"https:\/\/www.visit-ulcinj.com\/blog\/#website\",\"url\":\"https:\/\/www.visit-ulcinj.com\/blog\/\",\"name\":\"Lajme nga Ulqini\",\"description\":\"Lajme,Vijesti,Ulqini,Ulqin,Crna Gora,Mali i Zi\",\"potentialAction\":[{\"@type\":\"SearchAction\",\"target\":{\"@type\":\"EntryPoint\",\"urlTemplate\":\"https:\/\/www.visit-ulcinj.com\/blog\/?s={search_term_string}\"},\"query-input\":\"required name=search_term_string\"}],\"inLanguage\":\"en-US\"},{\"@type\":\"ImageObject\",\"inLanguage\":\"en-US\",\"@id\":\"https:\/\/www.visit-ulcinj.com\/blog\/2012\/09\/03\/sot-filloi-viti-i-ri-shkollore-20122013\/#primaryimage\",\"url\":\"https:\/\/www.visit-ulcinj.com\/blog\/wp-content\/uploads\/2012\/09\/aaaaskola1.jpg\",\"contentUrl\":\"https:\/\/www.visit-ulcinj.com\/blog\/wp-content\/uploads\/2012\/09\/aaaaskola1.jpg\",\"width\":\"453\",\"height\":\"347\"},{\"@type\":\"WebPage\",\"@id\":\"https:\/\/www.visit-ulcinj.com\/blog\/2012\/09\/03\/sot-filloi-viti-i-ri-shkollore-20122013\/#webpage\",\"url\":\"https:\/\/www.visit-ulcinj.com\/blog\/2012\/09\/03\/sot-filloi-viti-i-ri-shkollore-20122013\/\",\"name\":\"Sot filloi viti i ri shkollor\u00eb 2012\/2013 - Lajme nga Ulqini\",\"isPartOf\":{\"@id\":\"https:\/\/www.visit-ulcinj.com\/blog\/#website\"},\"primaryImageOfPage\":{\"@id\":\"https:\/\/www.visit-ulcinj.com\/blog\/2012\/09\/03\/sot-filloi-viti-i-ri-shkollore-20122013\/#primaryimage\"},\"datePublished\":\"2012-09-03T21:39:13+00:00\",\"dateModified\":\"2012-09-03T21:39:52+00:00\",\"author\":{\"@id\":\"https:\/\/www.visit-ulcinj.com\/blog\/#\/schema\/person\/dcab619c614d3038751c63bc2aadc06d\"},\"description\":\"P\u00ebr t\u00eb gjith\u00eb nx\u00ebn\u00ebsit e shkollave fillore dhe t\u00eb mesme n\u00eb Mal t\u00eb Zi, sot filloi viti i ri shkollor\u00eb 2012\/2013, ashtu q\u00eb m\u00eb tep\u00ebr se nj\u00ebqind mij\u00eb nx\u00ebn\u00ebs\",\"breadcrumb\":{\"@id\":\"https:\/\/www.visit-ulcinj.com\/blog\/2012\/09\/03\/sot-filloi-viti-i-ri-shkollore-20122013\/#breadcrumb\"},\"inLanguage\":\"en-US\",\"potentialAction\":[{\"@type\":\"ReadAction\",\"target\":[\"https:\/\/www.visit-ulcinj.com\/blog\/2012\/09\/03\/sot-filloi-viti-i-ri-shkollore-20122013\/\"]}]},{\"@type\":\"BreadcrumbList\",\"@id\":\"https:\/\/www.visit-ulcinj.com\/blog\/2012\/09\/03\/sot-filloi-viti-i-ri-shkollore-20122013\/#breadcrumb\",\"itemListElement\":[{\"@type\":\"ListItem\",\"position\":1,\"name\":\"Sot filloi viti i ri shkollor\u00eb 2012\/2013\"}]},{\"@type\":\"Person\",\"@id\":\"https:\/\/www.visit-ulcinj.com\/blog\/#\/schema\/person\/dcab619c614d3038751c63bc2aadc06d\",\"name\":\"ulqini\",\"sameAs\":[\"http:\/\/www.visit-ulcinj.com\"],\"url\":\"https:\/\/www.visit-ulcinj.com\/blog\/author\/admin\/\"}]}<\/script>\n<!-- \/ Yoast SEO plugin. -->","yoast_head_json":{"title":"Sot filloi viti i ri shkollor\u00eb 2012\/2013 - Lajme nga Ulqini","description":"P\u00ebr t\u00eb gjith\u00eb nx\u00ebn\u00ebsit e shkollave fillore dhe t\u00eb mesme n\u00eb Mal t\u00eb Zi, sot filloi viti i ri shkollor\u00eb 2012\/2013, ashtu q\u00eb m\u00eb tep\u00ebr se nj\u00ebqind mij\u00eb nx\u00ebn\u00ebs","robots":{"index":"index","follow":"follow","max-snippet":"max-snippet:-1","max-image-preview":"max-image-preview:large","max-video-preview":"max-video-preview:-1"},"canonical":"https:\/\/www.visit-ulcinj.com\/blog\/2012\/09\/03\/sot-filloi-viti-i-ri-shkollore-20122013\/","og_locale":"en_US","og_type":"article","og_title":"Sot filloi viti i ri shkollor\u00eb 2012\/2013 - Lajme nga Ulqini","og_description":"P\u00ebr t\u00eb gjith\u00eb nx\u00ebn\u00ebsit e shkollave fillore dhe t\u00eb mesme n\u00eb Mal t\u00eb Zi, sot filloi viti i ri shkollor\u00eb 2012\/2013, ashtu q\u00eb m\u00eb tep\u00ebr se nj\u00ebqind mij\u00eb nx\u00ebn\u00ebs","og_url":"https:\/\/www.visit-ulcinj.com\/blog\/2012\/09\/03\/sot-filloi-viti-i-ri-shkollore-20122013\/","og_site_name":"Lajme nga Ulqini","article_published_time":"2012-09-03T21:39:13+00:00","article_modified_time":"2012-09-03T21:39:52+00:00","og_image":[{"url":"http:\/\/www.visit-ulcinj.com\/blog\/wp-content\/uploads\/2012\/09\/aaaaskola1.jpg"}],"twitter_misc":{"Written by":"ulqini","Est. reading time":"1 minute"},"schema":{"@context":"https:\/\/schema.org","@graph":[{"@type":"WebSite","@id":"https:\/\/www.visit-ulcinj.com\/blog\/#website","url":"https:\/\/www.visit-ulcinj.com\/blog\/","name":"Lajme nga Ulqini","description":"Lajme,Vijesti,Ulqini,Ulqin,Crna Gora,Mali i Zi","potentialAction":[{"@type":"SearchAction","target":{"@type":"EntryPoint","urlTemplate":"https:\/\/www.visit-ulcinj.com\/blog\/?s={search_term_string}"},"query-input":"required name=search_term_string"}],"inLanguage":"en-US"},{"@type":"ImageObject","inLanguage":"en-US","@id":"https:\/\/www.visit-ulcinj.com\/blog\/2012\/09\/03\/sot-filloi-viti-i-ri-shkollore-20122013\/#primaryimage","url":"https:\/\/www.visit-ulcinj.com\/blog\/wp-content\/uploads\/2012\/09\/aaaaskola1.jpg","contentUrl":"https:\/\/www.visit-ulcinj.com\/blog\/wp-content\/uploads\/2012\/09\/aaaaskola1.jpg","width":"453","height":"347"},{"@type":"WebPage","@id":"https:\/\/www.visit-ulcinj.com\/blog\/2012\/09\/03\/sot-filloi-viti-i-ri-shkollore-20122013\/#webpage","url":"https:\/\/www.visit-ulcinj.com\/blog\/2012\/09\/03\/sot-filloi-viti-i-ri-shkollore-20122013\/","name":"Sot filloi viti i ri shkollor\u00eb 2012\/2013 - Lajme nga Ulqini","isPartOf":{"@id":"https:\/\/www.visit-ulcinj.com\/blog\/#website"},"primaryImageOfPage":{"@id":"https:\/\/www.visit-ulcinj.com\/blog\/2012\/09\/03\/sot-filloi-viti-i-ri-shkollore-20122013\/#primaryimage"},"datePublished":"2012-09-03T21:39:13+00:00","dateModified":"2012-09-03T21:39:52+00:00","author":{"@id":"https:\/\/www.visit-ulcinj.com\/blog\/#\/schema\/person\/dcab619c614d3038751c63bc2aadc06d"},"description":"P\u00ebr t\u00eb gjith\u00eb nx\u00ebn\u00ebsit e shkollave fillore dhe t\u00eb mesme n\u00eb Mal t\u00eb Zi, sot filloi viti i ri shkollor\u00eb 2012\/2013, ashtu q\u00eb m\u00eb tep\u00ebr se nj\u00ebqind mij\u00eb nx\u00ebn\u00ebs","breadcrumb":{"@id":"https:\/\/www.visit-ulcinj.com\/blog\/2012\/09\/03\/sot-filloi-viti-i-ri-shkollore-20122013\/#breadcrumb"},"inLanguage":"en-US","potentialAction":[{"@type":"ReadAction","target":["https:\/\/www.visit-ulcinj.com\/blog\/2012\/09\/03\/sot-filloi-viti-i-ri-shkollore-20122013\/"]}]},{"@type":"BreadcrumbList","@id":"https:\/\/www.visit-ulcinj.com\/blog\/2012\/09\/03\/sot-filloi-viti-i-ri-shkollore-20122013\/#breadcrumb","itemListElement":[{"@type":"ListItem","position":1,"name":"Sot filloi viti i ri shkollor\u00eb 2012\/2013"}]},{"@type":"Person","@id":"https:\/\/www.visit-ulcinj.com\/blog\/#\/schema\/person\/dcab619c614d3038751c63bc2aadc06d","name":"ulqini","sameAs":["http:\/\/www.visit-ulcinj.com"],"url":"https:\/\/www.visit-ulcinj.com\/blog\/author\/admin\/"}]}},"jetpack_featured_media_url":"","jetpack_sharing_enabled":true,"jetpack_shortlink":"https:\/\/wp.me\/pe6lTn-gtr","_links":{"self":[{"href":"https:\/\/www.visit-ulcinj.com\/blog\/wp-json\/wp\/v2\/posts\/63329"}],"collection":[{"href":"https:\/\/www.visit-ulcinj.com\/blog\/wp-json\/wp\/v2\/posts"}],"about":[{"href":"https:\/\/www.visit-ulcinj.com\/blog\/wp-json\/wp\/v2\/types\/post"}],"author":[{"embeddable":true,"href":"https:\/\/www.visit-ulcinj.com\/blog\/wp-json\/wp\/v2\/users\/1"}],"replies":[{"embeddable":true,"href":"https:\/\/www.visit-ulcinj.com\/blog\/wp-json\/wp\/v2\/comments?post=63329"}],"version-history":[{"count":2,"href":"https:\/\/www.visit-ulcinj.com\/blog\/wp-json\/wp\/v2\/posts\/63329\/revisions"}],"predecessor-version":[{"id":63332,"href":"https:\/\/www.visit-ulcinj.com\/blog\/wp-json\/wp\/v2\/posts\/63329\/revisions\/63332"}],"wp:attachment":[{"href":"https:\/\/www.visit-ulcinj.com\/blog\/wp-json\/wp\/v2\/media?parent=63329"}],"wp:term":[{"taxonomy":"category","embeddable":true,"href":"https:\/\/www.visit-ulcinj.com\/blog\/wp-json\/wp\/v2\/categories?post=63329"},{"taxonomy":"post_tag","embeddable":true,"href":"https:\/\/www.visit-ulcinj.com\/blog\/wp-json\/wp\/v2\/tags?post=63329"}],"curies":[{"name":"wp","href":"https:\/\/api.w.org\/{rel}","templated":true}]}}