{"id":63333,"date":"2012-09-04T07:38:20","date_gmt":"2012-09-04T06:38:20","guid":{"rendered":"http:\/\/www.visit-ulcinj.com\/blog\/?p=63333"},"modified":"2012-09-04T07:38:20","modified_gmt":"2012-09-04T06:38:20","slug":"albanci-na-izbore-idu-u-tri-kolone","status":"publish","type":"post","link":"https:\/\/www.visit-ulcinj.com\/blog\/2012\/09\/04\/albanci-na-izbore-idu-u-tri-kolone\/","title":{"rendered":"Albanci na izbore idu u tri kolone"},"content":{"rendered":"<p><a href=\"http:\/\/www.visit-ulcinj.com\/blog\/wp-content\/uploads\/2012\/09\/partit_politike_shqiptare_ne_mal_te_zi.jpg\"><img loading=\"lazy\" class=\"alignleft size-full wp-image-63334\" title=\"partit_politike_shqiptare_ne_mal_te_zi\" src=\"http:\/\/www.visit-ulcinj.com\/blog\/wp-content\/uploads\/2012\/09\/partit_politike_shqiptare_ne_mal_te_zi.jpg\" alt=\"\" width=\"318\" height=\"258\" srcset=\"https:\/\/www.visit-ulcinj.com\/blog\/wp-content\/uploads\/2012\/09\/partit_politike_shqiptare_ne_mal_te_zi.jpg 318w, https:\/\/www.visit-ulcinj.com\/blog\/wp-content\/uploads\/2012\/09\/partit_politike_shqiptare_ne_mal_te_zi-300x243.jpg 300w\" sizes=\"(max-width: 318px) 100vw, 318px\" \/><\/a>Albanske partije \u0107e na oktobarskim izborima najvjerovatnije nastupiti u tri kolone, koje \u0107e predvoditi Albanska alternativa (AA) , Forca i Demokratska unija Albanaca (DUA). Iako lideri albanskih partija u javnosti i dalje pozivaju na formiranje jedinstvene liste, prema saznanjima \u201cVijesti\u201d, na terenu se vode progovori o formiranju manjih koalicija.<\/p>\n<p>Prvu takvu koaaliciju ju\u010de su ozvani\u010dili predstavnici Force Nazifa Cungua i gra\u0111anske inicijative Vaselja Sini\u0161taja, potpisuju\u0107i sporazumo o zajedni\u010dkom nastupu na parlamentarnim izborima.<\/p>\n<p>Ujedinjenje dva politi\u010dka subjekta ovim sporaumom predvi\u0111eno je najkasnije do 30. juna 2013. godine, u najpogodnijoj organizacionoj formi uva\u017eavaju\u0107i ime Forca, kao osnovu imena budu\u0107e zajedni\u010dke partije- stoji u saop\u0161tenju koje je dostavljeno \u201cVijestima\u201d.<\/p>\n<p>Odluka Sini\u0161taja da se u\u0111e u savez sa Forcom uslijedila je dva dana nakon \u0161to su funkcioneri Gra\u0111anske inicijative dogovorili sve detalje o povratku u Albansku alternativu. Prema tvrdnjama izvora \u201eVijesti\u201c uklju\u010denih u pregovore, Sini\u0161taj i njegovi saradnici koji su prije \u010detiri godine napustili Alternativu sa biv\u0161im strana\u010dkim kolegama dogovorili su da na strana\u010dkoj skup\u0161tini 15. septembra ozvani\u010de ponovno ujedinjenje. Prema tom dogovoru Sini\u0161taj je trebalo da bude predsjednik stranke, dok je sada\u0161nji strana\u010dki \u0161ef \u0110er\u0111 Camaj trebalo da zauzme funkciju politi\u010dkog direktora.<\/p>\n<p>Osim koalicije Sini\u0161taja i Cungua, na parlamentarnim izborima nastupi\u0107e i zajedni\u010dka lista Demokratske partije i Albanske alternative \u010diji \u0107e nosilac biti Fatmir \u0110eka, a kojoj bi narednih dana trebale da se priklju\u010de jo\u0161 neke manje albanske stranke.<\/p>\n<p>Iako strana\u010dki organi Demokratske unije Albanaca (DUA) jo\u0161 nijesu donijeli zvani\u010dnu odluku o nastupu na izborima, prema tvrdnjama izvora \u201eVijesti\u201c, ta partija ne\u0107e biti \u010dlanica ve\u0107e koalicije i mogla bi eventualno formirati savez sa Partijom demokratskog prosperiteta (PDP). DUA je na terenu ve\u0107 po\u010dela prikupljanje potpisa za prijavu izborne liste.<\/p>\n<p><a href=\"http:\/\/www.portalanalitika.me\/politika\/vijesti\/72515-albanci-na-izbore-idu-u-tri-kolone.html\" target=\"_blank\"><strong>Analitika &#8211; Informativni Portal<\/strong><\/a><\/p>\n","protected":false},"excerpt":{"rendered":"<p>Albanske partije \u0107e na oktobarskim izborima najvjerovatnije nastupiti u tri kolone, koje \u0107e predvoditi Albanska alternativa (AA) , Forca i Demokratska unija Albanaca (DUA). Iako lideri albanskih partija u javnosti i dalje pozivaju na formiranje jedinstvene liste, prema saznanjima \u201cVijesti\u201d, na terenu se vode progovori o formiranju manjih koalicija. Prvu takvu koaaliciju ju\u010de su ozvani\u010dili [&hellip;]<\/p>\n","protected":false},"author":1,"featured_media":0,"comment_status":"open","ping_status":"closed","sticky":false,"template":"","format":"standard","meta":{"spay_email":"","jetpack_publicize_message":"","jetpack_is_tweetstorm":false,"jetpack_publicize_feature_enabled":true},"categories":[8337],"tags":[],"jetpack_publicize_connections":[],"yoast_head":"<!-- This site is optimized with the Yoast SEO plugin v19.1 - https:\/\/yoast.com\/wordpress\/plugins\/seo\/ -->\n<title>Albanci na izbore idu u tri kolone - Lajme nga Ulqini<\/title>\n<meta name=\"description\" content=\"Albanske partije \u0107e na oktobarskim izborima najvjerovatnije nastupiti u tri kolone, koje \u0107e predvoditi Albanska alternativa (AA) , Forca i Demokratska\" \/>\n<meta name=\"robots\" content=\"index, follow, max-snippet:-1, max-image-preview:large, max-video-preview:-1\" \/>\n<link rel=\"canonical\" href=\"https:\/\/www.visit-ulcinj.com\/blog\/2012\/09\/04\/albanci-na-izbore-idu-u-tri-kolone\/\" \/>\n<meta property=\"og:locale\" content=\"en_US\" \/>\n<meta property=\"og:type\" content=\"article\" \/>\n<meta property=\"og:title\" content=\"Albanci na izbore idu u tri kolone - Lajme nga Ulqini\" \/>\n<meta property=\"og:description\" content=\"Albanske partije \u0107e na oktobarskim izborima najvjerovatnije nastupiti u tri kolone, koje \u0107e predvoditi Albanska alternativa (AA) , Forca i Demokratska\" \/>\n<meta property=\"og:url\" content=\"https:\/\/www.visit-ulcinj.com\/blog\/2012\/09\/04\/albanci-na-izbore-idu-u-tri-kolone\/\" \/>\n<meta property=\"og:site_name\" content=\"Lajme nga Ulqini\" \/>\n<meta property=\"article:published_time\" content=\"2012-09-04T06:38:20+00:00\" \/>\n<meta property=\"og:image\" content=\"http:\/\/www.visit-ulcinj.com\/blog\/wp-content\/uploads\/2012\/09\/partit_politike_shqiptare_ne_mal_te_zi.jpg\" \/>\n<meta name=\"twitter:label1\" content=\"Written by\" \/>\n\t<meta name=\"twitter:data1\" content=\"ulqini\" \/>\n\t<meta name=\"twitter:label2\" content=\"Est. reading time\" \/>\n\t<meta name=\"twitter:data2\" content=\"2 minutes\" \/>\n<script type=\"application\/ld+json\" class=\"yoast-schema-graph\">{\"@context\":\"https:\/\/schema.org\",\"@graph\":[{\"@type\":\"WebSite\",\"@id\":\"https:\/\/www.visit-ulcinj.com\/blog\/#website\",\"url\":\"https:\/\/www.visit-ulcinj.com\/blog\/\",\"name\":\"Lajme nga Ulqini\",\"description\":\"Lajme,Vijesti,Ulqini,Ulqin,Crna Gora,Mali i Zi\",\"potentialAction\":[{\"@type\":\"SearchAction\",\"target\":{\"@type\":\"EntryPoint\",\"urlTemplate\":\"https:\/\/www.visit-ulcinj.com\/blog\/?s={search_term_string}\"},\"query-input\":\"required name=search_term_string\"}],\"inLanguage\":\"en-US\"},{\"@type\":\"ImageObject\",\"inLanguage\":\"en-US\",\"@id\":\"https:\/\/www.visit-ulcinj.com\/blog\/2012\/09\/04\/albanci-na-izbore-idu-u-tri-kolone\/#primaryimage\",\"url\":\"https:\/\/www.visit-ulcinj.com\/blog\/wp-content\/uploads\/2012\/09\/partit_politike_shqiptare_ne_mal_te_zi.jpg\",\"contentUrl\":\"https:\/\/www.visit-ulcinj.com\/blog\/wp-content\/uploads\/2012\/09\/partit_politike_shqiptare_ne_mal_te_zi.jpg\",\"width\":\"318\",\"height\":\"258\"},{\"@type\":\"WebPage\",\"@id\":\"https:\/\/www.visit-ulcinj.com\/blog\/2012\/09\/04\/albanci-na-izbore-idu-u-tri-kolone\/#webpage\",\"url\":\"https:\/\/www.visit-ulcinj.com\/blog\/2012\/09\/04\/albanci-na-izbore-idu-u-tri-kolone\/\",\"name\":\"Albanci na izbore idu u tri kolone - Lajme nga Ulqini\",\"isPartOf\":{\"@id\":\"https:\/\/www.visit-ulcinj.com\/blog\/#website\"},\"primaryImageOfPage\":{\"@id\":\"https:\/\/www.visit-ulcinj.com\/blog\/2012\/09\/04\/albanci-na-izbore-idu-u-tri-kolone\/#primaryimage\"},\"datePublished\":\"2012-09-04T06:38:20+00:00\",\"dateModified\":\"2012-09-04T06:38:20+00:00\",\"author\":{\"@id\":\"https:\/\/www.visit-ulcinj.com\/blog\/#\/schema\/person\/dcab619c614d3038751c63bc2aadc06d\"},\"description\":\"Albanske partije \u0107e na oktobarskim izborima najvjerovatnije nastupiti u tri kolone, koje \u0107e predvoditi Albanska alternativa (AA) , Forca i Demokratska\",\"breadcrumb\":{\"@id\":\"https:\/\/www.visit-ulcinj.com\/blog\/2012\/09\/04\/albanci-na-izbore-idu-u-tri-kolone\/#breadcrumb\"},\"inLanguage\":\"en-US\",\"potentialAction\":[{\"@type\":\"ReadAction\",\"target\":[\"https:\/\/www.visit-ulcinj.com\/blog\/2012\/09\/04\/albanci-na-izbore-idu-u-tri-kolone\/\"]}]},{\"@type\":\"BreadcrumbList\",\"@id\":\"https:\/\/www.visit-ulcinj.com\/blog\/2012\/09\/04\/albanci-na-izbore-idu-u-tri-kolone\/#breadcrumb\",\"itemListElement\":[{\"@type\":\"ListItem\",\"position\":1,\"name\":\"Albanci na izbore idu u tri kolone\"}]},{\"@type\":\"Person\",\"@id\":\"https:\/\/www.visit-ulcinj.com\/blog\/#\/schema\/person\/dcab619c614d3038751c63bc2aadc06d\",\"name\":\"ulqini\",\"sameAs\":[\"http:\/\/www.visit-ulcinj.com\"],\"url\":\"https:\/\/www.visit-ulcinj.com\/blog\/author\/admin\/\"}]}<\/script>\n<!-- \/ Yoast SEO plugin. -->","yoast_head_json":{"title":"Albanci na izbore idu u tri kolone - Lajme nga Ulqini","description":"Albanske partije \u0107e na oktobarskim izborima najvjerovatnije nastupiti u tri kolone, koje \u0107e predvoditi Albanska alternativa (AA) , Forca i Demokratska","robots":{"index":"index","follow":"follow","max-snippet":"max-snippet:-1","max-image-preview":"max-image-preview:large","max-video-preview":"max-video-preview:-1"},"canonical":"https:\/\/www.visit-ulcinj.com\/blog\/2012\/09\/04\/albanci-na-izbore-idu-u-tri-kolone\/","og_locale":"en_US","og_type":"article","og_title":"Albanci na izbore idu u tri kolone - Lajme nga Ulqini","og_description":"Albanske partije \u0107e na oktobarskim izborima najvjerovatnije nastupiti u tri kolone, koje \u0107e predvoditi Albanska alternativa (AA) , Forca i Demokratska","og_url":"https:\/\/www.visit-ulcinj.com\/blog\/2012\/09\/04\/albanci-na-izbore-idu-u-tri-kolone\/","og_site_name":"Lajme nga Ulqini","article_published_time":"2012-09-04T06:38:20+00:00","og_image":[{"url":"http:\/\/www.visit-ulcinj.com\/blog\/wp-content\/uploads\/2012\/09\/partit_politike_shqiptare_ne_mal_te_zi.jpg"}],"twitter_misc":{"Written by":"ulqini","Est. reading time":"2 minutes"},"schema":{"@context":"https:\/\/schema.org","@graph":[{"@type":"WebSite","@id":"https:\/\/www.visit-ulcinj.com\/blog\/#website","url":"https:\/\/www.visit-ulcinj.com\/blog\/","name":"Lajme nga Ulqini","description":"Lajme,Vijesti,Ulqini,Ulqin,Crna Gora,Mali i Zi","potentialAction":[{"@type":"SearchAction","target":{"@type":"EntryPoint","urlTemplate":"https:\/\/www.visit-ulcinj.com\/blog\/?s={search_term_string}"},"query-input":"required name=search_term_string"}],"inLanguage":"en-US"},{"@type":"ImageObject","inLanguage":"en-US","@id":"https:\/\/www.visit-ulcinj.com\/blog\/2012\/09\/04\/albanci-na-izbore-idu-u-tri-kolone\/#primaryimage","url":"https:\/\/www.visit-ulcinj.com\/blog\/wp-content\/uploads\/2012\/09\/partit_politike_shqiptare_ne_mal_te_zi.jpg","contentUrl":"https:\/\/www.visit-ulcinj.com\/blog\/wp-content\/uploads\/2012\/09\/partit_politike_shqiptare_ne_mal_te_zi.jpg","width":"318","height":"258"},{"@type":"WebPage","@id":"https:\/\/www.visit-ulcinj.com\/blog\/2012\/09\/04\/albanci-na-izbore-idu-u-tri-kolone\/#webpage","url":"https:\/\/www.visit-ulcinj.com\/blog\/2012\/09\/04\/albanci-na-izbore-idu-u-tri-kolone\/","name":"Albanci na izbore idu u tri kolone - Lajme nga Ulqini","isPartOf":{"@id":"https:\/\/www.visit-ulcinj.com\/blog\/#website"},"primaryImageOfPage":{"@id":"https:\/\/www.visit-ulcinj.com\/blog\/2012\/09\/04\/albanci-na-izbore-idu-u-tri-kolone\/#primaryimage"},"datePublished":"2012-09-04T06:38:20+00:00","dateModified":"2012-09-04T06:38:20+00:00","author":{"@id":"https:\/\/www.visit-ulcinj.com\/blog\/#\/schema\/person\/dcab619c614d3038751c63bc2aadc06d"},"description":"Albanske partije \u0107e na oktobarskim izborima najvjerovatnije nastupiti u tri kolone, koje \u0107e predvoditi Albanska alternativa (AA) , Forca i Demokratska","breadcrumb":{"@id":"https:\/\/www.visit-ulcinj.com\/blog\/2012\/09\/04\/albanci-na-izbore-idu-u-tri-kolone\/#breadcrumb"},"inLanguage":"en-US","potentialAction":[{"@type":"ReadAction","target":["https:\/\/www.visit-ulcinj.com\/blog\/2012\/09\/04\/albanci-na-izbore-idu-u-tri-kolone\/"]}]},{"@type":"BreadcrumbList","@id":"https:\/\/www.visit-ulcinj.com\/blog\/2012\/09\/04\/albanci-na-izbore-idu-u-tri-kolone\/#breadcrumb","itemListElement":[{"@type":"ListItem","position":1,"name":"Albanci na izbore idu u tri kolone"}]},{"@type":"Person","@id":"https:\/\/www.visit-ulcinj.com\/blog\/#\/schema\/person\/dcab619c614d3038751c63bc2aadc06d","name":"ulqini","sameAs":["http:\/\/www.visit-ulcinj.com"],"url":"https:\/\/www.visit-ulcinj.com\/blog\/author\/admin\/"}]}},"jetpack_featured_media_url":"","jetpack_sharing_enabled":true,"jetpack_shortlink":"https:\/\/wp.me\/pe6lTn-gtv","_links":{"self":[{"href":"https:\/\/www.visit-ulcinj.com\/blog\/wp-json\/wp\/v2\/posts\/63333"}],"collection":[{"href":"https:\/\/www.visit-ulcinj.com\/blog\/wp-json\/wp\/v2\/posts"}],"about":[{"href":"https:\/\/www.visit-ulcinj.com\/blog\/wp-json\/wp\/v2\/types\/post"}],"author":[{"embeddable":true,"href":"https:\/\/www.visit-ulcinj.com\/blog\/wp-json\/wp\/v2\/users\/1"}],"replies":[{"embeddable":true,"href":"https:\/\/www.visit-ulcinj.com\/blog\/wp-json\/wp\/v2\/comments?post=63333"}],"version-history":[{"count":1,"href":"https:\/\/www.visit-ulcinj.com\/blog\/wp-json\/wp\/v2\/posts\/63333\/revisions"}],"predecessor-version":[{"id":63336,"href":"https:\/\/www.visit-ulcinj.com\/blog\/wp-json\/wp\/v2\/posts\/63333\/revisions\/63336"}],"wp:attachment":[{"href":"https:\/\/www.visit-ulcinj.com\/blog\/wp-json\/wp\/v2\/media?parent=63333"}],"wp:term":[{"taxonomy":"category","embeddable":true,"href":"https:\/\/www.visit-ulcinj.com\/blog\/wp-json\/wp\/v2\/categories?post=63333"},{"taxonomy":"post_tag","embeddable":true,"href":"https:\/\/www.visit-ulcinj.com\/blog\/wp-json\/wp\/v2\/tags?post=63333"}],"curies":[{"name":"wp","href":"https:\/\/api.w.org\/{rel}","templated":true}]}}