{"id":63337,"date":"2012-09-04T17:12:45","date_gmt":"2012-09-04T16:12:45","guid":{"rendered":"http:\/\/www.visit-ulcinj.com\/blog\/?p=63337"},"modified":"2012-09-04T17:12:45","modified_gmt":"2012-09-04T16:12:45","slug":"ulqini-te-shpallet-zone-e-lire-mes-shqiperise-dhe-malit-te-zi","status":"publish","type":"post","link":"https:\/\/www.visit-ulcinj.com\/blog\/2012\/09\/04\/ulqini-te-shpallet-zone-e-lire-mes-shqiperise-dhe-malit-te-zi\/","title":{"rendered":"&#8220;Ulqini t\u00eb shpallet &#8216;zon\u00eb e lir\u00eb&#8217; mes Shqip\u00ebris\u00eb dhe Malit t\u00eb Zi!&#8221;"},"content":{"rendered":"<p><a href=\"http:\/\/www.visit-ulcinj.com\/blog\/wp-content\/uploads\/2012\/09\/Ulqini_sot17.jpg\"><img loading=\"lazy\" class=\"alignleft  wp-image-63338\" title=\"Ulqini_sot17\" src=\"http:\/\/www.visit-ulcinj.com\/blog\/wp-content\/uploads\/2012\/09\/Ulqini_sot17.jpg\" alt=\"\" width=\"508\" height=\"352\" srcset=\"https:\/\/www.visit-ulcinj.com\/blog\/wp-content\/uploads\/2012\/09\/Ulqini_sot17.jpg 800w, https:\/\/www.visit-ulcinj.com\/blog\/wp-content\/uploads\/2012\/09\/Ulqini_sot17-300x207.jpg 300w\" sizes=\"(max-width: 508px) 100vw, 508px\" \/><\/a>Kryetari i List\u00ebs p\u00ebr Shqip\u00ebri Natyrale, Ko\u00e7o Danaj, \u00ebsht\u00eb shprehur se Lista p\u00ebr Shqip\u00ebri Natyrale k\u00ebrkon q\u00eb qyteti i Ulqinit t\u00eb shpallet Zon\u00eb e Lir\u00eb midis Shqip\u00ebris\u00eb dhe Malit t\u00eb Zi. Sipas kreut t\u00eb LSHN-s\u00eb, kjo k\u00ebrkes\u00eb bazohet n\u00eb dokumentet nd\u00ebrkomb\u00ebtare. Kongresi i Berlinit me vendimet q\u00eb mori, qytetin e Ulqinit nuk ja aneksoi Malit t\u00eb Zi. Por vendosi q\u00eb Hoti dhe Gruda, t\u2019i jepeshin Malit t\u00eb Zi.<\/p>\n<p>\u201cForcat shqiptare t\u00eb Lidhjes s\u00eb Prizrenit aso kohe nuk lejuan q\u00eb krahinat shqiptare t\u00eb Hotit dhe Grud\u00ebs t\u2019i jepeshin malit t\u00eb Zi. M\u00eb von\u00eb pas Kongresit t\u00eb Berlinit, bashk\u00ebsia nd\u00ebrkomb\u00ebtare nd\u00ebrhyri pran\u00eb Port\u00ebs s\u00eb Lart\u00eb, q\u00eb Malit t\u00eb Zi t\u2019i jepej me koncesion p\u00ebr 100 vjet qyteti port i Ulqinit, pasi kjo ishte e mundur edhe me ndihm\u00ebn e flot\u00ebs nd\u00ebrkomb\u00ebtare. Kjo ndodhi. Por koncesioni mbaroi n\u00eb vitin 1982. N\u00eb k\u00ebto kushte, Shqip\u00ebria ka t\u00eb drejt\u00ebn q\u00eb t\u2019i k\u00ebrkoj\u00eb Malit t\u00eb Zi, q\u00eb si hap t\u00eb par\u00eb, qyteti i Ulqinit t\u00eb shpallet fillimisht qytet i Lir\u00eb midis Shqip\u00ebris\u00eb dhe Malit t\u00eb Zi\u201d, Ka deklaruar Danaj.<\/p>\n<p><strong>\u00a0Shekulli<\/strong><\/p>\n","protected":false},"excerpt":{"rendered":"<p>Kryetari i List\u00ebs p\u00ebr Shqip\u00ebri Natyrale, Ko\u00e7o Danaj, \u00ebsht\u00eb shprehur se Lista p\u00ebr Shqip\u00ebri Natyrale k\u00ebrkon q\u00eb qyteti i Ulqinit t\u00eb shpallet Zon\u00eb e Lir\u00eb midis Shqip\u00ebris\u00eb dhe Malit t\u00eb Zi. Sipas kreut t\u00eb LSHN-s\u00eb, kjo k\u00ebrkes\u00eb bazohet n\u00eb dokumentet nd\u00ebrkomb\u00ebtare. Kongresi i Berlinit me vendimet q\u00eb mori, qytetin e Ulqinit nuk ja aneksoi Malit [&hellip;]<\/p>\n","protected":false},"author":1,"featured_media":0,"comment_status":"open","ping_status":"closed","sticky":false,"template":"","format":"standard","meta":{"spay_email":"","jetpack_publicize_message":"","jetpack_is_tweetstorm":false,"jetpack_publicize_feature_enabled":true},"categories":[12],"tags":[18],"jetpack_publicize_connections":[],"yoast_head":"<!-- This site is optimized with the Yoast SEO plugin v19.1 - https:\/\/yoast.com\/wordpress\/plugins\/seo\/ -->\n<title>&quot;Ulqini t\u00eb shpallet &#039;zon\u00eb e lir\u00eb&#039; mes Shqip\u00ebris\u00eb dhe Malit t\u00eb Zi!&quot; - Lajme nga Ulqini<\/title>\n<meta name=\"description\" content=\"Kryetari i List\u00ebs p\u00ebr Shqip\u00ebri Natyrale, Ko\u00e7o Danaj, \u00ebsht\u00eb shprehur se Lista p\u00ebr Shqip\u00ebri Natyrale k\u00ebrkon q\u00eb qyteti i Ulqinit t\u00eb shpallet Zon\u00eb e Lir\u00eb\" \/>\n<meta name=\"robots\" content=\"index, follow, max-snippet:-1, max-image-preview:large, max-video-preview:-1\" \/>\n<link rel=\"canonical\" href=\"https:\/\/www.visit-ulcinj.com\/blog\/2012\/09\/04\/ulqini-te-shpallet-zone-e-lire-mes-shqiperise-dhe-malit-te-zi\/\" \/>\n<meta property=\"og:locale\" content=\"en_US\" \/>\n<meta property=\"og:type\" content=\"article\" \/>\n<meta property=\"og:title\" content=\"&quot;Ulqini t\u00eb shpallet &#039;zon\u00eb e lir\u00eb&#039; mes Shqip\u00ebris\u00eb dhe Malit t\u00eb Zi!&quot; - Lajme nga Ulqini\" \/>\n<meta property=\"og:description\" content=\"Kryetari i List\u00ebs p\u00ebr Shqip\u00ebri Natyrale, Ko\u00e7o Danaj, \u00ebsht\u00eb shprehur se Lista p\u00ebr Shqip\u00ebri Natyrale k\u00ebrkon q\u00eb qyteti i Ulqinit t\u00eb shpallet Zon\u00eb e Lir\u00eb\" \/>\n<meta property=\"og:url\" content=\"https:\/\/www.visit-ulcinj.com\/blog\/2012\/09\/04\/ulqini-te-shpallet-zone-e-lire-mes-shqiperise-dhe-malit-te-zi\/\" \/>\n<meta property=\"og:site_name\" content=\"Lajme nga Ulqini\" \/>\n<meta property=\"article:published_time\" content=\"2012-09-04T16:12:45+00:00\" \/>\n<meta property=\"og:image\" content=\"http:\/\/www.visit-ulcinj.com\/blog\/wp-content\/uploads\/2012\/09\/Ulqini_sot17.jpg\" \/>\n<meta name=\"twitter:label1\" content=\"Written by\" \/>\n\t<meta name=\"twitter:data1\" content=\"ulqini\" \/>\n\t<meta name=\"twitter:label2\" content=\"Est. reading time\" \/>\n\t<meta name=\"twitter:data2\" content=\"1 minute\" \/>\n<script type=\"application\/ld+json\" class=\"yoast-schema-graph\">{\"@context\":\"https:\/\/schema.org\",\"@graph\":[{\"@type\":\"WebSite\",\"@id\":\"https:\/\/www.visit-ulcinj.com\/blog\/#website\",\"url\":\"https:\/\/www.visit-ulcinj.com\/blog\/\",\"name\":\"Lajme nga Ulqini\",\"description\":\"Lajme,Vijesti,Ulqini,Ulqin,Crna Gora,Mali i Zi\",\"potentialAction\":[{\"@type\":\"SearchAction\",\"target\":{\"@type\":\"EntryPoint\",\"urlTemplate\":\"https:\/\/www.visit-ulcinj.com\/blog\/?s={search_term_string}\"},\"query-input\":\"required name=search_term_string\"}],\"inLanguage\":\"en-US\"},{\"@type\":\"ImageObject\",\"inLanguage\":\"en-US\",\"@id\":\"https:\/\/www.visit-ulcinj.com\/blog\/2012\/09\/04\/ulqini-te-shpallet-zone-e-lire-mes-shqiperise-dhe-malit-te-zi\/#primaryimage\",\"url\":\"https:\/\/www.visit-ulcinj.com\/blog\/wp-content\/uploads\/2012\/09\/Ulqini_sot17.jpg\",\"contentUrl\":\"https:\/\/www.visit-ulcinj.com\/blog\/wp-content\/uploads\/2012\/09\/Ulqini_sot17.jpg\",\"width\":\"800\",\"height\":\"552\"},{\"@type\":\"WebPage\",\"@id\":\"https:\/\/www.visit-ulcinj.com\/blog\/2012\/09\/04\/ulqini-te-shpallet-zone-e-lire-mes-shqiperise-dhe-malit-te-zi\/#webpage\",\"url\":\"https:\/\/www.visit-ulcinj.com\/blog\/2012\/09\/04\/ulqini-te-shpallet-zone-e-lire-mes-shqiperise-dhe-malit-te-zi\/\",\"name\":\"\\\"Ulqini t\u00eb shpallet 'zon\u00eb e lir\u00eb' mes Shqip\u00ebris\u00eb dhe Malit t\u00eb Zi!\\\" - Lajme nga Ulqini\",\"isPartOf\":{\"@id\":\"https:\/\/www.visit-ulcinj.com\/blog\/#website\"},\"primaryImageOfPage\":{\"@id\":\"https:\/\/www.visit-ulcinj.com\/blog\/2012\/09\/04\/ulqini-te-shpallet-zone-e-lire-mes-shqiperise-dhe-malit-te-zi\/#primaryimage\"},\"datePublished\":\"2012-09-04T16:12:45+00:00\",\"dateModified\":\"2012-09-04T16:12:45+00:00\",\"author\":{\"@id\":\"https:\/\/www.visit-ulcinj.com\/blog\/#\/schema\/person\/dcab619c614d3038751c63bc2aadc06d\"},\"description\":\"Kryetari i List\u00ebs p\u00ebr Shqip\u00ebri Natyrale, Ko\u00e7o Danaj, \u00ebsht\u00eb shprehur se Lista p\u00ebr Shqip\u00ebri Natyrale k\u00ebrkon q\u00eb qyteti i Ulqinit t\u00eb shpallet Zon\u00eb e Lir\u00eb\",\"breadcrumb\":{\"@id\":\"https:\/\/www.visit-ulcinj.com\/blog\/2012\/09\/04\/ulqini-te-shpallet-zone-e-lire-mes-shqiperise-dhe-malit-te-zi\/#breadcrumb\"},\"inLanguage\":\"en-US\",\"potentialAction\":[{\"@type\":\"ReadAction\",\"target\":[\"https:\/\/www.visit-ulcinj.com\/blog\/2012\/09\/04\/ulqini-te-shpallet-zone-e-lire-mes-shqiperise-dhe-malit-te-zi\/\"]}]},{\"@type\":\"BreadcrumbList\",\"@id\":\"https:\/\/www.visit-ulcinj.com\/blog\/2012\/09\/04\/ulqini-te-shpallet-zone-e-lire-mes-shqiperise-dhe-malit-te-zi\/#breadcrumb\",\"itemListElement\":[{\"@type\":\"ListItem\",\"position\":1,\"name\":\"&#8220;Ulqini t\u00eb shpallet &#8216;zon\u00eb e lir\u00eb&#8217; mes Shqip\u00ebris\u00eb dhe Malit t\u00eb Zi!&#8221;\"}]},{\"@type\":\"Person\",\"@id\":\"https:\/\/www.visit-ulcinj.com\/blog\/#\/schema\/person\/dcab619c614d3038751c63bc2aadc06d\",\"name\":\"ulqini\",\"sameAs\":[\"http:\/\/www.visit-ulcinj.com\"],\"url\":\"https:\/\/www.visit-ulcinj.com\/blog\/author\/admin\/\"}]}<\/script>\n<!-- \/ Yoast SEO plugin. -->","yoast_head_json":{"title":"\"Ulqini t\u00eb shpallet 'zon\u00eb e lir\u00eb' mes Shqip\u00ebris\u00eb dhe Malit t\u00eb Zi!\" - Lajme nga Ulqini","description":"Kryetari i List\u00ebs p\u00ebr Shqip\u00ebri Natyrale, Ko\u00e7o Danaj, \u00ebsht\u00eb shprehur se Lista p\u00ebr Shqip\u00ebri Natyrale k\u00ebrkon q\u00eb qyteti i Ulqinit t\u00eb shpallet Zon\u00eb e Lir\u00eb","robots":{"index":"index","follow":"follow","max-snippet":"max-snippet:-1","max-image-preview":"max-image-preview:large","max-video-preview":"max-video-preview:-1"},"canonical":"https:\/\/www.visit-ulcinj.com\/blog\/2012\/09\/04\/ulqini-te-shpallet-zone-e-lire-mes-shqiperise-dhe-malit-te-zi\/","og_locale":"en_US","og_type":"article","og_title":"\"Ulqini t\u00eb shpallet 'zon\u00eb e lir\u00eb' mes Shqip\u00ebris\u00eb dhe Malit t\u00eb Zi!\" - Lajme nga Ulqini","og_description":"Kryetari i List\u00ebs p\u00ebr Shqip\u00ebri Natyrale, Ko\u00e7o Danaj, \u00ebsht\u00eb shprehur se Lista p\u00ebr Shqip\u00ebri Natyrale k\u00ebrkon q\u00eb qyteti i Ulqinit t\u00eb shpallet Zon\u00eb e Lir\u00eb","og_url":"https:\/\/www.visit-ulcinj.com\/blog\/2012\/09\/04\/ulqini-te-shpallet-zone-e-lire-mes-shqiperise-dhe-malit-te-zi\/","og_site_name":"Lajme nga Ulqini","article_published_time":"2012-09-04T16:12:45+00:00","og_image":[{"url":"http:\/\/www.visit-ulcinj.com\/blog\/wp-content\/uploads\/2012\/09\/Ulqini_sot17.jpg"}],"twitter_misc":{"Written by":"ulqini","Est. reading time":"1 minute"},"schema":{"@context":"https:\/\/schema.org","@graph":[{"@type":"WebSite","@id":"https:\/\/www.visit-ulcinj.com\/blog\/#website","url":"https:\/\/www.visit-ulcinj.com\/blog\/","name":"Lajme nga Ulqini","description":"Lajme,Vijesti,Ulqini,Ulqin,Crna Gora,Mali i Zi","potentialAction":[{"@type":"SearchAction","target":{"@type":"EntryPoint","urlTemplate":"https:\/\/www.visit-ulcinj.com\/blog\/?s={search_term_string}"},"query-input":"required name=search_term_string"}],"inLanguage":"en-US"},{"@type":"ImageObject","inLanguage":"en-US","@id":"https:\/\/www.visit-ulcinj.com\/blog\/2012\/09\/04\/ulqini-te-shpallet-zone-e-lire-mes-shqiperise-dhe-malit-te-zi\/#primaryimage","url":"https:\/\/www.visit-ulcinj.com\/blog\/wp-content\/uploads\/2012\/09\/Ulqini_sot17.jpg","contentUrl":"https:\/\/www.visit-ulcinj.com\/blog\/wp-content\/uploads\/2012\/09\/Ulqini_sot17.jpg","width":"800","height":"552"},{"@type":"WebPage","@id":"https:\/\/www.visit-ulcinj.com\/blog\/2012\/09\/04\/ulqini-te-shpallet-zone-e-lire-mes-shqiperise-dhe-malit-te-zi\/#webpage","url":"https:\/\/www.visit-ulcinj.com\/blog\/2012\/09\/04\/ulqini-te-shpallet-zone-e-lire-mes-shqiperise-dhe-malit-te-zi\/","name":"\"Ulqini t\u00eb shpallet 'zon\u00eb e lir\u00eb' mes Shqip\u00ebris\u00eb dhe Malit t\u00eb Zi!\" - Lajme nga Ulqini","isPartOf":{"@id":"https:\/\/www.visit-ulcinj.com\/blog\/#website"},"primaryImageOfPage":{"@id":"https:\/\/www.visit-ulcinj.com\/blog\/2012\/09\/04\/ulqini-te-shpallet-zone-e-lire-mes-shqiperise-dhe-malit-te-zi\/#primaryimage"},"datePublished":"2012-09-04T16:12:45+00:00","dateModified":"2012-09-04T16:12:45+00:00","author":{"@id":"https:\/\/www.visit-ulcinj.com\/blog\/#\/schema\/person\/dcab619c614d3038751c63bc2aadc06d"},"description":"Kryetari i List\u00ebs p\u00ebr Shqip\u00ebri Natyrale, Ko\u00e7o Danaj, \u00ebsht\u00eb shprehur se Lista p\u00ebr Shqip\u00ebri Natyrale k\u00ebrkon q\u00eb qyteti i Ulqinit t\u00eb shpallet Zon\u00eb e Lir\u00eb","breadcrumb":{"@id":"https:\/\/www.visit-ulcinj.com\/blog\/2012\/09\/04\/ulqini-te-shpallet-zone-e-lire-mes-shqiperise-dhe-malit-te-zi\/#breadcrumb"},"inLanguage":"en-US","potentialAction":[{"@type":"ReadAction","target":["https:\/\/www.visit-ulcinj.com\/blog\/2012\/09\/04\/ulqini-te-shpallet-zone-e-lire-mes-shqiperise-dhe-malit-te-zi\/"]}]},{"@type":"BreadcrumbList","@id":"https:\/\/www.visit-ulcinj.com\/blog\/2012\/09\/04\/ulqini-te-shpallet-zone-e-lire-mes-shqiperise-dhe-malit-te-zi\/#breadcrumb","itemListElement":[{"@type":"ListItem","position":1,"name":"&#8220;Ulqini t\u00eb shpallet &#8216;zon\u00eb e lir\u00eb&#8217; mes Shqip\u00ebris\u00eb dhe Malit t\u00eb Zi!&#8221;"}]},{"@type":"Person","@id":"https:\/\/www.visit-ulcinj.com\/blog\/#\/schema\/person\/dcab619c614d3038751c63bc2aadc06d","name":"ulqini","sameAs":["http:\/\/www.visit-ulcinj.com"],"url":"https:\/\/www.visit-ulcinj.com\/blog\/author\/admin\/"}]}},"jetpack_featured_media_url":"","jetpack_sharing_enabled":true,"jetpack_shortlink":"https:\/\/wp.me\/pe6lTn-gtz","_links":{"self":[{"href":"https:\/\/www.visit-ulcinj.com\/blog\/wp-json\/wp\/v2\/posts\/63337"}],"collection":[{"href":"https:\/\/www.visit-ulcinj.com\/blog\/wp-json\/wp\/v2\/posts"}],"about":[{"href":"https:\/\/www.visit-ulcinj.com\/blog\/wp-json\/wp\/v2\/types\/post"}],"author":[{"embeddable":true,"href":"https:\/\/www.visit-ulcinj.com\/blog\/wp-json\/wp\/v2\/users\/1"}],"replies":[{"embeddable":true,"href":"https:\/\/www.visit-ulcinj.com\/blog\/wp-json\/wp\/v2\/comments?post=63337"}],"version-history":[{"count":1,"href":"https:\/\/www.visit-ulcinj.com\/blog\/wp-json\/wp\/v2\/posts\/63337\/revisions"}],"predecessor-version":[{"id":63339,"href":"https:\/\/www.visit-ulcinj.com\/blog\/wp-json\/wp\/v2\/posts\/63337\/revisions\/63339"}],"wp:attachment":[{"href":"https:\/\/www.visit-ulcinj.com\/blog\/wp-json\/wp\/v2\/media?parent=63337"}],"wp:term":[{"taxonomy":"category","embeddable":true,"href":"https:\/\/www.visit-ulcinj.com\/blog\/wp-json\/wp\/v2\/categories?post=63337"},{"taxonomy":"post_tag","embeddable":true,"href":"https:\/\/www.visit-ulcinj.com\/blog\/wp-json\/wp\/v2\/tags?post=63337"}],"curies":[{"name":"wp","href":"https:\/\/api.w.org\/{rel}","templated":true}]}}