{"id":63341,"date":"2012-09-05T15:32:59","date_gmt":"2012-09-05T14:32:59","guid":{"rendered":"http:\/\/www.visit-ulcinj.com\/blog\/?p=63341"},"modified":"2012-09-06T16:49:18","modified_gmt":"2012-09-06T15:49:18","slug":"nazif-cungu-takon-delegacionin-nga-velenja","status":"publish","type":"post","link":"https:\/\/www.visit-ulcinj.com\/blog\/2012\/09\/05\/nazif-cungu-takon-delegacionin-nga-velenja\/","title":{"rendered":"Nazif Cungu takon delegacionin nga Velenja"},"content":{"rendered":"<p><a href=\"http:\/\/www.visit-ulcinj.com\/blog\/wp-content\/uploads\/2012\/09\/Nazif-Cungu-takon-delegacionin-nga-Velenja.1.jpg\"><img loading=\"lazy\" class=\"alignleft  wp-image-63342\" title=\"Nazif Cungu takon delegacionin nga Velenja.1\" src=\"http:\/\/www.visit-ulcinj.com\/blog\/wp-content\/uploads\/2012\/09\/Nazif-Cungu-takon-delegacionin-nga-Velenja.1.jpg\" alt=\"\" width=\"508\" height=\"360\" \/><\/a>Kryetari i Komun\u00ebs s\u00eb Ulqinit, Nazif Cungu, takon sot delegacionin nga Velenja, q\u00eb gj\u00ebndet momentaisht n\u00eb vizit\u00eb Ulqinit. N\u00eb p\u00ebrb\u00ebrje t\u00eb k\u00ebtij delegacioni \u00ebsht\u00eb edhe n\u00ebnkryetari i Komun\u00ebs s\u00eb Veljenj\u00ebs, dr. Franc Zherdin dhe bashkpuntor\u00ebt e tij.<\/p>\n<p>Tema e takimit ishte, bashkpunimi i dy komunave n\u00eb segmente t\u00eb ndrysh\u00ebm. Kryetari Cungu njohtoi t\u00eb pranishmit me potencialet e Ulqinit, mund\u00ebsit p\u00ebr investim dhe projektet e r\u00ebnd\u00ebsish\u00ebm.<\/p>\n<p>Ai n\u00eb prezantimin e tij theksoi mund\u00ebsin\u00eb p\u00ebr bashkunim me nd\u00ebrmarrjet projektuese nga Velenja n\u00eb realizimin e dokumentacionit urbanistik t\u00eb komun\u00ebs, mund\u00ebsin e invetimeve n\u00eb zon\u00ebn e biznesit n\u00eb Kryth\u00eb, mund\u00ebsin\u00eb e bashkunimit t\u00eb shfryt\u00ebzimit t\u00eb potencialeve n\u00eb prodhimin e energjis\u00eb alternative, bashkpunimin n\u00eb turiz\u00ebm. Gjithashtu thekson q\u00eb Komuna e Velenj\u00ebs mund t\u00eb kontriboj me shk\u00ebmbimin e eksperienc\u00ebs n\u00eb projekte t\u00eb Ulqinit, t\u00eb r\u00ebnd\u00ebsish\u00ebm n\u00eb rrug\u00ebn e integrimit t\u00eb Malit t\u00eb Zi n\u00eb EU.<\/p>\n<p>Dr. \u017derdin konsideron q\u00eb n\u00eb k\u00ebt\u00eb bashkpunim mund t\u00eb p\u00ebrfshihet nj\u00eb diapazon i gj\u00ebr\u00eb q\u00eb do t\u00eb krijoj mund\u00ebsi p\u00ebr nd\u00ebrmarrje nga dy komunat. Ai thekson q\u00eb Ulqini paraqet nj\u00eb zon\u00eb interesante ku mbi t\u00eb tjera sheh mund\u00ebsin\u00eb e shfryt\u00ebzimit t\u00eb potencialeve natyrore.<\/p>\n<p>&nbsp;<\/p>\n<p><strong>Op\u0161tina Ulcinj \/ Komuna e Ulqinit<\/strong><br \/>\nTel: +382 30 412 050<br \/>\nFax: +382 30 412 413<br \/>\nAdresa: Bul. Skenderbeu bb, 85360 Ulcinj, MNE<\/p>\n\n\t\t<style type=\"text\/css\">\n\t\t\t#gallery-1 {\n\t\t\t\tmargin: auto;\n\t\t\t}\n\t\t\t#gallery-1 .gallery-item {\n\t\t\t\tfloat: left;\n\t\t\t\tmargin-top: 10px;\n\t\t\t\ttext-align: center;\n\t\t\t\twidth: 33%;\n\t\t\t}\n\t\t\t#gallery-1 img {\n\t\t\t\tborder: 2px solid #cfcfcf;\n\t\t\t}\n\t\t\t#gallery-1 .gallery-caption {\n\t\t\t\tmargin-left: 0;\n\t\t\t}\n\t\t\t\/* see gallery_shortcode() in wp-includes\/media.php *\/\n\t\t<\/style>\n\t\t<div id='gallery-1' class='gallery galleryid-63341 gallery-columns-3 gallery-size-thumbnail'><dl class='gallery-item'>\n\t\t\t<dt class='gallery-icon landscape'>\n\t\t\t\t<a href='https:\/\/www.visit-ulcinj.com\/blog\/wp-content\/uploads\/2012\/09\/Nazif-Cungu-takon-delegacionin-nga-Velenja.1.jpg'><img width=\"150\" height=\"150\" src=\"https:\/\/www.visit-ulcinj.com\/blog\/wp-content\/uploads\/2012\/09\/Nazif-Cungu-takon-delegacionin-nga-Velenja.1-150x150.jpg\" class=\"attachment-thumbnail size-thumbnail\" alt=\"\" loading=\"lazy\" \/><\/a>\n\t\t\t<\/dt><\/dl><dl class='gallery-item'>\n\t\t\t<dt class='gallery-icon landscape'>\n\t\t\t\t<a href='https:\/\/www.visit-ulcinj.com\/blog\/wp-content\/uploads\/2012\/09\/Nazif-Cungu-takon-delegacionin-nga-Velenja.2.jpg'><img width=\"150\" height=\"150\" src=\"https:\/\/www.visit-ulcinj.com\/blog\/wp-content\/uploads\/2012\/09\/Nazif-Cungu-takon-delegacionin-nga-Velenja.2-150x150.jpg\" class=\"attachment-thumbnail size-thumbnail\" alt=\"\" loading=\"lazy\" \/><\/a>\n\t\t\t<\/dt><\/dl><dl class='gallery-item'>\n\t\t\t<dt class='gallery-icon landscape'>\n\t\t\t\t<a href='https:\/\/www.visit-ulcinj.com\/blog\/wp-content\/uploads\/2012\/09\/Nazif-Cungu-takon-delegacionin-nga-Velenja.jpg'><img width=\"150\" height=\"150\" src=\"https:\/\/www.visit-ulcinj.com\/blog\/wp-content\/uploads\/2012\/09\/Nazif-Cungu-takon-delegacionin-nga-Velenja-150x150.jpg\" class=\"attachment-thumbnail size-thumbnail\" alt=\"\" loading=\"lazy\" \/><\/a>\n\t\t\t<\/dt><\/dl><br style=\"clear: both\" \/>\n\t\t<\/div>\n\n","protected":false},"excerpt":{"rendered":"<p>Kryetari i Komun\u00ebs s\u00eb Ulqinit, Nazif Cungu, takon sot delegacionin nga Velenja, q\u00eb gj\u00ebndet momentaisht n\u00eb vizit\u00eb Ulqinit. N\u00eb p\u00ebrb\u00ebrje t\u00eb k\u00ebtij delegacioni \u00ebsht\u00eb edhe n\u00ebnkryetari i Komun\u00ebs s\u00eb Veljenj\u00ebs, dr. Franc Zherdin dhe bashkpuntor\u00ebt e tij. Tema e takimit ishte, bashkpunimi i dy komunave n\u00eb segmente t\u00eb ndrysh\u00ebm. Kryetari Cungu njohtoi t\u00eb pranishmit me [&hellip;]<\/p>\n","protected":false},"author":1,"featured_media":0,"comment_status":"open","ping_status":"closed","sticky":false,"template":"","format":"standard","meta":{"spay_email":"","jetpack_publicize_message":"","jetpack_is_tweetstorm":false,"jetpack_publicize_feature_enabled":true},"categories":[10,1],"tags":[297,264],"jetpack_publicize_connections":[],"yoast_head":"<!-- This site is optimized with the Yoast SEO plugin v19.1 - https:\/\/yoast.com\/wordpress\/plugins\/seo\/ -->\n<title>Nazif Cungu takon delegacionin nga Velenja - Lajme nga Ulqini<\/title>\n<meta name=\"description\" content=\"Kryetari i Komun\u00ebs s\u00eb Ulqinit, Nazif Cungu, takon sot delegacionin nga Velenja, q\u00eb gj\u00ebndet momentaisht n\u00eb vizit\u00eb Ulqinit. N\u00eb p\u00ebrb\u00ebrje t\u00eb k\u00ebtij delegacioni\" \/>\n<meta name=\"robots\" content=\"index, follow, max-snippet:-1, max-image-preview:large, max-video-preview:-1\" \/>\n<link rel=\"canonical\" href=\"https:\/\/www.visit-ulcinj.com\/blog\/2012\/09\/05\/nazif-cungu-takon-delegacionin-nga-velenja\/\" \/>\n<meta property=\"og:locale\" content=\"en_US\" \/>\n<meta property=\"og:type\" content=\"article\" \/>\n<meta property=\"og:title\" content=\"Nazif Cungu takon delegacionin nga Velenja - Lajme nga Ulqini\" \/>\n<meta property=\"og:description\" content=\"Kryetari i Komun\u00ebs s\u00eb Ulqinit, Nazif Cungu, takon sot delegacionin nga Velenja, q\u00eb gj\u00ebndet momentaisht n\u00eb vizit\u00eb Ulqinit. N\u00eb p\u00ebrb\u00ebrje t\u00eb k\u00ebtij delegacioni\" \/>\n<meta property=\"og:url\" content=\"https:\/\/www.visit-ulcinj.com\/blog\/2012\/09\/05\/nazif-cungu-takon-delegacionin-nga-velenja\/\" \/>\n<meta property=\"og:site_name\" content=\"Lajme nga Ulqini\" \/>\n<meta property=\"article:published_time\" content=\"2012-09-05T14:32:59+00:00\" \/>\n<meta property=\"article:modified_time\" content=\"2012-09-06T15:49:18+00:00\" \/>\n<meta property=\"og:image\" content=\"https:\/\/www.visit-ulcinj.com\/blog\/wp-content\/uploads\/2012\/09\/Nazif-Cungu-takon-delegacionin-nga-Velenja.1-150x150.jpg\" \/>\n<meta name=\"twitter:label1\" content=\"Written by\" \/>\n\t<meta name=\"twitter:data1\" content=\"ulqini\" \/>\n\t<meta name=\"twitter:label2\" content=\"Est. reading time\" \/>\n\t<meta name=\"twitter:data2\" content=\"1 minute\" \/>\n<script type=\"application\/ld+json\" class=\"yoast-schema-graph\">{\"@context\":\"https:\/\/schema.org\",\"@graph\":[{\"@type\":\"WebSite\",\"@id\":\"https:\/\/www.visit-ulcinj.com\/blog\/#website\",\"url\":\"https:\/\/www.visit-ulcinj.com\/blog\/\",\"name\":\"Lajme nga Ulqini\",\"description\":\"Lajme,Vijesti,Ulqini,Ulqin,Crna Gora,Mali i Zi\",\"potentialAction\":[{\"@type\":\"SearchAction\",\"target\":{\"@type\":\"EntryPoint\",\"urlTemplate\":\"https:\/\/www.visit-ulcinj.com\/blog\/?s={search_term_string}\"},\"query-input\":\"required name=search_term_string\"}],\"inLanguage\":\"en-US\"},{\"@type\":\"ImageObject\",\"inLanguage\":\"en-US\",\"@id\":\"https:\/\/www.visit-ulcinj.com\/blog\/2012\/09\/05\/nazif-cungu-takon-delegacionin-nga-velenja\/#primaryimage\",\"url\":\"https:\/\/www.visit-ulcinj.com\/blog\/wp-content\/uploads\/2012\/09\/Nazif-Cungu-takon-delegacionin-nga-Velenja.1.jpg\",\"contentUrl\":\"https:\/\/www.visit-ulcinj.com\/blog\/wp-content\/uploads\/2012\/09\/Nazif-Cungu-takon-delegacionin-nga-Velenja.1.jpg\",\"width\":\"1000\",\"height\":\"550\"},{\"@type\":\"WebPage\",\"@id\":\"https:\/\/www.visit-ulcinj.com\/blog\/2012\/09\/05\/nazif-cungu-takon-delegacionin-nga-velenja\/#webpage\",\"url\":\"https:\/\/www.visit-ulcinj.com\/blog\/2012\/09\/05\/nazif-cungu-takon-delegacionin-nga-velenja\/\",\"name\":\"Nazif Cungu takon delegacionin nga Velenja - Lajme nga Ulqini\",\"isPartOf\":{\"@id\":\"https:\/\/www.visit-ulcinj.com\/blog\/#website\"},\"primaryImageOfPage\":{\"@id\":\"https:\/\/www.visit-ulcinj.com\/blog\/2012\/09\/05\/nazif-cungu-takon-delegacionin-nga-velenja\/#primaryimage\"},\"datePublished\":\"2012-09-05T14:32:59+00:00\",\"dateModified\":\"2012-09-06T15:49:18+00:00\",\"author\":{\"@id\":\"https:\/\/www.visit-ulcinj.com\/blog\/#\/schema\/person\/dcab619c614d3038751c63bc2aadc06d\"},\"description\":\"Kryetari i Komun\u00ebs s\u00eb Ulqinit, Nazif Cungu, takon sot delegacionin nga Velenja, q\u00eb gj\u00ebndet momentaisht n\u00eb vizit\u00eb Ulqinit. N\u00eb p\u00ebrb\u00ebrje t\u00eb k\u00ebtij delegacioni\",\"breadcrumb\":{\"@id\":\"https:\/\/www.visit-ulcinj.com\/blog\/2012\/09\/05\/nazif-cungu-takon-delegacionin-nga-velenja\/#breadcrumb\"},\"inLanguage\":\"en-US\",\"potentialAction\":[{\"@type\":\"ReadAction\",\"target\":[\"https:\/\/www.visit-ulcinj.com\/blog\/2012\/09\/05\/nazif-cungu-takon-delegacionin-nga-velenja\/\"]}]},{\"@type\":\"BreadcrumbList\",\"@id\":\"https:\/\/www.visit-ulcinj.com\/blog\/2012\/09\/05\/nazif-cungu-takon-delegacionin-nga-velenja\/#breadcrumb\",\"itemListElement\":[{\"@type\":\"ListItem\",\"position\":1,\"name\":\"Nazif Cungu takon delegacionin nga Velenja\"}]},{\"@type\":\"Person\",\"@id\":\"https:\/\/www.visit-ulcinj.com\/blog\/#\/schema\/person\/dcab619c614d3038751c63bc2aadc06d\",\"name\":\"ulqini\",\"sameAs\":[\"http:\/\/www.visit-ulcinj.com\"],\"url\":\"https:\/\/www.visit-ulcinj.com\/blog\/author\/admin\/\"}]}<\/script>\n<!-- \/ Yoast SEO plugin. -->","yoast_head_json":{"title":"Nazif Cungu takon delegacionin nga Velenja - Lajme nga Ulqini","description":"Kryetari i Komun\u00ebs s\u00eb Ulqinit, Nazif Cungu, takon sot delegacionin nga Velenja, q\u00eb gj\u00ebndet momentaisht n\u00eb vizit\u00eb Ulqinit. N\u00eb p\u00ebrb\u00ebrje t\u00eb k\u00ebtij delegacioni","robots":{"index":"index","follow":"follow","max-snippet":"max-snippet:-1","max-image-preview":"max-image-preview:large","max-video-preview":"max-video-preview:-1"},"canonical":"https:\/\/www.visit-ulcinj.com\/blog\/2012\/09\/05\/nazif-cungu-takon-delegacionin-nga-velenja\/","og_locale":"en_US","og_type":"article","og_title":"Nazif Cungu takon delegacionin nga Velenja - Lajme nga Ulqini","og_description":"Kryetari i Komun\u00ebs s\u00eb Ulqinit, Nazif Cungu, takon sot delegacionin nga Velenja, q\u00eb gj\u00ebndet momentaisht n\u00eb vizit\u00eb Ulqinit. N\u00eb p\u00ebrb\u00ebrje t\u00eb k\u00ebtij delegacioni","og_url":"https:\/\/www.visit-ulcinj.com\/blog\/2012\/09\/05\/nazif-cungu-takon-delegacionin-nga-velenja\/","og_site_name":"Lajme nga Ulqini","article_published_time":"2012-09-05T14:32:59+00:00","article_modified_time":"2012-09-06T15:49:18+00:00","og_image":[{"url":"https:\/\/www.visit-ulcinj.com\/blog\/wp-content\/uploads\/2012\/09\/Nazif-Cungu-takon-delegacionin-nga-Velenja.1-150x150.jpg"}],"twitter_misc":{"Written by":"ulqini","Est. reading time":"1 minute"},"schema":{"@context":"https:\/\/schema.org","@graph":[{"@type":"WebSite","@id":"https:\/\/www.visit-ulcinj.com\/blog\/#website","url":"https:\/\/www.visit-ulcinj.com\/blog\/","name":"Lajme nga Ulqini","description":"Lajme,Vijesti,Ulqini,Ulqin,Crna Gora,Mali i Zi","potentialAction":[{"@type":"SearchAction","target":{"@type":"EntryPoint","urlTemplate":"https:\/\/www.visit-ulcinj.com\/blog\/?s={search_term_string}"},"query-input":"required name=search_term_string"}],"inLanguage":"en-US"},{"@type":"ImageObject","inLanguage":"en-US","@id":"https:\/\/www.visit-ulcinj.com\/blog\/2012\/09\/05\/nazif-cungu-takon-delegacionin-nga-velenja\/#primaryimage","url":"https:\/\/www.visit-ulcinj.com\/blog\/wp-content\/uploads\/2012\/09\/Nazif-Cungu-takon-delegacionin-nga-Velenja.1.jpg","contentUrl":"https:\/\/www.visit-ulcinj.com\/blog\/wp-content\/uploads\/2012\/09\/Nazif-Cungu-takon-delegacionin-nga-Velenja.1.jpg","width":"1000","height":"550"},{"@type":"WebPage","@id":"https:\/\/www.visit-ulcinj.com\/blog\/2012\/09\/05\/nazif-cungu-takon-delegacionin-nga-velenja\/#webpage","url":"https:\/\/www.visit-ulcinj.com\/blog\/2012\/09\/05\/nazif-cungu-takon-delegacionin-nga-velenja\/","name":"Nazif Cungu takon delegacionin nga Velenja - Lajme nga Ulqini","isPartOf":{"@id":"https:\/\/www.visit-ulcinj.com\/blog\/#website"},"primaryImageOfPage":{"@id":"https:\/\/www.visit-ulcinj.com\/blog\/2012\/09\/05\/nazif-cungu-takon-delegacionin-nga-velenja\/#primaryimage"},"datePublished":"2012-09-05T14:32:59+00:00","dateModified":"2012-09-06T15:49:18+00:00","author":{"@id":"https:\/\/www.visit-ulcinj.com\/blog\/#\/schema\/person\/dcab619c614d3038751c63bc2aadc06d"},"description":"Kryetari i Komun\u00ebs s\u00eb Ulqinit, Nazif Cungu, takon sot delegacionin nga Velenja, q\u00eb gj\u00ebndet momentaisht n\u00eb vizit\u00eb Ulqinit. N\u00eb p\u00ebrb\u00ebrje t\u00eb k\u00ebtij delegacioni","breadcrumb":{"@id":"https:\/\/www.visit-ulcinj.com\/blog\/2012\/09\/05\/nazif-cungu-takon-delegacionin-nga-velenja\/#breadcrumb"},"inLanguage":"en-US","potentialAction":[{"@type":"ReadAction","target":["https:\/\/www.visit-ulcinj.com\/blog\/2012\/09\/05\/nazif-cungu-takon-delegacionin-nga-velenja\/"]}]},{"@type":"BreadcrumbList","@id":"https:\/\/www.visit-ulcinj.com\/blog\/2012\/09\/05\/nazif-cungu-takon-delegacionin-nga-velenja\/#breadcrumb","itemListElement":[{"@type":"ListItem","position":1,"name":"Nazif Cungu takon delegacionin nga Velenja"}]},{"@type":"Person","@id":"https:\/\/www.visit-ulcinj.com\/blog\/#\/schema\/person\/dcab619c614d3038751c63bc2aadc06d","name":"ulqini","sameAs":["http:\/\/www.visit-ulcinj.com"],"url":"https:\/\/www.visit-ulcinj.com\/blog\/author\/admin\/"}]}},"jetpack_featured_media_url":"","jetpack_sharing_enabled":true,"jetpack_shortlink":"https:\/\/wp.me\/pe6lTn-gtD","_links":{"self":[{"href":"https:\/\/www.visit-ulcinj.com\/blog\/wp-json\/wp\/v2\/posts\/63341"}],"collection":[{"href":"https:\/\/www.visit-ulcinj.com\/blog\/wp-json\/wp\/v2\/posts"}],"about":[{"href":"https:\/\/www.visit-ulcinj.com\/blog\/wp-json\/wp\/v2\/types\/post"}],"author":[{"embeddable":true,"href":"https:\/\/www.visit-ulcinj.com\/blog\/wp-json\/wp\/v2\/users\/1"}],"replies":[{"embeddable":true,"href":"https:\/\/www.visit-ulcinj.com\/blog\/wp-json\/wp\/v2\/comments?post=63341"}],"version-history":[{"count":5,"href":"https:\/\/www.visit-ulcinj.com\/blog\/wp-json\/wp\/v2\/posts\/63341\/revisions"}],"predecessor-version":[{"id":63358,"href":"https:\/\/www.visit-ulcinj.com\/blog\/wp-json\/wp\/v2\/posts\/63341\/revisions\/63358"}],"wp:attachment":[{"href":"https:\/\/www.visit-ulcinj.com\/blog\/wp-json\/wp\/v2\/media?parent=63341"}],"wp:term":[{"taxonomy":"category","embeddable":true,"href":"https:\/\/www.visit-ulcinj.com\/blog\/wp-json\/wp\/v2\/categories?post=63341"},{"taxonomy":"post_tag","embeddable":true,"href":"https:\/\/www.visit-ulcinj.com\/blog\/wp-json\/wp\/v2\/tags?post=63341"}],"curies":[{"name":"wp","href":"https:\/\/api.w.org\/{rel}","templated":true}]}}