{"id":63353,"date":"2012-09-05T16:45:44","date_gmt":"2012-09-05T15:45:44","guid":{"rendered":"http:\/\/www.visit-ulcinj.com\/blog\/?p=63353"},"modified":"2012-09-05T16:45:44","modified_gmt":"2012-09-05T15:45:44","slug":"bien-cmimet-deri-ne-50-per-qind-me-lirezgjat-sezoni-turistik","status":"publish","type":"post","link":"https:\/\/www.visit-ulcinj.com\/blog\/2012\/09\/05\/bien-cmimet-deri-ne-50-per-qind-me-lirezgjat-sezoni-turistik\/","title":{"rendered":"Bien \u00e7mimet deri n\u00eb 50 p\u00ebr qind m\u00eb lir\u00eb,zgjat sezoni turistik"},"content":{"rendered":"<p><strong><a href=\"http:\/\/www.visit-ulcinj.com\/blog\/wp-content\/uploads\/2012\/09\/MSM-BEACH-Ulqin_Mali-i-Zi.jpg\"><img loading=\"lazy\" class=\"alignleft  wp-image-63354\" title=\"GE DIGITAL CAMERA\" src=\"http:\/\/www.visit-ulcinj.com\/blog\/wp-content\/uploads\/2012\/09\/MSM-BEACH-Ulqin_Mali-i-Zi.jpg\" alt=\"\" width=\"508\" height=\"360\" \/><\/a>Hotelier\u00ebt dhe turoperator\u00ebt n\u00eb Mal t\u00eb Zi parashikojn\u00eb ta mbyllin sezonin turistik n\u00eb fund t\u00eb tetorit. Ka mund\u00ebsi q\u00eb pushimet sivjet t\u00eb zgjatin nj\u00eb muaj m\u00eb shum\u00eb se zakonisht. Kjo ide mb\u00ebshtetet n\u00eb parashikimin e motit dhe temperaturat e favorshme p\u00ebr pushime.<\/strong><\/p>\n<p>Sezoni i shkurt\u00ebr turistik, i cili n\u00eb Mali I Zi zakonisht zgjat jo m\u00eb shum\u00eb se tre muaj, \u00ebsht\u00eb nj\u00ebra nga arsyet q\u00eb hotelier\u00ebt vendas t\u00eb mos nxjerrin fitime t\u00eb mira dhe t\u00eb mos g\u00ebzojn\u00eb q\u00ebndrimin e gjat\u00eb t\u00eb turist\u00ebve. Vendpushimet detare n\u00eb Mali I Zi b\u00ebhen plot e p\u00ebrlot q\u00eb n\u00eb mesin e qershorit, nd\u00ebrsa n\u00eb fund t\u00eb gushtit shumica e turist\u00ebve \u00ebsht\u00eb larguar. Mir\u00ebpo, kushtet e klim\u00ebs n\u00eb Mali I Zi \u00a0favorizojn\u00eb nj\u00eb sezon turistik i cili t\u00eb zgjat\u00eb nga muaji prill deri n\u00eb tetor. Problemi \u00ebsht\u00eb q\u00eb turoperator\u00ebt nuk organizojn\u00eb pushime n\u00eb muajt e par\u00eb t\u00eb ver\u00ebs.<\/p>\n<p><a href=\"http:\/\/www.visit-ulcinj.com\/blog\/wp-content\/uploads\/2012\/09\/plazhi-i-vogel-ulqin.jpg\"><img loading=\"lazy\" class=\"alignleft  wp-image-63355\" title=\"plazhi i vogel ulqin\" src=\"http:\/\/www.visit-ulcinj.com\/blog\/wp-content\/uploads\/2012\/09\/plazhi-i-vogel-ulqin.jpg\" alt=\"\" width=\"508\" height=\"300\" \/><\/a><\/p>\n<p>Nga ana tjet\u00ebr ata nuk e b\u00ebjn\u00eb k\u00ebt\u00eb sepse \u00e7do vit hotelier\u00ebt vonojn\u00eb riparimet duke krijuat nj\u00eb kaos t\u00eb v\u00ebrtet\u00eb, k\u00ebshtu q\u00eb turist\u00ebt nuk parap\u00eblqejn\u00eb t\u00eb vijn\u00eb n\u00eb vend. P\u00ebrve\u00e7 k\u00ebsaj \u00e7mimet e paketave n\u00eb fillim t\u00eb ver\u00ebs nuk jan\u00eb fare t\u00eb favorshme n\u00eb raport me ato q\u00eb ofrojn\u00eb vendet fqinje si Turqia dhe Greqia. Mir\u00ebpo, n\u00ebse jeni t\u00eb interesuar p\u00ebr ofertat gjat\u00eb shtatorit dhe n\u00ebntorit mund t\u2019ju dalin paketa n\u00eb gjysm\u00eb \u00e7mimi p\u00ebr nat\u00eb, si dhe shum\u00eb propozime p\u00ebr zbavitje. N\u00eb p\u00ebrgjith\u00ebsi t\u00eb pun\u00ebsuarit n\u00eb deg\u00eb jan\u00eb t\u00eb k\u00ebnaqur me ver\u00ebn 2012. Numri m\u00eb i madh i turist\u00ebve t\u00eb huaj n\u00eb Malin e Zi \u00ebsht\u00eb nga Rusia dhe Kosova.<\/p>\n<p><strong>N\u00eb Mal t\u00eb Zi 14 % m\u00eb shum\u00eb turist se vitin e kaluar n\u00eb t\u00eb nj\u00ebjt\u00ebn koh\u00eb<\/strong><\/p>\n<p>N\u00eb Mal t\u00eb Zi q\u00ebndrojn\u00eb 55.7 mi turist\u00eb, 14 % m\u00eb shum\u00eb se vitin e kaluar n\u00eb t\u00eb nj\u00ebjt\u00ebn koh\u00eb me vitin e kaluar \u00ebsht\u00eb njoftuar nga Organizata Nacional. Turistike.<\/p>\n<p>Sipas t\u00eb dh\u00ebnave t\u00eb fundit t\u00eb Monstatit, Malin e Zi n\u00eb korrik e kan\u00eb vizituar 359 mi turist, 2,7% m\u00eb shum\u00eb n\u00eb krahasim me t\u00eb nj\u00ebjtin muaj t\u00eb vitit t\u00eb kaluar.<\/p>\n<p>T\u00eb ardhurat nga turizmi si\u00e7 \u00ebsht\u00eb njoftuar nga Ministria e turizmit n\u00eb gjysm\u00ebn e par\u00eb t\u00eb vitit kan\u00eb arritur 140 milion euro, derisa p\u00ebr t\u00ebr\u00eb vitn 2012 pritet t\u00eb arrij rreth 700 milion euro, \u00e7ka paraqit nivelin e vitit t\u00eb kaluar.<\/p>\n<p><strong><a href=\"http:\/\/www.visit-ulcinj.com\/blog\/wp-content\/uploads\/2012\/09\/Organizata-Turistike-e-Ulqinit-Bilanci.jpg\"><img loading=\"lazy\" class=\"alignleft size-full wp-image-63356\" title=\"Organizata-Turistike-e-Ulqinit-Bilanci\" src=\"http:\/\/www.visit-ulcinj.com\/blog\/wp-content\/uploads\/2012\/09\/Organizata-Turistike-e-Ulqinit-Bilanci.jpg\" alt=\"\" width=\"349\" height=\"173\" srcset=\"https:\/\/www.visit-ulcinj.com\/blog\/wp-content\/uploads\/2012\/09\/Organizata-Turistike-e-Ulqinit-Bilanci.jpg 349w, https:\/\/www.visit-ulcinj.com\/blog\/wp-content\/uploads\/2012\/09\/Organizata-Turistike-e-Ulqinit-Bilanci-300x148.jpg 300w\" sizes=\"(max-width: 349px) 100vw, 349px\" \/><\/a>Nga Organizata Turistike e Ulqinit <\/strong>sa i perket hoteleve kemi 41 turiste vendas, 1568 turiste te huaj, keshtu qe gjithsej kemi 1.609 turiste cka do te thote 99% me teper se sa vitin e kaluar ne kete kohe.<br \/>\nNe kampe poashtu kemi rritje ku pushojne 2 turiste vendas, 46 turiste te huaj, keshtu qe gjithsejt kemi 48 turiste cka do te thote 45% me teper se sa vitin e kaluar ne kete kohe.<\/p>\n<p>Ne akomodim privat kemi te regjistruar 855 turiste vendas, 3.268 turiste te huaj, keshtu qe gjithsejt kemi 4.123 turiste cka do te thote qe kemi rritje per 3,9 here me teper turiste (indexi 399) se sa vitin e kaluar ne kete kohe.<br \/>\nKeshtu qe gjithsejt ne komunen tone kemi te regjistruar 898 turiste vendas, 4.882 turiste te huaj, keshtu qe gjithsejt kemi 5.780 turiste cka do te thote 2,8 here me teper (indexi 288) se sa vitin e kaluar ne kete kohe.<\/p>\n","protected":false},"excerpt":{"rendered":"<p>Hotelier\u00ebt dhe turoperator\u00ebt n\u00eb Mal t\u00eb Zi parashikojn\u00eb ta mbyllin sezonin turistik n\u00eb fund t\u00eb tetorit. Ka mund\u00ebsi q\u00eb pushimet sivjet t\u00eb zgjatin nj\u00eb muaj m\u00eb shum\u00eb se zakonisht. Kjo ide mb\u00ebshtetet n\u00eb parashikimin e motit dhe temperaturat e favorshme p\u00ebr pushime. Sezoni i shkurt\u00ebr turistik, i cili n\u00eb Mali I Zi zakonisht zgjat jo [&hellip;]<\/p>\n","protected":false},"author":1,"featured_media":0,"comment_status":"open","ping_status":"closed","sticky":false,"template":"","format":"standard","meta":{"spay_email":"","jetpack_publicize_message":"","jetpack_is_tweetstorm":false,"jetpack_publicize_feature_enabled":true},"categories":[15],"tags":[95,2797,200,18],"jetpack_publicize_connections":[],"yoast_head":"<!-- This site is optimized with the Yoast SEO plugin v19.1 - https:\/\/yoast.com\/wordpress\/plugins\/seo\/ -->\n<title>Bien \u00e7mimet deri n\u00eb 50 p\u00ebr qind m\u00eb lir\u00eb,zgjat sezoni turistik - Lajme nga Ulqini<\/title>\n<meta name=\"description\" content=\"Hotelier\u00ebt dhe turoperator\u00ebt n\u00eb Mal t\u00eb Zi parashikojn\u00eb ta mbyllin sezonin turistik n\u00eb fund t\u00eb tetorit. Ka mund\u00ebsi q\u00eb pushimet sivjet t\u00eb zgjatin nj\u00eb muaj\" \/>\n<meta name=\"robots\" content=\"index, follow, max-snippet:-1, max-image-preview:large, max-video-preview:-1\" \/>\n<link rel=\"canonical\" href=\"https:\/\/www.visit-ulcinj.com\/blog\/2012\/09\/05\/bien-cmimet-deri-ne-50-per-qind-me-lirezgjat-sezoni-turistik\/\" \/>\n<meta property=\"og:locale\" content=\"en_US\" \/>\n<meta property=\"og:type\" content=\"article\" \/>\n<meta property=\"og:title\" content=\"Bien \u00e7mimet deri n\u00eb 50 p\u00ebr qind m\u00eb lir\u00eb,zgjat sezoni turistik - Lajme nga Ulqini\" \/>\n<meta property=\"og:description\" content=\"Hotelier\u00ebt dhe turoperator\u00ebt n\u00eb Mal t\u00eb Zi parashikojn\u00eb ta mbyllin sezonin turistik n\u00eb fund t\u00eb tetorit. Ka mund\u00ebsi q\u00eb pushimet sivjet t\u00eb zgjatin nj\u00eb muaj\" \/>\n<meta property=\"og:url\" content=\"https:\/\/www.visit-ulcinj.com\/blog\/2012\/09\/05\/bien-cmimet-deri-ne-50-per-qind-me-lirezgjat-sezoni-turistik\/\" \/>\n<meta property=\"og:site_name\" content=\"Lajme nga Ulqini\" \/>\n<meta property=\"article:published_time\" content=\"2012-09-05T15:45:44+00:00\" \/>\n<meta property=\"og:image\" content=\"http:\/\/www.visit-ulcinj.com\/blog\/wp-content\/uploads\/2012\/09\/MSM-BEACH-Ulqin_Mali-i-Zi.jpg\" \/>\n<meta name=\"twitter:label1\" content=\"Written by\" \/>\n\t<meta name=\"twitter:data1\" content=\"ulqini\" \/>\n\t<meta name=\"twitter:label2\" content=\"Est. reading time\" \/>\n\t<meta name=\"twitter:data2\" content=\"3 minutes\" \/>\n<script type=\"application\/ld+json\" class=\"yoast-schema-graph\">{\"@context\":\"https:\/\/schema.org\",\"@graph\":[{\"@type\":\"WebSite\",\"@id\":\"https:\/\/www.visit-ulcinj.com\/blog\/#website\",\"url\":\"https:\/\/www.visit-ulcinj.com\/blog\/\",\"name\":\"Lajme nga Ulqini\",\"description\":\"Lajme,Vijesti,Ulqini,Ulqin,Crna Gora,Mali i Zi\",\"potentialAction\":[{\"@type\":\"SearchAction\",\"target\":{\"@type\":\"EntryPoint\",\"urlTemplate\":\"https:\/\/www.visit-ulcinj.com\/blog\/?s={search_term_string}\"},\"query-input\":\"required name=search_term_string\"}],\"inLanguage\":\"en-US\"},{\"@type\":\"ImageObject\",\"inLanguage\":\"en-US\",\"@id\":\"https:\/\/www.visit-ulcinj.com\/blog\/2012\/09\/05\/bien-cmimet-deri-ne-50-per-qind-me-lirezgjat-sezoni-turistik\/#primaryimage\",\"url\":\"https:\/\/www.visit-ulcinj.com\/blog\/wp-content\/uploads\/2012\/09\/MSM-BEACH-Ulqin_Mali-i-Zi.jpg\",\"contentUrl\":\"https:\/\/www.visit-ulcinj.com\/blog\/wp-content\/uploads\/2012\/09\/MSM-BEACH-Ulqin_Mali-i-Zi.jpg\",\"width\":\"1009\",\"height\":\"779\"},{\"@type\":\"WebPage\",\"@id\":\"https:\/\/www.visit-ulcinj.com\/blog\/2012\/09\/05\/bien-cmimet-deri-ne-50-per-qind-me-lirezgjat-sezoni-turistik\/#webpage\",\"url\":\"https:\/\/www.visit-ulcinj.com\/blog\/2012\/09\/05\/bien-cmimet-deri-ne-50-per-qind-me-lirezgjat-sezoni-turistik\/\",\"name\":\"Bien \u00e7mimet deri n\u00eb 50 p\u00ebr qind m\u00eb lir\u00eb,zgjat sezoni turistik - Lajme nga Ulqini\",\"isPartOf\":{\"@id\":\"https:\/\/www.visit-ulcinj.com\/blog\/#website\"},\"primaryImageOfPage\":{\"@id\":\"https:\/\/www.visit-ulcinj.com\/blog\/2012\/09\/05\/bien-cmimet-deri-ne-50-per-qind-me-lirezgjat-sezoni-turistik\/#primaryimage\"},\"datePublished\":\"2012-09-05T15:45:44+00:00\",\"dateModified\":\"2012-09-05T15:45:44+00:00\",\"author\":{\"@id\":\"https:\/\/www.visit-ulcinj.com\/blog\/#\/schema\/person\/dcab619c614d3038751c63bc2aadc06d\"},\"description\":\"Hotelier\u00ebt dhe turoperator\u00ebt n\u00eb Mal t\u00eb Zi parashikojn\u00eb ta mbyllin sezonin turistik n\u00eb fund t\u00eb tetorit. Ka mund\u00ebsi q\u00eb pushimet sivjet t\u00eb zgjatin nj\u00eb muaj\",\"breadcrumb\":{\"@id\":\"https:\/\/www.visit-ulcinj.com\/blog\/2012\/09\/05\/bien-cmimet-deri-ne-50-per-qind-me-lirezgjat-sezoni-turistik\/#breadcrumb\"},\"inLanguage\":\"en-US\",\"potentialAction\":[{\"@type\":\"ReadAction\",\"target\":[\"https:\/\/www.visit-ulcinj.com\/blog\/2012\/09\/05\/bien-cmimet-deri-ne-50-per-qind-me-lirezgjat-sezoni-turistik\/\"]}]},{\"@type\":\"BreadcrumbList\",\"@id\":\"https:\/\/www.visit-ulcinj.com\/blog\/2012\/09\/05\/bien-cmimet-deri-ne-50-per-qind-me-lirezgjat-sezoni-turistik\/#breadcrumb\",\"itemListElement\":[{\"@type\":\"ListItem\",\"position\":1,\"name\":\"Bien \u00e7mimet deri n\u00eb 50 p\u00ebr qind m\u00eb lir\u00eb,zgjat sezoni turistik\"}]},{\"@type\":\"Person\",\"@id\":\"https:\/\/www.visit-ulcinj.com\/blog\/#\/schema\/person\/dcab619c614d3038751c63bc2aadc06d\",\"name\":\"ulqini\",\"sameAs\":[\"http:\/\/www.visit-ulcinj.com\"],\"url\":\"https:\/\/www.visit-ulcinj.com\/blog\/author\/admin\/\"}]}<\/script>\n<!-- \/ Yoast SEO plugin. -->","yoast_head_json":{"title":"Bien \u00e7mimet deri n\u00eb 50 p\u00ebr qind m\u00eb lir\u00eb,zgjat sezoni turistik - Lajme nga Ulqini","description":"Hotelier\u00ebt dhe turoperator\u00ebt n\u00eb Mal t\u00eb Zi parashikojn\u00eb ta mbyllin sezonin turistik n\u00eb fund t\u00eb tetorit. Ka mund\u00ebsi q\u00eb pushimet sivjet t\u00eb zgjatin nj\u00eb muaj","robots":{"index":"index","follow":"follow","max-snippet":"max-snippet:-1","max-image-preview":"max-image-preview:large","max-video-preview":"max-video-preview:-1"},"canonical":"https:\/\/www.visit-ulcinj.com\/blog\/2012\/09\/05\/bien-cmimet-deri-ne-50-per-qind-me-lirezgjat-sezoni-turistik\/","og_locale":"en_US","og_type":"article","og_title":"Bien \u00e7mimet deri n\u00eb 50 p\u00ebr qind m\u00eb lir\u00eb,zgjat sezoni turistik - Lajme nga Ulqini","og_description":"Hotelier\u00ebt dhe turoperator\u00ebt n\u00eb Mal t\u00eb Zi parashikojn\u00eb ta mbyllin sezonin turistik n\u00eb fund t\u00eb tetorit. Ka mund\u00ebsi q\u00eb pushimet sivjet t\u00eb zgjatin nj\u00eb muaj","og_url":"https:\/\/www.visit-ulcinj.com\/blog\/2012\/09\/05\/bien-cmimet-deri-ne-50-per-qind-me-lirezgjat-sezoni-turistik\/","og_site_name":"Lajme nga Ulqini","article_published_time":"2012-09-05T15:45:44+00:00","og_image":[{"url":"http:\/\/www.visit-ulcinj.com\/blog\/wp-content\/uploads\/2012\/09\/MSM-BEACH-Ulqin_Mali-i-Zi.jpg"}],"twitter_misc":{"Written by":"ulqini","Est. reading time":"3 minutes"},"schema":{"@context":"https:\/\/schema.org","@graph":[{"@type":"WebSite","@id":"https:\/\/www.visit-ulcinj.com\/blog\/#website","url":"https:\/\/www.visit-ulcinj.com\/blog\/","name":"Lajme nga Ulqini","description":"Lajme,Vijesti,Ulqini,Ulqin,Crna Gora,Mali i Zi","potentialAction":[{"@type":"SearchAction","target":{"@type":"EntryPoint","urlTemplate":"https:\/\/www.visit-ulcinj.com\/blog\/?s={search_term_string}"},"query-input":"required name=search_term_string"}],"inLanguage":"en-US"},{"@type":"ImageObject","inLanguage":"en-US","@id":"https:\/\/www.visit-ulcinj.com\/blog\/2012\/09\/05\/bien-cmimet-deri-ne-50-per-qind-me-lirezgjat-sezoni-turistik\/#primaryimage","url":"https:\/\/www.visit-ulcinj.com\/blog\/wp-content\/uploads\/2012\/09\/MSM-BEACH-Ulqin_Mali-i-Zi.jpg","contentUrl":"https:\/\/www.visit-ulcinj.com\/blog\/wp-content\/uploads\/2012\/09\/MSM-BEACH-Ulqin_Mali-i-Zi.jpg","width":"1009","height":"779"},{"@type":"WebPage","@id":"https:\/\/www.visit-ulcinj.com\/blog\/2012\/09\/05\/bien-cmimet-deri-ne-50-per-qind-me-lirezgjat-sezoni-turistik\/#webpage","url":"https:\/\/www.visit-ulcinj.com\/blog\/2012\/09\/05\/bien-cmimet-deri-ne-50-per-qind-me-lirezgjat-sezoni-turistik\/","name":"Bien \u00e7mimet deri n\u00eb 50 p\u00ebr qind m\u00eb lir\u00eb,zgjat sezoni turistik - Lajme nga Ulqini","isPartOf":{"@id":"https:\/\/www.visit-ulcinj.com\/blog\/#website"},"primaryImageOfPage":{"@id":"https:\/\/www.visit-ulcinj.com\/blog\/2012\/09\/05\/bien-cmimet-deri-ne-50-per-qind-me-lirezgjat-sezoni-turistik\/#primaryimage"},"datePublished":"2012-09-05T15:45:44+00:00","dateModified":"2012-09-05T15:45:44+00:00","author":{"@id":"https:\/\/www.visit-ulcinj.com\/blog\/#\/schema\/person\/dcab619c614d3038751c63bc2aadc06d"},"description":"Hotelier\u00ebt dhe turoperator\u00ebt n\u00eb Mal t\u00eb Zi parashikojn\u00eb ta mbyllin sezonin turistik n\u00eb fund t\u00eb tetorit. Ka mund\u00ebsi q\u00eb pushimet sivjet t\u00eb zgjatin nj\u00eb muaj","breadcrumb":{"@id":"https:\/\/www.visit-ulcinj.com\/blog\/2012\/09\/05\/bien-cmimet-deri-ne-50-per-qind-me-lirezgjat-sezoni-turistik\/#breadcrumb"},"inLanguage":"en-US","potentialAction":[{"@type":"ReadAction","target":["https:\/\/www.visit-ulcinj.com\/blog\/2012\/09\/05\/bien-cmimet-deri-ne-50-per-qind-me-lirezgjat-sezoni-turistik\/"]}]},{"@type":"BreadcrumbList","@id":"https:\/\/www.visit-ulcinj.com\/blog\/2012\/09\/05\/bien-cmimet-deri-ne-50-per-qind-me-lirezgjat-sezoni-turistik\/#breadcrumb","itemListElement":[{"@type":"ListItem","position":1,"name":"Bien \u00e7mimet deri n\u00eb 50 p\u00ebr qind m\u00eb lir\u00eb,zgjat sezoni turistik"}]},{"@type":"Person","@id":"https:\/\/www.visit-ulcinj.com\/blog\/#\/schema\/person\/dcab619c614d3038751c63bc2aadc06d","name":"ulqini","sameAs":["http:\/\/www.visit-ulcinj.com"],"url":"https:\/\/www.visit-ulcinj.com\/blog\/author\/admin\/"}]}},"jetpack_featured_media_url":"","jetpack_sharing_enabled":true,"jetpack_shortlink":"https:\/\/wp.me\/pe6lTn-gtP","_links":{"self":[{"href":"https:\/\/www.visit-ulcinj.com\/blog\/wp-json\/wp\/v2\/posts\/63353"}],"collection":[{"href":"https:\/\/www.visit-ulcinj.com\/blog\/wp-json\/wp\/v2\/posts"}],"about":[{"href":"https:\/\/www.visit-ulcinj.com\/blog\/wp-json\/wp\/v2\/types\/post"}],"author":[{"embeddable":true,"href":"https:\/\/www.visit-ulcinj.com\/blog\/wp-json\/wp\/v2\/users\/1"}],"replies":[{"embeddable":true,"href":"https:\/\/www.visit-ulcinj.com\/blog\/wp-json\/wp\/v2\/comments?post=63353"}],"version-history":[{"count":1,"href":"https:\/\/www.visit-ulcinj.com\/blog\/wp-json\/wp\/v2\/posts\/63353\/revisions"}],"predecessor-version":[{"id":63357,"href":"https:\/\/www.visit-ulcinj.com\/blog\/wp-json\/wp\/v2\/posts\/63353\/revisions\/63357"}],"wp:attachment":[{"href":"https:\/\/www.visit-ulcinj.com\/blog\/wp-json\/wp\/v2\/media?parent=63353"}],"wp:term":[{"taxonomy":"category","embeddable":true,"href":"https:\/\/www.visit-ulcinj.com\/blog\/wp-json\/wp\/v2\/categories?post=63353"},{"taxonomy":"post_tag","embeddable":true,"href":"https:\/\/www.visit-ulcinj.com\/blog\/wp-json\/wp\/v2\/tags?post=63353"}],"curies":[{"name":"wp","href":"https:\/\/api.w.org\/{rel}","templated":true}]}}