{"id":63359,"date":"2012-09-06T16:47:01","date_gmt":"2012-09-06T15:47:01","guid":{"rendered":"http:\/\/www.visit-ulcinj.com\/blog\/?p=63359"},"modified":"2012-09-07T09:37:47","modified_gmt":"2012-09-07T08:37:47","slug":"partia-demokratike-i-gabuar-veprimi-politik-i-forces","status":"publish","type":"post","link":"https:\/\/www.visit-ulcinj.com\/blog\/2012\/09\/06\/partia-demokratike-i-gabuar-veprimi-politik-i-forces\/","title":{"rendered":"Partia Demokratike: I gabuar veprimi politik i Forc\u00ebs"},"content":{"rendered":"<p align=\"center\"><strong>DEKLARAT\u00cb P\u00cbR SHTYP<\/strong><\/p>\n<p><a href=\"http:\/\/www.visit-ulcinj.com\/blog\/wp-content\/uploads\/2012\/09\/partia-demokratike-ulqin_mali-i-zi.jpg\"><img loading=\"lazy\" class=\"alignleft  wp-image-63360\" title=\"partia demokratike ulqin_mali i zi\" src=\"http:\/\/www.visit-ulcinj.com\/blog\/wp-content\/uploads\/2012\/09\/partia-demokratike-ulqin_mali-i-zi.jpg\" alt=\"\" width=\"350\" height=\"400\" \/><\/a>Partia Demokratike e cil\u00ebson t\u00eb gabuar veprimin politik t\u00eb Forc\u00ebs s\u00eb Re Demokratike, e cila nd\u00ebrhyri n\u00eb m\u00ebnyr\u00eb t\u00eb nj\u00ebanshme n\u00eb procesin e bisedimeve t\u00eb Partis\u00eb Demokratike dhe Alternativ\u00ebs Shqiptare me Iniciativ\u00ebn Qytetare, q\u00eb ishin pran\u00eb finalizimit t\u00eb krijimit t\u00eb nj\u00eb koalicioni t\u00eb gjer\u00eb parazgjedhor shqiptar n\u00eb baz\u00eb t\u00eb Marr\u00ebveshjes p\u00ebr veprim t\u00eb p\u00ebrbashk\u00ebt politik. Veprimi i Forc\u00ebs \u00ebsht\u00eb politikisht edhe i pamoralsh\u00ebm pasi ky hap \u00ebsht\u00eb nd\u00ebrmarr\u00eb n\u00eb d\u00ebm t\u00eb Partis\u00eb Demokratike, partnerit t\u00eb saj kryesor politik, e cila e solli at\u00eb pa kushte n\u00eb krye t\u00eb pushtetit vendor n\u00eb Komun\u00ebn e Ulqinit. N\u00eb vend q\u00eb t\u00eb reflektonte pozitivisht dhe t\u00eb pozicionohej n\u00eb favor t\u00eb partner\u00ebve t\u00eb saj politik\u00eb, Forca lidhi koalicion me Iniciativ\u00ebn Qytetare. N\u00eb k\u00ebt\u00eb m\u00ebnyr\u00eb, n\u00eb vend t\u00eb bashkimit t\u00eb proklamuar, shkaktoi p\u00ebr\u00e7arje edhe m\u00eb t\u00eb thell\u00eb n\u00eb elektoratin shqiptar n\u00eb Ulqin, Mal\u00ebsi dhe m\u00eb gjer\u00eb. Nga ana tjet\u00ebr, Iniciativa Qytetare u tregua jobesnike dhe e pasinqert\u00eb n\u00eb bisedimet p\u00ebr koalicion me PD-n\u00eb dhe ASH-n\u00eb.<\/p>\n<p>Ky veprim i ngutsh\u00ebm dhe i pamenduar mir\u00eb i Forc\u00ebs s\u00eb Re Demokratike mund t\u00eb ket\u00eb pasoja p\u00ebr t\u00eb sepse v\u00eb n\u00eb pik\u00ebpyetje koalicionin qeveris\u00ebs n\u00eb nivelin e Komun\u00ebs s\u00eb Ulqinit. PD vler\u00ebson se kjo qasje politike e Forc\u00ebs kufizoi p\u00ebrfundimisht krijimin e nj\u00eb koalicioni t\u00eb gjer\u00eb t\u00eb subjekteve politike shqiptare dhe rrezikon duksh\u00ebm p\u00ebrfaq\u00ebsimin e tyre optimal n\u00eb Parlamentin e Malit t\u00eb Zi.<\/p>\n<p>Duke vepruar n\u00eb kuad\u00ebr t\u00eb Marr\u00ebveshjes p\u00ebr veprim t\u00eb p\u00ebrbashk\u00ebt dhe duke\u00a0 respektuar vullnetin politik, Partia Demokratike vazhdon nxitjen e bashk\u00ebpunimit nd\u00ebrpartiak me q\u00ebllim q\u00eb n\u00eb m\u00ebnyr\u00ebn m\u00eb t\u00eb mir\u00eb dhe m\u00eb t\u00eb denj\u00eb t\u00eb p\u00ebrfaq\u00ebsohet n\u00eb zgjedhjet e ardhshme parlamentare.<\/p>\n<p><em>\u00a0<\/em><\/p>\n<p>Ulqin, m\u00eb 6 shtator 2012<\/p>\n<p><strong>Sh\u00ebrbimi p\u00ebr marr\u00ebdh\u00ebnie me publikun \u00a0\u00a0\u00a0\u00a0\u00a0\u00a0\u00a0\u00a0\u00a0 <\/strong><\/p>\n<p><a href=\"http:\/\/www.visit-ulcinj.com\/blog\/wp-content\/uploads\/2012\/09\/partia-demokratike-ulqin_ana-malit_mali-i-zi.jpg\"><img loading=\"lazy\" class=\"alignleft  wp-image-63386\" title=\"partia demokratike ulqin_ana malit_mali i zi\" src=\"http:\/\/www.visit-ulcinj.com\/blog\/wp-content\/uploads\/2012\/09\/partia-demokratike-ulqin_ana-malit_mali-i-zi.jpg\" alt=\"\" width=\"508\" height=\"194\" \/><\/a><\/p>\n","protected":false},"excerpt":{"rendered":"<p>DEKLARAT\u00cb P\u00cbR SHTYP Partia Demokratike e cil\u00ebson t\u00eb gabuar veprimin politik t\u00eb Forc\u00ebs s\u00eb Re Demokratike, e cila nd\u00ebrhyri n\u00eb m\u00ebnyr\u00eb t\u00eb nj\u00ebanshme n\u00eb procesin e bisedimeve t\u00eb Partis\u00eb Demokratike dhe Alternativ\u00ebs Shqiptare me Iniciativ\u00ebn Qytetare, q\u00eb ishin pran\u00eb finalizimit t\u00eb krijimit t\u00eb nj\u00eb koalicioni t\u00eb gjer\u00eb parazgjedhor shqiptar n\u00eb baz\u00eb t\u00eb Marr\u00ebveshjes p\u00ebr veprim [&hellip;]<\/p>\n","protected":false},"author":1,"featured_media":0,"comment_status":"open","ping_status":"closed","sticky":false,"template":"","format":"standard","meta":{"spay_email":"","jetpack_publicize_message":"","jetpack_is_tweetstorm":false,"jetpack_publicize_feature_enabled":true},"categories":[1,13],"tags":[212,20968],"jetpack_publicize_connections":[],"yoast_head":"<!-- This site is optimized with the Yoast SEO plugin v19.1 - https:\/\/yoast.com\/wordpress\/plugins\/seo\/ -->\n<title>Partia Demokratike: I gabuar veprimi politik i Forc\u00ebs  - Lajme nga Ulqini<\/title>\n<meta name=\"description\" content=\"DEKLARAT\u00cb P\u00cbR SHTYP Partia Demokratike e cil\u00ebson t\u00eb gabuar veprimin politik t\u00eb Forc\u00ebs s\u00eb Re Demokratike, e cila nd\u00ebrhyri n\u00eb m\u00ebnyr\u00eb t\u00eb nj\u00ebanshme n\u00eb\" \/>\n<meta name=\"robots\" content=\"index, follow, max-snippet:-1, max-image-preview:large, max-video-preview:-1\" \/>\n<link rel=\"canonical\" href=\"https:\/\/www.visit-ulcinj.com\/blog\/2012\/09\/06\/partia-demokratike-i-gabuar-veprimi-politik-i-forces\/\" \/>\n<meta property=\"og:locale\" content=\"en_US\" \/>\n<meta property=\"og:type\" content=\"article\" \/>\n<meta property=\"og:title\" content=\"Partia Demokratike: I gabuar veprimi politik i Forc\u00ebs  - Lajme nga Ulqini\" \/>\n<meta property=\"og:description\" content=\"DEKLARAT\u00cb P\u00cbR SHTYP Partia Demokratike e cil\u00ebson t\u00eb gabuar veprimin politik t\u00eb Forc\u00ebs s\u00eb Re Demokratike, e cila nd\u00ebrhyri n\u00eb m\u00ebnyr\u00eb t\u00eb nj\u00ebanshme n\u00eb\" \/>\n<meta property=\"og:url\" content=\"https:\/\/www.visit-ulcinj.com\/blog\/2012\/09\/06\/partia-demokratike-i-gabuar-veprimi-politik-i-forces\/\" \/>\n<meta property=\"og:site_name\" content=\"Lajme nga Ulqini\" \/>\n<meta property=\"article:published_time\" content=\"2012-09-06T15:47:01+00:00\" \/>\n<meta property=\"article:modified_time\" content=\"2012-09-07T08:37:47+00:00\" \/>\n<meta property=\"og:image\" content=\"http:\/\/www.visit-ulcinj.com\/blog\/wp-content\/uploads\/2012\/09\/partia-demokratike-ulqin_mali-i-zi.jpg\" \/>\n<meta name=\"twitter:label1\" content=\"Written by\" \/>\n\t<meta name=\"twitter:data1\" content=\"ulqini\" \/>\n\t<meta name=\"twitter:label2\" content=\"Est. reading time\" \/>\n\t<meta name=\"twitter:data2\" content=\"2 minutes\" \/>\n<script type=\"application\/ld+json\" class=\"yoast-schema-graph\">{\"@context\":\"https:\/\/schema.org\",\"@graph\":[{\"@type\":\"WebSite\",\"@id\":\"https:\/\/www.visit-ulcinj.com\/blog\/#website\",\"url\":\"https:\/\/www.visit-ulcinj.com\/blog\/\",\"name\":\"Lajme nga Ulqini\",\"description\":\"Lajme,Vijesti,Ulqini,Ulqin,Crna Gora,Mali i Zi\",\"potentialAction\":[{\"@type\":\"SearchAction\",\"target\":{\"@type\":\"EntryPoint\",\"urlTemplate\":\"https:\/\/www.visit-ulcinj.com\/blog\/?s={search_term_string}\"},\"query-input\":\"required name=search_term_string\"}],\"inLanguage\":\"en-US\"},{\"@type\":\"ImageObject\",\"inLanguage\":\"en-US\",\"@id\":\"https:\/\/www.visit-ulcinj.com\/blog\/2012\/09\/06\/partia-demokratike-i-gabuar-veprimi-politik-i-forces\/#primaryimage\",\"url\":\"https:\/\/www.visit-ulcinj.com\/blog\/wp-content\/uploads\/2012\/09\/partia-demokratike-ulqin_mali-i-zi.jpg\",\"contentUrl\":\"https:\/\/www.visit-ulcinj.com\/blog\/wp-content\/uploads\/2012\/09\/partia-demokratike-ulqin_mali-i-zi.jpg\",\"width\":\"509\",\"height\":\"720\"},{\"@type\":\"WebPage\",\"@id\":\"https:\/\/www.visit-ulcinj.com\/blog\/2012\/09\/06\/partia-demokratike-i-gabuar-veprimi-politik-i-forces\/#webpage\",\"url\":\"https:\/\/www.visit-ulcinj.com\/blog\/2012\/09\/06\/partia-demokratike-i-gabuar-veprimi-politik-i-forces\/\",\"name\":\"Partia Demokratike: I gabuar veprimi politik i Forc\u00ebs - Lajme nga Ulqini\",\"isPartOf\":{\"@id\":\"https:\/\/www.visit-ulcinj.com\/blog\/#website\"},\"primaryImageOfPage\":{\"@id\":\"https:\/\/www.visit-ulcinj.com\/blog\/2012\/09\/06\/partia-demokratike-i-gabuar-veprimi-politik-i-forces\/#primaryimage\"},\"datePublished\":\"2012-09-06T15:47:01+00:00\",\"dateModified\":\"2012-09-07T08:37:47+00:00\",\"author\":{\"@id\":\"https:\/\/www.visit-ulcinj.com\/blog\/#\/schema\/person\/dcab619c614d3038751c63bc2aadc06d\"},\"description\":\"DEKLARAT\u00cb P\u00cbR SHTYP Partia Demokratike e cil\u00ebson t\u00eb gabuar veprimin politik t\u00eb Forc\u00ebs s\u00eb Re Demokratike, e cila nd\u00ebrhyri n\u00eb m\u00ebnyr\u00eb t\u00eb nj\u00ebanshme n\u00eb\",\"breadcrumb\":{\"@id\":\"https:\/\/www.visit-ulcinj.com\/blog\/2012\/09\/06\/partia-demokratike-i-gabuar-veprimi-politik-i-forces\/#breadcrumb\"},\"inLanguage\":\"en-US\",\"potentialAction\":[{\"@type\":\"ReadAction\",\"target\":[\"https:\/\/www.visit-ulcinj.com\/blog\/2012\/09\/06\/partia-demokratike-i-gabuar-veprimi-politik-i-forces\/\"]}]},{\"@type\":\"BreadcrumbList\",\"@id\":\"https:\/\/www.visit-ulcinj.com\/blog\/2012\/09\/06\/partia-demokratike-i-gabuar-veprimi-politik-i-forces\/#breadcrumb\",\"itemListElement\":[{\"@type\":\"ListItem\",\"position\":1,\"name\":\"Partia Demokratike: I gabuar veprimi politik i Forc\u00ebs\"}]},{\"@type\":\"Person\",\"@id\":\"https:\/\/www.visit-ulcinj.com\/blog\/#\/schema\/person\/dcab619c614d3038751c63bc2aadc06d\",\"name\":\"ulqini\",\"sameAs\":[\"http:\/\/www.visit-ulcinj.com\"],\"url\":\"https:\/\/www.visit-ulcinj.com\/blog\/author\/admin\/\"}]}<\/script>\n<!-- \/ Yoast SEO plugin. -->","yoast_head_json":{"title":"Partia Demokratike: I gabuar veprimi politik i Forc\u00ebs  - Lajme nga Ulqini","description":"DEKLARAT\u00cb P\u00cbR SHTYP Partia Demokratike e cil\u00ebson t\u00eb gabuar veprimin politik t\u00eb Forc\u00ebs s\u00eb Re Demokratike, e cila nd\u00ebrhyri n\u00eb m\u00ebnyr\u00eb t\u00eb nj\u00ebanshme n\u00eb","robots":{"index":"index","follow":"follow","max-snippet":"max-snippet:-1","max-image-preview":"max-image-preview:large","max-video-preview":"max-video-preview:-1"},"canonical":"https:\/\/www.visit-ulcinj.com\/blog\/2012\/09\/06\/partia-demokratike-i-gabuar-veprimi-politik-i-forces\/","og_locale":"en_US","og_type":"article","og_title":"Partia Demokratike: I gabuar veprimi politik i Forc\u00ebs  - Lajme nga Ulqini","og_description":"DEKLARAT\u00cb P\u00cbR SHTYP Partia Demokratike e cil\u00ebson t\u00eb gabuar veprimin politik t\u00eb Forc\u00ebs s\u00eb Re Demokratike, e cila nd\u00ebrhyri n\u00eb m\u00ebnyr\u00eb t\u00eb nj\u00ebanshme n\u00eb","og_url":"https:\/\/www.visit-ulcinj.com\/blog\/2012\/09\/06\/partia-demokratike-i-gabuar-veprimi-politik-i-forces\/","og_site_name":"Lajme nga Ulqini","article_published_time":"2012-09-06T15:47:01+00:00","article_modified_time":"2012-09-07T08:37:47+00:00","og_image":[{"url":"http:\/\/www.visit-ulcinj.com\/blog\/wp-content\/uploads\/2012\/09\/partia-demokratike-ulqin_mali-i-zi.jpg"}],"twitter_misc":{"Written by":"ulqini","Est. reading time":"2 minutes"},"schema":{"@context":"https:\/\/schema.org","@graph":[{"@type":"WebSite","@id":"https:\/\/www.visit-ulcinj.com\/blog\/#website","url":"https:\/\/www.visit-ulcinj.com\/blog\/","name":"Lajme nga Ulqini","description":"Lajme,Vijesti,Ulqini,Ulqin,Crna Gora,Mali i Zi","potentialAction":[{"@type":"SearchAction","target":{"@type":"EntryPoint","urlTemplate":"https:\/\/www.visit-ulcinj.com\/blog\/?s={search_term_string}"},"query-input":"required name=search_term_string"}],"inLanguage":"en-US"},{"@type":"ImageObject","inLanguage":"en-US","@id":"https:\/\/www.visit-ulcinj.com\/blog\/2012\/09\/06\/partia-demokratike-i-gabuar-veprimi-politik-i-forces\/#primaryimage","url":"https:\/\/www.visit-ulcinj.com\/blog\/wp-content\/uploads\/2012\/09\/partia-demokratike-ulqin_mali-i-zi.jpg","contentUrl":"https:\/\/www.visit-ulcinj.com\/blog\/wp-content\/uploads\/2012\/09\/partia-demokratike-ulqin_mali-i-zi.jpg","width":"509","height":"720"},{"@type":"WebPage","@id":"https:\/\/www.visit-ulcinj.com\/blog\/2012\/09\/06\/partia-demokratike-i-gabuar-veprimi-politik-i-forces\/#webpage","url":"https:\/\/www.visit-ulcinj.com\/blog\/2012\/09\/06\/partia-demokratike-i-gabuar-veprimi-politik-i-forces\/","name":"Partia Demokratike: I gabuar veprimi politik i Forc\u00ebs - Lajme nga Ulqini","isPartOf":{"@id":"https:\/\/www.visit-ulcinj.com\/blog\/#website"},"primaryImageOfPage":{"@id":"https:\/\/www.visit-ulcinj.com\/blog\/2012\/09\/06\/partia-demokratike-i-gabuar-veprimi-politik-i-forces\/#primaryimage"},"datePublished":"2012-09-06T15:47:01+00:00","dateModified":"2012-09-07T08:37:47+00:00","author":{"@id":"https:\/\/www.visit-ulcinj.com\/blog\/#\/schema\/person\/dcab619c614d3038751c63bc2aadc06d"},"description":"DEKLARAT\u00cb P\u00cbR SHTYP Partia Demokratike e cil\u00ebson t\u00eb gabuar veprimin politik t\u00eb Forc\u00ebs s\u00eb Re Demokratike, e cila nd\u00ebrhyri n\u00eb m\u00ebnyr\u00eb t\u00eb nj\u00ebanshme n\u00eb","breadcrumb":{"@id":"https:\/\/www.visit-ulcinj.com\/blog\/2012\/09\/06\/partia-demokratike-i-gabuar-veprimi-politik-i-forces\/#breadcrumb"},"inLanguage":"en-US","potentialAction":[{"@type":"ReadAction","target":["https:\/\/www.visit-ulcinj.com\/blog\/2012\/09\/06\/partia-demokratike-i-gabuar-veprimi-politik-i-forces\/"]}]},{"@type":"BreadcrumbList","@id":"https:\/\/www.visit-ulcinj.com\/blog\/2012\/09\/06\/partia-demokratike-i-gabuar-veprimi-politik-i-forces\/#breadcrumb","itemListElement":[{"@type":"ListItem","position":1,"name":"Partia Demokratike: I gabuar veprimi politik i Forc\u00ebs"}]},{"@type":"Person","@id":"https:\/\/www.visit-ulcinj.com\/blog\/#\/schema\/person\/dcab619c614d3038751c63bc2aadc06d","name":"ulqini","sameAs":["http:\/\/www.visit-ulcinj.com"],"url":"https:\/\/www.visit-ulcinj.com\/blog\/author\/admin\/"}]}},"jetpack_featured_media_url":"","jetpack_sharing_enabled":true,"jetpack_shortlink":"https:\/\/wp.me\/pe6lTn-gtV","_links":{"self":[{"href":"https:\/\/www.visit-ulcinj.com\/blog\/wp-json\/wp\/v2\/posts\/63359"}],"collection":[{"href":"https:\/\/www.visit-ulcinj.com\/blog\/wp-json\/wp\/v2\/posts"}],"about":[{"href":"https:\/\/www.visit-ulcinj.com\/blog\/wp-json\/wp\/v2\/types\/post"}],"author":[{"embeddable":true,"href":"https:\/\/www.visit-ulcinj.com\/blog\/wp-json\/wp\/v2\/users\/1"}],"replies":[{"embeddable":true,"href":"https:\/\/www.visit-ulcinj.com\/blog\/wp-json\/wp\/v2\/comments?post=63359"}],"version-history":[{"count":4,"href":"https:\/\/www.visit-ulcinj.com\/blog\/wp-json\/wp\/v2\/posts\/63359\/revisions"}],"predecessor-version":[{"id":63406,"href":"https:\/\/www.visit-ulcinj.com\/blog\/wp-json\/wp\/v2\/posts\/63359\/revisions\/63406"}],"wp:attachment":[{"href":"https:\/\/www.visit-ulcinj.com\/blog\/wp-json\/wp\/v2\/media?parent=63359"}],"wp:term":[{"taxonomy":"category","embeddable":true,"href":"https:\/\/www.visit-ulcinj.com\/blog\/wp-json\/wp\/v2\/categories?post=63359"},{"taxonomy":"post_tag","embeddable":true,"href":"https:\/\/www.visit-ulcinj.com\/blog\/wp-json\/wp\/v2\/tags?post=63359"}],"curies":[{"name":"wp","href":"https:\/\/api.w.org\/{rel}","templated":true}]}}