{"id":63373,"date":"2012-09-06T18:03:19","date_gmt":"2012-09-06T17:03:19","guid":{"rendered":"http:\/\/www.visit-ulcinj.com\/blog\/?p=63373"},"modified":"2012-09-06T18:03:19","modified_gmt":"2012-09-06T17:03:19","slug":"predsjednik-opstine-ulcinja-cestita-pocetak-skolske-godine-20122013","status":"publish","type":"post","link":"https:\/\/www.visit-ulcinj.com\/blog\/2012\/09\/06\/predsjednik-opstine-ulcinja-cestita-pocetak-skolske-godine-20122013\/","title":{"rendered":"Predsjednik Op\u0161tine Ulcinja \u010destita po\u010detak \u0161kolske godine 2012\/2013."},"content":{"rendered":"<p><a href=\"http:\/\/www.visit-ulcinj.com\/blog\/wp-content\/uploads\/2012\/09\/Nazif-Cungu_Ulcinj.1.jpg\"><img loading=\"lazy\" class=\"alignleft  wp-image-63374\" title=\"Nazif Cungu_Ulcinj.1\" src=\"http:\/\/www.visit-ulcinj.com\/blog\/wp-content\/uploads\/2012\/09\/Nazif-Cungu_Ulcinj.1.jpg\" alt=\"\" width=\"350\" height=\"280\" \/><\/a>Dragi ucenici i student, postovani nastavnici, prosvjetni radnici i roditelji.<\/p>\n<p>Imam cast i zadovoljstvo da u moje ime i ime gradjana Ulcinja \u010destitam po\u010detak \u0161kolske godine 2012\/2013.<\/p>\n<p>Nakon letnjeg raspusta, vi se vra\u0107ate \u0161kolskim klupama da bi nastavili put obrazovanja koji je jednini put uzdizanja i emnacipacije svakog pojednica.<\/p>\n<p>Nastavnicima izra\u017eavam posebnu zahvalnost za njihov neumoran rad u njihovoj humanoj misiji u edukaciju novih generacija.<\/p>\n<p>Posebno \u010destitam malisanima koji danas kora\u0107aju u veliki svijet znanja. \u017delim Vam puno uspjeha u novoj \u0161kolskoj godini.<\/p>\n<p>&nbsp;<\/p>\n<p>Predsjednik Op\u0161tine<\/p>\n<p>Nazif Cungu<\/p>\n<p><strong>Op\u0161tina Ulcinj \/ Komuna e Ulqinit<\/strong><br \/>\nTel: +382 30 412 050<br \/>\nFax: +382 30 412 413<br \/>\nAdresa: Bul. Skenderbeu bb, 85360 Ulcinj, MNE<\/p>\n","protected":false},"excerpt":{"rendered":"<p>Dragi ucenici i student, postovani nastavnici, prosvjetni radnici i roditelji. Imam cast i zadovoljstvo da u moje ime i ime gradjana Ulcinja \u010destitam po\u010detak \u0161kolske godine 2012\/2013. Nakon letnjeg raspusta, vi se vra\u0107ate \u0161kolskim klupama da bi nastavili put obrazovanja koji je jednini put uzdizanja i emnacipacije svakog pojednica. Nastavnicima izra\u017eavam posebnu zahvalnost za njihov [&hellip;]<\/p>\n","protected":false},"author":1,"featured_media":0,"comment_status":"open","ping_status":"closed","sticky":false,"template":"","format":"standard","meta":{"spay_email":"","jetpack_publicize_message":"","jetpack_is_tweetstorm":false,"jetpack_publicize_feature_enabled":true},"categories":[8337],"tags":[20,19],"jetpack_publicize_connections":[],"yoast_head":"<!-- This site is optimized with the Yoast SEO plugin v19.1 - https:\/\/yoast.com\/wordpress\/plugins\/seo\/ -->\n<title>Predsjednik Op\u0161tine Ulcinja \u010destita po\u010detak \u0161kolske godine 2012\/2013. - Lajme nga Ulqini<\/title>\n<meta name=\"description\" content=\"Dragi ucenici i student, postovani nastavnici, prosvjetni radnici i roditelji. Imam cast i zadovoljstvo da u moje ime i ime gradjana Ulcinja \u010destitam\" \/>\n<meta name=\"robots\" content=\"index, follow, max-snippet:-1, max-image-preview:large, max-video-preview:-1\" \/>\n<link rel=\"canonical\" href=\"https:\/\/www.visit-ulcinj.com\/blog\/2012\/09\/06\/predsjednik-opstine-ulcinja-cestita-pocetak-skolske-godine-20122013\/\" \/>\n<meta property=\"og:locale\" content=\"en_US\" \/>\n<meta property=\"og:type\" content=\"article\" \/>\n<meta property=\"og:title\" content=\"Predsjednik Op\u0161tine Ulcinja \u010destita po\u010detak \u0161kolske godine 2012\/2013. - Lajme nga Ulqini\" \/>\n<meta property=\"og:description\" content=\"Dragi ucenici i student, postovani nastavnici, prosvjetni radnici i roditelji. Imam cast i zadovoljstvo da u moje ime i ime gradjana Ulcinja \u010destitam\" \/>\n<meta property=\"og:url\" content=\"https:\/\/www.visit-ulcinj.com\/blog\/2012\/09\/06\/predsjednik-opstine-ulcinja-cestita-pocetak-skolske-godine-20122013\/\" \/>\n<meta property=\"og:site_name\" content=\"Lajme nga Ulqini\" \/>\n<meta property=\"article:published_time\" content=\"2012-09-06T17:03:19+00:00\" \/>\n<meta property=\"og:image\" content=\"http:\/\/www.visit-ulcinj.com\/blog\/wp-content\/uploads\/2012\/09\/Nazif-Cungu_Ulcinj.1.jpg\" \/>\n<meta name=\"twitter:label1\" content=\"Written by\" \/>\n\t<meta name=\"twitter:data1\" content=\"ulqini\" \/>\n\t<meta name=\"twitter:label2\" content=\"Est. reading time\" \/>\n\t<meta name=\"twitter:data2\" content=\"1 minute\" \/>\n<script type=\"application\/ld+json\" class=\"yoast-schema-graph\">{\"@context\":\"https:\/\/schema.org\",\"@graph\":[{\"@type\":\"WebSite\",\"@id\":\"https:\/\/www.visit-ulcinj.com\/blog\/#website\",\"url\":\"https:\/\/www.visit-ulcinj.com\/blog\/\",\"name\":\"Lajme nga Ulqini\",\"description\":\"Lajme,Vijesti,Ulqini,Ulqin,Crna Gora,Mali i Zi\",\"potentialAction\":[{\"@type\":\"SearchAction\",\"target\":{\"@type\":\"EntryPoint\",\"urlTemplate\":\"https:\/\/www.visit-ulcinj.com\/blog\/?s={search_term_string}\"},\"query-input\":\"required name=search_term_string\"}],\"inLanguage\":\"en-US\"},{\"@type\":\"ImageObject\",\"inLanguage\":\"en-US\",\"@id\":\"https:\/\/www.visit-ulcinj.com\/blog\/2012\/09\/06\/predsjednik-opstine-ulcinja-cestita-pocetak-skolske-godine-20122013\/#primaryimage\",\"url\":\"https:\/\/www.visit-ulcinj.com\/blog\/wp-content\/uploads\/2012\/09\/Nazif-Cungu_Ulcinj.1.jpg\",\"contentUrl\":\"https:\/\/www.visit-ulcinj.com\/blog\/wp-content\/uploads\/2012\/09\/Nazif-Cungu_Ulcinj.1.jpg\",\"width\":\"450\",\"height\":\"376\"},{\"@type\":\"WebPage\",\"@id\":\"https:\/\/www.visit-ulcinj.com\/blog\/2012\/09\/06\/predsjednik-opstine-ulcinja-cestita-pocetak-skolske-godine-20122013\/#webpage\",\"url\":\"https:\/\/www.visit-ulcinj.com\/blog\/2012\/09\/06\/predsjednik-opstine-ulcinja-cestita-pocetak-skolske-godine-20122013\/\",\"name\":\"Predsjednik Op\u0161tine Ulcinja \u010destita po\u010detak \u0161kolske godine 2012\/2013. - Lajme nga Ulqini\",\"isPartOf\":{\"@id\":\"https:\/\/www.visit-ulcinj.com\/blog\/#website\"},\"primaryImageOfPage\":{\"@id\":\"https:\/\/www.visit-ulcinj.com\/blog\/2012\/09\/06\/predsjednik-opstine-ulcinja-cestita-pocetak-skolske-godine-20122013\/#primaryimage\"},\"datePublished\":\"2012-09-06T17:03:19+00:00\",\"dateModified\":\"2012-09-06T17:03:19+00:00\",\"author\":{\"@id\":\"https:\/\/www.visit-ulcinj.com\/blog\/#\/schema\/person\/dcab619c614d3038751c63bc2aadc06d\"},\"description\":\"Dragi ucenici i student, postovani nastavnici, prosvjetni radnici i roditelji. Imam cast i zadovoljstvo da u moje ime i ime gradjana Ulcinja \u010destitam\",\"breadcrumb\":{\"@id\":\"https:\/\/www.visit-ulcinj.com\/blog\/2012\/09\/06\/predsjednik-opstine-ulcinja-cestita-pocetak-skolske-godine-20122013\/#breadcrumb\"},\"inLanguage\":\"en-US\",\"potentialAction\":[{\"@type\":\"ReadAction\",\"target\":[\"https:\/\/www.visit-ulcinj.com\/blog\/2012\/09\/06\/predsjednik-opstine-ulcinja-cestita-pocetak-skolske-godine-20122013\/\"]}]},{\"@type\":\"BreadcrumbList\",\"@id\":\"https:\/\/www.visit-ulcinj.com\/blog\/2012\/09\/06\/predsjednik-opstine-ulcinja-cestita-pocetak-skolske-godine-20122013\/#breadcrumb\",\"itemListElement\":[{\"@type\":\"ListItem\",\"position\":1,\"name\":\"Predsjednik Op\u0161tine Ulcinja \u010destita po\u010detak \u0161kolske godine 2012\/2013.\"}]},{\"@type\":\"Person\",\"@id\":\"https:\/\/www.visit-ulcinj.com\/blog\/#\/schema\/person\/dcab619c614d3038751c63bc2aadc06d\",\"name\":\"ulqini\",\"sameAs\":[\"http:\/\/www.visit-ulcinj.com\"],\"url\":\"https:\/\/www.visit-ulcinj.com\/blog\/author\/admin\/\"}]}<\/script>\n<!-- \/ Yoast SEO plugin. -->","yoast_head_json":{"title":"Predsjednik Op\u0161tine Ulcinja \u010destita po\u010detak \u0161kolske godine 2012\/2013. - Lajme nga Ulqini","description":"Dragi ucenici i student, postovani nastavnici, prosvjetni radnici i roditelji. Imam cast i zadovoljstvo da u moje ime i ime gradjana Ulcinja \u010destitam","robots":{"index":"index","follow":"follow","max-snippet":"max-snippet:-1","max-image-preview":"max-image-preview:large","max-video-preview":"max-video-preview:-1"},"canonical":"https:\/\/www.visit-ulcinj.com\/blog\/2012\/09\/06\/predsjednik-opstine-ulcinja-cestita-pocetak-skolske-godine-20122013\/","og_locale":"en_US","og_type":"article","og_title":"Predsjednik Op\u0161tine Ulcinja \u010destita po\u010detak \u0161kolske godine 2012\/2013. - Lajme nga Ulqini","og_description":"Dragi ucenici i student, postovani nastavnici, prosvjetni radnici i roditelji. Imam cast i zadovoljstvo da u moje ime i ime gradjana Ulcinja \u010destitam","og_url":"https:\/\/www.visit-ulcinj.com\/blog\/2012\/09\/06\/predsjednik-opstine-ulcinja-cestita-pocetak-skolske-godine-20122013\/","og_site_name":"Lajme nga Ulqini","article_published_time":"2012-09-06T17:03:19+00:00","og_image":[{"url":"http:\/\/www.visit-ulcinj.com\/blog\/wp-content\/uploads\/2012\/09\/Nazif-Cungu_Ulcinj.1.jpg"}],"twitter_misc":{"Written by":"ulqini","Est. reading time":"1 minute"},"schema":{"@context":"https:\/\/schema.org","@graph":[{"@type":"WebSite","@id":"https:\/\/www.visit-ulcinj.com\/blog\/#website","url":"https:\/\/www.visit-ulcinj.com\/blog\/","name":"Lajme nga Ulqini","description":"Lajme,Vijesti,Ulqini,Ulqin,Crna Gora,Mali i Zi","potentialAction":[{"@type":"SearchAction","target":{"@type":"EntryPoint","urlTemplate":"https:\/\/www.visit-ulcinj.com\/blog\/?s={search_term_string}"},"query-input":"required name=search_term_string"}],"inLanguage":"en-US"},{"@type":"ImageObject","inLanguage":"en-US","@id":"https:\/\/www.visit-ulcinj.com\/blog\/2012\/09\/06\/predsjednik-opstine-ulcinja-cestita-pocetak-skolske-godine-20122013\/#primaryimage","url":"https:\/\/www.visit-ulcinj.com\/blog\/wp-content\/uploads\/2012\/09\/Nazif-Cungu_Ulcinj.1.jpg","contentUrl":"https:\/\/www.visit-ulcinj.com\/blog\/wp-content\/uploads\/2012\/09\/Nazif-Cungu_Ulcinj.1.jpg","width":"450","height":"376"},{"@type":"WebPage","@id":"https:\/\/www.visit-ulcinj.com\/blog\/2012\/09\/06\/predsjednik-opstine-ulcinja-cestita-pocetak-skolske-godine-20122013\/#webpage","url":"https:\/\/www.visit-ulcinj.com\/blog\/2012\/09\/06\/predsjednik-opstine-ulcinja-cestita-pocetak-skolske-godine-20122013\/","name":"Predsjednik Op\u0161tine Ulcinja \u010destita po\u010detak \u0161kolske godine 2012\/2013. - Lajme nga Ulqini","isPartOf":{"@id":"https:\/\/www.visit-ulcinj.com\/blog\/#website"},"primaryImageOfPage":{"@id":"https:\/\/www.visit-ulcinj.com\/blog\/2012\/09\/06\/predsjednik-opstine-ulcinja-cestita-pocetak-skolske-godine-20122013\/#primaryimage"},"datePublished":"2012-09-06T17:03:19+00:00","dateModified":"2012-09-06T17:03:19+00:00","author":{"@id":"https:\/\/www.visit-ulcinj.com\/blog\/#\/schema\/person\/dcab619c614d3038751c63bc2aadc06d"},"description":"Dragi ucenici i student, postovani nastavnici, prosvjetni radnici i roditelji. Imam cast i zadovoljstvo da u moje ime i ime gradjana Ulcinja \u010destitam","breadcrumb":{"@id":"https:\/\/www.visit-ulcinj.com\/blog\/2012\/09\/06\/predsjednik-opstine-ulcinja-cestita-pocetak-skolske-godine-20122013\/#breadcrumb"},"inLanguage":"en-US","potentialAction":[{"@type":"ReadAction","target":["https:\/\/www.visit-ulcinj.com\/blog\/2012\/09\/06\/predsjednik-opstine-ulcinja-cestita-pocetak-skolske-godine-20122013\/"]}]},{"@type":"BreadcrumbList","@id":"https:\/\/www.visit-ulcinj.com\/blog\/2012\/09\/06\/predsjednik-opstine-ulcinja-cestita-pocetak-skolske-godine-20122013\/#breadcrumb","itemListElement":[{"@type":"ListItem","position":1,"name":"Predsjednik Op\u0161tine Ulcinja \u010destita po\u010detak \u0161kolske godine 2012\/2013."}]},{"@type":"Person","@id":"https:\/\/www.visit-ulcinj.com\/blog\/#\/schema\/person\/dcab619c614d3038751c63bc2aadc06d","name":"ulqini","sameAs":["http:\/\/www.visit-ulcinj.com"],"url":"https:\/\/www.visit-ulcinj.com\/blog\/author\/admin\/"}]}},"jetpack_featured_media_url":"","jetpack_sharing_enabled":true,"jetpack_shortlink":"https:\/\/wp.me\/pe6lTn-gu9","_links":{"self":[{"href":"https:\/\/www.visit-ulcinj.com\/blog\/wp-json\/wp\/v2\/posts\/63373"}],"collection":[{"href":"https:\/\/www.visit-ulcinj.com\/blog\/wp-json\/wp\/v2\/posts"}],"about":[{"href":"https:\/\/www.visit-ulcinj.com\/blog\/wp-json\/wp\/v2\/types\/post"}],"author":[{"embeddable":true,"href":"https:\/\/www.visit-ulcinj.com\/blog\/wp-json\/wp\/v2\/users\/1"}],"replies":[{"embeddable":true,"href":"https:\/\/www.visit-ulcinj.com\/blog\/wp-json\/wp\/v2\/comments?post=63373"}],"version-history":[{"count":1,"href":"https:\/\/www.visit-ulcinj.com\/blog\/wp-json\/wp\/v2\/posts\/63373\/revisions"}],"predecessor-version":[{"id":63375,"href":"https:\/\/www.visit-ulcinj.com\/blog\/wp-json\/wp\/v2\/posts\/63373\/revisions\/63375"}],"wp:attachment":[{"href":"https:\/\/www.visit-ulcinj.com\/blog\/wp-json\/wp\/v2\/media?parent=63373"}],"wp:term":[{"taxonomy":"category","embeddable":true,"href":"https:\/\/www.visit-ulcinj.com\/blog\/wp-json\/wp\/v2\/categories?post=63373"},{"taxonomy":"post_tag","embeddable":true,"href":"https:\/\/www.visit-ulcinj.com\/blog\/wp-json\/wp\/v2\/tags?post=63373"}],"curies":[{"name":"wp","href":"https:\/\/api.w.org\/{rel}","templated":true}]}}