{"id":63376,"date":"2012-09-06T18:08:49","date_gmt":"2012-09-06T17:08:49","guid":{"rendered":"http:\/\/www.visit-ulcinj.com\/blog\/?p=63376"},"modified":"2012-09-10T16:42:49","modified_gmt":"2012-09-10T15:42:49","slug":"nazif-cungu-sastao-se-delegacijom-iz-velenja","status":"publish","type":"post","link":"https:\/\/www.visit-ulcinj.com\/blog\/2012\/09\/06\/nazif-cungu-sastao-se-delegacijom-iz-velenja\/","title":{"rendered":"Nazif Cungu sastao se delegacijom iz Velenja"},"content":{"rendered":"<p><a href=\"http:\/\/www.visit-ulcinj.com\/blog\/wp-content\/uploads\/2012\/09\/Predsjednik-Cungu-sastaje-se-sa-delegacijom-iz-Velenja.jpg\"><img loading=\"lazy\" class=\"alignleft  wp-image-63377\" title=\"Predsjednik Cungu sastaje se sa delegacijom iz Velenja\" src=\"http:\/\/www.visit-ulcinj.com\/blog\/wp-content\/uploads\/2012\/09\/Predsjednik-Cungu-sastaje-se-sa-delegacijom-iz-Velenja.jpg\" alt=\"\" width=\"508\" height=\"360\" \/><\/a>Predsjednik Op\u0161tine Ulcinj, Nazif Cungu, sastao se danas sa delegacijom iz Velenja, koja je trenutno u posjeti Ulcinju. U sastavu delegacije su, podpredsjednik Op\u0161tine Velenje, dr. Franc \u017derdin i njegovi saradnici.<\/p>\n<p>Tema sastanka bila je, saradnja dveju op\u0161tina u raznim segmentima. Predsjednik Cungu upoznao je prisutne sa potencijalima Ulcinja, mugu\u0107nostima investiranja i zna\u010dajnim projektima. On je u svojoj prezentaciji naveo mogu\u0107nost saradnje sa projektantskim firmama iz Velenja u realizaciji planske dokumentacije op\u0161tine, mogu\u0107nost za investitore iz Slovenje u novu biznis zonu &#8220;Krute&#8221;, mogu\u0107nost saradnje u proizvodnji alternativne energije, saradnju u turizmu. Tako\u0111e je naveo da bi Op\u0161tina Velenje mogla doprinjeti razmjenom iskustva u projektima Ulcinja, na putu integracije Crne Gore u EU.<br \/>\nDr. \u017derdin smatra da bi ova saradnja uklju\u010dila \u0161iri diapazon \u0161to bi stvorilo mogu\u0107nost za kompanije iz obje op\u0161tine. On navodi da je Ulcinj veoma interesantno podru\u010dje i pored ostalog vidi veliki mogu\u0107nost u prirodnom potencijalu.<\/p>\n<p><strong>Op\u0161tina Ulcinj \/ Komuna e Ulqinit<\/strong><br \/>\nTel: +382 30 412 050<br \/>\nFax: +382 30 412 413<br \/>\nAdresa: Bul. Skenderbeu bb, 85360 Ulcinj, MNE<\/p>\n\n\t\t<style type=\"text\/css\">\n\t\t\t#gallery-1 {\n\t\t\t\tmargin: auto;\n\t\t\t}\n\t\t\t#gallery-1 .gallery-item {\n\t\t\t\tfloat: left;\n\t\t\t\tmargin-top: 10px;\n\t\t\t\ttext-align: center;\n\t\t\t\twidth: 33%;\n\t\t\t}\n\t\t\t#gallery-1 img {\n\t\t\t\tborder: 2px solid #cfcfcf;\n\t\t\t}\n\t\t\t#gallery-1 .gallery-caption {\n\t\t\t\tmargin-left: 0;\n\t\t\t}\n\t\t\t\/* see gallery_shortcode() in wp-includes\/media.php *\/\n\t\t<\/style>\n\t\t<div id='gallery-1' class='gallery galleryid-63376 gallery-columns-3 gallery-size-thumbnail'><dl class='gallery-item'>\n\t\t\t<dt class='gallery-icon landscape'>\n\t\t\t\t<a href='https:\/\/www.visit-ulcinj.com\/blog\/wp-content\/uploads\/2012\/09\/Predsjednik-Cungu-sastaje-se-sa-delegacijom-iz-Velenja.jpg'><img width=\"150\" height=\"150\" src=\"https:\/\/www.visit-ulcinj.com\/blog\/wp-content\/uploads\/2012\/09\/Predsjednik-Cungu-sastaje-se-sa-delegacijom-iz-Velenja-150x150.jpg\" class=\"attachment-thumbnail size-thumbnail\" alt=\"\" loading=\"lazy\" \/><\/a>\n\t\t\t<\/dt><\/dl><dl class='gallery-item'>\n\t\t\t<dt class='gallery-icon landscape'>\n\t\t\t\t<a href='https:\/\/www.visit-ulcinj.com\/blog\/wp-content\/uploads\/2012\/09\/Posjeta-delegacije-grada-Velenja-Ulcinju-i-Starom-gradu-5.09.201_1.jpg'><img width=\"150\" height=\"150\" src=\"https:\/\/www.visit-ulcinj.com\/blog\/wp-content\/uploads\/2012\/09\/Posjeta-delegacije-grada-Velenja-Ulcinju-i-Starom-gradu-5.09.201_1-150x150.jpg\" class=\"attachment-thumbnail size-thumbnail\" alt=\"\" loading=\"lazy\" \/><\/a>\n\t\t\t<\/dt><\/dl><dl class='gallery-item'>\n\t\t\t<dt class='gallery-icon landscape'>\n\t\t\t\t<a href='https:\/\/www.visit-ulcinj.com\/blog\/wp-content\/uploads\/2012\/09\/Posjeta-delegacije-grada-Velenja-Ulcinju-i-Starom-gradu-5.09.201_2.jpg'><img width=\"150\" height=\"150\" src=\"https:\/\/www.visit-ulcinj.com\/blog\/wp-content\/uploads\/2012\/09\/Posjeta-delegacije-grada-Velenja-Ulcinju-i-Starom-gradu-5.09.201_2-150x150.jpg\" class=\"attachment-thumbnail size-thumbnail\" alt=\"\" loading=\"lazy\" \/><\/a>\n\t\t\t<\/dt><\/dl><br style=\"clear: both\" \/><dl class='gallery-item'>\n\t\t\t<dt class='gallery-icon landscape'>\n\t\t\t\t<a href='https:\/\/www.visit-ulcinj.com\/blog\/wp-content\/uploads\/2012\/09\/Posjeta-delegacije-grada-Velenja-Ulcinju-i-Starom-gradu-5.09.201_3.jpg'><img width=\"150\" height=\"150\" src=\"https:\/\/www.visit-ulcinj.com\/blog\/wp-content\/uploads\/2012\/09\/Posjeta-delegacije-grada-Velenja-Ulcinju-i-Starom-gradu-5.09.201_3-150x150.jpg\" class=\"attachment-thumbnail size-thumbnail\" alt=\"\" loading=\"lazy\" \/><\/a>\n\t\t\t<\/dt><\/dl><dl class='gallery-item'>\n\t\t\t<dt class='gallery-icon landscape'>\n\t\t\t\t<a href='https:\/\/www.visit-ulcinj.com\/blog\/wp-content\/uploads\/2012\/09\/Posjeta-delegacije-grada-Velenja-Ulcinju-i-Starom-gradu-5.09.2012._1.jpg'><img width=\"150\" height=\"150\" src=\"https:\/\/www.visit-ulcinj.com\/blog\/wp-content\/uploads\/2012\/09\/Posjeta-delegacije-grada-Velenja-Ulcinju-i-Starom-gradu-5.09.2012._1-150x150.jpg\" class=\"attachment-thumbnail size-thumbnail\" alt=\"\" loading=\"lazy\" \/><\/a>\n\t\t\t<\/dt><\/dl><dl class='gallery-item'>\n\t\t\t<dt class='gallery-icon landscape'>\n\t\t\t\t<a href='https:\/\/www.visit-ulcinj.com\/blog\/wp-content\/uploads\/2012\/09\/Posjeta-delegacije-grada-Velenja-Ulcinju-i-Starom-gradu-5.09.2012.jpg'><img width=\"150\" height=\"150\" src=\"https:\/\/www.visit-ulcinj.com\/blog\/wp-content\/uploads\/2012\/09\/Posjeta-delegacije-grada-Velenja-Ulcinju-i-Starom-gradu-5.09.2012-150x150.jpg\" class=\"attachment-thumbnail size-thumbnail\" alt=\"\" loading=\"lazy\" \/><\/a>\n\t\t\t<\/dt><\/dl><br style=\"clear: both\" \/><dl class='gallery-item'>\n\t\t\t<dt class='gallery-icon landscape'>\n\t\t\t\t<a href='https:\/\/www.visit-ulcinj.com\/blog\/wp-content\/uploads\/2012\/09\/Posjeta-delegacije-grada-Velenja-Ulcinju-i-Starom-gradu-5.09.2012_4.jpg'><img width=\"150\" height=\"150\" src=\"https:\/\/www.visit-ulcinj.com\/blog\/wp-content\/uploads\/2012\/09\/Posjeta-delegacije-grada-Velenja-Ulcinju-i-Starom-gradu-5.09.2012_4-150x150.jpg\" class=\"attachment-thumbnail size-thumbnail\" alt=\"\" loading=\"lazy\" \/><\/a>\n\t\t\t<\/dt><\/dl><dl class='gallery-item'>\n\t\t\t<dt class='gallery-icon landscape'>\n\t\t\t\t<a href='https:\/\/www.visit-ulcinj.com\/blog\/wp-content\/uploads\/2012\/09\/Posjeta-delegacije-grada-Velenja-Ulcinju-i-Starom-gradu-5.09.2012_5.jpg'><img width=\"150\" height=\"150\" src=\"https:\/\/www.visit-ulcinj.com\/blog\/wp-content\/uploads\/2012\/09\/Posjeta-delegacije-grada-Velenja-Ulcinju-i-Starom-gradu-5.09.2012_5-150x150.jpg\" class=\"attachment-thumbnail size-thumbnail\" alt=\"\" loading=\"lazy\" \/><\/a>\n\t\t\t<\/dt><\/dl>\n\t\t\t<br style='clear: both' \/>\n\t\t<\/div>\n\n","protected":false},"excerpt":{"rendered":"<p>Predsjednik Op\u0161tine Ulcinj, Nazif Cungu, sastao se danas sa delegacijom iz Velenja, koja je trenutno u posjeti Ulcinju. U sastavu delegacije su, podpredsjednik Op\u0161tine Velenje, dr. Franc \u017derdin i njegovi saradnici. Tema sastanka bila je, saradnja dveju op\u0161tina u raznim segmentima. Predsjednik Cungu upoznao je prisutne sa potencijalima Ulcinja, mugu\u0107nostima investiranja i zna\u010dajnim projektima. On [&hellip;]<\/p>\n","protected":false},"author":1,"featured_media":0,"comment_status":"open","ping_status":"closed","sticky":false,"template":"","format":"standard","meta":{"spay_email":"","jetpack_publicize_message":"","jetpack_is_tweetstorm":false,"jetpack_publicize_feature_enabled":true},"categories":[8337],"tags":[20,79,3947,19,20970],"jetpack_publicize_connections":[],"yoast_head":"<!-- This site is optimized with the Yoast SEO plugin v19.1 - https:\/\/yoast.com\/wordpress\/plugins\/seo\/ -->\n<title>Nazif Cungu sastao se delegacijom iz Velenja - Lajme nga Ulqini<\/title>\n<meta name=\"description\" content=\"Predsjednik Op\u0161tine Ulcinj, Nazif Cungu, sastao se danas sa delegacijom iz Velenja, koja je trenutno u posjeti Ulcinju. U sastavu delegacije su,\" \/>\n<meta name=\"robots\" content=\"index, follow, max-snippet:-1, max-image-preview:large, max-video-preview:-1\" \/>\n<link rel=\"canonical\" href=\"https:\/\/www.visit-ulcinj.com\/blog\/2012\/09\/06\/nazif-cungu-sastao-se-delegacijom-iz-velenja\/\" \/>\n<meta property=\"og:locale\" content=\"en_US\" \/>\n<meta property=\"og:type\" content=\"article\" \/>\n<meta property=\"og:title\" content=\"Nazif Cungu sastao se delegacijom iz Velenja - Lajme nga Ulqini\" \/>\n<meta property=\"og:description\" content=\"Predsjednik Op\u0161tine Ulcinj, Nazif Cungu, sastao se danas sa delegacijom iz Velenja, koja je trenutno u posjeti Ulcinju. U sastavu delegacije su,\" \/>\n<meta property=\"og:url\" content=\"https:\/\/www.visit-ulcinj.com\/blog\/2012\/09\/06\/nazif-cungu-sastao-se-delegacijom-iz-velenja\/\" \/>\n<meta property=\"og:site_name\" content=\"Lajme nga Ulqini\" \/>\n<meta property=\"article:published_time\" content=\"2012-09-06T17:08:49+00:00\" \/>\n<meta property=\"article:modified_time\" content=\"2012-09-10T15:42:49+00:00\" \/>\n<meta property=\"og:image\" content=\"https:\/\/www.visit-ulcinj.com\/blog\/wp-content\/uploads\/2012\/09\/Predsjednik-Cungu-sastaje-se-sa-delegacijom-iz-Velenja-150x150.jpg\" \/>\n<meta name=\"twitter:label1\" content=\"Written by\" \/>\n\t<meta name=\"twitter:data1\" content=\"ulqini\" \/>\n\t<meta name=\"twitter:label2\" content=\"Est. reading time\" \/>\n\t<meta name=\"twitter:data2\" content=\"1 minute\" \/>\n<script type=\"application\/ld+json\" class=\"yoast-schema-graph\">{\"@context\":\"https:\/\/schema.org\",\"@graph\":[{\"@type\":\"WebSite\",\"@id\":\"https:\/\/www.visit-ulcinj.com\/blog\/#website\",\"url\":\"https:\/\/www.visit-ulcinj.com\/blog\/\",\"name\":\"Lajme nga Ulqini\",\"description\":\"Lajme,Vijesti,Ulqini,Ulqin,Crna Gora,Mali i Zi\",\"potentialAction\":[{\"@type\":\"SearchAction\",\"target\":{\"@type\":\"EntryPoint\",\"urlTemplate\":\"https:\/\/www.visit-ulcinj.com\/blog\/?s={search_term_string}\"},\"query-input\":\"required name=search_term_string\"}],\"inLanguage\":\"en-US\"},{\"@type\":\"ImageObject\",\"inLanguage\":\"en-US\",\"@id\":\"https:\/\/www.visit-ulcinj.com\/blog\/2012\/09\/06\/nazif-cungu-sastao-se-delegacijom-iz-velenja\/#primaryimage\",\"url\":\"https:\/\/www.visit-ulcinj.com\/blog\/wp-content\/uploads\/2012\/09\/Predsjednik-Cungu-sastaje-se-sa-delegacijom-iz-Velenja.jpg\",\"contentUrl\":\"https:\/\/www.visit-ulcinj.com\/blog\/wp-content\/uploads\/2012\/09\/Predsjednik-Cungu-sastaje-se-sa-delegacijom-iz-Velenja.jpg\",\"width\":\"1000\",\"height\":\"556\"},{\"@type\":\"WebPage\",\"@id\":\"https:\/\/www.visit-ulcinj.com\/blog\/2012\/09\/06\/nazif-cungu-sastao-se-delegacijom-iz-velenja\/#webpage\",\"url\":\"https:\/\/www.visit-ulcinj.com\/blog\/2012\/09\/06\/nazif-cungu-sastao-se-delegacijom-iz-velenja\/\",\"name\":\"Nazif Cungu sastao se delegacijom iz Velenja - Lajme nga Ulqini\",\"isPartOf\":{\"@id\":\"https:\/\/www.visit-ulcinj.com\/blog\/#website\"},\"primaryImageOfPage\":{\"@id\":\"https:\/\/www.visit-ulcinj.com\/blog\/2012\/09\/06\/nazif-cungu-sastao-se-delegacijom-iz-velenja\/#primaryimage\"},\"datePublished\":\"2012-09-06T17:08:49+00:00\",\"dateModified\":\"2012-09-10T15:42:49+00:00\",\"author\":{\"@id\":\"https:\/\/www.visit-ulcinj.com\/blog\/#\/schema\/person\/dcab619c614d3038751c63bc2aadc06d\"},\"description\":\"Predsjednik Op\u0161tine Ulcinj, Nazif Cungu, sastao se danas sa delegacijom iz Velenja, koja je trenutno u posjeti Ulcinju. U sastavu delegacije su,\",\"breadcrumb\":{\"@id\":\"https:\/\/www.visit-ulcinj.com\/blog\/2012\/09\/06\/nazif-cungu-sastao-se-delegacijom-iz-velenja\/#breadcrumb\"},\"inLanguage\":\"en-US\",\"potentialAction\":[{\"@type\":\"ReadAction\",\"target\":[\"https:\/\/www.visit-ulcinj.com\/blog\/2012\/09\/06\/nazif-cungu-sastao-se-delegacijom-iz-velenja\/\"]}]},{\"@type\":\"BreadcrumbList\",\"@id\":\"https:\/\/www.visit-ulcinj.com\/blog\/2012\/09\/06\/nazif-cungu-sastao-se-delegacijom-iz-velenja\/#breadcrumb\",\"itemListElement\":[{\"@type\":\"ListItem\",\"position\":1,\"name\":\"Nazif Cungu sastao se delegacijom iz Velenja\"}]},{\"@type\":\"Person\",\"@id\":\"https:\/\/www.visit-ulcinj.com\/blog\/#\/schema\/person\/dcab619c614d3038751c63bc2aadc06d\",\"name\":\"ulqini\",\"sameAs\":[\"http:\/\/www.visit-ulcinj.com\"],\"url\":\"https:\/\/www.visit-ulcinj.com\/blog\/author\/admin\/\"}]}<\/script>\n<!-- \/ Yoast SEO plugin. -->","yoast_head_json":{"title":"Nazif Cungu sastao se delegacijom iz Velenja - Lajme nga Ulqini","description":"Predsjednik Op\u0161tine Ulcinj, Nazif Cungu, sastao se danas sa delegacijom iz Velenja, koja je trenutno u posjeti Ulcinju. U sastavu delegacije su,","robots":{"index":"index","follow":"follow","max-snippet":"max-snippet:-1","max-image-preview":"max-image-preview:large","max-video-preview":"max-video-preview:-1"},"canonical":"https:\/\/www.visit-ulcinj.com\/blog\/2012\/09\/06\/nazif-cungu-sastao-se-delegacijom-iz-velenja\/","og_locale":"en_US","og_type":"article","og_title":"Nazif Cungu sastao se delegacijom iz Velenja - Lajme nga Ulqini","og_description":"Predsjednik Op\u0161tine Ulcinj, Nazif Cungu, sastao se danas sa delegacijom iz Velenja, koja je trenutno u posjeti Ulcinju. U sastavu delegacije su,","og_url":"https:\/\/www.visit-ulcinj.com\/blog\/2012\/09\/06\/nazif-cungu-sastao-se-delegacijom-iz-velenja\/","og_site_name":"Lajme nga Ulqini","article_published_time":"2012-09-06T17:08:49+00:00","article_modified_time":"2012-09-10T15:42:49+00:00","og_image":[{"url":"https:\/\/www.visit-ulcinj.com\/blog\/wp-content\/uploads\/2012\/09\/Predsjednik-Cungu-sastaje-se-sa-delegacijom-iz-Velenja-150x150.jpg"}],"twitter_misc":{"Written by":"ulqini","Est. reading time":"1 minute"},"schema":{"@context":"https:\/\/schema.org","@graph":[{"@type":"WebSite","@id":"https:\/\/www.visit-ulcinj.com\/blog\/#website","url":"https:\/\/www.visit-ulcinj.com\/blog\/","name":"Lajme nga Ulqini","description":"Lajme,Vijesti,Ulqini,Ulqin,Crna Gora,Mali i Zi","potentialAction":[{"@type":"SearchAction","target":{"@type":"EntryPoint","urlTemplate":"https:\/\/www.visit-ulcinj.com\/blog\/?s={search_term_string}"},"query-input":"required name=search_term_string"}],"inLanguage":"en-US"},{"@type":"ImageObject","inLanguage":"en-US","@id":"https:\/\/www.visit-ulcinj.com\/blog\/2012\/09\/06\/nazif-cungu-sastao-se-delegacijom-iz-velenja\/#primaryimage","url":"https:\/\/www.visit-ulcinj.com\/blog\/wp-content\/uploads\/2012\/09\/Predsjednik-Cungu-sastaje-se-sa-delegacijom-iz-Velenja.jpg","contentUrl":"https:\/\/www.visit-ulcinj.com\/blog\/wp-content\/uploads\/2012\/09\/Predsjednik-Cungu-sastaje-se-sa-delegacijom-iz-Velenja.jpg","width":"1000","height":"556"},{"@type":"WebPage","@id":"https:\/\/www.visit-ulcinj.com\/blog\/2012\/09\/06\/nazif-cungu-sastao-se-delegacijom-iz-velenja\/#webpage","url":"https:\/\/www.visit-ulcinj.com\/blog\/2012\/09\/06\/nazif-cungu-sastao-se-delegacijom-iz-velenja\/","name":"Nazif Cungu sastao se delegacijom iz Velenja - Lajme nga Ulqini","isPartOf":{"@id":"https:\/\/www.visit-ulcinj.com\/blog\/#website"},"primaryImageOfPage":{"@id":"https:\/\/www.visit-ulcinj.com\/blog\/2012\/09\/06\/nazif-cungu-sastao-se-delegacijom-iz-velenja\/#primaryimage"},"datePublished":"2012-09-06T17:08:49+00:00","dateModified":"2012-09-10T15:42:49+00:00","author":{"@id":"https:\/\/www.visit-ulcinj.com\/blog\/#\/schema\/person\/dcab619c614d3038751c63bc2aadc06d"},"description":"Predsjednik Op\u0161tine Ulcinj, Nazif Cungu, sastao se danas sa delegacijom iz Velenja, koja je trenutno u posjeti Ulcinju. U sastavu delegacije su,","breadcrumb":{"@id":"https:\/\/www.visit-ulcinj.com\/blog\/2012\/09\/06\/nazif-cungu-sastao-se-delegacijom-iz-velenja\/#breadcrumb"},"inLanguage":"en-US","potentialAction":[{"@type":"ReadAction","target":["https:\/\/www.visit-ulcinj.com\/blog\/2012\/09\/06\/nazif-cungu-sastao-se-delegacijom-iz-velenja\/"]}]},{"@type":"BreadcrumbList","@id":"https:\/\/www.visit-ulcinj.com\/blog\/2012\/09\/06\/nazif-cungu-sastao-se-delegacijom-iz-velenja\/#breadcrumb","itemListElement":[{"@type":"ListItem","position":1,"name":"Nazif Cungu sastao se delegacijom iz Velenja"}]},{"@type":"Person","@id":"https:\/\/www.visit-ulcinj.com\/blog\/#\/schema\/person\/dcab619c614d3038751c63bc2aadc06d","name":"ulqini","sameAs":["http:\/\/www.visit-ulcinj.com"],"url":"https:\/\/www.visit-ulcinj.com\/blog\/author\/admin\/"}]}},"jetpack_featured_media_url":"","jetpack_sharing_enabled":true,"jetpack_shortlink":"https:\/\/wp.me\/pe6lTn-guc","_links":{"self":[{"href":"https:\/\/www.visit-ulcinj.com\/blog\/wp-json\/wp\/v2\/posts\/63376"}],"collection":[{"href":"https:\/\/www.visit-ulcinj.com\/blog\/wp-json\/wp\/v2\/posts"}],"about":[{"href":"https:\/\/www.visit-ulcinj.com\/blog\/wp-json\/wp\/v2\/types\/post"}],"author":[{"embeddable":true,"href":"https:\/\/www.visit-ulcinj.com\/blog\/wp-json\/wp\/v2\/users\/1"}],"replies":[{"embeddable":true,"href":"https:\/\/www.visit-ulcinj.com\/blog\/wp-json\/wp\/v2\/comments?post=63376"}],"version-history":[{"count":4,"href":"https:\/\/www.visit-ulcinj.com\/blog\/wp-json\/wp\/v2\/posts\/63376\/revisions"}],"predecessor-version":[{"id":63525,"href":"https:\/\/www.visit-ulcinj.com\/blog\/wp-json\/wp\/v2\/posts\/63376\/revisions\/63525"}],"wp:attachment":[{"href":"https:\/\/www.visit-ulcinj.com\/blog\/wp-json\/wp\/v2\/media?parent=63376"}],"wp:term":[{"taxonomy":"category","embeddable":true,"href":"https:\/\/www.visit-ulcinj.com\/blog\/wp-json\/wp\/v2\/categories?post=63376"},{"taxonomy":"post_tag","embeddable":true,"href":"https:\/\/www.visit-ulcinj.com\/blog\/wp-json\/wp\/v2\/tags?post=63376"}],"curies":[{"name":"wp","href":"https:\/\/api.w.org\/{rel}","templated":true}]}}