{"id":63380,"date":"2012-09-06T18:15:19","date_gmt":"2012-09-06T17:15:19","guid":{"rendered":"http:\/\/www.visit-ulcinj.com\/blog\/?p=63380"},"modified":"2012-09-06T18:15:19","modified_gmt":"2012-09-06T17:15:19","slug":"kryetari-i-komunes-se-ulqinit-uron-fillimin-e-vitit-te-ri-shkollor-20122013","status":"publish","type":"post","link":"https:\/\/www.visit-ulcinj.com\/blog\/2012\/09\/06\/kryetari-i-komunes-se-ulqinit-uron-fillimin-e-vitit-te-ri-shkollor-20122013\/","title":{"rendered":"Kryetari i Komun\u00ebs s\u00eb Ulqinit uron fillimin e vitit t\u00eb ri shkollor 2012\/2013"},"content":{"rendered":"<p><a href=\"http:\/\/www.visit-ulcinj.com\/blog\/wp-content\/uploads\/2012\/09\/Nazif-Cungu_Ulcinj.jpg\"><img loading=\"lazy\" class=\"alignleft  wp-image-63381\" title=\"Nazif Cungu_Ulcinj\" src=\"http:\/\/www.visit-ulcinj.com\/blog\/wp-content\/uploads\/2012\/09\/Nazif-Cungu_Ulcinj.jpg\" alt=\"\" width=\"350\" height=\"280\" \/><\/a>T\u00eb dashur nx\u00ebn\u00ebs dhe student, t\u00eb nderuar m\u00ebsimdh\u00ebn\u00ebs, personel arsimor dhe prinder.<\/p>\n<p>Kam nderin dhe knaq\u00ebsin q\u00eb n\u00eb emrin tim personal dhe n\u00eb emer t\u00eb qytetar\u00ebve t\u00eb Ulqinit tju uroj fillimin e vitit shkollor 2012\/2013. Pas pushimeve verore, ju do t\u00eb riktheheni p\u00ebrseri n\u00eb bankat shkollore p\u00ebr t\u00eb vazhduar rrug\u00ebn e arsimimit q\u00eb \u00ebsht\u00eb e vetmja rrug\u00eb drejt ngritjes dhe emancipimit t\u00eb \u00e7do individit. M\u00ebsimdh\u00ebn\u00ebsve ju shprehi mir\u00ebnjohje t\u00eb ve\u00e7ant\u00eb p\u00ebr pun\u00ebn e tyre t\u00eb palodh\u00ebshme n\u00eb misionin e tyre fisnik p\u00ebr edukimin dhe arsimimin e brezave t\u00eb rinj.<\/p>\n<p>N\u00eb ve\u00e7anti uroj dhe i p\u00ebrg\u00ebzoj vog\u00eblush\u00ebt duke iu d\u00ebshiruar hyrje t\u00eb suksesshme n\u00eb bot\u00ebn e madhe t\u00eb dituris\u00eb, t\u00eb cil\u00ebn po e nisin sot. Uroj q\u00eb edhe ky vit shkollor t\u00eb jet\u00eb vit i mbar\u00eb dhe i sukseshem.<\/p>\n<p>Kryetari i Komun\u00ebs<\/p>\n<p>Nazif Cungu<\/p>\n<p><strong>Op\u0161tina Ulcinj \/ Komuna e Ulqinit<\/strong><br \/>\nTel: +382 30 412 050<br \/>\nFax: +382 30 412 413<br \/>\nAdresa: Bul. Skenderbeu bb, 85360 Ulcinj, MNE<\/p>\n","protected":false},"excerpt":{"rendered":"<p>T\u00eb dashur nx\u00ebn\u00ebs dhe student, t\u00eb nderuar m\u00ebsimdh\u00ebn\u00ebs, personel arsimor dhe prinder. Kam nderin dhe knaq\u00ebsin q\u00eb n\u00eb emrin tim personal dhe n\u00eb emer t\u00eb qytetar\u00ebve t\u00eb Ulqinit tju uroj fillimin e vitit shkollor 2012\/2013. Pas pushimeve verore, ju do t\u00eb riktheheni p\u00ebrseri n\u00eb bankat shkollore p\u00ebr t\u00eb vazhduar rrug\u00ebn e arsimimit q\u00eb \u00ebsht\u00eb e [&hellip;]<\/p>\n","protected":false},"author":1,"featured_media":0,"comment_status":"open","ping_status":"closed","sticky":false,"template":"","format":"standard","meta":{"spay_email":"","jetpack_publicize_message":"","jetpack_is_tweetstorm":false,"jetpack_publicize_feature_enabled":true},"categories":[11],"tags":[118,200,18],"jetpack_publicize_connections":[],"yoast_head":"<!-- This site is optimized with the Yoast SEO plugin v19.1 - https:\/\/yoast.com\/wordpress\/plugins\/seo\/ -->\n<title>Kryetari i Komun\u00ebs s\u00eb Ulqinit uron fillimin e vitit t\u00eb ri shkollor 2012\/2013 - Lajme nga Ulqini<\/title>\n<meta name=\"description\" content=\"T\u00eb dashur nx\u00ebn\u00ebs dhe student, t\u00eb nderuar m\u00ebsimdh\u00ebn\u00ebs, personel arsimor dhe prinder. Kam nderin dhe knaq\u00ebsin q\u00eb n\u00eb emrin tim personal dhe n\u00eb emer t\u00eb\" \/>\n<meta name=\"robots\" content=\"index, follow, max-snippet:-1, max-image-preview:large, max-video-preview:-1\" \/>\n<link rel=\"canonical\" href=\"https:\/\/www.visit-ulcinj.com\/blog\/2012\/09\/06\/kryetari-i-komunes-se-ulqinit-uron-fillimin-e-vitit-te-ri-shkollor-20122013\/\" \/>\n<meta property=\"og:locale\" content=\"en_US\" \/>\n<meta property=\"og:type\" content=\"article\" \/>\n<meta property=\"og:title\" content=\"Kryetari i Komun\u00ebs s\u00eb Ulqinit uron fillimin e vitit t\u00eb ri shkollor 2012\/2013 - Lajme nga Ulqini\" \/>\n<meta property=\"og:description\" content=\"T\u00eb dashur nx\u00ebn\u00ebs dhe student, t\u00eb nderuar m\u00ebsimdh\u00ebn\u00ebs, personel arsimor dhe prinder. Kam nderin dhe knaq\u00ebsin q\u00eb n\u00eb emrin tim personal dhe n\u00eb emer t\u00eb\" \/>\n<meta property=\"og:url\" content=\"https:\/\/www.visit-ulcinj.com\/blog\/2012\/09\/06\/kryetari-i-komunes-se-ulqinit-uron-fillimin-e-vitit-te-ri-shkollor-20122013\/\" \/>\n<meta property=\"og:site_name\" content=\"Lajme nga Ulqini\" \/>\n<meta property=\"article:published_time\" content=\"2012-09-06T17:15:19+00:00\" \/>\n<meta property=\"og:image\" content=\"http:\/\/www.visit-ulcinj.com\/blog\/wp-content\/uploads\/2012\/09\/Nazif-Cungu_Ulcinj.jpg\" \/>\n<meta name=\"twitter:label1\" content=\"Written by\" \/>\n\t<meta name=\"twitter:data1\" content=\"ulqini\" \/>\n\t<meta name=\"twitter:label2\" content=\"Est. reading time\" \/>\n\t<meta name=\"twitter:data2\" content=\"1 minute\" \/>\n<script type=\"application\/ld+json\" class=\"yoast-schema-graph\">{\"@context\":\"https:\/\/schema.org\",\"@graph\":[{\"@type\":\"WebSite\",\"@id\":\"https:\/\/www.visit-ulcinj.com\/blog\/#website\",\"url\":\"https:\/\/www.visit-ulcinj.com\/blog\/\",\"name\":\"Lajme nga Ulqini\",\"description\":\"Lajme,Vijesti,Ulqini,Ulqin,Crna Gora,Mali i Zi\",\"potentialAction\":[{\"@type\":\"SearchAction\",\"target\":{\"@type\":\"EntryPoint\",\"urlTemplate\":\"https:\/\/www.visit-ulcinj.com\/blog\/?s={search_term_string}\"},\"query-input\":\"required name=search_term_string\"}],\"inLanguage\":\"en-US\"},{\"@type\":\"ImageObject\",\"inLanguage\":\"en-US\",\"@id\":\"https:\/\/www.visit-ulcinj.com\/blog\/2012\/09\/06\/kryetari-i-komunes-se-ulqinit-uron-fillimin-e-vitit-te-ri-shkollor-20122013\/#primaryimage\",\"url\":\"https:\/\/www.visit-ulcinj.com\/blog\/wp-content\/uploads\/2012\/09\/Nazif-Cungu_Ulcinj.jpg\",\"contentUrl\":\"https:\/\/www.visit-ulcinj.com\/blog\/wp-content\/uploads\/2012\/09\/Nazif-Cungu_Ulcinj.jpg\",\"width\":\"440\",\"height\":\"291\"},{\"@type\":\"WebPage\",\"@id\":\"https:\/\/www.visit-ulcinj.com\/blog\/2012\/09\/06\/kryetari-i-komunes-se-ulqinit-uron-fillimin-e-vitit-te-ri-shkollor-20122013\/#webpage\",\"url\":\"https:\/\/www.visit-ulcinj.com\/blog\/2012\/09\/06\/kryetari-i-komunes-se-ulqinit-uron-fillimin-e-vitit-te-ri-shkollor-20122013\/\",\"name\":\"Kryetari i Komun\u00ebs s\u00eb Ulqinit uron fillimin e vitit t\u00eb ri shkollor 2012\/2013 - Lajme nga Ulqini\",\"isPartOf\":{\"@id\":\"https:\/\/www.visit-ulcinj.com\/blog\/#website\"},\"primaryImageOfPage\":{\"@id\":\"https:\/\/www.visit-ulcinj.com\/blog\/2012\/09\/06\/kryetari-i-komunes-se-ulqinit-uron-fillimin-e-vitit-te-ri-shkollor-20122013\/#primaryimage\"},\"datePublished\":\"2012-09-06T17:15:19+00:00\",\"dateModified\":\"2012-09-06T17:15:19+00:00\",\"author\":{\"@id\":\"https:\/\/www.visit-ulcinj.com\/blog\/#\/schema\/person\/dcab619c614d3038751c63bc2aadc06d\"},\"description\":\"T\u00eb dashur nx\u00ebn\u00ebs dhe student, t\u00eb nderuar m\u00ebsimdh\u00ebn\u00ebs, personel arsimor dhe prinder. Kam nderin dhe knaq\u00ebsin q\u00eb n\u00eb emrin tim personal dhe n\u00eb emer t\u00eb\",\"breadcrumb\":{\"@id\":\"https:\/\/www.visit-ulcinj.com\/blog\/2012\/09\/06\/kryetari-i-komunes-se-ulqinit-uron-fillimin-e-vitit-te-ri-shkollor-20122013\/#breadcrumb\"},\"inLanguage\":\"en-US\",\"potentialAction\":[{\"@type\":\"ReadAction\",\"target\":[\"https:\/\/www.visit-ulcinj.com\/blog\/2012\/09\/06\/kryetari-i-komunes-se-ulqinit-uron-fillimin-e-vitit-te-ri-shkollor-20122013\/\"]}]},{\"@type\":\"BreadcrumbList\",\"@id\":\"https:\/\/www.visit-ulcinj.com\/blog\/2012\/09\/06\/kryetari-i-komunes-se-ulqinit-uron-fillimin-e-vitit-te-ri-shkollor-20122013\/#breadcrumb\",\"itemListElement\":[{\"@type\":\"ListItem\",\"position\":1,\"name\":\"Kryetari i Komun\u00ebs s\u00eb Ulqinit uron fillimin e vitit t\u00eb ri shkollor 2012\/2013\"}]},{\"@type\":\"Person\",\"@id\":\"https:\/\/www.visit-ulcinj.com\/blog\/#\/schema\/person\/dcab619c614d3038751c63bc2aadc06d\",\"name\":\"ulqini\",\"sameAs\":[\"http:\/\/www.visit-ulcinj.com\"],\"url\":\"https:\/\/www.visit-ulcinj.com\/blog\/author\/admin\/\"}]}<\/script>\n<!-- \/ Yoast SEO plugin. -->","yoast_head_json":{"title":"Kryetari i Komun\u00ebs s\u00eb Ulqinit uron fillimin e vitit t\u00eb ri shkollor 2012\/2013 - Lajme nga Ulqini","description":"T\u00eb dashur nx\u00ebn\u00ebs dhe student, t\u00eb nderuar m\u00ebsimdh\u00ebn\u00ebs, personel arsimor dhe prinder. Kam nderin dhe knaq\u00ebsin q\u00eb n\u00eb emrin tim personal dhe n\u00eb emer t\u00eb","robots":{"index":"index","follow":"follow","max-snippet":"max-snippet:-1","max-image-preview":"max-image-preview:large","max-video-preview":"max-video-preview:-1"},"canonical":"https:\/\/www.visit-ulcinj.com\/blog\/2012\/09\/06\/kryetari-i-komunes-se-ulqinit-uron-fillimin-e-vitit-te-ri-shkollor-20122013\/","og_locale":"en_US","og_type":"article","og_title":"Kryetari i Komun\u00ebs s\u00eb Ulqinit uron fillimin e vitit t\u00eb ri shkollor 2012\/2013 - Lajme nga Ulqini","og_description":"T\u00eb dashur nx\u00ebn\u00ebs dhe student, t\u00eb nderuar m\u00ebsimdh\u00ebn\u00ebs, personel arsimor dhe prinder. Kam nderin dhe knaq\u00ebsin q\u00eb n\u00eb emrin tim personal dhe n\u00eb emer t\u00eb","og_url":"https:\/\/www.visit-ulcinj.com\/blog\/2012\/09\/06\/kryetari-i-komunes-se-ulqinit-uron-fillimin-e-vitit-te-ri-shkollor-20122013\/","og_site_name":"Lajme nga Ulqini","article_published_time":"2012-09-06T17:15:19+00:00","og_image":[{"url":"http:\/\/www.visit-ulcinj.com\/blog\/wp-content\/uploads\/2012\/09\/Nazif-Cungu_Ulcinj.jpg"}],"twitter_misc":{"Written by":"ulqini","Est. reading time":"1 minute"},"schema":{"@context":"https:\/\/schema.org","@graph":[{"@type":"WebSite","@id":"https:\/\/www.visit-ulcinj.com\/blog\/#website","url":"https:\/\/www.visit-ulcinj.com\/blog\/","name":"Lajme nga Ulqini","description":"Lajme,Vijesti,Ulqini,Ulqin,Crna Gora,Mali i Zi","potentialAction":[{"@type":"SearchAction","target":{"@type":"EntryPoint","urlTemplate":"https:\/\/www.visit-ulcinj.com\/blog\/?s={search_term_string}"},"query-input":"required name=search_term_string"}],"inLanguage":"en-US"},{"@type":"ImageObject","inLanguage":"en-US","@id":"https:\/\/www.visit-ulcinj.com\/blog\/2012\/09\/06\/kryetari-i-komunes-se-ulqinit-uron-fillimin-e-vitit-te-ri-shkollor-20122013\/#primaryimage","url":"https:\/\/www.visit-ulcinj.com\/blog\/wp-content\/uploads\/2012\/09\/Nazif-Cungu_Ulcinj.jpg","contentUrl":"https:\/\/www.visit-ulcinj.com\/blog\/wp-content\/uploads\/2012\/09\/Nazif-Cungu_Ulcinj.jpg","width":"440","height":"291"},{"@type":"WebPage","@id":"https:\/\/www.visit-ulcinj.com\/blog\/2012\/09\/06\/kryetari-i-komunes-se-ulqinit-uron-fillimin-e-vitit-te-ri-shkollor-20122013\/#webpage","url":"https:\/\/www.visit-ulcinj.com\/blog\/2012\/09\/06\/kryetari-i-komunes-se-ulqinit-uron-fillimin-e-vitit-te-ri-shkollor-20122013\/","name":"Kryetari i Komun\u00ebs s\u00eb Ulqinit uron fillimin e vitit t\u00eb ri shkollor 2012\/2013 - Lajme nga Ulqini","isPartOf":{"@id":"https:\/\/www.visit-ulcinj.com\/blog\/#website"},"primaryImageOfPage":{"@id":"https:\/\/www.visit-ulcinj.com\/blog\/2012\/09\/06\/kryetari-i-komunes-se-ulqinit-uron-fillimin-e-vitit-te-ri-shkollor-20122013\/#primaryimage"},"datePublished":"2012-09-06T17:15:19+00:00","dateModified":"2012-09-06T17:15:19+00:00","author":{"@id":"https:\/\/www.visit-ulcinj.com\/blog\/#\/schema\/person\/dcab619c614d3038751c63bc2aadc06d"},"description":"T\u00eb dashur nx\u00ebn\u00ebs dhe student, t\u00eb nderuar m\u00ebsimdh\u00ebn\u00ebs, personel arsimor dhe prinder. Kam nderin dhe knaq\u00ebsin q\u00eb n\u00eb emrin tim personal dhe n\u00eb emer t\u00eb","breadcrumb":{"@id":"https:\/\/www.visit-ulcinj.com\/blog\/2012\/09\/06\/kryetari-i-komunes-se-ulqinit-uron-fillimin-e-vitit-te-ri-shkollor-20122013\/#breadcrumb"},"inLanguage":"en-US","potentialAction":[{"@type":"ReadAction","target":["https:\/\/www.visit-ulcinj.com\/blog\/2012\/09\/06\/kryetari-i-komunes-se-ulqinit-uron-fillimin-e-vitit-te-ri-shkollor-20122013\/"]}]},{"@type":"BreadcrumbList","@id":"https:\/\/www.visit-ulcinj.com\/blog\/2012\/09\/06\/kryetari-i-komunes-se-ulqinit-uron-fillimin-e-vitit-te-ri-shkollor-20122013\/#breadcrumb","itemListElement":[{"@type":"ListItem","position":1,"name":"Kryetari i Komun\u00ebs s\u00eb Ulqinit uron fillimin e vitit t\u00eb ri shkollor 2012\/2013"}]},{"@type":"Person","@id":"https:\/\/www.visit-ulcinj.com\/blog\/#\/schema\/person\/dcab619c614d3038751c63bc2aadc06d","name":"ulqini","sameAs":["http:\/\/www.visit-ulcinj.com"],"url":"https:\/\/www.visit-ulcinj.com\/blog\/author\/admin\/"}]}},"jetpack_featured_media_url":"","jetpack_sharing_enabled":true,"jetpack_shortlink":"https:\/\/wp.me\/pe6lTn-gug","_links":{"self":[{"href":"https:\/\/www.visit-ulcinj.com\/blog\/wp-json\/wp\/v2\/posts\/63380"}],"collection":[{"href":"https:\/\/www.visit-ulcinj.com\/blog\/wp-json\/wp\/v2\/posts"}],"about":[{"href":"https:\/\/www.visit-ulcinj.com\/blog\/wp-json\/wp\/v2\/types\/post"}],"author":[{"embeddable":true,"href":"https:\/\/www.visit-ulcinj.com\/blog\/wp-json\/wp\/v2\/users\/1"}],"replies":[{"embeddable":true,"href":"https:\/\/www.visit-ulcinj.com\/blog\/wp-json\/wp\/v2\/comments?post=63380"}],"version-history":[{"count":1,"href":"https:\/\/www.visit-ulcinj.com\/blog\/wp-json\/wp\/v2\/posts\/63380\/revisions"}],"predecessor-version":[{"id":63382,"href":"https:\/\/www.visit-ulcinj.com\/blog\/wp-json\/wp\/v2\/posts\/63380\/revisions\/63382"}],"wp:attachment":[{"href":"https:\/\/www.visit-ulcinj.com\/blog\/wp-json\/wp\/v2\/media?parent=63380"}],"wp:term":[{"taxonomy":"category","embeddable":true,"href":"https:\/\/www.visit-ulcinj.com\/blog\/wp-json\/wp\/v2\/categories?post=63380"},{"taxonomy":"post_tag","embeddable":true,"href":"https:\/\/www.visit-ulcinj.com\/blog\/wp-json\/wp\/v2\/tags?post=63380"}],"curies":[{"name":"wp","href":"https:\/\/api.w.org\/{rel}","templated":true}]}}