{"id":63388,"date":"2012-09-06T19:25:14","date_gmt":"2012-09-06T18:25:14","guid":{"rendered":"http:\/\/www.visit-ulcinj.com\/blog\/?p=63388"},"modified":"2012-09-06T19:25:14","modified_gmt":"2012-09-06T18:25:14","slug":"genci-nimanbegu-albanske-partije-treba-da-nastupe-u-dvije-kolone","status":"publish","type":"post","link":"https:\/\/www.visit-ulcinj.com\/blog\/2012\/09\/06\/genci-nimanbegu-albanske-partije-treba-da-nastupe-u-dvije-kolone\/","title":{"rendered":"Genci Nimanbegu: albanske partije treba da nastupe u dvije kolone"},"content":{"rendered":"<p><a href=\"http:\/\/www.visit-ulcinj.com\/blog\/wp-content\/uploads\/2012\/09\/GENCI-NIMANBEGU_ULCINJ.jpg\"><img loading=\"lazy\" class=\"alignleft  wp-image-63389\" title=\"GENCI NIMANBEGU_ULCINJ\" src=\"http:\/\/www.visit-ulcinj.com\/blog\/wp-content\/uploads\/2012\/09\/GENCI-NIMANBEGU_ULCINJ.jpg\" alt=\"\" width=\"508\" height=\"367\" \/><\/a>Predstavnik koalicije Gra\u0111anske inicijative i Force Genci Nimanbegu smatra da albanske partije na predstoje\u0107im parlamentarnim izborima treba da nastupe u dvije kolone. Isti\u010de da bi jednu kolonu, pored GI i Force, \u010dinili i Demokratski savez, Demokratska partija i Perspektiva, dok bi u drugoj bili Demokratska unija Albanaca i ostatak partije Demokratskog prosperiteta.<br \/>\n\u2013 Treba raditi na ostvarivanju jedne liste, a koliko je to mogu\u0107e vidje\u0107emo. Ne treba imati previ\u0161e iluzija, ali smatram da je optimalno da se poku\u0161a nastupiti sa dvije liste na nivou Crne Gore \u2013 kazao je Nimanbegu.<br \/>\nNagla\u0161ava da imaju otvorenu ponudu za nastavak razgovora, prvenstveno sa Demokratskim savezom.<br \/>\n\u2013 U DUA su kazali da bi u\u0161li u koaliciju, ali da bi poslije izbora nastupali samostalno u pregovorima, dok mi mislimo da bi to trebalo zajedni\u010dki raditi. To su neke od stvari koje nam govore da se ta saradnja mo\u017ee te\u0161ko ostvariti. Ipak, nadam se da \u0107e i oni pristati da zajedni\u010dki iza\u0111emo na izbore i napravimo jedinstvenu platformu koja \u0107e se ticati interesa gra\u0111ana \u2013 naveo je Nimanbegu.<br \/>\n<a href=\"http:\/\/www.dan.co.me\/?nivo=3&amp;rubrika=Politika&amp;clanak=346475&amp;datum=2012-09-06&amp;naslov=Najbolje%20da%20idemo%20u%20dvije%20kolone\" target=\"_blank\"><strong>Bo. M.<\/strong><\/a><br \/>\n<a href=\"http:\/\/www.dan.co.me\/?nivo=3&amp;rubrika=Politika&amp;clanak=346475&amp;datum=2012-09-06&amp;naslov=Najbolje%20da%20idemo%20u%20dvije%20kolone\" target=\"_blank\"><strong> Izvor: DAN<\/strong><\/a><\/p>\n","protected":false},"excerpt":{"rendered":"<p>Predstavnik koalicije Gra\u0111anske inicijative i Force Genci Nimanbegu smatra da albanske partije na predstoje\u0107im parlamentarnim izborima treba da nastupe u dvije kolone. Isti\u010de da bi jednu kolonu, pored GI i Force, \u010dinili i Demokratski savez, Demokratska partija i Perspektiva, dok bi u drugoj bili Demokratska unija Albanaca i ostatak partije Demokratskog prosperiteta. \u2013 Treba raditi [&hellip;]<\/p>\n","protected":false},"author":1,"featured_media":0,"comment_status":"open","ping_status":"closed","sticky":false,"template":"","format":"standard","meta":{"spay_email":"","jetpack_publicize_message":"","jetpack_is_tweetstorm":false,"jetpack_publicize_feature_enabled":true},"categories":[8337],"tags":[1073,19],"jetpack_publicize_connections":[],"yoast_head":"<!-- This site is optimized with the Yoast SEO plugin v19.1 - https:\/\/yoast.com\/wordpress\/plugins\/seo\/ -->\n<title>Genci Nimanbegu: albanske partije treba da nastupe u dvije kolone - Lajme nga Ulqini<\/title>\n<meta name=\"description\" content=\"Predstavnik koalicije Gra\u0111anske inicijative i Force Genci Nimanbegu smatra da albanske partije na predstoje\u0107im parlamentarnim izborima treba da nastupe u\" \/>\n<meta name=\"robots\" content=\"index, follow, max-snippet:-1, max-image-preview:large, max-video-preview:-1\" \/>\n<link rel=\"canonical\" href=\"https:\/\/www.visit-ulcinj.com\/blog\/2012\/09\/06\/genci-nimanbegu-albanske-partije-treba-da-nastupe-u-dvije-kolone\/\" \/>\n<meta property=\"og:locale\" content=\"en_US\" \/>\n<meta property=\"og:type\" content=\"article\" \/>\n<meta property=\"og:title\" content=\"Genci Nimanbegu: albanske partije treba da nastupe u dvije kolone - Lajme nga Ulqini\" \/>\n<meta property=\"og:description\" content=\"Predstavnik koalicije Gra\u0111anske inicijative i Force Genci Nimanbegu smatra da albanske partije na predstoje\u0107im parlamentarnim izborima treba da nastupe u\" \/>\n<meta property=\"og:url\" content=\"https:\/\/www.visit-ulcinj.com\/blog\/2012\/09\/06\/genci-nimanbegu-albanske-partije-treba-da-nastupe-u-dvije-kolone\/\" \/>\n<meta property=\"og:site_name\" content=\"Lajme nga Ulqini\" \/>\n<meta property=\"article:published_time\" content=\"2012-09-06T18:25:14+00:00\" \/>\n<meta property=\"og:image\" content=\"http:\/\/www.visit-ulcinj.com\/blog\/wp-content\/uploads\/2012\/09\/GENCI-NIMANBEGU_ULCINJ.jpg\" \/>\n<meta name=\"twitter:label1\" content=\"Written by\" \/>\n\t<meta name=\"twitter:data1\" content=\"ulqini\" \/>\n\t<meta name=\"twitter:label2\" content=\"Est. reading time\" \/>\n\t<meta name=\"twitter:data2\" content=\"1 minute\" \/>\n<script type=\"application\/ld+json\" class=\"yoast-schema-graph\">{\"@context\":\"https:\/\/schema.org\",\"@graph\":[{\"@type\":\"WebSite\",\"@id\":\"https:\/\/www.visit-ulcinj.com\/blog\/#website\",\"url\":\"https:\/\/www.visit-ulcinj.com\/blog\/\",\"name\":\"Lajme nga Ulqini\",\"description\":\"Lajme,Vijesti,Ulqini,Ulqin,Crna Gora,Mali i Zi\",\"potentialAction\":[{\"@type\":\"SearchAction\",\"target\":{\"@type\":\"EntryPoint\",\"urlTemplate\":\"https:\/\/www.visit-ulcinj.com\/blog\/?s={search_term_string}\"},\"query-input\":\"required name=search_term_string\"}],\"inLanguage\":\"en-US\"},{\"@type\":\"ImageObject\",\"inLanguage\":\"en-US\",\"@id\":\"https:\/\/www.visit-ulcinj.com\/blog\/2012\/09\/06\/genci-nimanbegu-albanske-partije-treba-da-nastupe-u-dvije-kolone\/#primaryimage\",\"url\":\"https:\/\/www.visit-ulcinj.com\/blog\/wp-content\/uploads\/2012\/09\/GENCI-NIMANBEGU_ULCINJ.jpg\",\"contentUrl\":\"https:\/\/www.visit-ulcinj.com\/blog\/wp-content\/uploads\/2012\/09\/GENCI-NIMANBEGU_ULCINJ.jpg\",\"width\":\"519\",\"height\":\"467\"},{\"@type\":\"WebPage\",\"@id\":\"https:\/\/www.visit-ulcinj.com\/blog\/2012\/09\/06\/genci-nimanbegu-albanske-partije-treba-da-nastupe-u-dvije-kolone\/#webpage\",\"url\":\"https:\/\/www.visit-ulcinj.com\/blog\/2012\/09\/06\/genci-nimanbegu-albanske-partije-treba-da-nastupe-u-dvije-kolone\/\",\"name\":\"Genci Nimanbegu: albanske partije treba da nastupe u dvije kolone - Lajme nga Ulqini\",\"isPartOf\":{\"@id\":\"https:\/\/www.visit-ulcinj.com\/blog\/#website\"},\"primaryImageOfPage\":{\"@id\":\"https:\/\/www.visit-ulcinj.com\/blog\/2012\/09\/06\/genci-nimanbegu-albanske-partije-treba-da-nastupe-u-dvije-kolone\/#primaryimage\"},\"datePublished\":\"2012-09-06T18:25:14+00:00\",\"dateModified\":\"2012-09-06T18:25:14+00:00\",\"author\":{\"@id\":\"https:\/\/www.visit-ulcinj.com\/blog\/#\/schema\/person\/dcab619c614d3038751c63bc2aadc06d\"},\"description\":\"Predstavnik koalicije Gra\u0111anske inicijative i Force Genci Nimanbegu smatra da albanske partije na predstoje\u0107im parlamentarnim izborima treba da nastupe u\",\"breadcrumb\":{\"@id\":\"https:\/\/www.visit-ulcinj.com\/blog\/2012\/09\/06\/genci-nimanbegu-albanske-partije-treba-da-nastupe-u-dvije-kolone\/#breadcrumb\"},\"inLanguage\":\"en-US\",\"potentialAction\":[{\"@type\":\"ReadAction\",\"target\":[\"https:\/\/www.visit-ulcinj.com\/blog\/2012\/09\/06\/genci-nimanbegu-albanske-partije-treba-da-nastupe-u-dvije-kolone\/\"]}]},{\"@type\":\"BreadcrumbList\",\"@id\":\"https:\/\/www.visit-ulcinj.com\/blog\/2012\/09\/06\/genci-nimanbegu-albanske-partije-treba-da-nastupe-u-dvije-kolone\/#breadcrumb\",\"itemListElement\":[{\"@type\":\"ListItem\",\"position\":1,\"name\":\"Genci Nimanbegu: albanske partije treba da nastupe u dvije kolone\"}]},{\"@type\":\"Person\",\"@id\":\"https:\/\/www.visit-ulcinj.com\/blog\/#\/schema\/person\/dcab619c614d3038751c63bc2aadc06d\",\"name\":\"ulqini\",\"sameAs\":[\"http:\/\/www.visit-ulcinj.com\"],\"url\":\"https:\/\/www.visit-ulcinj.com\/blog\/author\/admin\/\"}]}<\/script>\n<!-- \/ Yoast SEO plugin. -->","yoast_head_json":{"title":"Genci Nimanbegu: albanske partije treba da nastupe u dvije kolone - Lajme nga Ulqini","description":"Predstavnik koalicije Gra\u0111anske inicijative i Force Genci Nimanbegu smatra da albanske partije na predstoje\u0107im parlamentarnim izborima treba da nastupe u","robots":{"index":"index","follow":"follow","max-snippet":"max-snippet:-1","max-image-preview":"max-image-preview:large","max-video-preview":"max-video-preview:-1"},"canonical":"https:\/\/www.visit-ulcinj.com\/blog\/2012\/09\/06\/genci-nimanbegu-albanske-partije-treba-da-nastupe-u-dvije-kolone\/","og_locale":"en_US","og_type":"article","og_title":"Genci Nimanbegu: albanske partije treba da nastupe u dvije kolone - Lajme nga Ulqini","og_description":"Predstavnik koalicije Gra\u0111anske inicijative i Force Genci Nimanbegu smatra da albanske partije na predstoje\u0107im parlamentarnim izborima treba da nastupe u","og_url":"https:\/\/www.visit-ulcinj.com\/blog\/2012\/09\/06\/genci-nimanbegu-albanske-partije-treba-da-nastupe-u-dvije-kolone\/","og_site_name":"Lajme nga Ulqini","article_published_time":"2012-09-06T18:25:14+00:00","og_image":[{"url":"http:\/\/www.visit-ulcinj.com\/blog\/wp-content\/uploads\/2012\/09\/GENCI-NIMANBEGU_ULCINJ.jpg"}],"twitter_misc":{"Written by":"ulqini","Est. reading time":"1 minute"},"schema":{"@context":"https:\/\/schema.org","@graph":[{"@type":"WebSite","@id":"https:\/\/www.visit-ulcinj.com\/blog\/#website","url":"https:\/\/www.visit-ulcinj.com\/blog\/","name":"Lajme nga Ulqini","description":"Lajme,Vijesti,Ulqini,Ulqin,Crna Gora,Mali i Zi","potentialAction":[{"@type":"SearchAction","target":{"@type":"EntryPoint","urlTemplate":"https:\/\/www.visit-ulcinj.com\/blog\/?s={search_term_string}"},"query-input":"required name=search_term_string"}],"inLanguage":"en-US"},{"@type":"ImageObject","inLanguage":"en-US","@id":"https:\/\/www.visit-ulcinj.com\/blog\/2012\/09\/06\/genci-nimanbegu-albanske-partije-treba-da-nastupe-u-dvije-kolone\/#primaryimage","url":"https:\/\/www.visit-ulcinj.com\/blog\/wp-content\/uploads\/2012\/09\/GENCI-NIMANBEGU_ULCINJ.jpg","contentUrl":"https:\/\/www.visit-ulcinj.com\/blog\/wp-content\/uploads\/2012\/09\/GENCI-NIMANBEGU_ULCINJ.jpg","width":"519","height":"467"},{"@type":"WebPage","@id":"https:\/\/www.visit-ulcinj.com\/blog\/2012\/09\/06\/genci-nimanbegu-albanske-partije-treba-da-nastupe-u-dvije-kolone\/#webpage","url":"https:\/\/www.visit-ulcinj.com\/blog\/2012\/09\/06\/genci-nimanbegu-albanske-partije-treba-da-nastupe-u-dvije-kolone\/","name":"Genci Nimanbegu: albanske partije treba da nastupe u dvije kolone - Lajme nga Ulqini","isPartOf":{"@id":"https:\/\/www.visit-ulcinj.com\/blog\/#website"},"primaryImageOfPage":{"@id":"https:\/\/www.visit-ulcinj.com\/blog\/2012\/09\/06\/genci-nimanbegu-albanske-partije-treba-da-nastupe-u-dvije-kolone\/#primaryimage"},"datePublished":"2012-09-06T18:25:14+00:00","dateModified":"2012-09-06T18:25:14+00:00","author":{"@id":"https:\/\/www.visit-ulcinj.com\/blog\/#\/schema\/person\/dcab619c614d3038751c63bc2aadc06d"},"description":"Predstavnik koalicije Gra\u0111anske inicijative i Force Genci Nimanbegu smatra da albanske partije na predstoje\u0107im parlamentarnim izborima treba da nastupe u","breadcrumb":{"@id":"https:\/\/www.visit-ulcinj.com\/blog\/2012\/09\/06\/genci-nimanbegu-albanske-partije-treba-da-nastupe-u-dvije-kolone\/#breadcrumb"},"inLanguage":"en-US","potentialAction":[{"@type":"ReadAction","target":["https:\/\/www.visit-ulcinj.com\/blog\/2012\/09\/06\/genci-nimanbegu-albanske-partije-treba-da-nastupe-u-dvije-kolone\/"]}]},{"@type":"BreadcrumbList","@id":"https:\/\/www.visit-ulcinj.com\/blog\/2012\/09\/06\/genci-nimanbegu-albanske-partije-treba-da-nastupe-u-dvije-kolone\/#breadcrumb","itemListElement":[{"@type":"ListItem","position":1,"name":"Genci Nimanbegu: albanske partije treba da nastupe u dvije kolone"}]},{"@type":"Person","@id":"https:\/\/www.visit-ulcinj.com\/blog\/#\/schema\/person\/dcab619c614d3038751c63bc2aadc06d","name":"ulqini","sameAs":["http:\/\/www.visit-ulcinj.com"],"url":"https:\/\/www.visit-ulcinj.com\/blog\/author\/admin\/"}]}},"jetpack_featured_media_url":"","jetpack_sharing_enabled":true,"jetpack_shortlink":"https:\/\/wp.me\/pe6lTn-guo","_links":{"self":[{"href":"https:\/\/www.visit-ulcinj.com\/blog\/wp-json\/wp\/v2\/posts\/63388"}],"collection":[{"href":"https:\/\/www.visit-ulcinj.com\/blog\/wp-json\/wp\/v2\/posts"}],"about":[{"href":"https:\/\/www.visit-ulcinj.com\/blog\/wp-json\/wp\/v2\/types\/post"}],"author":[{"embeddable":true,"href":"https:\/\/www.visit-ulcinj.com\/blog\/wp-json\/wp\/v2\/users\/1"}],"replies":[{"embeddable":true,"href":"https:\/\/www.visit-ulcinj.com\/blog\/wp-json\/wp\/v2\/comments?post=63388"}],"version-history":[{"count":2,"href":"https:\/\/www.visit-ulcinj.com\/blog\/wp-json\/wp\/v2\/posts\/63388\/revisions"}],"predecessor-version":[{"id":63391,"href":"https:\/\/www.visit-ulcinj.com\/blog\/wp-json\/wp\/v2\/posts\/63388\/revisions\/63391"}],"wp:attachment":[{"href":"https:\/\/www.visit-ulcinj.com\/blog\/wp-json\/wp\/v2\/media?parent=63388"}],"wp:term":[{"taxonomy":"category","embeddable":true,"href":"https:\/\/www.visit-ulcinj.com\/blog\/wp-json\/wp\/v2\/categories?post=63388"},{"taxonomy":"post_tag","embeddable":true,"href":"https:\/\/www.visit-ulcinj.com\/blog\/wp-json\/wp\/v2\/tags?post=63388"}],"curies":[{"name":"wp","href":"https:\/\/api.w.org\/{rel}","templated":true}]}}