{"id":6340,"date":"2008-11-18T13:20:26","date_gmt":"2008-11-18T18:20:26","guid":{"rendered":"http:\/\/www.visit-ulcinj.com\/blog\/?p=6340"},"modified":"2008-11-18T13:20:26","modified_gmt":"2008-11-18T18:20:26","slug":"hapet-panairi-i-11-te-i-librit-tirana-2008","status":"publish","type":"post","link":"https:\/\/www.visit-ulcinj.com\/blog\/2008\/11\/18\/hapet-panairi-i-11-te-i-librit-tirana-2008\/","title":{"rendered":"Hapet Panairi i 11-t\u00eb i Librit &#8220;Tirana 2008&#8221;"},"content":{"rendered":"<p><a href=\"http:\/\/www.visit-ulcinj.com\/blog\/wp-content\/uploads\/2008\/11\/panairi-librit-tirana-2008.jpg\"><img loading=\"lazy\" class=\"alignleft size-medium wp-image-6341\" title=\"panairi-librit-tirana-2008\" src=\"http:\/\/www.visit-ulcinj.com\/blog\/wp-content\/uploads\/2008\/11\/panairi-librit-tirana-2008-300x203.jpg\" alt=\"\" width=\"343\" height=\"232\" srcset=\"https:\/\/www.visit-ulcinj.com\/blog\/wp-content\/uploads\/2008\/11\/panairi-librit-tirana-2008-300x203.jpg 300w, https:\/\/www.visit-ulcinj.com\/blog\/wp-content\/uploads\/2008\/11\/panairi-librit-tirana-2008.jpg 762w\" sizes=\"(max-width: 343px) 100vw, 343px\" \/><\/a>Panairi do t\u00eb hapet nga Presidenti i Shqip\u00ebris\u00eb, Bamir Topi dhe i ftuari special i Panairit, Alfredo Bevilaqua, nj\u00eb nd\u00ebr shkrimtar\u00ebt m\u00eb t\u00eb njohur italian\u00eb.<br \/>\nNes\u00ebr n\u00eb Tiran\u00eb do t\u00eb hapet Panairi i 11-t\u00eb i Librit, i cili organizohet nga Shoqata e Botuesve Shqiptar\u00eb. Panairi mbahet n\u00eb ambientet e Pallatit t\u00eb Kongreseve dhe do t\u00eb zgjas\u00eb deri m\u00eb 18 n\u00ebntor.<br \/>\nPanairi do t\u00eb hapet nga Presidenti i Republik\u00ebs s\u00eb Shqip\u00ebris\u00eb, Bamir Topi, dhe i ftuari special i Panairit t\u00eb sivjetsh\u00ebm, Alfredo Bevilaqua, nj\u00eb nd\u00ebr shkrimtar\u00ebt m\u00eb t\u00eb njohur italian\u00eb.<br \/>\nPanairi i Tiran\u00ebs \u00ebsht\u00eb panairi m\u00eb i madh i librit q\u00eb organizohet n\u00eb mbar\u00eb hap\u00ebsirat shqiptare i cili ka p\u00ebr q\u00ebllim paraqitjen e t\u00eb rejave nga fusha e botimeve mbar\u00ebshqiptare dhe p\u00ebrtej, kontaktet tradicionale t\u00eb njer\u00ebzve t\u00eb librit dhe paraqitjen e vlerave t\u00eb arritura nga fusha e botimeve.<br \/>\nN\u00eb edicionin e sivjetsh\u00ebm, i cili nj\u00ebkoh\u00ebsisht \u00ebsht\u00eb edhe m\u00eb i kushtueshmi n\u00eb historin\u00eb e tij, sipas organizatorit, do t\u00eb marrin pjes\u00eb rreth 160 botues jo vet\u00ebm nga Shqip\u00ebria, Kosova, Maqedonia e Mali i Zi, por edhe nga India, Irani, Kroacia, Italia, etj.<br \/>\nNumri i titujve q\u00eb do t\u00eb ekspozohen n\u00eb Panair, sipas organizatorit, do t\u00eb jet\u00eb rreth 50 mij\u00eb, prej t\u00eb cil\u00ebve rreth 1500 jan\u00eb tituj t\u00eb rinj t\u00eb botuar n\u00eb hap\u00ebsir\u00ebn mbar\u00ebshqiptare.<br \/>\nGjat\u00eb pes\u00eb dit\u00ebve sa do t\u00eb zgjas\u00eb Panairi jan\u00eb parashikuar t\u00eb mbahen takime t\u00eb shumta promovuese.<br \/>\nEdhe n\u00eb Panairin e sivjetsh\u00ebm, sipas tradit\u00ebs, do t\u00eb jepen disa \u00e7mime, nd\u00ebr t\u00eb cil\u00ebt ai p\u00ebr shkrimtarin e vitit dhe p\u00ebrkthyesin e vitit, t\u00eb cil\u00ebt do t\u00eb p\u00ebrzgjidhen nga nj\u00eb juri e krijuar nga Shoqata e Botuesve Shqiptar\u00eb, q\u00eb jan\u00eb m\u00eb t\u00eb r\u00ebnd\u00ebsishmit. P\u00ebrve\u00e7 tyre do t\u00eb jepen edhe \u00e7mime t\u00eb tjera, si paraqitja m\u00eb e mir\u00eb n\u00eb Panair dhe libri m\u00eb i shitur, libri m\u00eb i realizuar grafikisht dhe autori m\u00eb i vler\u00ebsuar p\u00ebr f\u00ebmij\u00eb.<br \/>\n<strong>Kohapress<\/strong><\/p>\n<p>[flv]http:\/\/shqiphost.top-channel.tv\/18754796\/flv\/kronika\/berishapanairi.flv[\/flv]<\/p>\n","protected":false},"excerpt":{"rendered":"<p>Panairi do t\u00eb hapet nga Presidenti i Shqip\u00ebris\u00eb, Bamir Topi dhe i ftuari special i Panairit, Alfredo Bevilaqua, nj\u00eb nd\u00ebr shkrimtar\u00ebt m\u00eb t\u00eb njohur italian\u00eb. Nes\u00ebr n\u00eb Tiran\u00eb do t\u00eb hapet Panairi i 11-t\u00eb i Librit, i cili organizohet nga Shoqata e Botuesve Shqiptar\u00eb. Panairi mbahet n\u00eb ambientet e Pallatit t\u00eb Kongreseve dhe do t\u00eb [&hellip;]<\/p>\n","protected":false},"author":1,"featured_media":0,"comment_status":"open","ping_status":"closed","sticky":false,"template":"","format":"standard","meta":{"spay_email":"","jetpack_publicize_message":"","jetpack_is_tweetstorm":false,"jetpack_publicize_feature_enabled":true},"categories":[12],"tags":[5091],"jetpack_publicize_connections":[],"yoast_head":"<!-- This site is optimized with the Yoast SEO plugin v19.1 - https:\/\/yoast.com\/wordpress\/plugins\/seo\/ -->\n<title>Hapet Panairi i 11-t\u00eb i Librit &quot;Tirana 2008&quot; - Lajme nga Ulqini<\/title>\n<meta name=\"description\" content=\"Panairi do t\u00eb hapet nga Presidenti i Shqip\u00ebris\u00eb, Bamir Topi dhe i ftuari special i Panairit, Alfredo Bevilaqua, nj\u00eb nd\u00ebr shkrimtar\u00ebt m\u00eb t\u00eb njohur\" \/>\n<meta name=\"robots\" content=\"index, follow, max-snippet:-1, max-image-preview:large, max-video-preview:-1\" \/>\n<link rel=\"canonical\" href=\"https:\/\/www.visit-ulcinj.com\/blog\/2008\/11\/18\/hapet-panairi-i-11-te-i-librit-tirana-2008\/\" \/>\n<meta property=\"og:locale\" content=\"en_US\" \/>\n<meta property=\"og:type\" content=\"article\" \/>\n<meta property=\"og:title\" content=\"Hapet Panairi i 11-t\u00eb i Librit &quot;Tirana 2008&quot; - Lajme nga Ulqini\" \/>\n<meta property=\"og:description\" content=\"Panairi do t\u00eb hapet nga Presidenti i Shqip\u00ebris\u00eb, Bamir Topi dhe i ftuari special i Panairit, Alfredo Bevilaqua, nj\u00eb nd\u00ebr shkrimtar\u00ebt m\u00eb t\u00eb njohur\" \/>\n<meta property=\"og:url\" content=\"https:\/\/www.visit-ulcinj.com\/blog\/2008\/11\/18\/hapet-panairi-i-11-te-i-librit-tirana-2008\/\" \/>\n<meta property=\"og:site_name\" content=\"Lajme nga Ulqini\" \/>\n<meta property=\"article:published_time\" content=\"2008-11-18T18:20:26+00:00\" \/>\n<meta property=\"og:image\" content=\"http:\/\/www.visit-ulcinj.com\/blog\/wp-content\/uploads\/2008\/11\/panairi-librit-tirana-2008-300x203.jpg\" \/>\n<meta name=\"twitter:label1\" content=\"Written by\" \/>\n\t<meta name=\"twitter:data1\" content=\"ulqini\" \/>\n\t<meta name=\"twitter:label2\" content=\"Est. reading time\" \/>\n\t<meta name=\"twitter:data2\" content=\"2 minutes\" \/>\n<script type=\"application\/ld+json\" class=\"yoast-schema-graph\">{\"@context\":\"https:\/\/schema.org\",\"@graph\":[{\"@type\":\"WebSite\",\"@id\":\"https:\/\/www.visit-ulcinj.com\/blog\/#website\",\"url\":\"https:\/\/www.visit-ulcinj.com\/blog\/\",\"name\":\"Lajme nga Ulqini\",\"description\":\"Lajme,Vijesti,Ulqini,Ulqin,Crna Gora,Mali i Zi\",\"potentialAction\":[{\"@type\":\"SearchAction\",\"target\":{\"@type\":\"EntryPoint\",\"urlTemplate\":\"https:\/\/www.visit-ulcinj.com\/blog\/?s={search_term_string}\"},\"query-input\":\"required name=search_term_string\"}],\"inLanguage\":\"en-US\"},{\"@type\":\"ImageObject\",\"inLanguage\":\"en-US\",\"@id\":\"https:\/\/www.visit-ulcinj.com\/blog\/2008\/11\/18\/hapet-panairi-i-11-te-i-librit-tirana-2008\/#primaryimage\",\"url\":\"http:\/\/www.visit-ulcinj.com\/blog\/wp-content\/uploads\/2008\/11\/panairi-librit-tirana-2008-300x203.jpg\",\"contentUrl\":\"http:\/\/www.visit-ulcinj.com\/blog\/wp-content\/uploads\/2008\/11\/panairi-librit-tirana-2008-300x203.jpg\"},{\"@type\":\"WebPage\",\"@id\":\"https:\/\/www.visit-ulcinj.com\/blog\/2008\/11\/18\/hapet-panairi-i-11-te-i-librit-tirana-2008\/#webpage\",\"url\":\"https:\/\/www.visit-ulcinj.com\/blog\/2008\/11\/18\/hapet-panairi-i-11-te-i-librit-tirana-2008\/\",\"name\":\"Hapet Panairi i 11-t\u00eb i Librit \\\"Tirana 2008\\\" - Lajme nga Ulqini\",\"isPartOf\":{\"@id\":\"https:\/\/www.visit-ulcinj.com\/blog\/#website\"},\"primaryImageOfPage\":{\"@id\":\"https:\/\/www.visit-ulcinj.com\/blog\/2008\/11\/18\/hapet-panairi-i-11-te-i-librit-tirana-2008\/#primaryimage\"},\"datePublished\":\"2008-11-18T18:20:26+00:00\",\"dateModified\":\"2008-11-18T18:20:26+00:00\",\"author\":{\"@id\":\"https:\/\/www.visit-ulcinj.com\/blog\/#\/schema\/person\/dcab619c614d3038751c63bc2aadc06d\"},\"description\":\"Panairi do t\u00eb hapet nga Presidenti i Shqip\u00ebris\u00eb, Bamir Topi dhe i ftuari special i Panairit, Alfredo Bevilaqua, nj\u00eb nd\u00ebr shkrimtar\u00ebt m\u00eb t\u00eb njohur\",\"breadcrumb\":{\"@id\":\"https:\/\/www.visit-ulcinj.com\/blog\/2008\/11\/18\/hapet-panairi-i-11-te-i-librit-tirana-2008\/#breadcrumb\"},\"inLanguage\":\"en-US\",\"potentialAction\":[{\"@type\":\"ReadAction\",\"target\":[\"https:\/\/www.visit-ulcinj.com\/blog\/2008\/11\/18\/hapet-panairi-i-11-te-i-librit-tirana-2008\/\"]}]},{\"@type\":\"BreadcrumbList\",\"@id\":\"https:\/\/www.visit-ulcinj.com\/blog\/2008\/11\/18\/hapet-panairi-i-11-te-i-librit-tirana-2008\/#breadcrumb\",\"itemListElement\":[{\"@type\":\"ListItem\",\"position\":1,\"name\":\"Hapet Panairi i 11-t\u00eb i Librit &#8220;Tirana 2008&#8221;\"}]},{\"@type\":\"Person\",\"@id\":\"https:\/\/www.visit-ulcinj.com\/blog\/#\/schema\/person\/dcab619c614d3038751c63bc2aadc06d\",\"name\":\"ulqini\",\"sameAs\":[\"http:\/\/www.visit-ulcinj.com\"],\"url\":\"https:\/\/www.visit-ulcinj.com\/blog\/author\/admin\/\"}]}<\/script>\n<!-- \/ Yoast SEO plugin. -->","yoast_head_json":{"title":"Hapet Panairi i 11-t\u00eb i Librit \"Tirana 2008\" - Lajme nga Ulqini","description":"Panairi do t\u00eb hapet nga Presidenti i Shqip\u00ebris\u00eb, Bamir Topi dhe i ftuari special i Panairit, Alfredo Bevilaqua, nj\u00eb nd\u00ebr shkrimtar\u00ebt m\u00eb t\u00eb njohur","robots":{"index":"index","follow":"follow","max-snippet":"max-snippet:-1","max-image-preview":"max-image-preview:large","max-video-preview":"max-video-preview:-1"},"canonical":"https:\/\/www.visit-ulcinj.com\/blog\/2008\/11\/18\/hapet-panairi-i-11-te-i-librit-tirana-2008\/","og_locale":"en_US","og_type":"article","og_title":"Hapet Panairi i 11-t\u00eb i Librit \"Tirana 2008\" - Lajme nga Ulqini","og_description":"Panairi do t\u00eb hapet nga Presidenti i Shqip\u00ebris\u00eb, Bamir Topi dhe i ftuari special i Panairit, Alfredo Bevilaqua, nj\u00eb nd\u00ebr shkrimtar\u00ebt m\u00eb t\u00eb njohur","og_url":"https:\/\/www.visit-ulcinj.com\/blog\/2008\/11\/18\/hapet-panairi-i-11-te-i-librit-tirana-2008\/","og_site_name":"Lajme nga Ulqini","article_published_time":"2008-11-18T18:20:26+00:00","og_image":[{"url":"http:\/\/www.visit-ulcinj.com\/blog\/wp-content\/uploads\/2008\/11\/panairi-librit-tirana-2008-300x203.jpg"}],"twitter_misc":{"Written by":"ulqini","Est. reading time":"2 minutes"},"schema":{"@context":"https:\/\/schema.org","@graph":[{"@type":"WebSite","@id":"https:\/\/www.visit-ulcinj.com\/blog\/#website","url":"https:\/\/www.visit-ulcinj.com\/blog\/","name":"Lajme nga Ulqini","description":"Lajme,Vijesti,Ulqini,Ulqin,Crna Gora,Mali i Zi","potentialAction":[{"@type":"SearchAction","target":{"@type":"EntryPoint","urlTemplate":"https:\/\/www.visit-ulcinj.com\/blog\/?s={search_term_string}"},"query-input":"required name=search_term_string"}],"inLanguage":"en-US"},{"@type":"ImageObject","inLanguage":"en-US","@id":"https:\/\/www.visit-ulcinj.com\/blog\/2008\/11\/18\/hapet-panairi-i-11-te-i-librit-tirana-2008\/#primaryimage","url":"http:\/\/www.visit-ulcinj.com\/blog\/wp-content\/uploads\/2008\/11\/panairi-librit-tirana-2008-300x203.jpg","contentUrl":"http:\/\/www.visit-ulcinj.com\/blog\/wp-content\/uploads\/2008\/11\/panairi-librit-tirana-2008-300x203.jpg"},{"@type":"WebPage","@id":"https:\/\/www.visit-ulcinj.com\/blog\/2008\/11\/18\/hapet-panairi-i-11-te-i-librit-tirana-2008\/#webpage","url":"https:\/\/www.visit-ulcinj.com\/blog\/2008\/11\/18\/hapet-panairi-i-11-te-i-librit-tirana-2008\/","name":"Hapet Panairi i 11-t\u00eb i Librit \"Tirana 2008\" - Lajme nga Ulqini","isPartOf":{"@id":"https:\/\/www.visit-ulcinj.com\/blog\/#website"},"primaryImageOfPage":{"@id":"https:\/\/www.visit-ulcinj.com\/blog\/2008\/11\/18\/hapet-panairi-i-11-te-i-librit-tirana-2008\/#primaryimage"},"datePublished":"2008-11-18T18:20:26+00:00","dateModified":"2008-11-18T18:20:26+00:00","author":{"@id":"https:\/\/www.visit-ulcinj.com\/blog\/#\/schema\/person\/dcab619c614d3038751c63bc2aadc06d"},"description":"Panairi do t\u00eb hapet nga Presidenti i Shqip\u00ebris\u00eb, Bamir Topi dhe i ftuari special i Panairit, Alfredo Bevilaqua, nj\u00eb nd\u00ebr shkrimtar\u00ebt m\u00eb t\u00eb njohur","breadcrumb":{"@id":"https:\/\/www.visit-ulcinj.com\/blog\/2008\/11\/18\/hapet-panairi-i-11-te-i-librit-tirana-2008\/#breadcrumb"},"inLanguage":"en-US","potentialAction":[{"@type":"ReadAction","target":["https:\/\/www.visit-ulcinj.com\/blog\/2008\/11\/18\/hapet-panairi-i-11-te-i-librit-tirana-2008\/"]}]},{"@type":"BreadcrumbList","@id":"https:\/\/www.visit-ulcinj.com\/blog\/2008\/11\/18\/hapet-panairi-i-11-te-i-librit-tirana-2008\/#breadcrumb","itemListElement":[{"@type":"ListItem","position":1,"name":"Hapet Panairi i 11-t\u00eb i Librit &#8220;Tirana 2008&#8221;"}]},{"@type":"Person","@id":"https:\/\/www.visit-ulcinj.com\/blog\/#\/schema\/person\/dcab619c614d3038751c63bc2aadc06d","name":"ulqini","sameAs":["http:\/\/www.visit-ulcinj.com"],"url":"https:\/\/www.visit-ulcinj.com\/blog\/author\/admin\/"}]}},"jetpack_featured_media_url":"","jetpack_sharing_enabled":true,"jetpack_shortlink":"https:\/\/wp.me\/pe6lTn-1Eg","_links":{"self":[{"href":"https:\/\/www.visit-ulcinj.com\/blog\/wp-json\/wp\/v2\/posts\/6340"}],"collection":[{"href":"https:\/\/www.visit-ulcinj.com\/blog\/wp-json\/wp\/v2\/posts"}],"about":[{"href":"https:\/\/www.visit-ulcinj.com\/blog\/wp-json\/wp\/v2\/types\/post"}],"author":[{"embeddable":true,"href":"https:\/\/www.visit-ulcinj.com\/blog\/wp-json\/wp\/v2\/users\/1"}],"replies":[{"embeddable":true,"href":"https:\/\/www.visit-ulcinj.com\/blog\/wp-json\/wp\/v2\/comments?post=6340"}],"version-history":[{"count":0,"href":"https:\/\/www.visit-ulcinj.com\/blog\/wp-json\/wp\/v2\/posts\/6340\/revisions"}],"wp:attachment":[{"href":"https:\/\/www.visit-ulcinj.com\/blog\/wp-json\/wp\/v2\/media?parent=6340"}],"wp:term":[{"taxonomy":"category","embeddable":true,"href":"https:\/\/www.visit-ulcinj.com\/blog\/wp-json\/wp\/v2\/categories?post=6340"},{"taxonomy":"post_tag","embeddable":true,"href":"https:\/\/www.visit-ulcinj.com\/blog\/wp-json\/wp\/v2\/tags?post=6340"}],"curies":[{"name":"wp","href":"https:\/\/api.w.org\/{rel}","templated":true}]}}