{"id":63400,"date":"2012-09-07T09:17:46","date_gmt":"2012-09-07T08:17:46","guid":{"rendered":"http:\/\/www.visit-ulcinj.com\/blog\/?p=63400"},"modified":"2012-09-07T09:17:46","modified_gmt":"2012-09-07T08:17:46","slug":"bardhi-perserit-kerkesen-per-hapjen-e-pikes-kufitare-hutajskje-zogaj","status":"publish","type":"post","link":"https:\/\/www.visit-ulcinj.com\/blog\/2012\/09\/07\/bardhi-perserit-kerkesen-per-hapjen-e-pikes-kufitare-hutajskje-zogaj\/","title":{"rendered":"Bardhi p\u00ebrs\u00ebrit k\u00ebrkes\u00ebn p\u00ebr hapjen e pik\u00ebs kufitare Hutaj\/Skje &#8211; Zogaj"},"content":{"rendered":"<p align=\"center\"><strong><a href=\"http:\/\/www.visit-ulcinj.com\/blog\/wp-content\/uploads\/2012\/09\/Fshati-Zogaj_Shkoder.jpg\"><img loading=\"lazy\" class=\"alignleft  wp-image-63401\" title=\"Fshati Zogaj_Shkoder\" src=\"http:\/\/www.visit-ulcinj.com\/blog\/wp-content\/uploads\/2012\/09\/Fshati-Zogaj_Shkoder.jpg\" alt=\"\" width=\"508\" height=\"360\" \/><\/a>BARDHI P\u00cbRS\u00cbRIT K\u00cbRKES\u00cbN KRYEMINISTRIT LLUKSHIQ P\u00cbR HAPJEN E PIK\u00cbS\u00a0 KUFITARE <span style=\"text-decoration: underline;\">HUTAJ\/SKJE \u2013 ZOGAJ<\/span><\/strong><\/p>\n<p><strong>\u00a0<\/strong><\/p>\n<p><strong>Mehmet Bardhi, kryetar i LD n\u00eb MZ dhe deputet n\u00eb Kuvendin e Malit t\u00eb Zi, k\u00ebto dit\u00eb p\u00ebrs\u00ebri u d\u00ebrgoi k\u00ebrkes\u00eb kryeministrit t\u00eb Malit t\u00eb Zi, z. I. Llukshiq dhe Ministrit t\u00eb Pun\u00ebve t\u00eb Brendshme z. I. Brajoviq, \u00a0p\u00ebr hapjen e pikes kufitare\u00a0 p\u00ebr komunikacion rrugor tok\u00ebsor dhe ujor, n\u00eb breg t\u00eb Liqenit t\u00eb Shkodr\u00ebs, n\u00eb katundin HUTAJ\/SKJE \u2013 ZOGAJ, komuna\u00a0 e Tivarit gjegj\u00ebsisht \u00a0Qarku i Shkodr\u00ebs. N\u00eb k\u00ebt\u00eb k\u00ebrkes\u00eb thuhet:<\/strong><\/p>\n<p><strong>\u00a0<\/strong><\/p>\n<p>QEVERIS\u00cb S\u00cb MALIT T\u00cb ZI<\/p>\n<p>Kryetarit t\u00eb Qeveris\u00eb, z. Igor Llukshiq<\/p>\n<p>&nbsp;<\/p>\n<p><strong><span style=\"text-decoration: underline;\">Podgoric\u00eb<\/span><\/strong><\/p>\n<p>&nbsp;<\/p>\n<p><strong>L\u00ebnda: K\u00ebrkes\u00eb p\u00ebr hapjen e pik\u00ebs kufitare p\u00ebr komunikacion rrugor tok<\/strong><strong>\u00ebsor <\/strong><strong>\u00a0dhe ujor, n\u00eb \u00a0\u00a0<\/strong><\/p>\n<p><strong>\u00a0\u00a0\u00a0\u00a0\u00a0\u00a0\u00a0\u00a0\u00a0\u00a0\u00a0\u00a0 breg t\u00eb liqenit t\u00eb Shkodr\u00ebs, n\u00eb katundin HUTAJ\/SKJE \u2013 ZOGAJ, komuna\u00a0 e Tivarit,\u00a0 <\/strong><\/p>\n<p><strong>\u00a0\u00a0\u00a0\u00a0\u00a0\u00a0\u00a0\u00a0\u00a0\u00a0\u00a0\u00a0 <\/strong><strong>gjegj\u00ebsisht\u00a0 Qarku i\u00a0 Shkodr\u00ebs.<\/strong><\/p>\n<p><strong>\u00a0<\/strong><\/p>\n<p>I nderuari kryetar i Qeveris\u00eb z. Llukshiq,<\/p>\n<p>Mbyllja e kufirit me Shqip\u00ebrin\u00eb, menj\u00ebher\u00eb pas Luft\u00ebs s\u00eb Dyt\u00eb Bot\u00ebrore,\u00a0 p\u00ebr shkak t\u00eb keq\u00ebsimit t\u00eb marr\u00ebdh\u00ebnieve politike nd\u00ebrshtet\u00ebrore, shkaktoi v\u00ebshtir\u00ebsi t\u00eb shumta, jo vet\u00ebm p\u00ebr popullat\u00ebn shqiptare n\u00eb ish Jugosllavi, konkretisht edhe n\u00eb Malin e Zi, por edhe p\u00ebr shqiptar\u00ebt n\u00eb p\u00ebrgjith\u00ebsi, n\u00eb shum\u00eb sfera: n\u00eb marr\u00ebdh\u00ebniet familjare, ku pothuajse u k\u00ebput\u00ebn t\u00eb gjitha \u00a0lidhjet midis familjeve e farefisit, t\u00eb cilat tash i kishin ndar\u00eb me dhun\u00eb administrativo-shtet\u00ebrore, disa n\u00eb Shqip\u00ebri\u00a0 e disa n\u00eb Mal t\u00eb Zi, sipas vendbanimeve e ndodhjes momentale; n\u00eb tregti, u vun\u00eb barriera t\u00eb pakap\u00ebrcyeshme, e mbyll\u00ebn kufirin, k\u00ebshtu q\u00eb u b\u00eb e pamundshme t\u00eb shkohet n\u00eb Shkod\u00ebr, at\u00ebher\u00eb ( por edhe sot) qendr\u00ebn m\u00eb t\u00eb madhe tregtare\u00a0 n\u00eb rajon, por edhe qend\u00ebr kulturore e arsimore, ku kishin mund\u00ebsi t\u00eb shkollohen t\u00eb rinjt\u00eb ( por edhe p\u00ebr t\u00eb rriturit, t\u00eb cil\u00ebt, pas Luft\u00ebs kishin d\u00ebshir\u00eb p\u00ebr ndonj\u00eb arsimim), posa\u00e7\u00ebrisht n\u00eb shkollat e mesme e pastaj edhe n\u00eb fakultete; transporti n\u00eb liqenin e Shkodr\u00ebs dhe n\u00ebp\u00ebr Bun\u00eb, e t\u00eb mos flasim p\u00ebr transportin rrugor tok\u00ebsor (k\u00ebmb\u00ebsor-karvan). P\u00ebr t\u00eb gjitha k\u00ebto q\u00eb ceka, por edhe p\u00ebr arsye t\u00eb tjera, t\u00eb cilat p\u00ebr shkak t\u00eb natyr\u00ebs s\u00eb shkres\u00ebs nuk i p\u00ebrmenda, hapja e pikave t\u00eb reja kufitare me Shqip\u00ebrin\u00eb (q\u00eb fillimisht ka n\u00ebnkuptuar heqjen e regjimit t\u00eb vizave &#8230;), p\u00ebrve\u00e7 atij t\u00eb vetmit n\u00eb Han t\u00eb Hotit, n\u00eb t\u00eb cilin po ashtu \u201cdilnin\u201d shum\u00eb v\u00ebshtir\u00ebsi dhe krijimin e kushteve normale p\u00ebr komunikim ekonomik, kulturor, arsimor, turistik etj, kemi vler\u00ebsuar si prioritet p\u00ebrmir\u00ebsimin e marr\u00ebdh\u00ebnieve nd\u00ebrshtet\u00ebrore si\u00a0 kontribut efikas edhe p\u00ebr vendosjen e paqes afatgjat\u00eb n\u00eb regjion.<\/p>\n<p>N\u00eb k\u00ebt\u00eb aspekt, duke marr\u00eb parasysh edhe nevojat, posa\u00e7\u00ebrisht t\u00eb popullat\u00ebs kufitare n\u00eb t\u00eb dyja an\u00ebt, Lidhja Demokratike n\u00eb Mal t\u00eb Zi, n\u00eb aktin e vet themelues, nga viti 1990, ka ven\u00eb si prioritet k\u00ebrkes\u00ebn dhe angazhimin p\u00ebr hapjen e pikave t\u00eb reja kufitare dhe liberalizimin e komunikimit me<\/p>\n<p align=\"center\">2<\/p>\n<p>Shqip\u00ebrin\u00eb. K\u00ebshtu, n\u00eb em\u00ebr t\u00eb LD n\u00eb MZ, si p\u00ebrfaq\u00ebsueses, at\u00ebher\u00eb i t\u00eb vetmit p\u00ebrfaq\u00ebsues \u00a0politik legal dhe legjitim t\u00eb shqiptar\u00ebve n\u00eb Malin e Zi, menj\u00ebher\u00eb pas formimit, i kam d\u00ebrguar Qeveris\u00eb s\u00eb Malit t\u00eb Zi k\u00ebrkes\u00eb (kam qen\u00eb n\u00eb bisedime e takime dhe kam marr\u00eb pjes\u00eb n\u00eb biseda bilaterale edhe si kryetar i komun\u00ebs s\u00eb Ulqinit) p\u00ebr hapjen e pikave t\u00eb reja kufitare me Shqip\u00ebrin\u00eb, dhe at\u00eb: <strong>Sukubin\u00eb \u2013 Muriqan (Komuna e Ulqinit<\/strong>) i cili tashm\u00eb \u00a0\u00ebsht\u00eb realizuar, p\u00ebr qarkullimin e njer\u00ebzve dhe presim hapjen p\u00ebr qarkullim ekonomik dhe tregtar, n\u00eb <strong>V\u00ebrmosh <\/strong>(<strong>Komuna e Plav\u00ebs<\/strong>) gjithashtu \u00ebsht\u00eb realizuar p\u00ebr qarkullim t\u00eb njer\u00ebzve; n\u00eb <strong>Mal\u00ebsi (Komuna e<\/strong> <strong>Tuzit \u2013 Podgoric\u00eb<\/strong>) e cila shpresojm\u00eb q\u00eb do t\u00eb realizohet krahas me realizimin e rrug\u00ebs s\u00eb re Plav\u00eb \u2013 Podgoric\u00eb, ku nj\u00eb pjes\u00eb kalon edhe n\u00ebp\u00ebr Shqip\u00ebri dhe kjo <strong>n\u00eb SKJE \u2013 ZOGAJ, komuna e Tivarit gjegj\u00ebsisht Qarku i Shkodr\u00ebs (Republika e Shqip\u00ebris\u00eb), me \u00e7ka Ju drejtohem (p\u00ebrs\u00ebri) m\u00eb k\u00ebt\u00eb k\u00ebrkes\u00eb.<\/strong><\/p>\n<p><strong>\u00a0<\/strong><\/p>\n<p><strong>Prandaj, z. Kryeminist\u00ebr, Ju drejtohem m\u00eb k\u00ebt\u00eb k\u00ebrkes\u00eb (t\u00eb p\u00ebrs\u00ebritur disa her\u00eb) p\u00ebr hapjen e pik\u00ebs kufitare nd\u00ebrshtet\u00ebrore n\u00eb breg t\u00eb Liqenit t\u00eb Shkodr\u00ebs, n\u00eb katundin HUTAJ\/SKJE \u2013 ZOGAJ, komuna e Tivarit gjegj\u00ebsisht Qarku i Shkodr\u00ebs (Republika e Shqip\u00ebris\u00eb) p\u00ebr komunikacion ujor dhe rrugor tok\u00ebsor<\/strong>.<\/p>\n<p>Hapja e pik\u00ebs kufitare <strong>HUTAJ\/SKJE \u2013 ZOGAJ, <\/strong>q\u00eb \u00ebsht\u00eb k\u00ebrkes\u00eb\u00a0 e nevoj\u00eb ekzistencionale e banor\u00ebve t\u00eb Kraj\u00ebs, do t\u00eb kontribuoj\u00eb n\u00eb zhvillimin m\u00eb t\u00eb shpejt\u00eb t\u00eb rajonit n\u00eb t\u00eb gjitha sferat, si n\u00eb\u00a0 zhvillimin e turizmit, q\u00eb i p\u00ebrmbush t\u00eb gjitha parakushtet etj.<\/p>\n<p>&nbsp;<\/p>\n<p>N\u00eb rastin konkret, t\u00eb sqarojm\u00eb se prej rrug\u00ebs regjionale Virpazar \u2013 Ostros \u2013 Kat\u00ebrkoll\u00eb, prej Ostrosit deri ne <strong>SKJE<\/strong>, ekziston rruga lokale e asfaltuar deri n\u00eb bregun e liqenit, ku gjendet mola &#8211; limani i nd\u00ebrtuar me harkun mbrojt\u00ebs n\u00eb gjendje relativisht t\u00eb mir\u00eb. N\u00eb an\u00ebn tjet\u00ebr, n\u00eb Shqip\u00ebri, ekziston rruga e asfaltuar prej Shkodr\u00ebs deri n\u00eb Zogaj t\u00eb cil\u00ebn, sipas informacioneve q\u00eb kam po e\u00a0 zgj\u00ebrojn\u00eb. Mbetet q\u00eb aty, n\u00eb pjes\u00ebn (nd\u00ebr)kufitare t\u00eb nd\u00ebrtohet rruga, diku n\u00eb gjat\u00ebsi prej 2 km dhe t\u00eb b\u00ebhet lidhja. Sa jemi t\u00eb njoftuar ne, aty nuk ka probleme pron\u00ebsore juridike.<\/p>\n<p>Z kryetar i Qeveris\u00eb, mund t\u1fbdju informoj, se p\u00ebr hapjen e k\u00ebsaj pike t\u00eb kalimit kufitar kam biseduar disa her\u00eb edhe me kryetarin e Qeveris\u00eb s\u00eb Shqip\u00ebris\u00eb, dr. Sali Berish\u00ebn. Her\u00ebn e fundit kam biseduar n\u00eb maj t\u00eb k\u00ebtij viti, ku m\u00eb pat th\u00ebn\u00eb se ne lidhje m\u00eb k\u00ebt\u00eb, ka nd\u00ebrmarr\u00eb t\u00eb gjitha masat ,, ka dh\u00ebn\u00eb urdh\u00ebr t\u00eb gjith\u00eb ministrave p\u00ebrkat\u00ebs q\u00eb rruga prej Shkodre t\u00eb zgjerohet dhe t\u00eb nd\u00ebrtohet traseja\u00a0 deri n\u00eb kufi, si dhe t\u00eb nd\u00ebrmerren masa t\u00eb tjera t\u00eb nevojshme&#8230;\u201d<\/p>\n<p>Zot\u00ebri kryetar, e di q\u00eb n\u00eb bisedat e paradokohshme me Ju, keni shprehur gatishm\u00ebrin\u00eb p\u00ebr hapjen e k\u00ebsaj pike kufitare si dhe n\u00eb lidhje me rrug\u00ebn Plav\u00eb \u2013 Podgoric\u00eb, q\u00eb, sikur na ka th\u00ebn\u00eb edhe\u00a0 dr. Berisha, ja keni konfirmuar edhe atij me rastin e nj\u00eb takimi koh\u00eb m\u00eb par\u00eb. Prandaj z. Kryetar, jam i lir\u00eb t\u2019Ju propozoj, q\u00eb brenda mund\u00ebsive, meqen\u00ebse ekziston konfirmimi i t\u00eb dy pal\u00ebve, t\u00eb vendosni sa m\u00eb par\u00eb, t\u00eb propozoni q\u00eb Qeveria, n\u00eb mbledhjen e par\u00eb t\u00eb saj, t\u00eb bijer\u00eb Vendimi, madje para zgjedhjeve t\u00eb parakohshme parlamentare,\u00a0 p\u00ebr hapjen e pik\u00ebs kufitare p\u00ebr komunikacion ujor, n\u00eb liqenin e Shkodr\u00ebs, dhe at\u00eb rrugor tok\u00ebsor n\u00eb <strong>HUTAJ\/SKJE \u2013 ZOGAJ<\/strong>, komuna e Tivarit, gjegj\u00ebsisht Qarku i Shkodr\u00ebs. Pra, t\u00eb bini Vendimin, i cili do t\u00eb mund\u00ebsonte fillimin e p\u00ebrgatitjeve hartimin e dokumentacionit t\u00eb nevojsh\u00ebm dhe fillimin bisedimeve oficiale me pal\u00ebn e Shqip\u00ebris\u00eb.<\/p>\n<p>&nbsp;<\/p>\n<p>I nderuari z. Minist\u00ebr, jam i gatsh\u00ebm q\u00eb me k\u00ebrkes\u00ebn Tuaj t\u00eb vij dhe t\u00eb jap arsyetim m\u00eb t\u00eb gjer\u00eb dhe informata t\u00eb tjera eventuale t\u00eb nevojshme.<\/p>\n<p>&nbsp;<\/p>\n<p>M\u00eb respekt.<\/p>\n<p>&nbsp;<\/p>\n<p>Mehmet BARDHI<\/p>\n<p><strong>\u00a0<\/strong><\/p>\n<p>V\u00ebrejtje: &#8211;\u00a0 Nj\u00ebkoh\u00ebsisht nj\u00eb kopje t\u00eb k\u00ebsaj k\u00ebrkese ja \u00ebsht\u00eb d\u00ebrguar edhe Ministrit t\u00eb Pun\u00ebve t\u00eb<\/p>\n<p>Brendshme, z. Ivan Brajoviq<\/p>\n<p>&#8211;\u00a0 Poashtu, megjith\u00ebse jemi marr\u00eb vesh e dakordua dhe se na ka dh\u00ebn\u00eb fjal\u00ebn e bes\u00ebs, nj\u00eb<\/p>\n<p>k\u00ebrkes\u00eb e ngjajshme, p\u00ebr arsye oficialiteti, ja \u00ebsht\u00eb d\u00ebrgua edhe kryeministrit t\u00eb<\/p>\n<p>Shqip\u00ebris\u00eb dr. Sali Berish\u00ebs<\/p>\n<!--YouTube Error: bad URL entered-->\n<p>&nbsp;<\/p>\n","protected":false},"excerpt":{"rendered":"<p>BARDHI P\u00cbRS\u00cbRIT K\u00cbRKES\u00cbN KRYEMINISTRIT LLUKSHIQ P\u00cbR HAPJEN E PIK\u00cbS\u00a0 KUFITARE HUTAJ\/SKJE \u2013 ZOGAJ \u00a0 Mehmet Bardhi, kryetar i LD n\u00eb MZ dhe deputet n\u00eb Kuvendin e Malit t\u00eb Zi, k\u00ebto dit\u00eb p\u00ebrs\u00ebri u d\u00ebrgoi k\u00ebrkes\u00eb kryeministrit t\u00eb Malit t\u00eb Zi, z. I. Llukshiq dhe Ministrit t\u00eb Pun\u00ebve t\u00eb Brendshme z. I. Brajoviq, \u00a0p\u00ebr hapjen e [&hellip;]<\/p>\n","protected":false},"author":1,"featured_media":0,"comment_status":"open","ping_status":"closed","sticky":false,"template":"","format":"standard","meta":{"spay_email":"","jetpack_publicize_message":"","jetpack_is_tweetstorm":false,"jetpack_publicize_feature_enabled":true},"categories":[14249],"tags":[2158,200,20971],"jetpack_publicize_connections":[],"yoast_head":"<!-- This site is optimized with the Yoast SEO plugin v19.1 - https:\/\/yoast.com\/wordpress\/plugins\/seo\/ -->\n<title>Bardhi p\u00ebrs\u00ebrit k\u00ebrkes\u00ebn p\u00ebr hapjen e pik\u00ebs kufitare Hutaj\/Skje - Zogaj - Lajme nga Ulqini<\/title>\n<meta name=\"description\" content=\"BARDHI P\u00cbRS\u00cbRIT K\u00cbRKES\u00cbN KRYEMINISTRIT LLUKSHIQ P\u00cbR HAPJEN E PIK\u00cbS\u00a0 KUFITARE HUTAJ\/SKJE \u2013 ZOGAJ \u00a0 Mehmet Bardhi, kryetar i LD n\u00eb MZ dhe deputet n\u00eb\" \/>\n<meta name=\"robots\" content=\"index, follow, max-snippet:-1, max-image-preview:large, max-video-preview:-1\" \/>\n<link rel=\"canonical\" href=\"https:\/\/www.visit-ulcinj.com\/blog\/2012\/09\/07\/bardhi-perserit-kerkesen-per-hapjen-e-pikes-kufitare-hutajskje-zogaj\/\" \/>\n<meta property=\"og:locale\" content=\"en_US\" \/>\n<meta property=\"og:type\" content=\"article\" \/>\n<meta property=\"og:title\" content=\"Bardhi p\u00ebrs\u00ebrit k\u00ebrkes\u00ebn p\u00ebr hapjen e pik\u00ebs kufitare Hutaj\/Skje - Zogaj - Lajme nga Ulqini\" \/>\n<meta property=\"og:description\" content=\"BARDHI P\u00cbRS\u00cbRIT K\u00cbRKES\u00cbN KRYEMINISTRIT LLUKSHIQ P\u00cbR HAPJEN E PIK\u00cbS\u00a0 KUFITARE HUTAJ\/SKJE \u2013 ZOGAJ \u00a0 Mehmet Bardhi, kryetar i LD n\u00eb MZ dhe deputet n\u00eb\" \/>\n<meta property=\"og:url\" content=\"https:\/\/www.visit-ulcinj.com\/blog\/2012\/09\/07\/bardhi-perserit-kerkesen-per-hapjen-e-pikes-kufitare-hutajskje-zogaj\/\" \/>\n<meta property=\"og:site_name\" content=\"Lajme nga Ulqini\" \/>\n<meta property=\"article:published_time\" content=\"2012-09-07T08:17:46+00:00\" \/>\n<meta property=\"og:image\" content=\"http:\/\/www.visit-ulcinj.com\/blog\/wp-content\/uploads\/2012\/09\/Fshati-Zogaj_Shkoder.jpg\" \/>\n<meta name=\"twitter:label1\" content=\"Written by\" \/>\n\t<meta name=\"twitter:data1\" content=\"ulqini\" \/>\n\t<meta name=\"twitter:label2\" content=\"Est. reading time\" \/>\n\t<meta name=\"twitter:data2\" content=\"7 minutes\" \/>\n<script type=\"application\/ld+json\" class=\"yoast-schema-graph\">{\"@context\":\"https:\/\/schema.org\",\"@graph\":[{\"@type\":\"WebSite\",\"@id\":\"https:\/\/www.visit-ulcinj.com\/blog\/#website\",\"url\":\"https:\/\/www.visit-ulcinj.com\/blog\/\",\"name\":\"Lajme nga Ulqini\",\"description\":\"Lajme,Vijesti,Ulqini,Ulqin,Crna Gora,Mali i Zi\",\"potentialAction\":[{\"@type\":\"SearchAction\",\"target\":{\"@type\":\"EntryPoint\",\"urlTemplate\":\"https:\/\/www.visit-ulcinj.com\/blog\/?s={search_term_string}\"},\"query-input\":\"required name=search_term_string\"}],\"inLanguage\":\"en-US\"},{\"@type\":\"ImageObject\",\"inLanguage\":\"en-US\",\"@id\":\"https:\/\/www.visit-ulcinj.com\/blog\/2012\/09\/07\/bardhi-perserit-kerkesen-per-hapjen-e-pikes-kufitare-hutajskje-zogaj\/#primaryimage\",\"url\":\"https:\/\/www.visit-ulcinj.com\/blog\/wp-content\/uploads\/2012\/09\/Fshati-Zogaj_Shkoder.jpg\",\"contentUrl\":\"https:\/\/www.visit-ulcinj.com\/blog\/wp-content\/uploads\/2012\/09\/Fshati-Zogaj_Shkoder.jpg\",\"width\":\"600\",\"height\":\"400\"},{\"@type\":\"WebPage\",\"@id\":\"https:\/\/www.visit-ulcinj.com\/blog\/2012\/09\/07\/bardhi-perserit-kerkesen-per-hapjen-e-pikes-kufitare-hutajskje-zogaj\/#webpage\",\"url\":\"https:\/\/www.visit-ulcinj.com\/blog\/2012\/09\/07\/bardhi-perserit-kerkesen-per-hapjen-e-pikes-kufitare-hutajskje-zogaj\/\",\"name\":\"Bardhi p\u00ebrs\u00ebrit k\u00ebrkes\u00ebn p\u00ebr hapjen e pik\u00ebs kufitare Hutaj\/Skje - Zogaj - Lajme nga Ulqini\",\"isPartOf\":{\"@id\":\"https:\/\/www.visit-ulcinj.com\/blog\/#website\"},\"primaryImageOfPage\":{\"@id\":\"https:\/\/www.visit-ulcinj.com\/blog\/2012\/09\/07\/bardhi-perserit-kerkesen-per-hapjen-e-pikes-kufitare-hutajskje-zogaj\/#primaryimage\"},\"datePublished\":\"2012-09-07T08:17:46+00:00\",\"dateModified\":\"2012-09-07T08:17:46+00:00\",\"author\":{\"@id\":\"https:\/\/www.visit-ulcinj.com\/blog\/#\/schema\/person\/dcab619c614d3038751c63bc2aadc06d\"},\"description\":\"BARDHI P\u00cbRS\u00cbRIT K\u00cbRKES\u00cbN KRYEMINISTRIT LLUKSHIQ P\u00cbR HAPJEN E PIK\u00cbS\u00a0 KUFITARE HUTAJ\/SKJE \u2013 ZOGAJ \u00a0 Mehmet Bardhi, kryetar i LD n\u00eb MZ dhe deputet n\u00eb\",\"breadcrumb\":{\"@id\":\"https:\/\/www.visit-ulcinj.com\/blog\/2012\/09\/07\/bardhi-perserit-kerkesen-per-hapjen-e-pikes-kufitare-hutajskje-zogaj\/#breadcrumb\"},\"inLanguage\":\"en-US\",\"potentialAction\":[{\"@type\":\"ReadAction\",\"target\":[\"https:\/\/www.visit-ulcinj.com\/blog\/2012\/09\/07\/bardhi-perserit-kerkesen-per-hapjen-e-pikes-kufitare-hutajskje-zogaj\/\"]}]},{\"@type\":\"BreadcrumbList\",\"@id\":\"https:\/\/www.visit-ulcinj.com\/blog\/2012\/09\/07\/bardhi-perserit-kerkesen-per-hapjen-e-pikes-kufitare-hutajskje-zogaj\/#breadcrumb\",\"itemListElement\":[{\"@type\":\"ListItem\",\"position\":1,\"name\":\"Bardhi p\u00ebrs\u00ebrit k\u00ebrkes\u00ebn p\u00ebr hapjen e pik\u00ebs kufitare Hutaj\/Skje &#8211; Zogaj\"}]},{\"@type\":\"Person\",\"@id\":\"https:\/\/www.visit-ulcinj.com\/blog\/#\/schema\/person\/dcab619c614d3038751c63bc2aadc06d\",\"name\":\"ulqini\",\"sameAs\":[\"http:\/\/www.visit-ulcinj.com\"],\"url\":\"https:\/\/www.visit-ulcinj.com\/blog\/author\/admin\/\"}]}<\/script>\n<!-- \/ Yoast SEO plugin. -->","yoast_head_json":{"title":"Bardhi p\u00ebrs\u00ebrit k\u00ebrkes\u00ebn p\u00ebr hapjen e pik\u00ebs kufitare Hutaj\/Skje - Zogaj - Lajme nga Ulqini","description":"BARDHI P\u00cbRS\u00cbRIT K\u00cbRKES\u00cbN KRYEMINISTRIT LLUKSHIQ P\u00cbR HAPJEN E PIK\u00cbS\u00a0 KUFITARE HUTAJ\/SKJE \u2013 ZOGAJ \u00a0 Mehmet Bardhi, kryetar i LD n\u00eb MZ dhe deputet n\u00eb","robots":{"index":"index","follow":"follow","max-snippet":"max-snippet:-1","max-image-preview":"max-image-preview:large","max-video-preview":"max-video-preview:-1"},"canonical":"https:\/\/www.visit-ulcinj.com\/blog\/2012\/09\/07\/bardhi-perserit-kerkesen-per-hapjen-e-pikes-kufitare-hutajskje-zogaj\/","og_locale":"en_US","og_type":"article","og_title":"Bardhi p\u00ebrs\u00ebrit k\u00ebrkes\u00ebn p\u00ebr hapjen e pik\u00ebs kufitare Hutaj\/Skje - Zogaj - Lajme nga Ulqini","og_description":"BARDHI P\u00cbRS\u00cbRIT K\u00cbRKES\u00cbN KRYEMINISTRIT LLUKSHIQ P\u00cbR HAPJEN E PIK\u00cbS\u00a0 KUFITARE HUTAJ\/SKJE \u2013 ZOGAJ \u00a0 Mehmet Bardhi, kryetar i LD n\u00eb MZ dhe deputet n\u00eb","og_url":"https:\/\/www.visit-ulcinj.com\/blog\/2012\/09\/07\/bardhi-perserit-kerkesen-per-hapjen-e-pikes-kufitare-hutajskje-zogaj\/","og_site_name":"Lajme nga Ulqini","article_published_time":"2012-09-07T08:17:46+00:00","og_image":[{"url":"http:\/\/www.visit-ulcinj.com\/blog\/wp-content\/uploads\/2012\/09\/Fshati-Zogaj_Shkoder.jpg"}],"twitter_misc":{"Written by":"ulqini","Est. reading time":"7 minutes"},"schema":{"@context":"https:\/\/schema.org","@graph":[{"@type":"WebSite","@id":"https:\/\/www.visit-ulcinj.com\/blog\/#website","url":"https:\/\/www.visit-ulcinj.com\/blog\/","name":"Lajme nga Ulqini","description":"Lajme,Vijesti,Ulqini,Ulqin,Crna Gora,Mali i Zi","potentialAction":[{"@type":"SearchAction","target":{"@type":"EntryPoint","urlTemplate":"https:\/\/www.visit-ulcinj.com\/blog\/?s={search_term_string}"},"query-input":"required name=search_term_string"}],"inLanguage":"en-US"},{"@type":"ImageObject","inLanguage":"en-US","@id":"https:\/\/www.visit-ulcinj.com\/blog\/2012\/09\/07\/bardhi-perserit-kerkesen-per-hapjen-e-pikes-kufitare-hutajskje-zogaj\/#primaryimage","url":"https:\/\/www.visit-ulcinj.com\/blog\/wp-content\/uploads\/2012\/09\/Fshati-Zogaj_Shkoder.jpg","contentUrl":"https:\/\/www.visit-ulcinj.com\/blog\/wp-content\/uploads\/2012\/09\/Fshati-Zogaj_Shkoder.jpg","width":"600","height":"400"},{"@type":"WebPage","@id":"https:\/\/www.visit-ulcinj.com\/blog\/2012\/09\/07\/bardhi-perserit-kerkesen-per-hapjen-e-pikes-kufitare-hutajskje-zogaj\/#webpage","url":"https:\/\/www.visit-ulcinj.com\/blog\/2012\/09\/07\/bardhi-perserit-kerkesen-per-hapjen-e-pikes-kufitare-hutajskje-zogaj\/","name":"Bardhi p\u00ebrs\u00ebrit k\u00ebrkes\u00ebn p\u00ebr hapjen e pik\u00ebs kufitare Hutaj\/Skje - Zogaj - Lajme nga Ulqini","isPartOf":{"@id":"https:\/\/www.visit-ulcinj.com\/blog\/#website"},"primaryImageOfPage":{"@id":"https:\/\/www.visit-ulcinj.com\/blog\/2012\/09\/07\/bardhi-perserit-kerkesen-per-hapjen-e-pikes-kufitare-hutajskje-zogaj\/#primaryimage"},"datePublished":"2012-09-07T08:17:46+00:00","dateModified":"2012-09-07T08:17:46+00:00","author":{"@id":"https:\/\/www.visit-ulcinj.com\/blog\/#\/schema\/person\/dcab619c614d3038751c63bc2aadc06d"},"description":"BARDHI P\u00cbRS\u00cbRIT K\u00cbRKES\u00cbN KRYEMINISTRIT LLUKSHIQ P\u00cbR HAPJEN E PIK\u00cbS\u00a0 KUFITARE HUTAJ\/SKJE \u2013 ZOGAJ \u00a0 Mehmet Bardhi, kryetar i LD n\u00eb MZ dhe deputet n\u00eb","breadcrumb":{"@id":"https:\/\/www.visit-ulcinj.com\/blog\/2012\/09\/07\/bardhi-perserit-kerkesen-per-hapjen-e-pikes-kufitare-hutajskje-zogaj\/#breadcrumb"},"inLanguage":"en-US","potentialAction":[{"@type":"ReadAction","target":["https:\/\/www.visit-ulcinj.com\/blog\/2012\/09\/07\/bardhi-perserit-kerkesen-per-hapjen-e-pikes-kufitare-hutajskje-zogaj\/"]}]},{"@type":"BreadcrumbList","@id":"https:\/\/www.visit-ulcinj.com\/blog\/2012\/09\/07\/bardhi-perserit-kerkesen-per-hapjen-e-pikes-kufitare-hutajskje-zogaj\/#breadcrumb","itemListElement":[{"@type":"ListItem","position":1,"name":"Bardhi p\u00ebrs\u00ebrit k\u00ebrkes\u00ebn p\u00ebr hapjen e pik\u00ebs kufitare Hutaj\/Skje &#8211; Zogaj"}]},{"@type":"Person","@id":"https:\/\/www.visit-ulcinj.com\/blog\/#\/schema\/person\/dcab619c614d3038751c63bc2aadc06d","name":"ulqini","sameAs":["http:\/\/www.visit-ulcinj.com"],"url":"https:\/\/www.visit-ulcinj.com\/blog\/author\/admin\/"}]}},"jetpack_featured_media_url":"","jetpack_sharing_enabled":true,"jetpack_shortlink":"https:\/\/wp.me\/pe6lTn-guA","_links":{"self":[{"href":"https:\/\/www.visit-ulcinj.com\/blog\/wp-json\/wp\/v2\/posts\/63400"}],"collection":[{"href":"https:\/\/www.visit-ulcinj.com\/blog\/wp-json\/wp\/v2\/posts"}],"about":[{"href":"https:\/\/www.visit-ulcinj.com\/blog\/wp-json\/wp\/v2\/types\/post"}],"author":[{"embeddable":true,"href":"https:\/\/www.visit-ulcinj.com\/blog\/wp-json\/wp\/v2\/users\/1"}],"replies":[{"embeddable":true,"href":"https:\/\/www.visit-ulcinj.com\/blog\/wp-json\/wp\/v2\/comments?post=63400"}],"version-history":[{"count":1,"href":"https:\/\/www.visit-ulcinj.com\/blog\/wp-json\/wp\/v2\/posts\/63400\/revisions"}],"predecessor-version":[{"id":63402,"href":"https:\/\/www.visit-ulcinj.com\/blog\/wp-json\/wp\/v2\/posts\/63400\/revisions\/63402"}],"wp:attachment":[{"href":"https:\/\/www.visit-ulcinj.com\/blog\/wp-json\/wp\/v2\/media?parent=63400"}],"wp:term":[{"taxonomy":"category","embeddable":true,"href":"https:\/\/www.visit-ulcinj.com\/blog\/wp-json\/wp\/v2\/categories?post=63400"},{"taxonomy":"post_tag","embeddable":true,"href":"https:\/\/www.visit-ulcinj.com\/blog\/wp-json\/wp\/v2\/tags?post=63400"}],"curies":[{"name":"wp","href":"https:\/\/api.w.org\/{rel}","templated":true}]}}