{"id":63407,"date":"2012-09-07T09:46:46","date_gmt":"2012-09-07T08:46:46","guid":{"rendered":"http:\/\/www.visit-ulcinj.com\/blog\/?p=63407"},"modified":"2012-09-07T10:12:53","modified_gmt":"2012-09-07T09:12:53","slug":"shqiptaret-e-malit-te-zi-te-bashkuar-apo-jo","status":"publish","type":"post","link":"https:\/\/www.visit-ulcinj.com\/blog\/2012\/09\/07\/shqiptaret-e-malit-te-zi-te-bashkuar-apo-jo\/","title":{"rendered":"Shqiptaret e Malit t\u00eb Zi &#8211; T\u00eb bashkuar apo jo"},"content":{"rendered":"<p><a href=\"http:\/\/www.visit-ulcinj.com\/blog\/wp-content\/uploads\/2012\/09\/SHQIPTARET-E-MALIT-TE-ZI-BASHK-APO-JO.jpg\"><img loading=\"lazy\" class=\"alignleft  wp-image-63408\" title=\"SHQIPTARET E MALIT TE ZI - BASHK APO JO\" src=\"http:\/\/www.visit-ulcinj.com\/blog\/wp-content\/uploads\/2012\/09\/SHQIPTARET-E-MALIT-TE-ZI-BASHK-APO-JO.jpg\" alt=\"\" width=\"508\" height=\"360\" \/><\/a>T\u00eb p\u00ebrditshmet malazeze i kan\u00eb kushtuar v\u00ebmendje t\u00eb ve\u00e7ant\u00eb aktiviteteve t\u00eb partive shqiptare n\u00eb Malin e Zi q\u00eb n\u00eb dit\u00ebn kur ata filluan bisedimet p\u00ebr krijimin e nj\u00eb koalicioni t\u00eb gjer\u00eb shqiptar\u00eb.<\/p>\n<p>Si fillim n\u00eb tryez\u00eb u ul\u00ebn pothuajse t\u00eb gji<\/p>\n<p>th\u00eb por me kalimin e koh\u00ebs n\u00eb takime ka gjithnj\u00eb e m\u00eb shum\u00eb karrige t\u00eb lira. Partit\u00eb shqiptare kan\u00eb rreshtur s\u00eb foluri p\u00ebr koalicionin e gjer\u00eb, e si\u00e7 duket ata kurr\u00eb as q\u00eb kan\u00eb besuar n\u00eb k\u00ebt\u00eb gj\u00eb. E duket se populli ka besuar akoma edhe m\u00eb pak.<\/p>\n<p>Forca e Re Demokratike e Nazif Cungut ka hyr\u00eb n\u00eb koalicion me Iniciativ\u00ebn Qytetare t\u00eb Vasel Sinishtaj edhe pse kjo e fundit tashm\u00eb ishte n\u00eb p\u00ebrfundim t\u00eb negociatave p\u00ebr koalicion me Alternativ\u00ebn Shqiptare dhe Partin\u00eb Demokratike. Tani k\u00ebto dy t\u00eb fundit kan\u00eb mbetur vet\u00ebm me nj\u00ebra tjetr\u00ebn. Unioni Demokratik i Shqiptar\u00ebve i Mehmet Zenk\u00ebs beson n\u00eb fitore dhe mendon t\u00eb dal\u00eb n\u00eb zgjedhje i vet\u00ebm, megjith\u00ebse akoma nuk \u00ebsht\u00eb p\u00ebrjashtuar koalicioni me Partin\u00eb e Prosperitetit Demokratik. Se \u00e7&#8217;far\u00eb po b\u00ebn Lidhja Demokratike n\u00eb Mal t\u00eb Zi e Mehmet Bardhit at\u00eb akoma nuk e kemi m\u00ebsuar.<\/p>\n<p>K\u00ebshtu lajmi i fundit n\u00eb t\u00eb p\u00ebrditshmet malazeze \u00ebsht\u00eb ai i paraqitjes s\u00eb partive shqiptare n\u00eb tri lista, t\u00eb udh\u00ebhequra nga Forca, Alternativa dhe Unioni. P\u00ebr Lidhjen dhe nga ajo vet\u00eb asnj\u00eb fjal\u00eb.<\/p>\n<p>Me ndryshimin e ligjit zgjedhor i cili m\u00eb nuk num\u00ebron zonat e banuara me shqiptar\u00eb si zona t\u00eb ve\u00e7anta zgjedhore por e sheh Malin e Zi si nj\u00eb zon\u00eb t\u00eb vetme, partit\u00eb shqiptare duhet t\u00eb kalojn\u00eb pragun e 0.7% si edhe gjith\u00eb t\u00eb tjerat p\u00ebr t\u00eb z\u00ebn\u00eb nj\u00eb vend n\u00eb Kuvend. N\u00ebse n\u00eb zgjedhjet e kaluara jan\u00eb nevojitur rreth 2685 vota p\u00ebr marrjen e nj\u00eb mandati, tani nevojiten nga 3500-4000.<br \/>\n<a href=\"http:\/\/www.visit-ulcinj.com\/blog\/wp-content\/uploads\/2012\/09\/KUVENDI-I-MALIT-TE-ZI.jpg\"><img loading=\"lazy\" class=\"alignleft  wp-image-63420\" title=\"KUVENDI I MALIT TE ZI\" src=\"http:\/\/www.visit-ulcinj.com\/blog\/wp-content\/uploads\/2012\/09\/KUVENDI-I-MALIT-TE-ZI.jpg\" alt=\"\" width=\"508\" height=\"300\" \/><\/a><\/p>\n<p>N\u00eb zgjedhjet parlamentare n\u00eb vitin 2009 partit\u00eb shqiptare kan\u00eb fituar kat\u00ebr ul\u00ebse n\u00eb Kuvend, k\u00ebshtu q\u00eb deri n\u00eb zgjedhjet e 13 tetorit shqiptar\u00ebt do t\u00eb vazhdojn\u00eb t&#8217;i p\u00ebrfaq\u00ebsojn\u00eb nga nj\u00eb deputet nga radh\u00ebt e Forc\u00ebs, Unionit, List\u00ebs Shqiptare (Lidhja dhe Alternativa), dhe Koalicionit Shqiptar\u00eb Perspektiva.<\/p>\n<p>Duke u bazuar n\u00eb rezultatet e zgjedhjeve t\u00eb kaluara dhe n\u00eb situat\u00ebn e tanishme parazgjedhore duket se v\u00ebnd n\u00eb Kuvendin e Malit t\u00eb Zi mund t\u00eb z\u00ebn\u00eb m\u00eb s\u00eb shumti dy p\u00ebrfaq\u00ebsues t\u00eb partive shqiptare. M\u00eb optimist\u00ebt jan\u00eb Unioni Demokratik dhe Koalicioni Forca-Iniciativa Qytetare.<\/p>\n<p>&nbsp;<\/p>\n<p>Ideale, sipas Genci Nimanbegut, deputet i Forc\u00ebs n\u00eb Kuvendin e Malit t\u00eb Zi, do t\u00eb ishte paraqitja e shqiptar\u00ebve n\u00eb dy lista, gj\u00eb q\u00eb m\u00eb heret e kan\u00eb k\u00ebrkuar edhe deputet\u00ebt Mehmet Bardhi e Vasel Sinishtaj. Sipas Nimanbegut kjo do t\u00eb mund t\u00eb realizohej ashtu q\u00eb nj\u00eb koalicion t\u00eb jet\u00eb i p\u00ebrb\u00ebr\u00eb nga Forca, Iniciativa Qytetare, Lidhja Demokratike, Partia Demokratike dhe Perspektiva kurse n\u00eb list\u00ebn tjet\u00ebr Unioni Demokratik i Shqiptar\u00ebve me nj\u00eb pjes\u00eb t\u00eb Partis\u00eb s\u00eb Prosperitetit Demokratik. Nimanbegu ka pohuar se p\u00ebr momentin kan\u00eb ofert\u00eb p\u00ebr vazhdimin e bisedimeve me Lidhjen Demokratike.<\/p>\n<p>&nbsp;<\/p>\n<p>Faqja e FB Shqiptar\u00ebt n\u00eb Malin e Zi &#8211; Albanians in Montenegro<\/p>\n","protected":false},"excerpt":{"rendered":"<p>T\u00eb p\u00ebrditshmet malazeze i kan\u00eb kushtuar v\u00ebmendje t\u00eb ve\u00e7ant\u00eb aktiviteteve t\u00eb partive shqiptare n\u00eb Malin e Zi q\u00eb n\u00eb dit\u00ebn kur ata filluan bisedimet p\u00ebr krijimin e nj\u00eb koalicioni t\u00eb gjer\u00eb shqiptar\u00eb. Si fillim n\u00eb tryez\u00eb u ul\u00ebn pothuajse t\u00eb gji th\u00eb por me kalimin e koh\u00ebs n\u00eb takime ka gjithnj\u00eb e m\u00eb shum\u00eb karrige [&hellip;]<\/p>\n","protected":false},"author":1,"featured_media":0,"comment_status":"open","ping_status":"closed","sticky":false,"template":"","format":"standard","meta":{"spay_email":"","jetpack_publicize_message":"","jetpack_is_tweetstorm":false,"jetpack_publicize_feature_enabled":true},"categories":[14249],"tags":[200],"jetpack_publicize_connections":[],"yoast_head":"<!-- This site is optimized with the Yoast SEO plugin v19.1 - https:\/\/yoast.com\/wordpress\/plugins\/seo\/ -->\n<title>Shqiptaret e Malit t\u00eb Zi - T\u00eb bashkuar apo jo - Lajme nga Ulqini<\/title>\n<meta name=\"description\" content=\"T\u00eb p\u00ebrditshmet malazeze i kan\u00eb kushtuar v\u00ebmendje t\u00eb ve\u00e7ant\u00eb aktiviteteve t\u00eb partive shqiptare n\u00eb Malin e Zi q\u00eb n\u00eb dit\u00ebn kur ata filluan bisedimet p\u00ebr\" \/>\n<meta name=\"robots\" content=\"index, follow, max-snippet:-1, max-image-preview:large, max-video-preview:-1\" \/>\n<link rel=\"canonical\" href=\"https:\/\/www.visit-ulcinj.com\/blog\/2012\/09\/07\/shqiptaret-e-malit-te-zi-te-bashkuar-apo-jo\/\" \/>\n<meta property=\"og:locale\" content=\"en_US\" \/>\n<meta property=\"og:type\" content=\"article\" \/>\n<meta property=\"og:title\" content=\"Shqiptaret e Malit t\u00eb Zi - T\u00eb bashkuar apo jo - Lajme nga Ulqini\" \/>\n<meta property=\"og:description\" content=\"T\u00eb p\u00ebrditshmet malazeze i kan\u00eb kushtuar v\u00ebmendje t\u00eb ve\u00e7ant\u00eb aktiviteteve t\u00eb partive shqiptare n\u00eb Malin e Zi q\u00eb n\u00eb dit\u00ebn kur ata filluan bisedimet p\u00ebr\" \/>\n<meta property=\"og:url\" content=\"https:\/\/www.visit-ulcinj.com\/blog\/2012\/09\/07\/shqiptaret-e-malit-te-zi-te-bashkuar-apo-jo\/\" \/>\n<meta property=\"og:site_name\" content=\"Lajme nga Ulqini\" \/>\n<meta property=\"article:published_time\" content=\"2012-09-07T08:46:46+00:00\" \/>\n<meta property=\"article:modified_time\" content=\"2012-09-07T09:12:53+00:00\" \/>\n<meta property=\"og:image\" content=\"http:\/\/www.visit-ulcinj.com\/blog\/wp-content\/uploads\/2012\/09\/SHQIPTARET-E-MALIT-TE-ZI-BASHK-APO-JO.jpg\" \/>\n<meta name=\"twitter:label1\" content=\"Written by\" \/>\n\t<meta name=\"twitter:data1\" content=\"ulqini\" \/>\n\t<meta name=\"twitter:label2\" content=\"Est. reading time\" \/>\n\t<meta name=\"twitter:data2\" content=\"3 minutes\" \/>\n<script type=\"application\/ld+json\" class=\"yoast-schema-graph\">{\"@context\":\"https:\/\/schema.org\",\"@graph\":[{\"@type\":\"WebSite\",\"@id\":\"https:\/\/www.visit-ulcinj.com\/blog\/#website\",\"url\":\"https:\/\/www.visit-ulcinj.com\/blog\/\",\"name\":\"Lajme nga Ulqini\",\"description\":\"Lajme,Vijesti,Ulqini,Ulqin,Crna Gora,Mali i Zi\",\"potentialAction\":[{\"@type\":\"SearchAction\",\"target\":{\"@type\":\"EntryPoint\",\"urlTemplate\":\"https:\/\/www.visit-ulcinj.com\/blog\/?s={search_term_string}\"},\"query-input\":\"required name=search_term_string\"}],\"inLanguage\":\"en-US\"},{\"@type\":\"ImageObject\",\"inLanguage\":\"en-US\",\"@id\":\"https:\/\/www.visit-ulcinj.com\/blog\/2012\/09\/07\/shqiptaret-e-malit-te-zi-te-bashkuar-apo-jo\/#primaryimage\",\"url\":\"https:\/\/www.visit-ulcinj.com\/blog\/wp-content\/uploads\/2012\/09\/SHQIPTARET-E-MALIT-TE-ZI-BASHK-APO-JO.jpg\",\"contentUrl\":\"https:\/\/www.visit-ulcinj.com\/blog\/wp-content\/uploads\/2012\/09\/SHQIPTARET-E-MALIT-TE-ZI-BASHK-APO-JO.jpg\",\"width\":\"1024\",\"height\":\"678\"},{\"@type\":\"WebPage\",\"@id\":\"https:\/\/www.visit-ulcinj.com\/blog\/2012\/09\/07\/shqiptaret-e-malit-te-zi-te-bashkuar-apo-jo\/#webpage\",\"url\":\"https:\/\/www.visit-ulcinj.com\/blog\/2012\/09\/07\/shqiptaret-e-malit-te-zi-te-bashkuar-apo-jo\/\",\"name\":\"Shqiptaret e Malit t\u00eb Zi - T\u00eb bashkuar apo jo - Lajme nga Ulqini\",\"isPartOf\":{\"@id\":\"https:\/\/www.visit-ulcinj.com\/blog\/#website\"},\"primaryImageOfPage\":{\"@id\":\"https:\/\/www.visit-ulcinj.com\/blog\/2012\/09\/07\/shqiptaret-e-malit-te-zi-te-bashkuar-apo-jo\/#primaryimage\"},\"datePublished\":\"2012-09-07T08:46:46+00:00\",\"dateModified\":\"2012-09-07T09:12:53+00:00\",\"author\":{\"@id\":\"https:\/\/www.visit-ulcinj.com\/blog\/#\/schema\/person\/dcab619c614d3038751c63bc2aadc06d\"},\"description\":\"T\u00eb p\u00ebrditshmet malazeze i kan\u00eb kushtuar v\u00ebmendje t\u00eb ve\u00e7ant\u00eb aktiviteteve t\u00eb partive shqiptare n\u00eb Malin e Zi q\u00eb n\u00eb dit\u00ebn kur ata filluan bisedimet p\u00ebr\",\"breadcrumb\":{\"@id\":\"https:\/\/www.visit-ulcinj.com\/blog\/2012\/09\/07\/shqiptaret-e-malit-te-zi-te-bashkuar-apo-jo\/#breadcrumb\"},\"inLanguage\":\"en-US\",\"potentialAction\":[{\"@type\":\"ReadAction\",\"target\":[\"https:\/\/www.visit-ulcinj.com\/blog\/2012\/09\/07\/shqiptaret-e-malit-te-zi-te-bashkuar-apo-jo\/\"]}]},{\"@type\":\"BreadcrumbList\",\"@id\":\"https:\/\/www.visit-ulcinj.com\/blog\/2012\/09\/07\/shqiptaret-e-malit-te-zi-te-bashkuar-apo-jo\/#breadcrumb\",\"itemListElement\":[{\"@type\":\"ListItem\",\"position\":1,\"name\":\"Shqiptaret e Malit t\u00eb Zi &#8211; T\u00eb bashkuar apo jo\"}]},{\"@type\":\"Person\",\"@id\":\"https:\/\/www.visit-ulcinj.com\/blog\/#\/schema\/person\/dcab619c614d3038751c63bc2aadc06d\",\"name\":\"ulqini\",\"sameAs\":[\"http:\/\/www.visit-ulcinj.com\"],\"url\":\"https:\/\/www.visit-ulcinj.com\/blog\/author\/admin\/\"}]}<\/script>\n<!-- \/ Yoast SEO plugin. -->","yoast_head_json":{"title":"Shqiptaret e Malit t\u00eb Zi - T\u00eb bashkuar apo jo - Lajme nga Ulqini","description":"T\u00eb p\u00ebrditshmet malazeze i kan\u00eb kushtuar v\u00ebmendje t\u00eb ve\u00e7ant\u00eb aktiviteteve t\u00eb partive shqiptare n\u00eb Malin e Zi q\u00eb n\u00eb dit\u00ebn kur ata filluan bisedimet p\u00ebr","robots":{"index":"index","follow":"follow","max-snippet":"max-snippet:-1","max-image-preview":"max-image-preview:large","max-video-preview":"max-video-preview:-1"},"canonical":"https:\/\/www.visit-ulcinj.com\/blog\/2012\/09\/07\/shqiptaret-e-malit-te-zi-te-bashkuar-apo-jo\/","og_locale":"en_US","og_type":"article","og_title":"Shqiptaret e Malit t\u00eb Zi - T\u00eb bashkuar apo jo - Lajme nga Ulqini","og_description":"T\u00eb p\u00ebrditshmet malazeze i kan\u00eb kushtuar v\u00ebmendje t\u00eb ve\u00e7ant\u00eb aktiviteteve t\u00eb partive shqiptare n\u00eb Malin e Zi q\u00eb n\u00eb dit\u00ebn kur ata filluan bisedimet p\u00ebr","og_url":"https:\/\/www.visit-ulcinj.com\/blog\/2012\/09\/07\/shqiptaret-e-malit-te-zi-te-bashkuar-apo-jo\/","og_site_name":"Lajme nga Ulqini","article_published_time":"2012-09-07T08:46:46+00:00","article_modified_time":"2012-09-07T09:12:53+00:00","og_image":[{"url":"http:\/\/www.visit-ulcinj.com\/blog\/wp-content\/uploads\/2012\/09\/SHQIPTARET-E-MALIT-TE-ZI-BASHK-APO-JO.jpg"}],"twitter_misc":{"Written by":"ulqini","Est. reading time":"3 minutes"},"schema":{"@context":"https:\/\/schema.org","@graph":[{"@type":"WebSite","@id":"https:\/\/www.visit-ulcinj.com\/blog\/#website","url":"https:\/\/www.visit-ulcinj.com\/blog\/","name":"Lajme nga Ulqini","description":"Lajme,Vijesti,Ulqini,Ulqin,Crna Gora,Mali i Zi","potentialAction":[{"@type":"SearchAction","target":{"@type":"EntryPoint","urlTemplate":"https:\/\/www.visit-ulcinj.com\/blog\/?s={search_term_string}"},"query-input":"required name=search_term_string"}],"inLanguage":"en-US"},{"@type":"ImageObject","inLanguage":"en-US","@id":"https:\/\/www.visit-ulcinj.com\/blog\/2012\/09\/07\/shqiptaret-e-malit-te-zi-te-bashkuar-apo-jo\/#primaryimage","url":"https:\/\/www.visit-ulcinj.com\/blog\/wp-content\/uploads\/2012\/09\/SHQIPTARET-E-MALIT-TE-ZI-BASHK-APO-JO.jpg","contentUrl":"https:\/\/www.visit-ulcinj.com\/blog\/wp-content\/uploads\/2012\/09\/SHQIPTARET-E-MALIT-TE-ZI-BASHK-APO-JO.jpg","width":"1024","height":"678"},{"@type":"WebPage","@id":"https:\/\/www.visit-ulcinj.com\/blog\/2012\/09\/07\/shqiptaret-e-malit-te-zi-te-bashkuar-apo-jo\/#webpage","url":"https:\/\/www.visit-ulcinj.com\/blog\/2012\/09\/07\/shqiptaret-e-malit-te-zi-te-bashkuar-apo-jo\/","name":"Shqiptaret e Malit t\u00eb Zi - T\u00eb bashkuar apo jo - Lajme nga Ulqini","isPartOf":{"@id":"https:\/\/www.visit-ulcinj.com\/blog\/#website"},"primaryImageOfPage":{"@id":"https:\/\/www.visit-ulcinj.com\/blog\/2012\/09\/07\/shqiptaret-e-malit-te-zi-te-bashkuar-apo-jo\/#primaryimage"},"datePublished":"2012-09-07T08:46:46+00:00","dateModified":"2012-09-07T09:12:53+00:00","author":{"@id":"https:\/\/www.visit-ulcinj.com\/blog\/#\/schema\/person\/dcab619c614d3038751c63bc2aadc06d"},"description":"T\u00eb p\u00ebrditshmet malazeze i kan\u00eb kushtuar v\u00ebmendje t\u00eb ve\u00e7ant\u00eb aktiviteteve t\u00eb partive shqiptare n\u00eb Malin e Zi q\u00eb n\u00eb dit\u00ebn kur ata filluan bisedimet p\u00ebr","breadcrumb":{"@id":"https:\/\/www.visit-ulcinj.com\/blog\/2012\/09\/07\/shqiptaret-e-malit-te-zi-te-bashkuar-apo-jo\/#breadcrumb"},"inLanguage":"en-US","potentialAction":[{"@type":"ReadAction","target":["https:\/\/www.visit-ulcinj.com\/blog\/2012\/09\/07\/shqiptaret-e-malit-te-zi-te-bashkuar-apo-jo\/"]}]},{"@type":"BreadcrumbList","@id":"https:\/\/www.visit-ulcinj.com\/blog\/2012\/09\/07\/shqiptaret-e-malit-te-zi-te-bashkuar-apo-jo\/#breadcrumb","itemListElement":[{"@type":"ListItem","position":1,"name":"Shqiptaret e Malit t\u00eb Zi &#8211; T\u00eb bashkuar apo jo"}]},{"@type":"Person","@id":"https:\/\/www.visit-ulcinj.com\/blog\/#\/schema\/person\/dcab619c614d3038751c63bc2aadc06d","name":"ulqini","sameAs":["http:\/\/www.visit-ulcinj.com"],"url":"https:\/\/www.visit-ulcinj.com\/blog\/author\/admin\/"}]}},"jetpack_featured_media_url":"","jetpack_sharing_enabled":true,"jetpack_shortlink":"https:\/\/wp.me\/pe6lTn-guH","_links":{"self":[{"href":"https:\/\/www.visit-ulcinj.com\/blog\/wp-json\/wp\/v2\/posts\/63407"}],"collection":[{"href":"https:\/\/www.visit-ulcinj.com\/blog\/wp-json\/wp\/v2\/posts"}],"about":[{"href":"https:\/\/www.visit-ulcinj.com\/blog\/wp-json\/wp\/v2\/types\/post"}],"author":[{"embeddable":true,"href":"https:\/\/www.visit-ulcinj.com\/blog\/wp-json\/wp\/v2\/users\/1"}],"replies":[{"embeddable":true,"href":"https:\/\/www.visit-ulcinj.com\/blog\/wp-json\/wp\/v2\/comments?post=63407"}],"version-history":[{"count":4,"href":"https:\/\/www.visit-ulcinj.com\/blog\/wp-json\/wp\/v2\/posts\/63407\/revisions"}],"predecessor-version":[{"id":63422,"href":"https:\/\/www.visit-ulcinj.com\/blog\/wp-json\/wp\/v2\/posts\/63407\/revisions\/63422"}],"wp:attachment":[{"href":"https:\/\/www.visit-ulcinj.com\/blog\/wp-json\/wp\/v2\/media?parent=63407"}],"wp:term":[{"taxonomy":"category","embeddable":true,"href":"https:\/\/www.visit-ulcinj.com\/blog\/wp-json\/wp\/v2\/categories?post=63407"},{"taxonomy":"post_tag","embeddable":true,"href":"https:\/\/www.visit-ulcinj.com\/blog\/wp-json\/wp\/v2\/tags?post=63407"}],"curies":[{"name":"wp","href":"https:\/\/api.w.org\/{rel}","templated":true}]}}