{"id":63423,"date":"2012-09-07T10:19:50","date_gmt":"2012-09-07T09:19:50","guid":{"rendered":"http:\/\/www.visit-ulcinj.com\/blog\/?p=63423"},"modified":"2012-09-07T10:22:01","modified_gmt":"2012-09-07T09:22:01","slug":"percahen-partite-shqiptare-ne-mal-te-zi","status":"publish","type":"post","link":"https:\/\/www.visit-ulcinj.com\/blog\/2012\/09\/07\/percahen-partite-shqiptare-ne-mal-te-zi\/","title":{"rendered":"P\u00ebr\u00e7ahen partit\u00eb shqiptare n\u00eb Mal t\u00eb Zi"},"content":{"rendered":"<p><a href=\"http:\/\/www.visit-ulcinj.com\/blog\/wp-content\/uploads\/2012\/09\/Shqiptar\u00ebt-n\u00eb-Malin-e-Zi-Albanians-in-Montenegro.jpg\"><img loading=\"lazy\" class=\"alignleft size-medium wp-image-63424\" title=\"Shqiptar\u00ebt n\u00eb Malin e Zi - Albanians in Montenegro\" src=\"http:\/\/www.visit-ulcinj.com\/blog\/wp-content\/uploads\/2012\/09\/Shqiptar\u00ebt-n\u00eb-Malin-e-Zi-Albanians-in-Montenegro-300x300.jpg\" alt=\"\" width=\"300\" height=\"300\" srcset=\"https:\/\/www.visit-ulcinj.com\/blog\/wp-content\/uploads\/2012\/09\/Shqiptar\u00ebt-n\u00eb-Malin-e-Zi-Albanians-in-Montenegro-300x300.jpg 300w, https:\/\/www.visit-ulcinj.com\/blog\/wp-content\/uploads\/2012\/09\/Shqiptar\u00ebt-n\u00eb-Malin-e-Zi-Albanians-in-Montenegro-150x150.jpg 150w, https:\/\/www.visit-ulcinj.com\/blog\/wp-content\/uploads\/2012\/09\/Shqiptar\u00ebt-n\u00eb-Malin-e-Zi-Albanians-in-Montenegro.jpg 960w\" sizes=\"(max-width: 300px) 100vw, 300px\" \/><\/a>Mos bashk\u00ebpunimi n\u00eb mes t\u00eb partive shqiptare n\u00eb Mal t\u00eb Zi mund t\u00eb zvog\u00ebloj nga 4 sa jan\u00eb tani n\u00eb vet\u00ebm dy numrin e p\u00ebrfaq\u00ebsues t\u00eb shqiptar\u00ebve n\u00eb Parlament.<\/p>\n<p>Megjith\u00ebse m\u00eb par\u00eb \u00ebsht\u00eb shpresuar p\u00ebr nj\u00eb koalicion t\u00eb gjer\u00eb n\u00eb mes t\u00eb partive shqiptare tashm\u00eb duket se kjo \u00e7\u00ebshtje \u00ebsht\u00eb p\u00ebrmbyllur.<\/p>\n<p>Sipas mediave malazeze , shqiptar\u00ebt do t\u00eb marrin pjes\u00eb n\u00eb zgjedhje m\u00eb tre lista .<\/p>\n<p>Me ndryshimin e ligjit zgjedhor i cili m\u00eb nuk num\u00ebron zonat e banuara me shqiptar\u00eb si zona t\u00eb ve\u00e7anta zgjedhore por e sheh Malin e Zi si nj\u00eb zon\u00eb t\u00eb vetme, partit\u00eb shqiptare duhet t\u00eb kalojn\u00eb pragun 0.7% si edhe gjith\u00eb t\u00eb tjerat p\u00ebr t\u00eb z\u00ebn\u00eb nj\u00eb vend n\u00eb Kuvend.<\/p>\n<p><strong>Portali Indeksonline<\/strong><\/p>\n","protected":false},"excerpt":{"rendered":"<p>Mos bashk\u00ebpunimi n\u00eb mes t\u00eb partive shqiptare n\u00eb Mal t\u00eb Zi mund t\u00eb zvog\u00ebloj nga 4 sa jan\u00eb tani n\u00eb vet\u00ebm dy numrin e p\u00ebrfaq\u00ebsues t\u00eb shqiptar\u00ebve n\u00eb Parlament. Megjith\u00ebse m\u00eb par\u00eb \u00ebsht\u00eb shpresuar p\u00ebr nj\u00eb koalicion t\u00eb gjer\u00eb n\u00eb mes t\u00eb partive shqiptare tashm\u00eb duket se kjo \u00e7\u00ebshtje \u00ebsht\u00eb p\u00ebrmbyllur. Sipas mediave malazeze , [&hellip;]<\/p>\n","protected":false},"author":1,"featured_media":0,"comment_status":"open","ping_status":"closed","sticky":false,"template":"","format":"standard","meta":{"spay_email":"","jetpack_publicize_message":"","jetpack_is_tweetstorm":false,"jetpack_publicize_feature_enabled":true},"categories":[11],"tags":[20972],"jetpack_publicize_connections":[],"yoast_head":"<!-- This site is optimized with the Yoast SEO plugin v19.1 - https:\/\/yoast.com\/wordpress\/plugins\/seo\/ -->\n<title>P\u00ebr\u00e7ahen partit\u00eb shqiptare n\u00eb Mal t\u00eb Zi - Lajme nga Ulqini<\/title>\n<meta name=\"description\" content=\"Mos bashk\u00ebpunimi n\u00eb mes t\u00eb partive shqiptare n\u00eb Mal t\u00eb Zi mund t\u00eb zvog\u00ebloj nga 4 sa jan\u00eb tani n\u00eb vet\u00ebm dy numrin e p\u00ebrfaq\u00ebsues t\u00eb shqiptar\u00ebve n\u00eb\" \/>\n<meta name=\"robots\" content=\"index, follow, max-snippet:-1, max-image-preview:large, max-video-preview:-1\" \/>\n<link rel=\"canonical\" href=\"https:\/\/www.visit-ulcinj.com\/blog\/2012\/09\/07\/percahen-partite-shqiptare-ne-mal-te-zi\/\" \/>\n<meta property=\"og:locale\" content=\"en_US\" \/>\n<meta property=\"og:type\" content=\"article\" \/>\n<meta property=\"og:title\" content=\"P\u00ebr\u00e7ahen partit\u00eb shqiptare n\u00eb Mal t\u00eb Zi - Lajme nga Ulqini\" \/>\n<meta property=\"og:description\" content=\"Mos bashk\u00ebpunimi n\u00eb mes t\u00eb partive shqiptare n\u00eb Mal t\u00eb Zi mund t\u00eb zvog\u00ebloj nga 4 sa jan\u00eb tani n\u00eb vet\u00ebm dy numrin e p\u00ebrfaq\u00ebsues t\u00eb shqiptar\u00ebve n\u00eb\" \/>\n<meta property=\"og:url\" content=\"https:\/\/www.visit-ulcinj.com\/blog\/2012\/09\/07\/percahen-partite-shqiptare-ne-mal-te-zi\/\" \/>\n<meta property=\"og:site_name\" content=\"Lajme nga Ulqini\" \/>\n<meta property=\"article:published_time\" content=\"2012-09-07T09:19:50+00:00\" \/>\n<meta property=\"article:modified_time\" content=\"2012-09-07T09:22:01+00:00\" \/>\n<meta name=\"twitter:label1\" content=\"Written by\" \/>\n\t<meta name=\"twitter:data1\" content=\"ulqini\" \/>\n\t<meta name=\"twitter:label2\" content=\"Est. reading time\" \/>\n\t<meta name=\"twitter:data2\" content=\"1 minute\" \/>\n<script type=\"application\/ld+json\" class=\"yoast-schema-graph\">{\"@context\":\"https:\/\/schema.org\",\"@graph\":[{\"@type\":\"WebSite\",\"@id\":\"https:\/\/www.visit-ulcinj.com\/blog\/#website\",\"url\":\"https:\/\/www.visit-ulcinj.com\/blog\/\",\"name\":\"Lajme nga Ulqini\",\"description\":\"Lajme,Vijesti,Ulqini,Ulqin,Crna Gora,Mali i Zi\",\"potentialAction\":[{\"@type\":\"SearchAction\",\"target\":{\"@type\":\"EntryPoint\",\"urlTemplate\":\"https:\/\/www.visit-ulcinj.com\/blog\/?s={search_term_string}\"},\"query-input\":\"required name=search_term_string\"}],\"inLanguage\":\"en-US\"},{\"@type\":\"WebPage\",\"@id\":\"https:\/\/www.visit-ulcinj.com\/blog\/2012\/09\/07\/percahen-partite-shqiptare-ne-mal-te-zi\/#webpage\",\"url\":\"https:\/\/www.visit-ulcinj.com\/blog\/2012\/09\/07\/percahen-partite-shqiptare-ne-mal-te-zi\/\",\"name\":\"P\u00ebr\u00e7ahen partit\u00eb shqiptare n\u00eb Mal t\u00eb Zi - Lajme nga Ulqini\",\"isPartOf\":{\"@id\":\"https:\/\/www.visit-ulcinj.com\/blog\/#website\"},\"datePublished\":\"2012-09-07T09:19:50+00:00\",\"dateModified\":\"2012-09-07T09:22:01+00:00\",\"author\":{\"@id\":\"https:\/\/www.visit-ulcinj.com\/blog\/#\/schema\/person\/dcab619c614d3038751c63bc2aadc06d\"},\"description\":\"Mos bashk\u00ebpunimi n\u00eb mes t\u00eb partive shqiptare n\u00eb Mal t\u00eb Zi mund t\u00eb zvog\u00ebloj nga 4 sa jan\u00eb tani n\u00eb vet\u00ebm dy numrin e p\u00ebrfaq\u00ebsues t\u00eb shqiptar\u00ebve n\u00eb\",\"breadcrumb\":{\"@id\":\"https:\/\/www.visit-ulcinj.com\/blog\/2012\/09\/07\/percahen-partite-shqiptare-ne-mal-te-zi\/#breadcrumb\"},\"inLanguage\":\"en-US\",\"potentialAction\":[{\"@type\":\"ReadAction\",\"target\":[\"https:\/\/www.visit-ulcinj.com\/blog\/2012\/09\/07\/percahen-partite-shqiptare-ne-mal-te-zi\/\"]}]},{\"@type\":\"BreadcrumbList\",\"@id\":\"https:\/\/www.visit-ulcinj.com\/blog\/2012\/09\/07\/percahen-partite-shqiptare-ne-mal-te-zi\/#breadcrumb\",\"itemListElement\":[{\"@type\":\"ListItem\",\"position\":1,\"name\":\"P\u00ebr\u00e7ahen partit\u00eb shqiptare n\u00eb Mal t\u00eb Zi\"}]},{\"@type\":\"Person\",\"@id\":\"https:\/\/www.visit-ulcinj.com\/blog\/#\/schema\/person\/dcab619c614d3038751c63bc2aadc06d\",\"name\":\"ulqini\",\"sameAs\":[\"http:\/\/www.visit-ulcinj.com\"],\"url\":\"https:\/\/www.visit-ulcinj.com\/blog\/author\/admin\/\"}]}<\/script>\n<!-- \/ Yoast SEO plugin. -->","yoast_head_json":{"title":"P\u00ebr\u00e7ahen partit\u00eb shqiptare n\u00eb Mal t\u00eb Zi - Lajme nga Ulqini","description":"Mos bashk\u00ebpunimi n\u00eb mes t\u00eb partive shqiptare n\u00eb Mal t\u00eb Zi mund t\u00eb zvog\u00ebloj nga 4 sa jan\u00eb tani n\u00eb vet\u00ebm dy numrin e p\u00ebrfaq\u00ebsues t\u00eb shqiptar\u00ebve n\u00eb","robots":{"index":"index","follow":"follow","max-snippet":"max-snippet:-1","max-image-preview":"max-image-preview:large","max-video-preview":"max-video-preview:-1"},"canonical":"https:\/\/www.visit-ulcinj.com\/blog\/2012\/09\/07\/percahen-partite-shqiptare-ne-mal-te-zi\/","og_locale":"en_US","og_type":"article","og_title":"P\u00ebr\u00e7ahen partit\u00eb shqiptare n\u00eb Mal t\u00eb Zi - Lajme nga Ulqini","og_description":"Mos bashk\u00ebpunimi n\u00eb mes t\u00eb partive shqiptare n\u00eb Mal t\u00eb Zi mund t\u00eb zvog\u00ebloj nga 4 sa jan\u00eb tani n\u00eb vet\u00ebm dy numrin e p\u00ebrfaq\u00ebsues t\u00eb shqiptar\u00ebve n\u00eb","og_url":"https:\/\/www.visit-ulcinj.com\/blog\/2012\/09\/07\/percahen-partite-shqiptare-ne-mal-te-zi\/","og_site_name":"Lajme nga Ulqini","article_published_time":"2012-09-07T09:19:50+00:00","article_modified_time":"2012-09-07T09:22:01+00:00","twitter_misc":{"Written by":"ulqini","Est. reading time":"1 minute"},"schema":{"@context":"https:\/\/schema.org","@graph":[{"@type":"WebSite","@id":"https:\/\/www.visit-ulcinj.com\/blog\/#website","url":"https:\/\/www.visit-ulcinj.com\/blog\/","name":"Lajme nga Ulqini","description":"Lajme,Vijesti,Ulqini,Ulqin,Crna Gora,Mali i Zi","potentialAction":[{"@type":"SearchAction","target":{"@type":"EntryPoint","urlTemplate":"https:\/\/www.visit-ulcinj.com\/blog\/?s={search_term_string}"},"query-input":"required name=search_term_string"}],"inLanguage":"en-US"},{"@type":"WebPage","@id":"https:\/\/www.visit-ulcinj.com\/blog\/2012\/09\/07\/percahen-partite-shqiptare-ne-mal-te-zi\/#webpage","url":"https:\/\/www.visit-ulcinj.com\/blog\/2012\/09\/07\/percahen-partite-shqiptare-ne-mal-te-zi\/","name":"P\u00ebr\u00e7ahen partit\u00eb shqiptare n\u00eb Mal t\u00eb Zi - Lajme nga Ulqini","isPartOf":{"@id":"https:\/\/www.visit-ulcinj.com\/blog\/#website"},"datePublished":"2012-09-07T09:19:50+00:00","dateModified":"2012-09-07T09:22:01+00:00","author":{"@id":"https:\/\/www.visit-ulcinj.com\/blog\/#\/schema\/person\/dcab619c614d3038751c63bc2aadc06d"},"description":"Mos bashk\u00ebpunimi n\u00eb mes t\u00eb partive shqiptare n\u00eb Mal t\u00eb Zi mund t\u00eb zvog\u00ebloj nga 4 sa jan\u00eb tani n\u00eb vet\u00ebm dy numrin e p\u00ebrfaq\u00ebsues t\u00eb shqiptar\u00ebve n\u00eb","breadcrumb":{"@id":"https:\/\/www.visit-ulcinj.com\/blog\/2012\/09\/07\/percahen-partite-shqiptare-ne-mal-te-zi\/#breadcrumb"},"inLanguage":"en-US","potentialAction":[{"@type":"ReadAction","target":["https:\/\/www.visit-ulcinj.com\/blog\/2012\/09\/07\/percahen-partite-shqiptare-ne-mal-te-zi\/"]}]},{"@type":"BreadcrumbList","@id":"https:\/\/www.visit-ulcinj.com\/blog\/2012\/09\/07\/percahen-partite-shqiptare-ne-mal-te-zi\/#breadcrumb","itemListElement":[{"@type":"ListItem","position":1,"name":"P\u00ebr\u00e7ahen partit\u00eb shqiptare n\u00eb Mal t\u00eb Zi"}]},{"@type":"Person","@id":"https:\/\/www.visit-ulcinj.com\/blog\/#\/schema\/person\/dcab619c614d3038751c63bc2aadc06d","name":"ulqini","sameAs":["http:\/\/www.visit-ulcinj.com"],"url":"https:\/\/www.visit-ulcinj.com\/blog\/author\/admin\/"}]}},"jetpack_featured_media_url":"","jetpack_sharing_enabled":true,"jetpack_shortlink":"https:\/\/wp.me\/pe6lTn-guX","_links":{"self":[{"href":"https:\/\/www.visit-ulcinj.com\/blog\/wp-json\/wp\/v2\/posts\/63423"}],"collection":[{"href":"https:\/\/www.visit-ulcinj.com\/blog\/wp-json\/wp\/v2\/posts"}],"about":[{"href":"https:\/\/www.visit-ulcinj.com\/blog\/wp-json\/wp\/v2\/types\/post"}],"author":[{"embeddable":true,"href":"https:\/\/www.visit-ulcinj.com\/blog\/wp-json\/wp\/v2\/users\/1"}],"replies":[{"embeddable":true,"href":"https:\/\/www.visit-ulcinj.com\/blog\/wp-json\/wp\/v2\/comments?post=63423"}],"version-history":[{"count":2,"href":"https:\/\/www.visit-ulcinj.com\/blog\/wp-json\/wp\/v2\/posts\/63423\/revisions"}],"predecessor-version":[{"id":63426,"href":"https:\/\/www.visit-ulcinj.com\/blog\/wp-json\/wp\/v2\/posts\/63423\/revisions\/63426"}],"wp:attachment":[{"href":"https:\/\/www.visit-ulcinj.com\/blog\/wp-json\/wp\/v2\/media?parent=63423"}],"wp:term":[{"taxonomy":"category","embeddable":true,"href":"https:\/\/www.visit-ulcinj.com\/blog\/wp-json\/wp\/v2\/categories?post=63423"},{"taxonomy":"post_tag","embeddable":true,"href":"https:\/\/www.visit-ulcinj.com\/blog\/wp-json\/wp\/v2\/tags?post=63423"}],"curies":[{"name":"wp","href":"https:\/\/api.w.org\/{rel}","templated":true}]}}