{"id":63427,"date":"2012-09-07T10:46:49","date_gmt":"2012-09-07T09:46:49","guid":{"rendered":"http:\/\/www.visit-ulcinj.com\/blog\/?p=63427"},"modified":"2012-09-07T10:46:49","modified_gmt":"2012-09-07T09:46:49","slug":"abazovic-predstoji-nam-pozitivna-jesen","status":"publish","type":"post","link":"https:\/\/www.visit-ulcinj.com\/blog\/2012\/09\/07\/abazovic-predstoji-nam-pozitivna-jesen\/","title":{"rendered":"Abazovi\u0107: Predstoji nam pozitivna jesen"},"content":{"rendered":"<p><strong><a href=\"http:\/\/www.visit-ulcinj.com\/blog\/wp-content\/uploads\/2012\/09\/pozitivna-crna-gora-DRITAN-ABAZOVIC1.jpg\"><img loading=\"lazy\" class=\"alignleft  wp-image-63428\" title=\"pozitivna crna gora - DRITAN ABAZOVIC\" src=\"http:\/\/www.visit-ulcinj.com\/blog\/wp-content\/uploads\/2012\/09\/pozitivna-crna-gora-DRITAN-ABAZOVIC1.jpg\" alt=\"\" width=\"508\" height=\"300\" \/><\/a>Crnogorski gra\u0111ani su \u017eeljni promjena, ali onih evolutivnih, koji garantuju mir, sigurnost i ekonomski progres. Me\u0111utim, svjesni smo da moramo marljivo raditi kako bismo postigli jo\u0161 bolje rezultate u danima koji su pred nama, ali evidentno je da se zemlja sprema za pozitivnu jesen koja predstoji, izjavio je za Portal Analitika \u010dlan Predsjedni\u0161tva Pozitivne Crne Gore, Dritan Abazovi\u0107.<\/strong><\/p>\n<p>On je u razgovoru za na\u0161 portal kazao da ta partija podr\u017eava \u010dlanstvo u NATO, te da zemlja ograni\u010denih kapaciteta, u smislu ekonomske mo\u0107i i teriorije, svoju sigurnost najbolje mo\u017ee obezbijediti kroz sistem kolektivne bezbjednosti.<br \/>\nPozitivna Crna Gora, ka\u017ee Abazovi\u0107, podr\u017eava evroatlantski put Crne Gore i smatra da se svakom pitanju mora pristupiti temeljno, otvoreno i profesionalno. Kada je u pitanju Alijansa neophodno je uspostaviti dobru i blagovremenu informisanost gra\u0111ana kako bi njihov interes do kraja bio za\u0161ti\u0107en, a njihova volja po\u0161tovana.<br \/>\n&#8211; Proces integracije zemlje u bilo koju me\u0111unarodnu organizaciju moraju voditi gra\u0111ani, a na institucijama i politi\u010dkim subjektima jeste da poku\u0161aju da im pribli\u017ee sve benefite i sve mane koji proizilaze iz takvih procesa. Mi\u0161ljenja smo da zemlja ograni\u010denih kapaciteta u smislu ekonomske mo\u0107i, teritorije, brojnost populacije i sli\u010dno, svoju ukupnu sigurnost najbolje mo\u017ee obezbjediti kroz sistem kolektivne bezbjednosti, kazao je Abazovi\u0107.<br \/>\nPozitivna je, ina\u010de, prva politi\u010dka partija koja je afirmisala prijedlog o \u201eotvorenim listama\u201c, kako bi, prema njegovim rije\u010dima, bila omogu\u0107ena bolja zastupljenost gra\u0111anske volje, pa samim tim i oja\u010dao demokratski kapacitet Parlamenta kao krovne institucije u zemlji.<br \/>\n<a href=\"http:\/\/www.visit-ulcinj.com\/blog\/wp-content\/uploads\/2012\/09\/pozitivna-crna-gora-DRITAN-ABAZOVIC.1.jpg\"><img loading=\"lazy\" class=\"alignleft  wp-image-63429\" title=\"pozitivna crna gora - DRITAN ABAZOVIC.1\" src=\"http:\/\/www.visit-ulcinj.com\/blog\/wp-content\/uploads\/2012\/09\/pozitivna-crna-gora-DRITAN-ABAZOVIC.1.jpg\" alt=\"\" width=\"508\" height=\"300\" \/><\/a><br \/>\n&#8211; Otvorene liste podrazumjevaju izborni sistem po kojem bi gra\u0111ani, pored toga \u0161to bi glas dodjelili odre\u0111enoj partijskoj ili koalicionoj listi, tako\u0111e imali mogu\u0107nost da zaokru\u017ee i nekoliko imena unutar same predlo\u017eene liste. Ovaj sistem bi afirmativno djelovao na umanjenje izra\u017eene partitokratije, koja je prisutna u na\u0161em dru\u0161tvu i podstaklo bi depolitizaciju za koju se zala\u017eemo. Na isti na\u010din pove\u0107ava se konkurentnost izme\u0111u predlo\u017eenih kandidata, bez obzira \u0161to dolaze sa iste liste, i omogu\u0107ava ravnopravna trka bez obzira na mjesto koje im je po redoslijedu pripalo na listi, poja\u0161njava Abazovi\u0107.<br \/>\nNjegova partija je ove nedelje prvu predala izbornu listu Dr\u017eavnoj komisiji, a sa kampanjom su po\u010deli ve\u0107 uveliko. Utisci su, ka\u017ee Abazovi\u0107, kao i sam naziv partije &#8211; pozitivni.<br \/>\n&#8211; Utisci su odli\u010dni, a gra\u0111ani pozitivno reaguju na prisustvo Pozitivne Crne Gore, i to nas posebno raduje. Crnogorski gra\u0111ani su \u017eeljni promjena, ali onih evolutivnih, koji garantuju mir, sigurnost i ekonomski progres. Me\u0111utim, svjesni smo da moramo marljivo raditi kako bismo postigli jo\u0161 bolje rezultate u danima koji su pred nama, ali evidentno je da se zemlja sprema za pozitivnu jesen koja predstoji, odlu\u010dan je Abazovi\u0107.<br \/>\nPrema njegovim rije\u010dima, ta partija se ne bavi predvi\u0111anjima koliko bi mandata mogla osvojiti na predstoje\u0107im izborima, te da taj posao treba prepustiti analiti\u010darima i statisti\u010darima.<br \/>\n&#8211; Ono \u0161to mogu potvrditi, jeste, da vjerujemo u dobar rezultat i da ne odustajemo od toga. Vodi\u0107emo pozitivnu kampanju, razgovarati sa velikim brojem gra\u0111ana, kako bi prezentovali program na\u0161e partije i pojasnili \u0161ta to Pozitivna Crna Gora nudi kao rje\u0161enja za brojne probleme u na\u0161oj dr\u017eavi, zaklju\u010duje Abazovi\u0107.<\/p>\n<p><strong>A.S.<br \/>\nAnalitika &#8211; Informativni Portal<\/strong><\/p>\n","protected":false},"excerpt":{"rendered":"<p>Crnogorski gra\u0111ani su \u017eeljni promjena, ali onih evolutivnih, koji garantuju mir, sigurnost i ekonomski progres. Me\u0111utim, svjesni smo da moramo marljivo raditi kako bismo postigli jo\u0161 bolje rezultate u danima koji su pred nama, ali evidentno je da se zemlja sprema za pozitivnu jesen koja predstoji, izjavio je za Portal Analitika \u010dlan Predsjedni\u0161tva Pozitivne Crne [&hellip;]<\/p>\n","protected":false},"author":1,"featured_media":0,"comment_status":"open","ping_status":"closed","sticky":false,"template":"","format":"standard","meta":{"spay_email":"","jetpack_publicize_message":"","jetpack_is_tweetstorm":false,"jetpack_publicize_feature_enabled":true},"categories":[8337],"tags":[13706,20973],"jetpack_publicize_connections":[],"yoast_head":"<!-- This site is optimized with the Yoast SEO plugin v19.1 - https:\/\/yoast.com\/wordpress\/plugins\/seo\/ -->\n<title>Abazovi\u0107: Predstoji nam pozitivna jesen - Lajme nga Ulqini<\/title>\n<meta name=\"description\" content=\"Crnogorski gra\u0111ani su \u017eeljni promjena, ali onih evolutivnih, koji garantuju mir, sigurnost i ekonomski progres. Me\u0111utim, svjesni smo da moramo marljivo\" \/>\n<meta name=\"robots\" content=\"index, follow, max-snippet:-1, max-image-preview:large, max-video-preview:-1\" \/>\n<link rel=\"canonical\" href=\"https:\/\/www.visit-ulcinj.com\/blog\/2012\/09\/07\/abazovic-predstoji-nam-pozitivna-jesen\/\" \/>\n<meta property=\"og:locale\" content=\"en_US\" \/>\n<meta property=\"og:type\" content=\"article\" \/>\n<meta property=\"og:title\" content=\"Abazovi\u0107: Predstoji nam pozitivna jesen - Lajme nga Ulqini\" \/>\n<meta property=\"og:description\" content=\"Crnogorski gra\u0111ani su \u017eeljni promjena, ali onih evolutivnih, koji garantuju mir, sigurnost i ekonomski progres. Me\u0111utim, svjesni smo da moramo marljivo\" \/>\n<meta property=\"og:url\" content=\"https:\/\/www.visit-ulcinj.com\/blog\/2012\/09\/07\/abazovic-predstoji-nam-pozitivna-jesen\/\" \/>\n<meta property=\"og:site_name\" content=\"Lajme nga Ulqini\" \/>\n<meta property=\"article:published_time\" content=\"2012-09-07T09:46:49+00:00\" \/>\n<meta property=\"og:image\" content=\"http:\/\/www.visit-ulcinj.com\/blog\/wp-content\/uploads\/2012\/09\/pozitivna-crna-gora-DRITAN-ABAZOVIC1.jpg\" \/>\n<meta name=\"twitter:label1\" content=\"Written by\" \/>\n\t<meta name=\"twitter:data1\" content=\"ulqini\" \/>\n\t<meta name=\"twitter:label2\" content=\"Est. reading time\" \/>\n\t<meta name=\"twitter:data2\" content=\"3 minutes\" \/>\n<script type=\"application\/ld+json\" class=\"yoast-schema-graph\">{\"@context\":\"https:\/\/schema.org\",\"@graph\":[{\"@type\":\"WebSite\",\"@id\":\"https:\/\/www.visit-ulcinj.com\/blog\/#website\",\"url\":\"https:\/\/www.visit-ulcinj.com\/blog\/\",\"name\":\"Lajme nga Ulqini\",\"description\":\"Lajme,Vijesti,Ulqini,Ulqin,Crna Gora,Mali i Zi\",\"potentialAction\":[{\"@type\":\"SearchAction\",\"target\":{\"@type\":\"EntryPoint\",\"urlTemplate\":\"https:\/\/www.visit-ulcinj.com\/blog\/?s={search_term_string}\"},\"query-input\":\"required name=search_term_string\"}],\"inLanguage\":\"en-US\"},{\"@type\":\"ImageObject\",\"inLanguage\":\"en-US\",\"@id\":\"https:\/\/www.visit-ulcinj.com\/blog\/2012\/09\/07\/abazovic-predstoji-nam-pozitivna-jesen\/#primaryimage\",\"url\":\"https:\/\/www.visit-ulcinj.com\/blog\/wp-content\/uploads\/2012\/09\/pozitivna-crna-gora-DRITAN-ABAZOVIC1.jpg\",\"contentUrl\":\"https:\/\/www.visit-ulcinj.com\/blog\/wp-content\/uploads\/2012\/09\/pozitivna-crna-gora-DRITAN-ABAZOVIC1.jpg\",\"width\":\"590\",\"height\":\"260\"},{\"@type\":\"WebPage\",\"@id\":\"https:\/\/www.visit-ulcinj.com\/blog\/2012\/09\/07\/abazovic-predstoji-nam-pozitivna-jesen\/#webpage\",\"url\":\"https:\/\/www.visit-ulcinj.com\/blog\/2012\/09\/07\/abazovic-predstoji-nam-pozitivna-jesen\/\",\"name\":\"Abazovi\u0107: Predstoji nam pozitivna jesen - Lajme nga Ulqini\",\"isPartOf\":{\"@id\":\"https:\/\/www.visit-ulcinj.com\/blog\/#website\"},\"primaryImageOfPage\":{\"@id\":\"https:\/\/www.visit-ulcinj.com\/blog\/2012\/09\/07\/abazovic-predstoji-nam-pozitivna-jesen\/#primaryimage\"},\"datePublished\":\"2012-09-07T09:46:49+00:00\",\"dateModified\":\"2012-09-07T09:46:49+00:00\",\"author\":{\"@id\":\"https:\/\/www.visit-ulcinj.com\/blog\/#\/schema\/person\/dcab619c614d3038751c63bc2aadc06d\"},\"description\":\"Crnogorski gra\u0111ani su \u017eeljni promjena, ali onih evolutivnih, koji garantuju mir, sigurnost i ekonomski progres. Me\u0111utim, svjesni smo da moramo marljivo\",\"breadcrumb\":{\"@id\":\"https:\/\/www.visit-ulcinj.com\/blog\/2012\/09\/07\/abazovic-predstoji-nam-pozitivna-jesen\/#breadcrumb\"},\"inLanguage\":\"en-US\",\"potentialAction\":[{\"@type\":\"ReadAction\",\"target\":[\"https:\/\/www.visit-ulcinj.com\/blog\/2012\/09\/07\/abazovic-predstoji-nam-pozitivna-jesen\/\"]}]},{\"@type\":\"BreadcrumbList\",\"@id\":\"https:\/\/www.visit-ulcinj.com\/blog\/2012\/09\/07\/abazovic-predstoji-nam-pozitivna-jesen\/#breadcrumb\",\"itemListElement\":[{\"@type\":\"ListItem\",\"position\":1,\"name\":\"Abazovi\u0107: Predstoji nam pozitivna jesen\"}]},{\"@type\":\"Person\",\"@id\":\"https:\/\/www.visit-ulcinj.com\/blog\/#\/schema\/person\/dcab619c614d3038751c63bc2aadc06d\",\"name\":\"ulqini\",\"sameAs\":[\"http:\/\/www.visit-ulcinj.com\"],\"url\":\"https:\/\/www.visit-ulcinj.com\/blog\/author\/admin\/\"}]}<\/script>\n<!-- \/ Yoast SEO plugin. -->","yoast_head_json":{"title":"Abazovi\u0107: Predstoji nam pozitivna jesen - Lajme nga Ulqini","description":"Crnogorski gra\u0111ani su \u017eeljni promjena, ali onih evolutivnih, koji garantuju mir, sigurnost i ekonomski progres. Me\u0111utim, svjesni smo da moramo marljivo","robots":{"index":"index","follow":"follow","max-snippet":"max-snippet:-1","max-image-preview":"max-image-preview:large","max-video-preview":"max-video-preview:-1"},"canonical":"https:\/\/www.visit-ulcinj.com\/blog\/2012\/09\/07\/abazovic-predstoji-nam-pozitivna-jesen\/","og_locale":"en_US","og_type":"article","og_title":"Abazovi\u0107: Predstoji nam pozitivna jesen - Lajme nga Ulqini","og_description":"Crnogorski gra\u0111ani su \u017eeljni promjena, ali onih evolutivnih, koji garantuju mir, sigurnost i ekonomski progres. Me\u0111utim, svjesni smo da moramo marljivo","og_url":"https:\/\/www.visit-ulcinj.com\/blog\/2012\/09\/07\/abazovic-predstoji-nam-pozitivna-jesen\/","og_site_name":"Lajme nga Ulqini","article_published_time":"2012-09-07T09:46:49+00:00","og_image":[{"url":"http:\/\/www.visit-ulcinj.com\/blog\/wp-content\/uploads\/2012\/09\/pozitivna-crna-gora-DRITAN-ABAZOVIC1.jpg"}],"twitter_misc":{"Written by":"ulqini","Est. reading time":"3 minutes"},"schema":{"@context":"https:\/\/schema.org","@graph":[{"@type":"WebSite","@id":"https:\/\/www.visit-ulcinj.com\/blog\/#website","url":"https:\/\/www.visit-ulcinj.com\/blog\/","name":"Lajme nga Ulqini","description":"Lajme,Vijesti,Ulqini,Ulqin,Crna Gora,Mali i Zi","potentialAction":[{"@type":"SearchAction","target":{"@type":"EntryPoint","urlTemplate":"https:\/\/www.visit-ulcinj.com\/blog\/?s={search_term_string}"},"query-input":"required name=search_term_string"}],"inLanguage":"en-US"},{"@type":"ImageObject","inLanguage":"en-US","@id":"https:\/\/www.visit-ulcinj.com\/blog\/2012\/09\/07\/abazovic-predstoji-nam-pozitivna-jesen\/#primaryimage","url":"https:\/\/www.visit-ulcinj.com\/blog\/wp-content\/uploads\/2012\/09\/pozitivna-crna-gora-DRITAN-ABAZOVIC1.jpg","contentUrl":"https:\/\/www.visit-ulcinj.com\/blog\/wp-content\/uploads\/2012\/09\/pozitivna-crna-gora-DRITAN-ABAZOVIC1.jpg","width":"590","height":"260"},{"@type":"WebPage","@id":"https:\/\/www.visit-ulcinj.com\/blog\/2012\/09\/07\/abazovic-predstoji-nam-pozitivna-jesen\/#webpage","url":"https:\/\/www.visit-ulcinj.com\/blog\/2012\/09\/07\/abazovic-predstoji-nam-pozitivna-jesen\/","name":"Abazovi\u0107: Predstoji nam pozitivna jesen - Lajme nga Ulqini","isPartOf":{"@id":"https:\/\/www.visit-ulcinj.com\/blog\/#website"},"primaryImageOfPage":{"@id":"https:\/\/www.visit-ulcinj.com\/blog\/2012\/09\/07\/abazovic-predstoji-nam-pozitivna-jesen\/#primaryimage"},"datePublished":"2012-09-07T09:46:49+00:00","dateModified":"2012-09-07T09:46:49+00:00","author":{"@id":"https:\/\/www.visit-ulcinj.com\/blog\/#\/schema\/person\/dcab619c614d3038751c63bc2aadc06d"},"description":"Crnogorski gra\u0111ani su \u017eeljni promjena, ali onih evolutivnih, koji garantuju mir, sigurnost i ekonomski progres. Me\u0111utim, svjesni smo da moramo marljivo","breadcrumb":{"@id":"https:\/\/www.visit-ulcinj.com\/blog\/2012\/09\/07\/abazovic-predstoji-nam-pozitivna-jesen\/#breadcrumb"},"inLanguage":"en-US","potentialAction":[{"@type":"ReadAction","target":["https:\/\/www.visit-ulcinj.com\/blog\/2012\/09\/07\/abazovic-predstoji-nam-pozitivna-jesen\/"]}]},{"@type":"BreadcrumbList","@id":"https:\/\/www.visit-ulcinj.com\/blog\/2012\/09\/07\/abazovic-predstoji-nam-pozitivna-jesen\/#breadcrumb","itemListElement":[{"@type":"ListItem","position":1,"name":"Abazovi\u0107: Predstoji nam pozitivna jesen"}]},{"@type":"Person","@id":"https:\/\/www.visit-ulcinj.com\/blog\/#\/schema\/person\/dcab619c614d3038751c63bc2aadc06d","name":"ulqini","sameAs":["http:\/\/www.visit-ulcinj.com"],"url":"https:\/\/www.visit-ulcinj.com\/blog\/author\/admin\/"}]}},"jetpack_featured_media_url":"","jetpack_sharing_enabled":true,"jetpack_shortlink":"https:\/\/wp.me\/pe6lTn-gv1","_links":{"self":[{"href":"https:\/\/www.visit-ulcinj.com\/blog\/wp-json\/wp\/v2\/posts\/63427"}],"collection":[{"href":"https:\/\/www.visit-ulcinj.com\/blog\/wp-json\/wp\/v2\/posts"}],"about":[{"href":"https:\/\/www.visit-ulcinj.com\/blog\/wp-json\/wp\/v2\/types\/post"}],"author":[{"embeddable":true,"href":"https:\/\/www.visit-ulcinj.com\/blog\/wp-json\/wp\/v2\/users\/1"}],"replies":[{"embeddable":true,"href":"https:\/\/www.visit-ulcinj.com\/blog\/wp-json\/wp\/v2\/comments?post=63427"}],"version-history":[{"count":1,"href":"https:\/\/www.visit-ulcinj.com\/blog\/wp-json\/wp\/v2\/posts\/63427\/revisions"}],"predecessor-version":[{"id":63430,"href":"https:\/\/www.visit-ulcinj.com\/blog\/wp-json\/wp\/v2\/posts\/63427\/revisions\/63430"}],"wp:attachment":[{"href":"https:\/\/www.visit-ulcinj.com\/blog\/wp-json\/wp\/v2\/media?parent=63427"}],"wp:term":[{"taxonomy":"category","embeddable":true,"href":"https:\/\/www.visit-ulcinj.com\/blog\/wp-json\/wp\/v2\/categories?post=63427"},{"taxonomy":"post_tag","embeddable":true,"href":"https:\/\/www.visit-ulcinj.com\/blog\/wp-json\/wp\/v2\/tags?post=63427"}],"curies":[{"name":"wp","href":"https:\/\/api.w.org\/{rel}","templated":true}]}}