{"id":63437,"date":"2012-09-07T18:52:23","date_gmt":"2012-09-07T17:52:23","guid":{"rendered":"http:\/\/www.visit-ulcinj.com\/blog\/?p=63437"},"modified":"2012-09-07T18:57:49","modified_gmt":"2012-09-07T17:57:49","slug":"me-13-shtator-te-gjithe-per-mark-gjonaj-n","status":"publish","type":"post","link":"https:\/\/www.visit-ulcinj.com\/blog\/2012\/09\/07\/me-13-shtator-te-gjithe-per-mark-gjonaj-n\/","title":{"rendered":"M\u00eb 13 shtator t\u00eb gjith\u00eb p\u00ebr Mark Gjonaj-n"},"content":{"rendered":"<p style=\"text-align: center;\"><strong>T\u00eb gjith\u00eb p\u00ebr Mark Gjonaj-n m\u00eb 13 shtator<\/strong><\/p>\n<p>&nbsp;<\/p>\n<p><strong>Nga Frank Shkreli<\/strong><br \/>\nSi\u00e7 dihet nga komuniteti shqiptaro-amerikan dhe m\u00eb gj\u00ebr\u00eb, Mark Gjonaj me origjin\u00eb nga rrethi i Ulqinit i lindur dhe i rritur n\u00eb lagj\u00ebn Bronks t\u00eb Nju Jorkut, ka shpallur kandidatur\u00ebn p\u00ebr an\u00ebtar t\u00eb Asambles\u00eb s\u00eb shtetit t\u00eb Nju Jorkut. Si kandidat p\u00ebr n\u00eb Asamble, muajt\u00eb e fundit ai ka b\u00ebr\u00eb nj\u00eb fushat\u00eb intensive dhe t\u00eb gjith\u00ebanshme p\u00ebr t\u00eb bindur votuesit e lagj\u00ebs elektorale num\u00ebr 80 t\u00eb Bronksit se ai \u00ebsht\u00eb kandidati m\u00eb i p\u00ebrshtatsh\u00ebm dhe shqiptaro-amerikani i par\u00eb q\u00eb meriton t\u00eb d\u00ebrgohet n\u00eb kryeqytetin e Nju Jorkut, Albany p\u00ebr t\u00eb p\u00ebrfaq\u00ebsuar dhe p\u00ebr t\u00eb mbrojtur interesat e banor\u00ebve t\u00eb k\u00ebsaj lagje n\u00eb kryeqytetin e Nju Jorkut.<\/p>\n<p><a href=\"http:\/\/www.visit-ulcinj.com\/blog\/wp-content\/uploads\/2012\/09\/Mark-Gjonaj_Obama.jpg\"><img loading=\"lazy\" class=\"alignleft  wp-image-63438\" title=\"Mark Gjonaj_Obama\" src=\"http:\/\/www.visit-ulcinj.com\/blog\/wp-content\/uploads\/2012\/09\/Mark-Gjonaj_Obama.jpg\" alt=\"\" width=\"508\" height=\"360\" \/><\/a><br \/>\nGjat\u00eb fushat\u00ebs Zoti Mark Gjonaj, tregoi pjekuri politike dhe vendosm\u00ebri t\u00eb pal\u00ebkundur si kandidat dhe si njeri se ai \u00ebsht\u00eb gati p\u00ebr t\u00eb p\u00ebrfaq\u00ebsuar k\u00ebt\u00eb lagje t\u00eb madhe t\u00eb Bronksit, ku jeton edhe nj\u00eb num\u00ebr i madh shqiptaro-amerikan\u00ebsh. Zoti Gjonaj, gjat\u00eb muajve t\u00eb kaluar ka shpalosur programin e tij elektoral para zgjedh\u00ebsve duke theksuar nevojat dhe shqet\u00ebsimet e k\u00ebtij komuniteti dhe se si ai \u2013 si an\u00ebtar i ri i Asambles\u00eb s\u00eb Nju Jorkut \u2013 do t\u00eb b\u00ebj\u00eb \u00e7\u2019mos q\u00eb t\u00eb p\u00ebrfaq\u00ebsoj\u00eb interesat e komunitetit dhe t\u00eb luftoj\u00eb p\u00ebr zbatimin e planit elektoral t\u00eb tij n\u00eb lidhje me ekonomin\u00eb &#8212; ngadal\u00ebsimi i s\u00eb cil\u00ebs ka prekur gjith\u00eb Nju Jorkun dhe Amerik\u00ebn &#8212; por n\u00eb ve\u00e7anti ka goditur r\u00ebnd\u00eb zonat e Nju Jorkut, si\u00e7 \u00ebsht\u00eb lagja 80 n\u00eb Bronks me nj\u00eb papun\u00ebs prej 14% si edhe probleme t\u00eb tjera ekonomike q\u00eb shkaktohen nga papun\u00ebsia. Kandidati Gjonaj ka premtuar se do t\u00eb punoj\u00eb me sektor\u00ebt privat dhe qeveritar t\u00eb niveleve t\u00eb ndryshme vendore e shtet\u00ebrore, p\u00ebr t\u00eb k\u00ebthyer ekonomin\u00eb vendase n\u00eb rrug\u00ebn e duhur. Nd\u00ebr t\u00eb tjera, ai ka theksuar gjithashtu se edukimi i f\u00ebmijve \u00ebsht\u00eb nj\u00eb prioritet i lart\u00eb p\u00ebr \u2018t\u00eb dhe ka premtuar se do t\u00eb luftoj\u00eb n\u00eb Albany p\u00ebr m\u00eb shum\u00eb burime financiare p\u00ebr shkollat n\u00eb lagj\u00ebn q\u00eb ai shpreson t\u00eb p\u00ebrfaq\u00ebsoj\u00eb. Si pjes\u00eb e fushat\u00ebs s\u00eb tij, Zoti Gjonaj ka premtuar t\u00eb luftoj\u00eb edhe krimin duke shtuar nivelin e mund\u00ebsive dhe t\u00eb edukimit p\u00ebr t\u00eb rinjt\u00eb, dhe ka theksuar se do t\u00eb b\u00ebj\u00eb \u00e7\u2019mos q\u00eb t\u00eb bashkpunoj\u00eb me forcat e rendit me q\u00ebllim q\u00eb ato t\u00eb ken\u00eb burimet e nevojshme p\u00ebr sigurin\u00eb e komunitetit.<\/p>\n<p>Kandidaturat e shqiptaro-amerikan\u00ebve Mark Gjonaj, p\u00ebr n\u00eb Asamblen\u00eb e Nju Jorkut dhe e ajo e Ken Biberajt p\u00ebr n\u00eb k\u00ebshillin e qytetit t\u00eb Nju Jorkut, me t\u00eb drejt\u00eb, kan\u00eb t\u00ebrhequr interesimin e medias vendore dhe asaj shqiptaro-aerikane, por edhe t\u00eb shqiptar\u00ebve kudo, madje edhe n\u00eb trojet tona n\u00eb Ballkan, sis historike p\u00ebr k\u00ebt\u00eb komunitet.<br \/>\nZoti Gjonaj ka b\u00ebr\u00eb detyr\u00ebn dhe sakrific\u00ebn e tij, si kandidat dhe si shqiptaro-amerikan duke zhvilluar nj\u00eb fushat\u00eb t\u00eb ndershme dhe bind\u00ebse. Edhe komuniteti shqiptaro-amerikan, nga ana e tij, ka b\u00ebr\u00eb at\u00eb q\u00eb i takon dhe aq sa q\u00eb ka patur mund\u00ebsi, ka mbledhur fonde p\u00ebr fushat\u00ebn e tij dhe ka b\u00ebr\u00eb pun\u00eb vullnetare p\u00ebr t\u00eb p\u00ebrhapur, an\u00eb e mban\u00eb lagj\u00ebs elektorale num\u00ebr 80, mesazhin e kandidatit t\u00eb par\u00eb shqiptaro-amerikan, p\u00ebr n\u00eb Asamblen\u00eb e shtetit t\u00eb Nju Jorkut. Vet Mark Gjonaj si edhe komuniteti shqiptaro-amerikan duhet ta ndjejn\u00eb veten krenar\u00eb p\u00ebr m\u00ebnyren se si \u00ebsht\u00eb zhvilluar fushata, si dhe p\u00ebr ndihm\u00ebn financiare dhe morale q\u00eb nj\u00eb pjes\u00eb e madhe e komunitetit i ka dh\u00ebn\u00eb kandidatur\u00ebs s\u00eb Mark Gjonajt.<br \/>\nTani fati i kandidatur\u00ebs s\u00eb Mark Gjonaj dhe fitorja e tij \u00ebsht\u00eb n\u00eb dor\u00eb t\u00eb votuesit. Ai e ka fjal\u00ebn e fundit. Ai \u00ebsht\u00eb sovrani. M\u00eb 13 Shtator mbahen zgjedhjet paraprake t\u00eb Partis\u00eb Demokrate dhe mund\u00ebsit\u00eb e fitores p\u00ebr kandidatin Gjonaj kund\u00ebr t\u00eb pak\u00ebn tre kandidat\u00ebve t\u00eb tjer\u00eb, duken shum\u00eb t\u00eb mira. Gjat\u00eb viteve, Zoti Gjonaj ka treguar nj\u00eb interesim t\u00eb posa\u00e7\u00ebm dhe lidhje t\u00eb ngushta me komunitetin shqiptaro-amerikan. Ai \u00ebsht\u00eb marr\u00eb me organizimin e veprimtarive t\u00eb ndryshme kulturore, shoq\u00ebrore e politike dhe i gjith\u00eb komuniteti, e sidomos shqiptaro-amerikan\u00ebt e lagj\u00ebs elektorale num\u00ebr 80, ia kan\u00eb borxh q\u00eb m\u00eb 13 Shtator, \u00e7do nj\u00ebri q\u00eb jeton n\u00eb at\u00eb lagje, q\u00eb \u00ebsht\u00eb i regjistruar dhe ka t\u00eb drejt\u00ebn e vot\u00ebs, duhet t\u00eb shkoj\u00eb e t\u00eb hedhi vot\u00ebn e vet n\u00eb favor t\u00eb bashkatdehtarit dhe bashkvendasit ton\u00eb, shqiptaro-amerikanit Gjonaj.<br \/>\nP\u00ebr m\u00eb tep\u00ebr, gjat\u00eb k\u00ebsaj jave q\u00eb ka mbetur para zgjedhjeve paraprake t\u00eb Partis\u00eb Demokrate, vullnetar\u00ebt dhe dashamirsit e k\u00ebsaj fushate t\u00eb shkojn\u00eb der\u00eb me der\u00eb dhe t\u00eb b\u00ebjn\u00eb telefonata p\u00ebr t\u00eb bindur votuesit e k\u00ebsaj lagje, pa marr\u00eb parasysh\u00eb etnicitetin e tyre, q\u00eb t\u00eb dalin e t\u00eb votojn\u00eb \u2013 p\u00ebr Mark Gjonaj. P\u00ebr \u00e7do shqiptaro-amerikan n\u00eb at\u00eb lagje t\u00eb Bronksit, \u00ebsht\u00eb me r\u00ebnd\u00ebsi q\u00eb p\u00ebrve\u00e7 vot\u00ebs s\u00eb vet, b\u00ebn \u00e7\u2019mos t\u00eb inkurajosh familjen, shokun, bashkpuntorin dhe k\u00ebdo q\u00eb njeh q\u00eb t\u00eb shkoj\u00eb e t\u00eb votoj\u00eb dhe t\u00eb hedhin vot\u00ebn p\u00ebr kandidatin Mark Gjonaj.<br \/>\n<a href=\"http:\/\/www.visit-ulcinj.com\/blog\/wp-content\/uploads\/2012\/09\/Mark-Gjonaj_Shqipetar-nga-Ulqini.jpg\"><img loading=\"lazy\" class=\"alignleft  wp-image-63439\" title=\"Mark Gjonaj_Shqipetar nga Ulqini\" src=\"http:\/\/www.visit-ulcinj.com\/blog\/wp-content\/uploads\/2012\/09\/Mark-Gjonaj_Shqipetar-nga-Ulqini.jpg\" alt=\"\" width=\"508\" height=\"300\" \/><\/a><\/p>\n<p>Pjes\u00ebmarrja e madhe e komunitetit shqiptaro-amerikan do t\u00eb jet\u00eb nj\u00eb katalist i r\u00ebnd\u00ebsish\u00ebm q\u00eb do t\u00eb siguroj\u00eb fitoren p\u00ebr Mark Gjonajn. N\u00eb t\u00eb nj\u00ebjt\u00ebn koh\u00eb, k\u00ebjo fushat\u00eb do t\u00eb jet\u00eb gjithashtu edhe nj\u00eb prov\u00eb n\u00ebse komuniteti shqiptaro-amerikan \u00ebsht\u00eb i pjekur sa duhet politikisht q\u00eb n\u00eb t\u00eb ardh\u00ebshmen t\u00eb mb\u00ebshtes\u00eb kandidatura si ajo e Mark Gjonaj&#8211; nga individ\u00eb t\u00eb komunitetit shqiptaro-amerikan n\u00eb Nju Jork dhe gjetiu &#8212; t\u00eb cil\u00ebt jan\u00eb t\u00eb interesuar t\u00eb b\u00ebjn\u00eb karjer\u00eb politike. Tani \u00ebsht\u00eb rasti, tani \u00ebsht\u00eb mund\u00ebsia! Tani \u00ebsht\u00eb momenti, p\u00ebr t\u00eb treguar se ky komunitet \u00ebsht\u00eb i vendosur dhe serioz p\u00ebr t\u00eb marr\u00eb pjes\u00eb n\u00eb procesin politik amerikan ashtu si\u00e7 kan\u00eb b\u00ebr\u00eb grupet e tjera etnike n\u00eb k\u00ebt\u00eb vend.<br \/>\n<strong> Frank Shkreli<\/strong><\/p>\n<!--YouTube Error: bad URL entered-->\n","protected":false},"excerpt":{"rendered":"<p>T\u00eb gjith\u00eb p\u00ebr Mark Gjonaj-n m\u00eb 13 shtator &nbsp; Nga Frank Shkreli Si\u00e7 dihet nga komuniteti shqiptaro-amerikan dhe m\u00eb gj\u00ebr\u00eb, Mark Gjonaj me origjin\u00eb nga rrethi i Ulqinit i lindur dhe i rritur n\u00eb lagj\u00ebn Bronks t\u00eb Nju Jorkut, ka shpallur kandidatur\u00ebn p\u00ebr an\u00ebtar t\u00eb Asambles\u00eb s\u00eb shtetit t\u00eb Nju Jorkut. Si kandidat p\u00ebr n\u00eb [&hellip;]<\/p>\n","protected":false},"author":1,"featured_media":0,"comment_status":"open","ping_status":"closed","sticky":false,"template":"","format":"standard","meta":{"spay_email":"","jetpack_publicize_message":"","jetpack_is_tweetstorm":false,"jetpack_publicize_feature_enabled":true},"categories":[7],"tags":[20331],"jetpack_publicize_connections":[],"yoast_head":"<!-- This site is optimized with the Yoast SEO plugin v19.1 - https:\/\/yoast.com\/wordpress\/plugins\/seo\/ -->\n<title>M\u00eb 13 shtator t\u00eb gjith\u00eb p\u00ebr Mark Gjonaj-n  - Lajme nga Ulqini<\/title>\n<meta name=\"description\" content=\"T\u00eb gjith\u00eb p\u00ebr Mark Gjonaj-n m\u00eb 13 shtator &nbsp; Nga Frank Shkreli Si\u00e7 dihet nga komuniteti shqiptaro-amerikan dhe m\u00eb gj\u00ebr\u00eb, Mark Gjonaj me origjin\u00eb nga\" \/>\n<meta name=\"robots\" content=\"index, follow, max-snippet:-1, max-image-preview:large, max-video-preview:-1\" \/>\n<link rel=\"canonical\" href=\"https:\/\/www.visit-ulcinj.com\/blog\/2012\/09\/07\/me-13-shtator-te-gjithe-per-mark-gjonaj-n\/\" \/>\n<meta property=\"og:locale\" content=\"en_US\" \/>\n<meta property=\"og:type\" content=\"article\" \/>\n<meta property=\"og:title\" content=\"M\u00eb 13 shtator t\u00eb gjith\u00eb p\u00ebr Mark Gjonaj-n  - Lajme nga Ulqini\" \/>\n<meta property=\"og:description\" content=\"T\u00eb gjith\u00eb p\u00ebr Mark Gjonaj-n m\u00eb 13 shtator &nbsp; Nga Frank Shkreli Si\u00e7 dihet nga komuniteti shqiptaro-amerikan dhe m\u00eb gj\u00ebr\u00eb, Mark Gjonaj me origjin\u00eb nga\" \/>\n<meta property=\"og:url\" content=\"https:\/\/www.visit-ulcinj.com\/blog\/2012\/09\/07\/me-13-shtator-te-gjithe-per-mark-gjonaj-n\/\" \/>\n<meta property=\"og:site_name\" content=\"Lajme nga Ulqini\" \/>\n<meta property=\"article:published_time\" content=\"2012-09-07T17:52:23+00:00\" \/>\n<meta property=\"article:modified_time\" content=\"2012-09-07T17:57:49+00:00\" \/>\n<meta property=\"og:image\" content=\"http:\/\/www.visit-ulcinj.com\/blog\/wp-content\/uploads\/2012\/09\/Mark-Gjonaj_Obama.jpg\" \/>\n<meta name=\"twitter:label1\" content=\"Written by\" \/>\n\t<meta name=\"twitter:data1\" content=\"ulqini\" \/>\n\t<meta name=\"twitter:label2\" content=\"Est. reading time\" \/>\n\t<meta name=\"twitter:data2\" content=\"5 minutes\" \/>\n<script type=\"application\/ld+json\" class=\"yoast-schema-graph\">{\"@context\":\"https:\/\/schema.org\",\"@graph\":[{\"@type\":\"WebSite\",\"@id\":\"https:\/\/www.visit-ulcinj.com\/blog\/#website\",\"url\":\"https:\/\/www.visit-ulcinj.com\/blog\/\",\"name\":\"Lajme nga Ulqini\",\"description\":\"Lajme,Vijesti,Ulqini,Ulqin,Crna Gora,Mali i Zi\",\"potentialAction\":[{\"@type\":\"SearchAction\",\"target\":{\"@type\":\"EntryPoint\",\"urlTemplate\":\"https:\/\/www.visit-ulcinj.com\/blog\/?s={search_term_string}\"},\"query-input\":\"required name=search_term_string\"}],\"inLanguage\":\"en-US\"},{\"@type\":\"ImageObject\",\"inLanguage\":\"en-US\",\"@id\":\"https:\/\/www.visit-ulcinj.com\/blog\/2012\/09\/07\/me-13-shtator-te-gjithe-per-mark-gjonaj-n\/#primaryimage\",\"url\":\"http:\/\/www.visit-ulcinj.com\/blog\/wp-content\/uploads\/2012\/09\/Mark-Gjonaj_Obama.jpg\",\"contentUrl\":\"http:\/\/www.visit-ulcinj.com\/blog\/wp-content\/uploads\/2012\/09\/Mark-Gjonaj_Obama.jpg\"},{\"@type\":\"WebPage\",\"@id\":\"https:\/\/www.visit-ulcinj.com\/blog\/2012\/09\/07\/me-13-shtator-te-gjithe-per-mark-gjonaj-n\/#webpage\",\"url\":\"https:\/\/www.visit-ulcinj.com\/blog\/2012\/09\/07\/me-13-shtator-te-gjithe-per-mark-gjonaj-n\/\",\"name\":\"M\u00eb 13 shtator t\u00eb gjith\u00eb p\u00ebr Mark Gjonaj-n - Lajme nga Ulqini\",\"isPartOf\":{\"@id\":\"https:\/\/www.visit-ulcinj.com\/blog\/#website\"},\"primaryImageOfPage\":{\"@id\":\"https:\/\/www.visit-ulcinj.com\/blog\/2012\/09\/07\/me-13-shtator-te-gjithe-per-mark-gjonaj-n\/#primaryimage\"},\"datePublished\":\"2012-09-07T17:52:23+00:00\",\"dateModified\":\"2012-09-07T17:57:49+00:00\",\"author\":{\"@id\":\"https:\/\/www.visit-ulcinj.com\/blog\/#\/schema\/person\/dcab619c614d3038751c63bc2aadc06d\"},\"description\":\"T\u00eb gjith\u00eb p\u00ebr Mark Gjonaj-n m\u00eb 13 shtator &nbsp; Nga Frank Shkreli Si\u00e7 dihet nga komuniteti shqiptaro-amerikan dhe m\u00eb gj\u00ebr\u00eb, Mark Gjonaj me origjin\u00eb nga\",\"breadcrumb\":{\"@id\":\"https:\/\/www.visit-ulcinj.com\/blog\/2012\/09\/07\/me-13-shtator-te-gjithe-per-mark-gjonaj-n\/#breadcrumb\"},\"inLanguage\":\"en-US\",\"potentialAction\":[{\"@type\":\"ReadAction\",\"target\":[\"https:\/\/www.visit-ulcinj.com\/blog\/2012\/09\/07\/me-13-shtator-te-gjithe-per-mark-gjonaj-n\/\"]}]},{\"@type\":\"BreadcrumbList\",\"@id\":\"https:\/\/www.visit-ulcinj.com\/blog\/2012\/09\/07\/me-13-shtator-te-gjithe-per-mark-gjonaj-n\/#breadcrumb\",\"itemListElement\":[{\"@type\":\"ListItem\",\"position\":1,\"name\":\"M\u00eb 13 shtator t\u00eb gjith\u00eb p\u00ebr Mark Gjonaj-n\"}]},{\"@type\":\"Person\",\"@id\":\"https:\/\/www.visit-ulcinj.com\/blog\/#\/schema\/person\/dcab619c614d3038751c63bc2aadc06d\",\"name\":\"ulqini\",\"sameAs\":[\"http:\/\/www.visit-ulcinj.com\"],\"url\":\"https:\/\/www.visit-ulcinj.com\/blog\/author\/admin\/\"}]}<\/script>\n<!-- \/ Yoast SEO plugin. -->","yoast_head_json":{"title":"M\u00eb 13 shtator t\u00eb gjith\u00eb p\u00ebr Mark Gjonaj-n  - Lajme nga Ulqini","description":"T\u00eb gjith\u00eb p\u00ebr Mark Gjonaj-n m\u00eb 13 shtator &nbsp; Nga Frank Shkreli Si\u00e7 dihet nga komuniteti shqiptaro-amerikan dhe m\u00eb gj\u00ebr\u00eb, Mark Gjonaj me origjin\u00eb nga","robots":{"index":"index","follow":"follow","max-snippet":"max-snippet:-1","max-image-preview":"max-image-preview:large","max-video-preview":"max-video-preview:-1"},"canonical":"https:\/\/www.visit-ulcinj.com\/blog\/2012\/09\/07\/me-13-shtator-te-gjithe-per-mark-gjonaj-n\/","og_locale":"en_US","og_type":"article","og_title":"M\u00eb 13 shtator t\u00eb gjith\u00eb p\u00ebr Mark Gjonaj-n  - Lajme nga Ulqini","og_description":"T\u00eb gjith\u00eb p\u00ebr Mark Gjonaj-n m\u00eb 13 shtator &nbsp; Nga Frank Shkreli Si\u00e7 dihet nga komuniteti shqiptaro-amerikan dhe m\u00eb gj\u00ebr\u00eb, Mark Gjonaj me origjin\u00eb nga","og_url":"https:\/\/www.visit-ulcinj.com\/blog\/2012\/09\/07\/me-13-shtator-te-gjithe-per-mark-gjonaj-n\/","og_site_name":"Lajme nga Ulqini","article_published_time":"2012-09-07T17:52:23+00:00","article_modified_time":"2012-09-07T17:57:49+00:00","og_image":[{"url":"http:\/\/www.visit-ulcinj.com\/blog\/wp-content\/uploads\/2012\/09\/Mark-Gjonaj_Obama.jpg"}],"twitter_misc":{"Written by":"ulqini","Est. reading time":"5 minutes"},"schema":{"@context":"https:\/\/schema.org","@graph":[{"@type":"WebSite","@id":"https:\/\/www.visit-ulcinj.com\/blog\/#website","url":"https:\/\/www.visit-ulcinj.com\/blog\/","name":"Lajme nga Ulqini","description":"Lajme,Vijesti,Ulqini,Ulqin,Crna Gora,Mali i Zi","potentialAction":[{"@type":"SearchAction","target":{"@type":"EntryPoint","urlTemplate":"https:\/\/www.visit-ulcinj.com\/blog\/?s={search_term_string}"},"query-input":"required name=search_term_string"}],"inLanguage":"en-US"},{"@type":"ImageObject","inLanguage":"en-US","@id":"https:\/\/www.visit-ulcinj.com\/blog\/2012\/09\/07\/me-13-shtator-te-gjithe-per-mark-gjonaj-n\/#primaryimage","url":"http:\/\/www.visit-ulcinj.com\/blog\/wp-content\/uploads\/2012\/09\/Mark-Gjonaj_Obama.jpg","contentUrl":"http:\/\/www.visit-ulcinj.com\/blog\/wp-content\/uploads\/2012\/09\/Mark-Gjonaj_Obama.jpg"},{"@type":"WebPage","@id":"https:\/\/www.visit-ulcinj.com\/blog\/2012\/09\/07\/me-13-shtator-te-gjithe-per-mark-gjonaj-n\/#webpage","url":"https:\/\/www.visit-ulcinj.com\/blog\/2012\/09\/07\/me-13-shtator-te-gjithe-per-mark-gjonaj-n\/","name":"M\u00eb 13 shtator t\u00eb gjith\u00eb p\u00ebr Mark Gjonaj-n - Lajme nga Ulqini","isPartOf":{"@id":"https:\/\/www.visit-ulcinj.com\/blog\/#website"},"primaryImageOfPage":{"@id":"https:\/\/www.visit-ulcinj.com\/blog\/2012\/09\/07\/me-13-shtator-te-gjithe-per-mark-gjonaj-n\/#primaryimage"},"datePublished":"2012-09-07T17:52:23+00:00","dateModified":"2012-09-07T17:57:49+00:00","author":{"@id":"https:\/\/www.visit-ulcinj.com\/blog\/#\/schema\/person\/dcab619c614d3038751c63bc2aadc06d"},"description":"T\u00eb gjith\u00eb p\u00ebr Mark Gjonaj-n m\u00eb 13 shtator &nbsp; Nga Frank Shkreli Si\u00e7 dihet nga komuniteti shqiptaro-amerikan dhe m\u00eb gj\u00ebr\u00eb, Mark Gjonaj me origjin\u00eb nga","breadcrumb":{"@id":"https:\/\/www.visit-ulcinj.com\/blog\/2012\/09\/07\/me-13-shtator-te-gjithe-per-mark-gjonaj-n\/#breadcrumb"},"inLanguage":"en-US","potentialAction":[{"@type":"ReadAction","target":["https:\/\/www.visit-ulcinj.com\/blog\/2012\/09\/07\/me-13-shtator-te-gjithe-per-mark-gjonaj-n\/"]}]},{"@type":"BreadcrumbList","@id":"https:\/\/www.visit-ulcinj.com\/blog\/2012\/09\/07\/me-13-shtator-te-gjithe-per-mark-gjonaj-n\/#breadcrumb","itemListElement":[{"@type":"ListItem","position":1,"name":"M\u00eb 13 shtator t\u00eb gjith\u00eb p\u00ebr Mark Gjonaj-n"}]},{"@type":"Person","@id":"https:\/\/www.visit-ulcinj.com\/blog\/#\/schema\/person\/dcab619c614d3038751c63bc2aadc06d","name":"ulqini","sameAs":["http:\/\/www.visit-ulcinj.com"],"url":"https:\/\/www.visit-ulcinj.com\/blog\/author\/admin\/"}]}},"jetpack_featured_media_url":"","jetpack_sharing_enabled":true,"jetpack_shortlink":"https:\/\/wp.me\/pe6lTn-gvb","_links":{"self":[{"href":"https:\/\/www.visit-ulcinj.com\/blog\/wp-json\/wp\/v2\/posts\/63437"}],"collection":[{"href":"https:\/\/www.visit-ulcinj.com\/blog\/wp-json\/wp\/v2\/posts"}],"about":[{"href":"https:\/\/www.visit-ulcinj.com\/blog\/wp-json\/wp\/v2\/types\/post"}],"author":[{"embeddable":true,"href":"https:\/\/www.visit-ulcinj.com\/blog\/wp-json\/wp\/v2\/users\/1"}],"replies":[{"embeddable":true,"href":"https:\/\/www.visit-ulcinj.com\/blog\/wp-json\/wp\/v2\/comments?post=63437"}],"version-history":[{"count":3,"href":"https:\/\/www.visit-ulcinj.com\/blog\/wp-json\/wp\/v2\/posts\/63437\/revisions"}],"predecessor-version":[{"id":63442,"href":"https:\/\/www.visit-ulcinj.com\/blog\/wp-json\/wp\/v2\/posts\/63437\/revisions\/63442"}],"wp:attachment":[{"href":"https:\/\/www.visit-ulcinj.com\/blog\/wp-json\/wp\/v2\/media?parent=63437"}],"wp:term":[{"taxonomy":"category","embeddable":true,"href":"https:\/\/www.visit-ulcinj.com\/blog\/wp-json\/wp\/v2\/categories?post=63437"},{"taxonomy":"post_tag","embeddable":true,"href":"https:\/\/www.visit-ulcinj.com\/blog\/wp-json\/wp\/v2\/tags?post=63437"}],"curies":[{"name":"wp","href":"https:\/\/api.w.org\/{rel}","templated":true}]}}