{"id":63443,"date":"2012-09-07T20:28:34","date_gmt":"2012-09-07T19:28:34","guid":{"rendered":"http:\/\/www.visit-ulcinj.com\/blog\/?p=63443"},"modified":"2012-09-07T20:28:34","modified_gmt":"2012-09-07T19:28:34","slug":"uoci-izbora-most-u-port-mileni-ce-zavrsiti-domaci-majstori","status":"publish","type":"post","link":"https:\/\/www.visit-ulcinj.com\/blog\/2012\/09\/07\/uoci-izbora-most-u-port-mileni-ce-zavrsiti-domaci-majstori\/","title":{"rendered":"Uo\u010di izbora Most u Port Mileni \u0107e zavr\u0161iti doma\u0107i majstori"},"content":{"rendered":"<p><a href=\"http:\/\/www.visit-ulcinj.com\/blog\/wp-content\/uploads\/2012\/09\/Most-port-milena-uoci-izbora.jpg\"><img loading=\"lazy\" class=\"alignleft  wp-image-63444\" title=\"Most port milena uoci izbora\" src=\"http:\/\/www.visit-ulcinj.com\/blog\/wp-content\/uploads\/2012\/09\/Most-port-milena-uoci-izbora.jpg\" alt=\"\" width=\"508\" height=\"360\" \/><\/a>Najvrijedniji infrastrukturni projekat koji se gradi u Crnoj Gori, most preko kanala Port Milena, vrijedan 14 miliona eura, bi\u0107e sve\u010dano otvoren uo\u010di oktobarskih izbora iako je njegov zavr\u0161etak nedavno doveden u pitanje jer je investitor, slovena\u010dka kompanija \u201ePrimorje\u201d iz Ajdov\u0161\u010dine bankrotirala, saznaje \u201eDan\u201d. Kako saznajemo, radovi \u0107e biti intenzivirani jer na tome insistiraju iz dr\u017eavnog vrha, a posao bi trebalo da privedu kraju podizvo\u0111a\u010di, jer se bli\u017ee parlamentarni izbori.<br \/>\nSvi rokovi za izgradnju mosta davno su probijeni \u0161to je potvrdio i ministar saobra\u0107aja Andrija Lompar. On je kazao da se dr\u017eava obezbijedila \u201egarancijom od 700.000 i imovinom slovena\u010dke firme u Crnoj Gori od oko milion eura\u201d.<br \/>\nOvakav razvoj doga\u0111aja niko nije o\u010dekivao, tim prije \u0161to su op\u0161tinski i dr\u017eavni funkcioneri najavljivali otvaranje za 21. maj, a potom i za 13 jul. Vrijeme ih je demantovalo. Uo\u010di turisti\u010dke sezone direktor Direkcije za saobra\u0107aj Veselin Grbovi\u0107, izjavio je da je most preko Port Milene zavr\u0161en 90 odsto.<br \/>\n\u2013 U toku su zavr\u0161ni radovi i most \u0107e biti zavr\u0161en najkasnije do po\u010detka ljetnje turisti\u010dke sezone \u2013 rekao je tada Grbovi\u0107.<br \/>\nUkupna du\u017eina poteza koji je obuhva\u0107en projektom iznosi 570 metara od \u010dega je most du\u017eine 350, konstrukcija za prolaz saobra\u0107ajnice prema Ulcinju 40, konstrukcija za prolaz saobra\u0107ajnice prema Adi Bojani 25 i trasa bulevara du\u017eine 155 metara. Na sredini se most otvara, kako bi propustio velike jahte u marinu Port Milena. Most preko kanala treba da pove\u017ee ve\u0107 izgra\u0111eni bulevar sa putem za Adu Bojanu, \u010dime se pove\u0107ava proto\u010dnost saobra\u0107aja, odnosno smanjuju saobra\u0107ajne gu\u017eve koje su naro\u010dito izra\u017eene tokom ljetnje turisti\u010dke sezone. Projektant mosta je beogradski DB In\u017eenjering. Projektovan je sa \u010detiri saobra\u0107ajne trake \u0161irine po 3,25 metara, razdjelnim pojasom od dva metra i obostranim pje\u0161a\u010dkim stazama \u0161irine po 2,65 metara. Ukupna \u0161irina mosta je 20,3 metra.<\/p>\n<p><a href=\"http:\/\/www.dan.co.me\/?nivo=3&amp;rubrika=Ekonomija&amp;clanak=346553&amp;datum=2012-09-07&amp;naslov=%20Most%20%E6e%20zavr%B9iti%20doma%E6i%20majstori\" target=\"_blank\"><strong>M.K.<\/strong><\/a><br \/>\n<a href=\"http:\/\/www.dan.co.me\/?nivo=3&amp;rubrika=Ekonomija&amp;clanak=346553&amp;datum=2012-09-07&amp;naslov=%20Most%20%E6e%20zavr%B9iti%20doma%E6i%20majstori\" target=\"_blank\"><strong> Izvor: DAN<\/strong><\/a><\/p>\n","protected":false},"excerpt":{"rendered":"<p>Najvrijedniji infrastrukturni projekat koji se gradi u Crnoj Gori, most preko kanala Port Milena, vrijedan 14 miliona eura, bi\u0107e sve\u010dano otvoren uo\u010di oktobarskih izbora iako je njegov zavr\u0161etak nedavno doveden u pitanje jer je investitor, slovena\u010dka kompanija \u201ePrimorje\u201d iz Ajdov\u0161\u010dine bankrotirala, saznaje \u201eDan\u201d. Kako saznajemo, radovi \u0107e biti intenzivirani jer na tome insistiraju iz dr\u017eavnog [&hellip;]<\/p>\n","protected":false},"author":1,"featured_media":0,"comment_status":"open","ping_status":"closed","sticky":false,"template":"","format":"standard","meta":{"spay_email":"","jetpack_publicize_message":"","jetpack_is_tweetstorm":false,"jetpack_publicize_feature_enabled":true},"categories":[8337],"tags":[15010,19],"jetpack_publicize_connections":[],"yoast_head":"<!-- This site is optimized with the Yoast SEO plugin v19.1 - https:\/\/yoast.com\/wordpress\/plugins\/seo\/ -->\n<title>Uo\u010di izbora Most u Port Mileni \u0107e zavr\u0161iti doma\u0107i majstori - Lajme nga Ulqini<\/title>\n<meta name=\"description\" content=\"Najvrijedniji infrastrukturni projekat koji se gradi u Crnoj Gori, most preko kanala Port Milena, vrijedan 14 miliona eura, bi\u0107e sve\u010dano otvoren uo\u010di\" \/>\n<meta name=\"robots\" content=\"index, follow, max-snippet:-1, max-image-preview:large, max-video-preview:-1\" \/>\n<link rel=\"canonical\" href=\"https:\/\/www.visit-ulcinj.com\/blog\/2012\/09\/07\/uoci-izbora-most-u-port-mileni-ce-zavrsiti-domaci-majstori\/\" \/>\n<meta property=\"og:locale\" content=\"en_US\" \/>\n<meta property=\"og:type\" content=\"article\" \/>\n<meta property=\"og:title\" content=\"Uo\u010di izbora Most u Port Mileni \u0107e zavr\u0161iti doma\u0107i majstori - Lajme nga Ulqini\" \/>\n<meta property=\"og:description\" content=\"Najvrijedniji infrastrukturni projekat koji se gradi u Crnoj Gori, most preko kanala Port Milena, vrijedan 14 miliona eura, bi\u0107e sve\u010dano otvoren uo\u010di\" \/>\n<meta property=\"og:url\" content=\"https:\/\/www.visit-ulcinj.com\/blog\/2012\/09\/07\/uoci-izbora-most-u-port-mileni-ce-zavrsiti-domaci-majstori\/\" \/>\n<meta property=\"og:site_name\" content=\"Lajme nga Ulqini\" \/>\n<meta property=\"article:published_time\" content=\"2012-09-07T19:28:34+00:00\" \/>\n<meta property=\"og:image\" content=\"http:\/\/www.visit-ulcinj.com\/blog\/wp-content\/uploads\/2012\/09\/Most-port-milena-uoci-izbora.jpg\" \/>\n<meta name=\"twitter:label1\" content=\"Written by\" \/>\n\t<meta name=\"twitter:data1\" content=\"ulqini\" \/>\n\t<meta name=\"twitter:label2\" content=\"Est. reading time\" \/>\n\t<meta name=\"twitter:data2\" content=\"2 minutes\" \/>\n<script type=\"application\/ld+json\" class=\"yoast-schema-graph\">{\"@context\":\"https:\/\/schema.org\",\"@graph\":[{\"@type\":\"WebSite\",\"@id\":\"https:\/\/www.visit-ulcinj.com\/blog\/#website\",\"url\":\"https:\/\/www.visit-ulcinj.com\/blog\/\",\"name\":\"Lajme nga Ulqini\",\"description\":\"Lajme,Vijesti,Ulqini,Ulqin,Crna Gora,Mali i Zi\",\"potentialAction\":[{\"@type\":\"SearchAction\",\"target\":{\"@type\":\"EntryPoint\",\"urlTemplate\":\"https:\/\/www.visit-ulcinj.com\/blog\/?s={search_term_string}\"},\"query-input\":\"required name=search_term_string\"}],\"inLanguage\":\"en-US\"},{\"@type\":\"ImageObject\",\"inLanguage\":\"en-US\",\"@id\":\"https:\/\/www.visit-ulcinj.com\/blog\/2012\/09\/07\/uoci-izbora-most-u-port-mileni-ce-zavrsiti-domaci-majstori\/#primaryimage\",\"url\":\"https:\/\/www.visit-ulcinj.com\/blog\/wp-content\/uploads\/2012\/09\/Most-port-milena-uoci-izbora.jpg\",\"contentUrl\":\"https:\/\/www.visit-ulcinj.com\/blog\/wp-content\/uploads\/2012\/09\/Most-port-milena-uoci-izbora.jpg\",\"width\":\"1000\",\"height\":\"443\"},{\"@type\":\"WebPage\",\"@id\":\"https:\/\/www.visit-ulcinj.com\/blog\/2012\/09\/07\/uoci-izbora-most-u-port-mileni-ce-zavrsiti-domaci-majstori\/#webpage\",\"url\":\"https:\/\/www.visit-ulcinj.com\/blog\/2012\/09\/07\/uoci-izbora-most-u-port-mileni-ce-zavrsiti-domaci-majstori\/\",\"name\":\"Uo\u010di izbora Most u Port Mileni \u0107e zavr\u0161iti doma\u0107i majstori - Lajme nga Ulqini\",\"isPartOf\":{\"@id\":\"https:\/\/www.visit-ulcinj.com\/blog\/#website\"},\"primaryImageOfPage\":{\"@id\":\"https:\/\/www.visit-ulcinj.com\/blog\/2012\/09\/07\/uoci-izbora-most-u-port-mileni-ce-zavrsiti-domaci-majstori\/#primaryimage\"},\"datePublished\":\"2012-09-07T19:28:34+00:00\",\"dateModified\":\"2012-09-07T19:28:34+00:00\",\"author\":{\"@id\":\"https:\/\/www.visit-ulcinj.com\/blog\/#\/schema\/person\/dcab619c614d3038751c63bc2aadc06d\"},\"description\":\"Najvrijedniji infrastrukturni projekat koji se gradi u Crnoj Gori, most preko kanala Port Milena, vrijedan 14 miliona eura, bi\u0107e sve\u010dano otvoren uo\u010di\",\"breadcrumb\":{\"@id\":\"https:\/\/www.visit-ulcinj.com\/blog\/2012\/09\/07\/uoci-izbora-most-u-port-mileni-ce-zavrsiti-domaci-majstori\/#breadcrumb\"},\"inLanguage\":\"en-US\",\"potentialAction\":[{\"@type\":\"ReadAction\",\"target\":[\"https:\/\/www.visit-ulcinj.com\/blog\/2012\/09\/07\/uoci-izbora-most-u-port-mileni-ce-zavrsiti-domaci-majstori\/\"]}]},{\"@type\":\"BreadcrumbList\",\"@id\":\"https:\/\/www.visit-ulcinj.com\/blog\/2012\/09\/07\/uoci-izbora-most-u-port-mileni-ce-zavrsiti-domaci-majstori\/#breadcrumb\",\"itemListElement\":[{\"@type\":\"ListItem\",\"position\":1,\"name\":\"Uo\u010di izbora Most u Port Mileni \u0107e zavr\u0161iti doma\u0107i majstori\"}]},{\"@type\":\"Person\",\"@id\":\"https:\/\/www.visit-ulcinj.com\/blog\/#\/schema\/person\/dcab619c614d3038751c63bc2aadc06d\",\"name\":\"ulqini\",\"sameAs\":[\"http:\/\/www.visit-ulcinj.com\"],\"url\":\"https:\/\/www.visit-ulcinj.com\/blog\/author\/admin\/\"}]}<\/script>\n<!-- \/ Yoast SEO plugin. -->","yoast_head_json":{"title":"Uo\u010di izbora Most u Port Mileni \u0107e zavr\u0161iti doma\u0107i majstori - Lajme nga Ulqini","description":"Najvrijedniji infrastrukturni projekat koji se gradi u Crnoj Gori, most preko kanala Port Milena, vrijedan 14 miliona eura, bi\u0107e sve\u010dano otvoren uo\u010di","robots":{"index":"index","follow":"follow","max-snippet":"max-snippet:-1","max-image-preview":"max-image-preview:large","max-video-preview":"max-video-preview:-1"},"canonical":"https:\/\/www.visit-ulcinj.com\/blog\/2012\/09\/07\/uoci-izbora-most-u-port-mileni-ce-zavrsiti-domaci-majstori\/","og_locale":"en_US","og_type":"article","og_title":"Uo\u010di izbora Most u Port Mileni \u0107e zavr\u0161iti doma\u0107i majstori - Lajme nga Ulqini","og_description":"Najvrijedniji infrastrukturni projekat koji se gradi u Crnoj Gori, most preko kanala Port Milena, vrijedan 14 miliona eura, bi\u0107e sve\u010dano otvoren uo\u010di","og_url":"https:\/\/www.visit-ulcinj.com\/blog\/2012\/09\/07\/uoci-izbora-most-u-port-mileni-ce-zavrsiti-domaci-majstori\/","og_site_name":"Lajme nga Ulqini","article_published_time":"2012-09-07T19:28:34+00:00","og_image":[{"url":"http:\/\/www.visit-ulcinj.com\/blog\/wp-content\/uploads\/2012\/09\/Most-port-milena-uoci-izbora.jpg"}],"twitter_misc":{"Written by":"ulqini","Est. reading time":"2 minutes"},"schema":{"@context":"https:\/\/schema.org","@graph":[{"@type":"WebSite","@id":"https:\/\/www.visit-ulcinj.com\/blog\/#website","url":"https:\/\/www.visit-ulcinj.com\/blog\/","name":"Lajme nga Ulqini","description":"Lajme,Vijesti,Ulqini,Ulqin,Crna Gora,Mali i Zi","potentialAction":[{"@type":"SearchAction","target":{"@type":"EntryPoint","urlTemplate":"https:\/\/www.visit-ulcinj.com\/blog\/?s={search_term_string}"},"query-input":"required name=search_term_string"}],"inLanguage":"en-US"},{"@type":"ImageObject","inLanguage":"en-US","@id":"https:\/\/www.visit-ulcinj.com\/blog\/2012\/09\/07\/uoci-izbora-most-u-port-mileni-ce-zavrsiti-domaci-majstori\/#primaryimage","url":"https:\/\/www.visit-ulcinj.com\/blog\/wp-content\/uploads\/2012\/09\/Most-port-milena-uoci-izbora.jpg","contentUrl":"https:\/\/www.visit-ulcinj.com\/blog\/wp-content\/uploads\/2012\/09\/Most-port-milena-uoci-izbora.jpg","width":"1000","height":"443"},{"@type":"WebPage","@id":"https:\/\/www.visit-ulcinj.com\/blog\/2012\/09\/07\/uoci-izbora-most-u-port-mileni-ce-zavrsiti-domaci-majstori\/#webpage","url":"https:\/\/www.visit-ulcinj.com\/blog\/2012\/09\/07\/uoci-izbora-most-u-port-mileni-ce-zavrsiti-domaci-majstori\/","name":"Uo\u010di izbora Most u Port Mileni \u0107e zavr\u0161iti doma\u0107i majstori - Lajme nga Ulqini","isPartOf":{"@id":"https:\/\/www.visit-ulcinj.com\/blog\/#website"},"primaryImageOfPage":{"@id":"https:\/\/www.visit-ulcinj.com\/blog\/2012\/09\/07\/uoci-izbora-most-u-port-mileni-ce-zavrsiti-domaci-majstori\/#primaryimage"},"datePublished":"2012-09-07T19:28:34+00:00","dateModified":"2012-09-07T19:28:34+00:00","author":{"@id":"https:\/\/www.visit-ulcinj.com\/blog\/#\/schema\/person\/dcab619c614d3038751c63bc2aadc06d"},"description":"Najvrijedniji infrastrukturni projekat koji se gradi u Crnoj Gori, most preko kanala Port Milena, vrijedan 14 miliona eura, bi\u0107e sve\u010dano otvoren uo\u010di","breadcrumb":{"@id":"https:\/\/www.visit-ulcinj.com\/blog\/2012\/09\/07\/uoci-izbora-most-u-port-mileni-ce-zavrsiti-domaci-majstori\/#breadcrumb"},"inLanguage":"en-US","potentialAction":[{"@type":"ReadAction","target":["https:\/\/www.visit-ulcinj.com\/blog\/2012\/09\/07\/uoci-izbora-most-u-port-mileni-ce-zavrsiti-domaci-majstori\/"]}]},{"@type":"BreadcrumbList","@id":"https:\/\/www.visit-ulcinj.com\/blog\/2012\/09\/07\/uoci-izbora-most-u-port-mileni-ce-zavrsiti-domaci-majstori\/#breadcrumb","itemListElement":[{"@type":"ListItem","position":1,"name":"Uo\u010di izbora Most u Port Mileni \u0107e zavr\u0161iti doma\u0107i majstori"}]},{"@type":"Person","@id":"https:\/\/www.visit-ulcinj.com\/blog\/#\/schema\/person\/dcab619c614d3038751c63bc2aadc06d","name":"ulqini","sameAs":["http:\/\/www.visit-ulcinj.com"],"url":"https:\/\/www.visit-ulcinj.com\/blog\/author\/admin\/"}]}},"jetpack_featured_media_url":"","jetpack_sharing_enabled":true,"jetpack_shortlink":"https:\/\/wp.me\/pe6lTn-gvh","_links":{"self":[{"href":"https:\/\/www.visit-ulcinj.com\/blog\/wp-json\/wp\/v2\/posts\/63443"}],"collection":[{"href":"https:\/\/www.visit-ulcinj.com\/blog\/wp-json\/wp\/v2\/posts"}],"about":[{"href":"https:\/\/www.visit-ulcinj.com\/blog\/wp-json\/wp\/v2\/types\/post"}],"author":[{"embeddable":true,"href":"https:\/\/www.visit-ulcinj.com\/blog\/wp-json\/wp\/v2\/users\/1"}],"replies":[{"embeddable":true,"href":"https:\/\/www.visit-ulcinj.com\/blog\/wp-json\/wp\/v2\/comments?post=63443"}],"version-history":[{"count":1,"href":"https:\/\/www.visit-ulcinj.com\/blog\/wp-json\/wp\/v2\/posts\/63443\/revisions"}],"predecessor-version":[{"id":63445,"href":"https:\/\/www.visit-ulcinj.com\/blog\/wp-json\/wp\/v2\/posts\/63443\/revisions\/63445"}],"wp:attachment":[{"href":"https:\/\/www.visit-ulcinj.com\/blog\/wp-json\/wp\/v2\/media?parent=63443"}],"wp:term":[{"taxonomy":"category","embeddable":true,"href":"https:\/\/www.visit-ulcinj.com\/blog\/wp-json\/wp\/v2\/categories?post=63443"},{"taxonomy":"post_tag","embeddable":true,"href":"https:\/\/www.visit-ulcinj.com\/blog\/wp-json\/wp\/v2\/tags?post=63443"}],"curies":[{"name":"wp","href":"https:\/\/api.w.org\/{rel}","templated":true}]}}