{"id":63452,"date":"2012-09-08T05:58:52","date_gmt":"2012-09-08T04:58:52","guid":{"rendered":"http:\/\/www.visit-ulcinj.com\/blog\/?p=63452"},"modified":"2012-09-08T05:58:52","modified_gmt":"2012-09-08T04:58:52","slug":"loreta-kacka-ka-kaluar-disa-dite-ne-bregdetin-e-ulqinit","status":"publish","type":"post","link":"https:\/\/www.visit-ulcinj.com\/blog\/2012\/09\/08\/loreta-kacka-ka-kaluar-disa-dite-ne-bregdetin-e-ulqinit\/","title":{"rendered":"Loreta Ka\u00e7ka ka kaluar disa dit\u00eb n\u00eb bregdetin e Ulqinit"},"content":{"rendered":"<p><a href=\"http:\/\/www.visit-ulcinj.com\/blog\/wp-content\/uploads\/2012\/09\/Loreta-Ka\u00e7ka-ka-kaluar-disa-dit\u00eb-n\u00eb-bregdetin-e-Ulqinit.jpg\"><img loading=\"lazy\" class=\"alignleft  wp-image-63453\" title=\"Loreta Ka\u00e7ka ka kaluar disa dit\u00eb n\u00eb bregdetin e Ulqinit\" src=\"http:\/\/www.visit-ulcinj.com\/blog\/wp-content\/uploads\/2012\/09\/Loreta-Ka\u00e7ka-ka-kaluar-disa-dit\u00eb-n\u00eb-bregdetin-e-Ulqinit.jpg\" alt=\"\" width=\"350\" height=\"400\" \/><\/a>Pas nj\u00eb lodhje t\u00eb madhe gjat\u00eb k\u00ebtij sezoni veror ku dhe \u00ebsht\u00eb n\u00eb prag t\u00eb p\u00ebrfundimit t\u00eb k\u00ebtij sezoni, k\u00ebng\u00ebtarja Loreta Ka\u00e7ka \u00ebsht\u00eb b\u00ebr\u00eb gati t\u00eb kaloj disa jav\u00eb pushim jasht\u00eb vendit. P\u00ebrve\u00e7 q\u00eb ka kaluar disa dit\u00eb n\u00eb bregdetin e Ulqinit dhe at\u00eb t\u00eb Shqip\u00ebris\u00eb, Lori tani do t\u00eb marr\u00eb rrug\u00ebn drejt Italis\u00eb ku dhe do ta vizitoj familjen e saj.<\/p>\n<p>\u201cNatyrisht se edhe k\u00ebt\u00eb sezon t\u00eb ver\u00ebs kam qen\u00eb shum\u00eb e ngarkuar me koncerte dhe mbr\u00ebmje muzikore n\u00ebp\u00ebr dasma e ahengje t\u00eb ndryshme gazmore. Dhe tani kam vendosur t\u00eb pushoj, kam planifikuar q\u00eb disa jav\u00eb ti kaloj me familjen time e cila gjendet n\u00eb Itali\u201d, ka th\u00ebn\u00eb ajo p\u00ebr \u201cZ\u00ebri\u201d. Lori me t\u2019u kthyer n\u00eb Kosov\u00eb do t\u00eb nis\u00eb realizimin e projekteve t\u00eb reja muzikore, mbase nuk do t\u00eb mungoj edhe nj\u00eb k\u00ebng\u00eb dhe videoklip i ri.<\/p>\n<p><strong>K. B<\/strong><br \/>\n<strong> Z\u00cbRI<br \/>\n<!--YouTube Error: bad URL entered--><br \/>\n<\/strong><\/p>\n<p>&nbsp;<\/p>\n","protected":false},"excerpt":{"rendered":"<p>Pas nj\u00eb lodhje t\u00eb madhe gjat\u00eb k\u00ebtij sezoni veror ku dhe \u00ebsht\u00eb n\u00eb prag t\u00eb p\u00ebrfundimit t\u00eb k\u00ebtij sezoni, k\u00ebng\u00ebtarja Loreta Ka\u00e7ka \u00ebsht\u00eb b\u00ebr\u00eb gati t\u00eb kaloj disa jav\u00eb pushim jasht\u00eb vendit. P\u00ebrve\u00e7 q\u00eb ka kaluar disa dit\u00eb n\u00eb bregdetin e Ulqinit dhe at\u00eb t\u00eb Shqip\u00ebris\u00eb, Lori tani do t\u00eb marr\u00eb rrug\u00ebn drejt Italis\u00eb ku [&hellip;]<\/p>\n","protected":false},"author":1,"featured_media":0,"comment_status":"open","ping_status":"closed","sticky":false,"template":"","format":"standard","meta":{"spay_email":"","jetpack_publicize_message":"","jetpack_is_tweetstorm":false,"jetpack_publicize_feature_enabled":true},"categories":[1],"tags":[5102,200,18],"jetpack_publicize_connections":[],"yoast_head":"<!-- This site is optimized with the Yoast SEO plugin v19.1 - https:\/\/yoast.com\/wordpress\/plugins\/seo\/ -->\n<title>Loreta Ka\u00e7ka ka kaluar disa dit\u00eb n\u00eb bregdetin e Ulqinit - Lajme nga Ulqini<\/title>\n<meta name=\"description\" content=\"Pas nj\u00eb lodhje t\u00eb madhe gjat\u00eb k\u00ebtij sezoni veror ku dhe \u00ebsht\u00eb n\u00eb prag t\u00eb p\u00ebrfundimit t\u00eb k\u00ebtij sezoni, k\u00ebng\u00ebtarja Loreta Ka\u00e7ka \u00ebsht\u00eb b\u00ebr\u00eb gati t\u00eb kaloj\" \/>\n<meta name=\"robots\" content=\"index, follow, max-snippet:-1, max-image-preview:large, max-video-preview:-1\" \/>\n<link rel=\"canonical\" href=\"https:\/\/www.visit-ulcinj.com\/blog\/2012\/09\/08\/loreta-kacka-ka-kaluar-disa-dite-ne-bregdetin-e-ulqinit\/\" \/>\n<meta property=\"og:locale\" content=\"en_US\" \/>\n<meta property=\"og:type\" content=\"article\" \/>\n<meta property=\"og:title\" content=\"Loreta Ka\u00e7ka ka kaluar disa dit\u00eb n\u00eb bregdetin e Ulqinit - Lajme nga Ulqini\" \/>\n<meta property=\"og:description\" content=\"Pas nj\u00eb lodhje t\u00eb madhe gjat\u00eb k\u00ebtij sezoni veror ku dhe \u00ebsht\u00eb n\u00eb prag t\u00eb p\u00ebrfundimit t\u00eb k\u00ebtij sezoni, k\u00ebng\u00ebtarja Loreta Ka\u00e7ka \u00ebsht\u00eb b\u00ebr\u00eb gati t\u00eb kaloj\" \/>\n<meta property=\"og:url\" content=\"https:\/\/www.visit-ulcinj.com\/blog\/2012\/09\/08\/loreta-kacka-ka-kaluar-disa-dite-ne-bregdetin-e-ulqinit\/\" \/>\n<meta property=\"og:site_name\" content=\"Lajme nga Ulqini\" \/>\n<meta property=\"article:published_time\" content=\"2012-09-08T04:58:52+00:00\" \/>\n<meta name=\"twitter:label1\" content=\"Written by\" \/>\n\t<meta name=\"twitter:data1\" content=\"ulqini\" \/>\n\t<meta name=\"twitter:label2\" content=\"Est. reading time\" \/>\n\t<meta name=\"twitter:data2\" content=\"1 minute\" \/>\n<script type=\"application\/ld+json\" class=\"yoast-schema-graph\">{\"@context\":\"https:\/\/schema.org\",\"@graph\":[{\"@type\":\"WebSite\",\"@id\":\"https:\/\/www.visit-ulcinj.com\/blog\/#website\",\"url\":\"https:\/\/www.visit-ulcinj.com\/blog\/\",\"name\":\"Lajme nga Ulqini\",\"description\":\"Lajme,Vijesti,Ulqini,Ulqin,Crna Gora,Mali i Zi\",\"potentialAction\":[{\"@type\":\"SearchAction\",\"target\":{\"@type\":\"EntryPoint\",\"urlTemplate\":\"https:\/\/www.visit-ulcinj.com\/blog\/?s={search_term_string}\"},\"query-input\":\"required name=search_term_string\"}],\"inLanguage\":\"en-US\"},{\"@type\":\"WebPage\",\"@id\":\"https:\/\/www.visit-ulcinj.com\/blog\/2012\/09\/08\/loreta-kacka-ka-kaluar-disa-dite-ne-bregdetin-e-ulqinit\/#webpage\",\"url\":\"https:\/\/www.visit-ulcinj.com\/blog\/2012\/09\/08\/loreta-kacka-ka-kaluar-disa-dite-ne-bregdetin-e-ulqinit\/\",\"name\":\"Loreta Ka\u00e7ka ka kaluar disa dit\u00eb n\u00eb bregdetin e Ulqinit - Lajme nga Ulqini\",\"isPartOf\":{\"@id\":\"https:\/\/www.visit-ulcinj.com\/blog\/#website\"},\"datePublished\":\"2012-09-08T04:58:52+00:00\",\"dateModified\":\"2012-09-08T04:58:52+00:00\",\"author\":{\"@id\":\"https:\/\/www.visit-ulcinj.com\/blog\/#\/schema\/person\/dcab619c614d3038751c63bc2aadc06d\"},\"description\":\"Pas nj\u00eb lodhje t\u00eb madhe gjat\u00eb k\u00ebtij sezoni veror ku dhe \u00ebsht\u00eb n\u00eb prag t\u00eb p\u00ebrfundimit t\u00eb k\u00ebtij sezoni, k\u00ebng\u00ebtarja Loreta Ka\u00e7ka \u00ebsht\u00eb b\u00ebr\u00eb gati t\u00eb kaloj\",\"breadcrumb\":{\"@id\":\"https:\/\/www.visit-ulcinj.com\/blog\/2012\/09\/08\/loreta-kacka-ka-kaluar-disa-dite-ne-bregdetin-e-ulqinit\/#breadcrumb\"},\"inLanguage\":\"en-US\",\"potentialAction\":[{\"@type\":\"ReadAction\",\"target\":[\"https:\/\/www.visit-ulcinj.com\/blog\/2012\/09\/08\/loreta-kacka-ka-kaluar-disa-dite-ne-bregdetin-e-ulqinit\/\"]}]},{\"@type\":\"BreadcrumbList\",\"@id\":\"https:\/\/www.visit-ulcinj.com\/blog\/2012\/09\/08\/loreta-kacka-ka-kaluar-disa-dite-ne-bregdetin-e-ulqinit\/#breadcrumb\",\"itemListElement\":[{\"@type\":\"ListItem\",\"position\":1,\"name\":\"Loreta Ka\u00e7ka ka kaluar disa dit\u00eb n\u00eb bregdetin e Ulqinit\"}]},{\"@type\":\"Person\",\"@id\":\"https:\/\/www.visit-ulcinj.com\/blog\/#\/schema\/person\/dcab619c614d3038751c63bc2aadc06d\",\"name\":\"ulqini\",\"sameAs\":[\"http:\/\/www.visit-ulcinj.com\"],\"url\":\"https:\/\/www.visit-ulcinj.com\/blog\/author\/admin\/\"}]}<\/script>\n<!-- \/ Yoast SEO plugin. -->","yoast_head_json":{"title":"Loreta Ka\u00e7ka ka kaluar disa dit\u00eb n\u00eb bregdetin e Ulqinit - Lajme nga Ulqini","description":"Pas nj\u00eb lodhje t\u00eb madhe gjat\u00eb k\u00ebtij sezoni veror ku dhe \u00ebsht\u00eb n\u00eb prag t\u00eb p\u00ebrfundimit t\u00eb k\u00ebtij sezoni, k\u00ebng\u00ebtarja Loreta Ka\u00e7ka \u00ebsht\u00eb b\u00ebr\u00eb gati t\u00eb kaloj","robots":{"index":"index","follow":"follow","max-snippet":"max-snippet:-1","max-image-preview":"max-image-preview:large","max-video-preview":"max-video-preview:-1"},"canonical":"https:\/\/www.visit-ulcinj.com\/blog\/2012\/09\/08\/loreta-kacka-ka-kaluar-disa-dite-ne-bregdetin-e-ulqinit\/","og_locale":"en_US","og_type":"article","og_title":"Loreta Ka\u00e7ka ka kaluar disa dit\u00eb n\u00eb bregdetin e Ulqinit - Lajme nga Ulqini","og_description":"Pas nj\u00eb lodhje t\u00eb madhe gjat\u00eb k\u00ebtij sezoni veror ku dhe \u00ebsht\u00eb n\u00eb prag t\u00eb p\u00ebrfundimit t\u00eb k\u00ebtij sezoni, k\u00ebng\u00ebtarja Loreta Ka\u00e7ka \u00ebsht\u00eb b\u00ebr\u00eb gati t\u00eb kaloj","og_url":"https:\/\/www.visit-ulcinj.com\/blog\/2012\/09\/08\/loreta-kacka-ka-kaluar-disa-dite-ne-bregdetin-e-ulqinit\/","og_site_name":"Lajme nga Ulqini","article_published_time":"2012-09-08T04:58:52+00:00","twitter_misc":{"Written by":"ulqini","Est. reading time":"1 minute"},"schema":{"@context":"https:\/\/schema.org","@graph":[{"@type":"WebSite","@id":"https:\/\/www.visit-ulcinj.com\/blog\/#website","url":"https:\/\/www.visit-ulcinj.com\/blog\/","name":"Lajme nga Ulqini","description":"Lajme,Vijesti,Ulqini,Ulqin,Crna Gora,Mali i Zi","potentialAction":[{"@type":"SearchAction","target":{"@type":"EntryPoint","urlTemplate":"https:\/\/www.visit-ulcinj.com\/blog\/?s={search_term_string}"},"query-input":"required name=search_term_string"}],"inLanguage":"en-US"},{"@type":"WebPage","@id":"https:\/\/www.visit-ulcinj.com\/blog\/2012\/09\/08\/loreta-kacka-ka-kaluar-disa-dite-ne-bregdetin-e-ulqinit\/#webpage","url":"https:\/\/www.visit-ulcinj.com\/blog\/2012\/09\/08\/loreta-kacka-ka-kaluar-disa-dite-ne-bregdetin-e-ulqinit\/","name":"Loreta Ka\u00e7ka ka kaluar disa dit\u00eb n\u00eb bregdetin e Ulqinit - Lajme nga Ulqini","isPartOf":{"@id":"https:\/\/www.visit-ulcinj.com\/blog\/#website"},"datePublished":"2012-09-08T04:58:52+00:00","dateModified":"2012-09-08T04:58:52+00:00","author":{"@id":"https:\/\/www.visit-ulcinj.com\/blog\/#\/schema\/person\/dcab619c614d3038751c63bc2aadc06d"},"description":"Pas nj\u00eb lodhje t\u00eb madhe gjat\u00eb k\u00ebtij sezoni veror ku dhe \u00ebsht\u00eb n\u00eb prag t\u00eb p\u00ebrfundimit t\u00eb k\u00ebtij sezoni, k\u00ebng\u00ebtarja Loreta Ka\u00e7ka \u00ebsht\u00eb b\u00ebr\u00eb gati t\u00eb kaloj","breadcrumb":{"@id":"https:\/\/www.visit-ulcinj.com\/blog\/2012\/09\/08\/loreta-kacka-ka-kaluar-disa-dite-ne-bregdetin-e-ulqinit\/#breadcrumb"},"inLanguage":"en-US","potentialAction":[{"@type":"ReadAction","target":["https:\/\/www.visit-ulcinj.com\/blog\/2012\/09\/08\/loreta-kacka-ka-kaluar-disa-dite-ne-bregdetin-e-ulqinit\/"]}]},{"@type":"BreadcrumbList","@id":"https:\/\/www.visit-ulcinj.com\/blog\/2012\/09\/08\/loreta-kacka-ka-kaluar-disa-dite-ne-bregdetin-e-ulqinit\/#breadcrumb","itemListElement":[{"@type":"ListItem","position":1,"name":"Loreta Ka\u00e7ka ka kaluar disa dit\u00eb n\u00eb bregdetin e Ulqinit"}]},{"@type":"Person","@id":"https:\/\/www.visit-ulcinj.com\/blog\/#\/schema\/person\/dcab619c614d3038751c63bc2aadc06d","name":"ulqini","sameAs":["http:\/\/www.visit-ulcinj.com"],"url":"https:\/\/www.visit-ulcinj.com\/blog\/author\/admin\/"}]}},"jetpack_featured_media_url":"","jetpack_sharing_enabled":true,"jetpack_shortlink":"https:\/\/wp.me\/pe6lTn-gvq","_links":{"self":[{"href":"https:\/\/www.visit-ulcinj.com\/blog\/wp-json\/wp\/v2\/posts\/63452"}],"collection":[{"href":"https:\/\/www.visit-ulcinj.com\/blog\/wp-json\/wp\/v2\/posts"}],"about":[{"href":"https:\/\/www.visit-ulcinj.com\/blog\/wp-json\/wp\/v2\/types\/post"}],"author":[{"embeddable":true,"href":"https:\/\/www.visit-ulcinj.com\/blog\/wp-json\/wp\/v2\/users\/1"}],"replies":[{"embeddable":true,"href":"https:\/\/www.visit-ulcinj.com\/blog\/wp-json\/wp\/v2\/comments?post=63452"}],"version-history":[{"count":1,"href":"https:\/\/www.visit-ulcinj.com\/blog\/wp-json\/wp\/v2\/posts\/63452\/revisions"}],"predecessor-version":[{"id":63454,"href":"https:\/\/www.visit-ulcinj.com\/blog\/wp-json\/wp\/v2\/posts\/63452\/revisions\/63454"}],"wp:attachment":[{"href":"https:\/\/www.visit-ulcinj.com\/blog\/wp-json\/wp\/v2\/media?parent=63452"}],"wp:term":[{"taxonomy":"category","embeddable":true,"href":"https:\/\/www.visit-ulcinj.com\/blog\/wp-json\/wp\/v2\/categories?post=63452"},{"taxonomy":"post_tag","embeddable":true,"href":"https:\/\/www.visit-ulcinj.com\/blog\/wp-json\/wp\/v2\/tags?post=63452"}],"curies":[{"name":"wp","href":"https:\/\/api.w.org\/{rel}","templated":true}]}}