{"id":63456,"date":"2012-09-08T06:26:27","date_gmt":"2012-09-08T05:26:27","guid":{"rendered":"http:\/\/www.visit-ulcinj.com\/blog\/?p=63456"},"modified":"2012-09-08T06:26:27","modified_gmt":"2012-09-08T05:26:27","slug":"adriana-matoshi-ka-qendruar-ne-plazhin-e-ulqinit","status":"publish","type":"post","link":"https:\/\/www.visit-ulcinj.com\/blog\/2012\/09\/08\/adriana-matoshi-ka-qendruar-ne-plazhin-e-ulqinit\/","title":{"rendered":"Adriana Matoshi ka q\u00ebndruar n\u00eb plazhin e Ulqinit"},"content":{"rendered":"<p><a href=\"http:\/\/www.visit-ulcinj.com\/blog\/wp-content\/uploads\/2012\/09\/Adriana-dhe-Bojken-Matoshi.jpg\"><img loading=\"lazy\" class=\"alignleft  wp-image-63457\" title=\"Adriana dhe Bojken Matoshi\" src=\"http:\/\/www.visit-ulcinj.com\/blog\/wp-content\/uploads\/2012\/09\/Adriana-dhe-Bojken-Matoshi.jpg\" alt=\"\" width=\"508\" height=\"360\" \/><\/a>Pas angazhimit n\u00eb filmin \u201cKthimi\u201d aktorja Adriana Matoshi tani i ka dh\u00ebn\u00eb vetes nj\u00eb pushim disa javor. Ajo s\u00eb bashku me f\u00ebmij\u00ebt e saj ka q\u00ebndruar disa dit\u00eb n\u00eb plazhin e Ulqinit.<\/p>\n<p>Nd\u00ebrkaq m\u00eb 11 shtator ka vendosur q\u00eb ta vizitoj edhe bregdetin shqiptar. Gjat\u00eb periudh\u00ebs s\u00eb fundit ajo ka pasur disa oferta p\u00ebr t\u00eb qen\u00eb pjes\u00eb e disa filmave vendor, mir\u00ebpo thuajse t\u00eb gjitha i ka refuzuar p\u00ebr shkak t\u00eb lodhjes q\u00eb ka pasur gjat\u00eb realizimit t\u00eb filmit \u201cKthimi. \u201cFilmi \u2018Kthimi\u2019 ka pasur mjaft suksese n\u00ebp\u00ebr bot\u00eb dhe angazhimi n\u00eb t\u00eb m\u00eb ka shkaktuar mjaft lodhje. Andaj tani koh\u00ebn e fundit jam duke pushuar dhe kam anuluar nj\u00eb pjes\u00eb t\u00eb madhe t\u00eb ofertave q\u00eb i kam pasur p\u00ebr film\u201d, ka th\u00ebn\u00eb ajo p\u00ebr \u201cZ\u00ebri\u201d.<\/p>\n<p>Adriana gjat\u00eb muajit t\u00eb ardhsh\u00ebm do t\u00eb nis\u00eb p\u00ebrs\u00ebri me angazhimet e saj filmike, ku do jet\u00eb pjes\u00eb e nj\u00eb filmi vendor p\u00ebr t\u00eb cilin nuk preferon t\u00eb zbuloj m\u00eb shum\u00eb. Nd\u00ebrkaq p\u00ebrve\u00e7 angazhimeve n\u00eb aktrim ajo na b\u00ebn\u00eb t\u00eb ditur se do t\u00eb jet\u00eb pjes\u00eb e nj\u00eb reklame televizive. \u201cM\u00eb presin shum\u00eb pun\u00eb, do t\u00eb jem pjes\u00eb e nj\u00eb filmi n\u00eb vend p\u00ebr t\u00eb cilin nuk mund t\u00eb flas\u00eb m\u00eb shum\u00eb. Dhe p\u00ebrve\u00e7 saj do t\u00eb jem pjes\u00eb edhe nj\u00eb reklame televizive e cila nuk \u00ebsht\u00eb b\u00ebr\u00eb publike deri m\u00eb tani\u201d, shprehet n\u00eb fund Adriana.<br \/>\n<strong>Z\u00cbRI<br \/>\n<!--YouTube Error: bad URL entered--><br \/>\n<\/strong><\/p>\n","protected":false},"excerpt":{"rendered":"<p>Pas angazhimit n\u00eb filmin \u201cKthimi\u201d aktorja Adriana Matoshi tani i ka dh\u00ebn\u00eb vetes nj\u00eb pushim disa javor. Ajo s\u00eb bashku me f\u00ebmij\u00ebt e saj ka q\u00ebndruar disa dit\u00eb n\u00eb plazhin e Ulqinit. Nd\u00ebrkaq m\u00eb 11 shtator ka vendosur q\u00eb ta vizitoj edhe bregdetin shqiptar. Gjat\u00eb periudh\u00ebs s\u00eb fundit ajo ka pasur disa oferta p\u00ebr t\u00eb [&hellip;]<\/p>\n","protected":false},"author":1,"featured_media":0,"comment_status":"open","ping_status":"closed","sticky":false,"template":"","format":"standard","meta":{"spay_email":"","jetpack_publicize_message":"","jetpack_is_tweetstorm":false,"jetpack_publicize_feature_enabled":true},"categories":[1],"tags":[20975,200,18],"jetpack_publicize_connections":[],"yoast_head":"<!-- This site is optimized with the Yoast SEO plugin v19.1 - https:\/\/yoast.com\/wordpress\/plugins\/seo\/ -->\n<title>Adriana Matoshi ka q\u00ebndruar n\u00eb plazhin e Ulqinit - Lajme nga Ulqini<\/title>\n<meta name=\"description\" content=\"Pas angazhimit n\u00eb filmin \u201cKthimi\u201d aktorja Adriana Matoshi tani i ka dh\u00ebn\u00eb vetes nj\u00eb pushim disa javor. Ajo s\u00eb bashku me f\u00ebmij\u00ebt e saj ka q\u00ebndruar disa\" \/>\n<meta name=\"robots\" content=\"index, follow, max-snippet:-1, max-image-preview:large, max-video-preview:-1\" \/>\n<link rel=\"canonical\" href=\"https:\/\/www.visit-ulcinj.com\/blog\/2012\/09\/08\/adriana-matoshi-ka-qendruar-ne-plazhin-e-ulqinit\/\" \/>\n<meta property=\"og:locale\" content=\"en_US\" \/>\n<meta property=\"og:type\" content=\"article\" \/>\n<meta property=\"og:title\" content=\"Adriana Matoshi ka q\u00ebndruar n\u00eb plazhin e Ulqinit - Lajme nga Ulqini\" \/>\n<meta property=\"og:description\" content=\"Pas angazhimit n\u00eb filmin \u201cKthimi\u201d aktorja Adriana Matoshi tani i ka dh\u00ebn\u00eb vetes nj\u00eb pushim disa javor. Ajo s\u00eb bashku me f\u00ebmij\u00ebt e saj ka q\u00ebndruar disa\" \/>\n<meta property=\"og:url\" content=\"https:\/\/www.visit-ulcinj.com\/blog\/2012\/09\/08\/adriana-matoshi-ka-qendruar-ne-plazhin-e-ulqinit\/\" \/>\n<meta property=\"og:site_name\" content=\"Lajme nga Ulqini\" \/>\n<meta property=\"article:published_time\" content=\"2012-09-08T05:26:27+00:00\" \/>\n<meta property=\"og:image\" content=\"http:\/\/www.visit-ulcinj.com\/blog\/wp-content\/uploads\/2012\/09\/Adriana-dhe-Bojken-Matoshi.jpg\" \/>\n<meta name=\"twitter:label1\" content=\"Written by\" \/>\n\t<meta name=\"twitter:data1\" content=\"ulqini\" \/>\n\t<meta name=\"twitter:label2\" content=\"Est. reading time\" \/>\n\t<meta name=\"twitter:data2\" content=\"1 minute\" \/>\n<script type=\"application\/ld+json\" class=\"yoast-schema-graph\">{\"@context\":\"https:\/\/schema.org\",\"@graph\":[{\"@type\":\"WebSite\",\"@id\":\"https:\/\/www.visit-ulcinj.com\/blog\/#website\",\"url\":\"https:\/\/www.visit-ulcinj.com\/blog\/\",\"name\":\"Lajme nga Ulqini\",\"description\":\"Lajme,Vijesti,Ulqini,Ulqin,Crna Gora,Mali i Zi\",\"potentialAction\":[{\"@type\":\"SearchAction\",\"target\":{\"@type\":\"EntryPoint\",\"urlTemplate\":\"https:\/\/www.visit-ulcinj.com\/blog\/?s={search_term_string}\"},\"query-input\":\"required name=search_term_string\"}],\"inLanguage\":\"en-US\"},{\"@type\":\"ImageObject\",\"inLanguage\":\"en-US\",\"@id\":\"https:\/\/www.visit-ulcinj.com\/blog\/2012\/09\/08\/adriana-matoshi-ka-qendruar-ne-plazhin-e-ulqinit\/#primaryimage\",\"url\":\"http:\/\/www.visit-ulcinj.com\/blog\/wp-content\/uploads\/2012\/09\/Adriana-dhe-Bojken-Matoshi.jpg\",\"contentUrl\":\"http:\/\/www.visit-ulcinj.com\/blog\/wp-content\/uploads\/2012\/09\/Adriana-dhe-Bojken-Matoshi.jpg\"},{\"@type\":\"WebPage\",\"@id\":\"https:\/\/www.visit-ulcinj.com\/blog\/2012\/09\/08\/adriana-matoshi-ka-qendruar-ne-plazhin-e-ulqinit\/#webpage\",\"url\":\"https:\/\/www.visit-ulcinj.com\/blog\/2012\/09\/08\/adriana-matoshi-ka-qendruar-ne-plazhin-e-ulqinit\/\",\"name\":\"Adriana Matoshi ka q\u00ebndruar n\u00eb plazhin e Ulqinit - Lajme nga Ulqini\",\"isPartOf\":{\"@id\":\"https:\/\/www.visit-ulcinj.com\/blog\/#website\"},\"primaryImageOfPage\":{\"@id\":\"https:\/\/www.visit-ulcinj.com\/blog\/2012\/09\/08\/adriana-matoshi-ka-qendruar-ne-plazhin-e-ulqinit\/#primaryimage\"},\"datePublished\":\"2012-09-08T05:26:27+00:00\",\"dateModified\":\"2012-09-08T05:26:27+00:00\",\"author\":{\"@id\":\"https:\/\/www.visit-ulcinj.com\/blog\/#\/schema\/person\/dcab619c614d3038751c63bc2aadc06d\"},\"description\":\"Pas angazhimit n\u00eb filmin \u201cKthimi\u201d aktorja Adriana Matoshi tani i ka dh\u00ebn\u00eb vetes nj\u00eb pushim disa javor. Ajo s\u00eb bashku me f\u00ebmij\u00ebt e saj ka q\u00ebndruar disa\",\"breadcrumb\":{\"@id\":\"https:\/\/www.visit-ulcinj.com\/blog\/2012\/09\/08\/adriana-matoshi-ka-qendruar-ne-plazhin-e-ulqinit\/#breadcrumb\"},\"inLanguage\":\"en-US\",\"potentialAction\":[{\"@type\":\"ReadAction\",\"target\":[\"https:\/\/www.visit-ulcinj.com\/blog\/2012\/09\/08\/adriana-matoshi-ka-qendruar-ne-plazhin-e-ulqinit\/\"]}]},{\"@type\":\"BreadcrumbList\",\"@id\":\"https:\/\/www.visit-ulcinj.com\/blog\/2012\/09\/08\/adriana-matoshi-ka-qendruar-ne-plazhin-e-ulqinit\/#breadcrumb\",\"itemListElement\":[{\"@type\":\"ListItem\",\"position\":1,\"name\":\"Adriana Matoshi ka q\u00ebndruar n\u00eb plazhin e Ulqinit\"}]},{\"@type\":\"Person\",\"@id\":\"https:\/\/www.visit-ulcinj.com\/blog\/#\/schema\/person\/dcab619c614d3038751c63bc2aadc06d\",\"name\":\"ulqini\",\"sameAs\":[\"http:\/\/www.visit-ulcinj.com\"],\"url\":\"https:\/\/www.visit-ulcinj.com\/blog\/author\/admin\/\"}]}<\/script>\n<!-- \/ Yoast SEO plugin. -->","yoast_head_json":{"title":"Adriana Matoshi ka q\u00ebndruar n\u00eb plazhin e Ulqinit - Lajme nga Ulqini","description":"Pas angazhimit n\u00eb filmin \u201cKthimi\u201d aktorja Adriana Matoshi tani i ka dh\u00ebn\u00eb vetes nj\u00eb pushim disa javor. Ajo s\u00eb bashku me f\u00ebmij\u00ebt e saj ka q\u00ebndruar disa","robots":{"index":"index","follow":"follow","max-snippet":"max-snippet:-1","max-image-preview":"max-image-preview:large","max-video-preview":"max-video-preview:-1"},"canonical":"https:\/\/www.visit-ulcinj.com\/blog\/2012\/09\/08\/adriana-matoshi-ka-qendruar-ne-plazhin-e-ulqinit\/","og_locale":"en_US","og_type":"article","og_title":"Adriana Matoshi ka q\u00ebndruar n\u00eb plazhin e Ulqinit - Lajme nga Ulqini","og_description":"Pas angazhimit n\u00eb filmin \u201cKthimi\u201d aktorja Adriana Matoshi tani i ka dh\u00ebn\u00eb vetes nj\u00eb pushim disa javor. Ajo s\u00eb bashku me f\u00ebmij\u00ebt e saj ka q\u00ebndruar disa","og_url":"https:\/\/www.visit-ulcinj.com\/blog\/2012\/09\/08\/adriana-matoshi-ka-qendruar-ne-plazhin-e-ulqinit\/","og_site_name":"Lajme nga Ulqini","article_published_time":"2012-09-08T05:26:27+00:00","og_image":[{"url":"http:\/\/www.visit-ulcinj.com\/blog\/wp-content\/uploads\/2012\/09\/Adriana-dhe-Bojken-Matoshi.jpg"}],"twitter_misc":{"Written by":"ulqini","Est. reading time":"1 minute"},"schema":{"@context":"https:\/\/schema.org","@graph":[{"@type":"WebSite","@id":"https:\/\/www.visit-ulcinj.com\/blog\/#website","url":"https:\/\/www.visit-ulcinj.com\/blog\/","name":"Lajme nga Ulqini","description":"Lajme,Vijesti,Ulqini,Ulqin,Crna Gora,Mali i Zi","potentialAction":[{"@type":"SearchAction","target":{"@type":"EntryPoint","urlTemplate":"https:\/\/www.visit-ulcinj.com\/blog\/?s={search_term_string}"},"query-input":"required name=search_term_string"}],"inLanguage":"en-US"},{"@type":"ImageObject","inLanguage":"en-US","@id":"https:\/\/www.visit-ulcinj.com\/blog\/2012\/09\/08\/adriana-matoshi-ka-qendruar-ne-plazhin-e-ulqinit\/#primaryimage","url":"http:\/\/www.visit-ulcinj.com\/blog\/wp-content\/uploads\/2012\/09\/Adriana-dhe-Bojken-Matoshi.jpg","contentUrl":"http:\/\/www.visit-ulcinj.com\/blog\/wp-content\/uploads\/2012\/09\/Adriana-dhe-Bojken-Matoshi.jpg"},{"@type":"WebPage","@id":"https:\/\/www.visit-ulcinj.com\/blog\/2012\/09\/08\/adriana-matoshi-ka-qendruar-ne-plazhin-e-ulqinit\/#webpage","url":"https:\/\/www.visit-ulcinj.com\/blog\/2012\/09\/08\/adriana-matoshi-ka-qendruar-ne-plazhin-e-ulqinit\/","name":"Adriana Matoshi ka q\u00ebndruar n\u00eb plazhin e Ulqinit - Lajme nga Ulqini","isPartOf":{"@id":"https:\/\/www.visit-ulcinj.com\/blog\/#website"},"primaryImageOfPage":{"@id":"https:\/\/www.visit-ulcinj.com\/blog\/2012\/09\/08\/adriana-matoshi-ka-qendruar-ne-plazhin-e-ulqinit\/#primaryimage"},"datePublished":"2012-09-08T05:26:27+00:00","dateModified":"2012-09-08T05:26:27+00:00","author":{"@id":"https:\/\/www.visit-ulcinj.com\/blog\/#\/schema\/person\/dcab619c614d3038751c63bc2aadc06d"},"description":"Pas angazhimit n\u00eb filmin \u201cKthimi\u201d aktorja Adriana Matoshi tani i ka dh\u00ebn\u00eb vetes nj\u00eb pushim disa javor. Ajo s\u00eb bashku me f\u00ebmij\u00ebt e saj ka q\u00ebndruar disa","breadcrumb":{"@id":"https:\/\/www.visit-ulcinj.com\/blog\/2012\/09\/08\/adriana-matoshi-ka-qendruar-ne-plazhin-e-ulqinit\/#breadcrumb"},"inLanguage":"en-US","potentialAction":[{"@type":"ReadAction","target":["https:\/\/www.visit-ulcinj.com\/blog\/2012\/09\/08\/adriana-matoshi-ka-qendruar-ne-plazhin-e-ulqinit\/"]}]},{"@type":"BreadcrumbList","@id":"https:\/\/www.visit-ulcinj.com\/blog\/2012\/09\/08\/adriana-matoshi-ka-qendruar-ne-plazhin-e-ulqinit\/#breadcrumb","itemListElement":[{"@type":"ListItem","position":1,"name":"Adriana Matoshi ka q\u00ebndruar n\u00eb plazhin e Ulqinit"}]},{"@type":"Person","@id":"https:\/\/www.visit-ulcinj.com\/blog\/#\/schema\/person\/dcab619c614d3038751c63bc2aadc06d","name":"ulqini","sameAs":["http:\/\/www.visit-ulcinj.com"],"url":"https:\/\/www.visit-ulcinj.com\/blog\/author\/admin\/"}]}},"jetpack_featured_media_url":"","jetpack_sharing_enabled":true,"jetpack_shortlink":"https:\/\/wp.me\/pe6lTn-gvu","_links":{"self":[{"href":"https:\/\/www.visit-ulcinj.com\/blog\/wp-json\/wp\/v2\/posts\/63456"}],"collection":[{"href":"https:\/\/www.visit-ulcinj.com\/blog\/wp-json\/wp\/v2\/posts"}],"about":[{"href":"https:\/\/www.visit-ulcinj.com\/blog\/wp-json\/wp\/v2\/types\/post"}],"author":[{"embeddable":true,"href":"https:\/\/www.visit-ulcinj.com\/blog\/wp-json\/wp\/v2\/users\/1"}],"replies":[{"embeddable":true,"href":"https:\/\/www.visit-ulcinj.com\/blog\/wp-json\/wp\/v2\/comments?post=63456"}],"version-history":[{"count":1,"href":"https:\/\/www.visit-ulcinj.com\/blog\/wp-json\/wp\/v2\/posts\/63456\/revisions"}],"predecessor-version":[{"id":63458,"href":"https:\/\/www.visit-ulcinj.com\/blog\/wp-json\/wp\/v2\/posts\/63456\/revisions\/63458"}],"wp:attachment":[{"href":"https:\/\/www.visit-ulcinj.com\/blog\/wp-json\/wp\/v2\/media?parent=63456"}],"wp:term":[{"taxonomy":"category","embeddable":true,"href":"https:\/\/www.visit-ulcinj.com\/blog\/wp-json\/wp\/v2\/categories?post=63456"},{"taxonomy":"post_tag","embeddable":true,"href":"https:\/\/www.visit-ulcinj.com\/blog\/wp-json\/wp\/v2\/tags?post=63456"}],"curies":[{"name":"wp","href":"https:\/\/api.w.org\/{rel}","templated":true}]}}