{"id":63479,"date":"2012-09-08T11:54:39","date_gmt":"2012-09-08T10:54:39","guid":{"rendered":"http:\/\/www.visit-ulcinj.com\/blog\/?p=63479"},"modified":"2012-09-08T11:54:39","modified_gmt":"2012-09-08T10:54:39","slug":"ku-eshte-genta-ismajli","status":"publish","type":"post","link":"https:\/\/www.visit-ulcinj.com\/blog\/2012\/09\/08\/ku-eshte-genta-ismajli\/","title":{"rendered":"Ku eshte Genta Ismajli?"},"content":{"rendered":"<p>Keni pyetur gjat\u00eb k\u00ebtyre dit\u00ebve se ku \u00ebsht\u00eb k\u00ebng\u00ebtarja Genta Ismajli? Ja ku ne zbulojm\u00eb q\u00eb ajo ka ikur n\u00eb Amerik\u00eb p\u00ebr disa dit\u00eb pushimi, pas koncerteve q\u00eb ajo kishte n\u00eb k\u00ebt\u00eb sezon veror.<\/p>\n<p><a href=\"http:\/\/www.visit-ulcinj.com\/blog\/wp-content\/uploads\/2012\/09\/Genta-Ismajli.jpg\"><img loading=\"lazy\" class=\"alignleft  wp-image-63480\" title=\"Genta Ismajli\" src=\"http:\/\/www.visit-ulcinj.com\/blog\/wp-content\/uploads\/2012\/09\/Genta-Ismajli.jpg\" alt=\"\" width=\"508\" height=\"600\" \/><\/a><\/p>\n<p>Dihet se ajo ka edhe familjen n\u00eb Amerik\u00eb dhe do t\u00eb q\u00ebndroj\u00eb pak me ta, nd\u00ebrsa koh\u00ebt e fundit mamaja e saj i ka q\u00ebndruar af\u00ebr Gent\u00ebs. Por artistja atraktive nuk harron q\u00eb t\u00eb hyj\u00eb n\u00eb facebook dhe twitter p\u00ebr t\u00eb p\u00ebrsh\u00ebndetur fansat e saj, madje duke postuar edhe disa nga hitet e saj t\u00eb viteve t\u00eb kaluara si me nostalgji.<\/p>\n<p>Se kur do t\u00eb kthehet ajo n\u00eb Kosov\u00eb nuk dihet ende. \/ Maksim Gjokaj\/Kosova Sot\/<\/p>\n<!--YouTube Error: bad URL entered-->\n","protected":false},"excerpt":{"rendered":"<p>Keni pyetur gjat\u00eb k\u00ebtyre dit\u00ebve se ku \u00ebsht\u00eb k\u00ebng\u00ebtarja Genta Ismajli? Ja ku ne zbulojm\u00eb q\u00eb ajo ka ikur n\u00eb Amerik\u00eb p\u00ebr disa dit\u00eb pushimi, pas koncerteve q\u00eb ajo kishte n\u00eb k\u00ebt\u00eb sezon veror. Dihet se ajo ka edhe familjen n\u00eb Amerik\u00eb dhe do t\u00eb q\u00ebndroj\u00eb pak me ta, nd\u00ebrsa koh\u00ebt e fundit mamaja e [&hellip;]<\/p>\n","protected":false},"author":1,"featured_media":0,"comment_status":"open","ping_status":"closed","sticky":false,"template":"","format":"standard","meta":{"spay_email":"","jetpack_publicize_message":"","jetpack_is_tweetstorm":false,"jetpack_publicize_feature_enabled":true},"categories":[1],"tags":[19677,19806,4888,323,16036,19514,19511,19513,6693,4684,19460],"jetpack_publicize_connections":[],"yoast_head":"<!-- This site is optimized with the Yoast SEO plugin v19.1 - https:\/\/yoast.com\/wordpress\/plugins\/seo\/ -->\n<title>Ku eshte Genta Ismajli? - Lajme nga Ulqini<\/title>\n<meta name=\"description\" content=\"Keni pyetur gjat\u00eb k\u00ebtyre dit\u00ebve se ku \u00ebsht\u00eb k\u00ebng\u00ebtarja Genta Ismajli? Ja ku ne zbulojm\u00eb q\u00eb ajo ka ikur n\u00eb Amerik\u00eb p\u00ebr disa dit\u00eb pushimi, pas koncerteve q\u00eb\" \/>\n<meta name=\"robots\" content=\"index, follow, max-snippet:-1, max-image-preview:large, max-video-preview:-1\" \/>\n<link rel=\"canonical\" href=\"https:\/\/www.visit-ulcinj.com\/blog\/2012\/09\/08\/ku-eshte-genta-ismajli\/\" \/>\n<meta property=\"og:locale\" content=\"en_US\" \/>\n<meta property=\"og:type\" content=\"article\" \/>\n<meta property=\"og:title\" content=\"Ku eshte Genta Ismajli? - Lajme nga Ulqini\" \/>\n<meta property=\"og:description\" content=\"Keni pyetur gjat\u00eb k\u00ebtyre dit\u00ebve se ku \u00ebsht\u00eb k\u00ebng\u00ebtarja Genta Ismajli? Ja ku ne zbulojm\u00eb q\u00eb ajo ka ikur n\u00eb Amerik\u00eb p\u00ebr disa dit\u00eb pushimi, pas koncerteve q\u00eb\" \/>\n<meta property=\"og:url\" content=\"https:\/\/www.visit-ulcinj.com\/blog\/2012\/09\/08\/ku-eshte-genta-ismajli\/\" \/>\n<meta property=\"og:site_name\" content=\"Lajme nga Ulqini\" \/>\n<meta property=\"article:published_time\" content=\"2012-09-08T10:54:39+00:00\" \/>\n<meta property=\"og:image\" content=\"http:\/\/www.visit-ulcinj.com\/blog\/wp-content\/uploads\/2012\/09\/Genta-Ismajli.jpg\" \/>\n<meta name=\"twitter:label1\" content=\"Written by\" \/>\n\t<meta name=\"twitter:data1\" content=\"ulqini\" \/>\n\t<meta name=\"twitter:label2\" content=\"Est. reading time\" \/>\n\t<meta name=\"twitter:data2\" content=\"1 minute\" \/>\n<script type=\"application\/ld+json\" class=\"yoast-schema-graph\">{\"@context\":\"https:\/\/schema.org\",\"@graph\":[{\"@type\":\"WebSite\",\"@id\":\"https:\/\/www.visit-ulcinj.com\/blog\/#website\",\"url\":\"https:\/\/www.visit-ulcinj.com\/blog\/\",\"name\":\"Lajme nga Ulqini\",\"description\":\"Lajme,Vijesti,Ulqini,Ulqin,Crna Gora,Mali i Zi\",\"potentialAction\":[{\"@type\":\"SearchAction\",\"target\":{\"@type\":\"EntryPoint\",\"urlTemplate\":\"https:\/\/www.visit-ulcinj.com\/blog\/?s={search_term_string}\"},\"query-input\":\"required name=search_term_string\"}],\"inLanguage\":\"en-US\"},{\"@type\":\"ImageObject\",\"inLanguage\":\"en-US\",\"@id\":\"https:\/\/www.visit-ulcinj.com\/blog\/2012\/09\/08\/ku-eshte-genta-ismajli\/#primaryimage\",\"url\":\"http:\/\/www.visit-ulcinj.com\/blog\/wp-content\/uploads\/2012\/09\/Genta-Ismajli.jpg\",\"contentUrl\":\"http:\/\/www.visit-ulcinj.com\/blog\/wp-content\/uploads\/2012\/09\/Genta-Ismajli.jpg\"},{\"@type\":\"WebPage\",\"@id\":\"https:\/\/www.visit-ulcinj.com\/blog\/2012\/09\/08\/ku-eshte-genta-ismajli\/#webpage\",\"url\":\"https:\/\/www.visit-ulcinj.com\/blog\/2012\/09\/08\/ku-eshte-genta-ismajli\/\",\"name\":\"Ku eshte Genta Ismajli? - Lajme nga Ulqini\",\"isPartOf\":{\"@id\":\"https:\/\/www.visit-ulcinj.com\/blog\/#website\"},\"primaryImageOfPage\":{\"@id\":\"https:\/\/www.visit-ulcinj.com\/blog\/2012\/09\/08\/ku-eshte-genta-ismajli\/#primaryimage\"},\"datePublished\":\"2012-09-08T10:54:39+00:00\",\"dateModified\":\"2012-09-08T10:54:39+00:00\",\"author\":{\"@id\":\"https:\/\/www.visit-ulcinj.com\/blog\/#\/schema\/person\/dcab619c614d3038751c63bc2aadc06d\"},\"description\":\"Keni pyetur gjat\u00eb k\u00ebtyre dit\u00ebve se ku \u00ebsht\u00eb k\u00ebng\u00ebtarja Genta Ismajli? Ja ku ne zbulojm\u00eb q\u00eb ajo ka ikur n\u00eb Amerik\u00eb p\u00ebr disa dit\u00eb pushimi, pas koncerteve q\u00eb\",\"breadcrumb\":{\"@id\":\"https:\/\/www.visit-ulcinj.com\/blog\/2012\/09\/08\/ku-eshte-genta-ismajli\/#breadcrumb\"},\"inLanguage\":\"en-US\",\"potentialAction\":[{\"@type\":\"ReadAction\",\"target\":[\"https:\/\/www.visit-ulcinj.com\/blog\/2012\/09\/08\/ku-eshte-genta-ismajli\/\"]}]},{\"@type\":\"BreadcrumbList\",\"@id\":\"https:\/\/www.visit-ulcinj.com\/blog\/2012\/09\/08\/ku-eshte-genta-ismajli\/#breadcrumb\",\"itemListElement\":[{\"@type\":\"ListItem\",\"position\":1,\"name\":\"Ku eshte Genta Ismajli?\"}]},{\"@type\":\"Person\",\"@id\":\"https:\/\/www.visit-ulcinj.com\/blog\/#\/schema\/person\/dcab619c614d3038751c63bc2aadc06d\",\"name\":\"ulqini\",\"sameAs\":[\"http:\/\/www.visit-ulcinj.com\"],\"url\":\"https:\/\/www.visit-ulcinj.com\/blog\/author\/admin\/\"}]}<\/script>\n<!-- \/ Yoast SEO plugin. -->","yoast_head_json":{"title":"Ku eshte Genta Ismajli? - Lajme nga Ulqini","description":"Keni pyetur gjat\u00eb k\u00ebtyre dit\u00ebve se ku \u00ebsht\u00eb k\u00ebng\u00ebtarja Genta Ismajli? Ja ku ne zbulojm\u00eb q\u00eb ajo ka ikur n\u00eb Amerik\u00eb p\u00ebr disa dit\u00eb pushimi, pas koncerteve q\u00eb","robots":{"index":"index","follow":"follow","max-snippet":"max-snippet:-1","max-image-preview":"max-image-preview:large","max-video-preview":"max-video-preview:-1"},"canonical":"https:\/\/www.visit-ulcinj.com\/blog\/2012\/09\/08\/ku-eshte-genta-ismajli\/","og_locale":"en_US","og_type":"article","og_title":"Ku eshte Genta Ismajli? - Lajme nga Ulqini","og_description":"Keni pyetur gjat\u00eb k\u00ebtyre dit\u00ebve se ku \u00ebsht\u00eb k\u00ebng\u00ebtarja Genta Ismajli? Ja ku ne zbulojm\u00eb q\u00eb ajo ka ikur n\u00eb Amerik\u00eb p\u00ebr disa dit\u00eb pushimi, pas koncerteve q\u00eb","og_url":"https:\/\/www.visit-ulcinj.com\/blog\/2012\/09\/08\/ku-eshte-genta-ismajli\/","og_site_name":"Lajme nga Ulqini","article_published_time":"2012-09-08T10:54:39+00:00","og_image":[{"url":"http:\/\/www.visit-ulcinj.com\/blog\/wp-content\/uploads\/2012\/09\/Genta-Ismajli.jpg"}],"twitter_misc":{"Written by":"ulqini","Est. reading time":"1 minute"},"schema":{"@context":"https:\/\/schema.org","@graph":[{"@type":"WebSite","@id":"https:\/\/www.visit-ulcinj.com\/blog\/#website","url":"https:\/\/www.visit-ulcinj.com\/blog\/","name":"Lajme nga Ulqini","description":"Lajme,Vijesti,Ulqini,Ulqin,Crna Gora,Mali i Zi","potentialAction":[{"@type":"SearchAction","target":{"@type":"EntryPoint","urlTemplate":"https:\/\/www.visit-ulcinj.com\/blog\/?s={search_term_string}"},"query-input":"required name=search_term_string"}],"inLanguage":"en-US"},{"@type":"ImageObject","inLanguage":"en-US","@id":"https:\/\/www.visit-ulcinj.com\/blog\/2012\/09\/08\/ku-eshte-genta-ismajli\/#primaryimage","url":"http:\/\/www.visit-ulcinj.com\/blog\/wp-content\/uploads\/2012\/09\/Genta-Ismajli.jpg","contentUrl":"http:\/\/www.visit-ulcinj.com\/blog\/wp-content\/uploads\/2012\/09\/Genta-Ismajli.jpg"},{"@type":"WebPage","@id":"https:\/\/www.visit-ulcinj.com\/blog\/2012\/09\/08\/ku-eshte-genta-ismajli\/#webpage","url":"https:\/\/www.visit-ulcinj.com\/blog\/2012\/09\/08\/ku-eshte-genta-ismajli\/","name":"Ku eshte Genta Ismajli? - Lajme nga Ulqini","isPartOf":{"@id":"https:\/\/www.visit-ulcinj.com\/blog\/#website"},"primaryImageOfPage":{"@id":"https:\/\/www.visit-ulcinj.com\/blog\/2012\/09\/08\/ku-eshte-genta-ismajli\/#primaryimage"},"datePublished":"2012-09-08T10:54:39+00:00","dateModified":"2012-09-08T10:54:39+00:00","author":{"@id":"https:\/\/www.visit-ulcinj.com\/blog\/#\/schema\/person\/dcab619c614d3038751c63bc2aadc06d"},"description":"Keni pyetur gjat\u00eb k\u00ebtyre dit\u00ebve se ku \u00ebsht\u00eb k\u00ebng\u00ebtarja Genta Ismajli? Ja ku ne zbulojm\u00eb q\u00eb ajo ka ikur n\u00eb Amerik\u00eb p\u00ebr disa dit\u00eb pushimi, pas koncerteve q\u00eb","breadcrumb":{"@id":"https:\/\/www.visit-ulcinj.com\/blog\/2012\/09\/08\/ku-eshte-genta-ismajli\/#breadcrumb"},"inLanguage":"en-US","potentialAction":[{"@type":"ReadAction","target":["https:\/\/www.visit-ulcinj.com\/blog\/2012\/09\/08\/ku-eshte-genta-ismajli\/"]}]},{"@type":"BreadcrumbList","@id":"https:\/\/www.visit-ulcinj.com\/blog\/2012\/09\/08\/ku-eshte-genta-ismajli\/#breadcrumb","itemListElement":[{"@type":"ListItem","position":1,"name":"Ku eshte Genta Ismajli?"}]},{"@type":"Person","@id":"https:\/\/www.visit-ulcinj.com\/blog\/#\/schema\/person\/dcab619c614d3038751c63bc2aadc06d","name":"ulqini","sameAs":["http:\/\/www.visit-ulcinj.com"],"url":"https:\/\/www.visit-ulcinj.com\/blog\/author\/admin\/"}]}},"jetpack_featured_media_url":"","jetpack_sharing_enabled":true,"jetpack_shortlink":"https:\/\/wp.me\/pe6lTn-gvR","_links":{"self":[{"href":"https:\/\/www.visit-ulcinj.com\/blog\/wp-json\/wp\/v2\/posts\/63479"}],"collection":[{"href":"https:\/\/www.visit-ulcinj.com\/blog\/wp-json\/wp\/v2\/posts"}],"about":[{"href":"https:\/\/www.visit-ulcinj.com\/blog\/wp-json\/wp\/v2\/types\/post"}],"author":[{"embeddable":true,"href":"https:\/\/www.visit-ulcinj.com\/blog\/wp-json\/wp\/v2\/users\/1"}],"replies":[{"embeddable":true,"href":"https:\/\/www.visit-ulcinj.com\/blog\/wp-json\/wp\/v2\/comments?post=63479"}],"version-history":[{"count":1,"href":"https:\/\/www.visit-ulcinj.com\/blog\/wp-json\/wp\/v2\/posts\/63479\/revisions"}],"predecessor-version":[{"id":63481,"href":"https:\/\/www.visit-ulcinj.com\/blog\/wp-json\/wp\/v2\/posts\/63479\/revisions\/63481"}],"wp:attachment":[{"href":"https:\/\/www.visit-ulcinj.com\/blog\/wp-json\/wp\/v2\/media?parent=63479"}],"wp:term":[{"taxonomy":"category","embeddable":true,"href":"https:\/\/www.visit-ulcinj.com\/blog\/wp-json\/wp\/v2\/categories?post=63479"},{"taxonomy":"post_tag","embeddable":true,"href":"https:\/\/www.visit-ulcinj.com\/blog\/wp-json\/wp\/v2\/tags?post=63479"}],"curies":[{"name":"wp","href":"https:\/\/api.w.org\/{rel}","templated":true}]}}