{"id":63487,"date":"2012-09-09T07:35:43","date_gmt":"2012-09-09T06:35:43","guid":{"rendered":"http:\/\/www.visit-ulcinj.com\/blog\/?p=63487"},"modified":"2012-09-09T07:49:40","modified_gmt":"2012-09-09T06:49:40","slug":"dps-grize-za-vlast-u-ulcinju","status":"publish","type":"post","link":"https:\/\/www.visit-ulcinj.com\/blog\/2012\/09\/09\/dps-grize-za-vlast-u-ulcinju\/","title":{"rendered":"DPS &#8220;grize&#8221; za vlast u Ulcinju"},"content":{"rendered":"<div id=\"attachment_63488\" style=\"width: 518px\" class=\"wp-caption alignleft\"><a href=\"http:\/\/www.visit-ulcinj.com\/blog\/wp-content\/uploads\/2012\/09\/politicari-Ulcinja.2.jpg\"><img aria-describedby=\"caption-attachment-63488\" loading=\"lazy\" class=\" wp-image-63488\" title=\"politicari Ulcinja.2\" src=\"http:\/\/www.visit-ulcinj.com\/blog\/wp-content\/uploads\/2012\/09\/politicari-Ulcinja.2.jpg\" alt=\"\" width=\"508\" height=\"360\" \/><\/a><p id=\"caption-attachment-63488\" class=\"wp-caption-text\">Arhivske Slike<\/p><\/div>\n<p>Neuspjeli poku\u0161aji albanskih partija da se dogovore da na predstoje\u0107im izborima nastupe u koaliciji, najvjerovatnije \u0107e rezultirati time da Demokratska partija socijalista (DPS) ponovo preuzme vlast u Ulcinju.<\/p>\n<p>Prema saznanjima \u201cVijesti\u201d, to bi se moglo dogoditi nakon parlamentarnih izbora 14. oktobra.<\/p>\n<p>Novi lider ulcinjskog DPS-a Ljoro Nreki\u0107 rekao je da pregovori o novoj prekompoziciji na ulcinjskoj politi\u010dkoj sceni uveliko traju.<\/p>\n<p>Osim DPS-a, Demokratske unije Albanaca i Partije demokratskog prosperiteta, dugogodi\u0161njih koalicionih partnera, prema projekciji Nreki\u0107a, novu vlast \u010dinili bi SDP i Demokratska partija Fatmira \u0110eke, koje su nezadovoljne statusom i odnosima u aktuelnoj vladaju\u0107oj koaliciji sa Forcom.<\/p>\n<p>\u201cNiz propusta i nezakonitosti u radu \u010delnika Force, rezultirale su nezadovoljstvom pojedinih njihovih partnera. DPS ho\u0107e i zna da iskoristi to jer na kraju, po\u0161teno bi bilo da odu kao \u0161to su i do\u0161li\u201c, kazao je Nreki\u0107, aludiraju\u0107i na \u010dinjenicu da je DPS pro\u0161le godine preseljen u opoziciju tako \u0161to je \u0110ekino krilo iz DUA napravilo dogovor sa Forcom.<\/p>\n<p>Nreki\u0107 je kazao da \u0107e DPS tra\u017eiti mjesto predsjednika ulcinjske op\u0161tine. \u201cTo nama pripada kao najja\u010doj opozicionoj partiji koja \u0107e formirati savez, vjerujem veoma brzo\u201c.<\/p>\n<div id=\"attachment_63489\" style=\"width: 518px\" class=\"wp-caption alignleft\"><a href=\"http:\/\/www.visit-ulcinj.com\/blog\/wp-content\/uploads\/2012\/09\/politicari-Ulcinja.jpg\"><img aria-describedby=\"caption-attachment-63489\" loading=\"lazy\" class=\" wp-image-63489\" title=\"politicari Ulcinja\" src=\"http:\/\/www.visit-ulcinj.com\/blog\/wp-content\/uploads\/2012\/09\/politicari-Ulcinja.jpg\" alt=\"\" width=\"508\" height=\"300\" \/><\/a><p id=\"caption-attachment-63489\" class=\"wp-caption-text\">Arhivske Slike<\/p><\/div>\n<p>Ra\u010dunica za Nreki\u0107a, vrlo je jasna jer sedam odbornika njegove partije, po \u010detiri iz \u0110ekine DP i Demokratske unije Albanaca, dva odbornika SDP-a i jedan iz PDP-a u ulcinjskom parlamentu \u010dine dovoljnu ve\u0107inu za promjenu vlasti.<\/p>\n<p><strong>Vlast dovedena u pitanje?<\/strong><\/p>\n<p>\u0110eka ju\u010de nije \u017eelio da komentari\u0161e mogu\u0107nost smjene vlasti u Ulcinju. Me\u0111utim, izvori \u201cVijesti\u201d iz Demokratske partije ocijenili su da takav scenario za sada nije realan.<\/p>\n<p>\u201cTa\u010dno je da smo razgovarali, ali sada idu parlamentarni izbori i na\u0161a partija usredsre\u0111ena je da uprkos podmetanjima Force i Gra\u0111anske alijanse, postigne \u0161to bolji rezultat\u201c, kazao je na\u0161 sagovornik tra\u017ee\u0107i anonimnost.<\/p>\n<p>\u0110eka je u \u010detvrtak optu\u017eio Forcu Nazifa Cungua da je stvaranjem koalicije sa GI Vaselja Sini\u0161taja poku\u0161ala da na nemoralan na\u010din diskredituje njegovu stranku i upozorio da je tim \u010dinom dovedena u pitanje vlast na lokalnom nivou koju \u010dine i SDP odbornik PDP Astrit Kurti.<\/p>\n<p>On je tada kazao da se Forca jednostrano umije\u0161ala u njegove pregovore sa Albanskom alternativom (AA) i Sini\u0161tajem, koji su bili pri kraju i trebalo jei da rezultiraju stvaranjem \u0161iroke koalicije albanskih stranaka na bazi Sporazuma o zajedni\u010dkom politi\u010dkom djelovanju. On je tada ocijenio da mu je Forca time nanijela \u0161tetu iako je njegova DP dovela na vlast u Ulcinju.<\/p>\n<div id=\"attachment_63493\" style=\"width: 518px\" class=\"wp-caption alignleft\"><a href=\"http:\/\/www.visit-ulcinj.com\/blog\/wp-content\/uploads\/2012\/09\/politicari-ulcinja.4.jpg\"><img aria-describedby=\"caption-attachment-63493\" loading=\"lazy\" class=\" wp-image-63493\" title=\"politicari ulcinja.4\" src=\"http:\/\/www.visit-ulcinj.com\/blog\/wp-content\/uploads\/2012\/09\/politicari-ulcinja.4.jpg\" alt=\"\" width=\"508\" height=\"300\" \/><\/a><p id=\"caption-attachment-63493\" class=\"wp-caption-text\">Arhivske Slike<\/p><\/div>\n<p>Uo\u010di formiranja vlasti u Ulcinju pro\u0161log avgusta, \u0110eka je sa jo\u0161 tri odbornika DUA odbio da podr\u017ei reizbor strana\u010dkog kolege Gzima Hajdinage i nakon sklapanja sporazuma sa Forcom smijenio gradsku upravu u kojoj su bile DPS i DUA.<\/p>\n<p><strong>Prostor za kombinacije su\u017een<\/strong><\/p>\n<p>Iako je zbog takvog poteza svojevremeno tvrdio da je \u0110eka zabio no\u017e u le\u0111a njegovoj partiji, lider DUA Mehmet Zenka ju\u010de nije ni potvrdio ni negirao mogu\u0107nost ulaska u novi savez sa biv\u0161im strana\u010dkim kolegom.<\/p>\n<p>\u201cAko nam stigne ponuda, mi \u0107emo se odrediti prema njoj i pozicionirati u skladu sa na\u0161im politi\u010dkim interesima\u201d, kazao je Zenka \u201cVijestima\u201d.<\/p>\n<p>Forci je prostor za kombinatoriku ostanka na vlasti dosta su\u017een. Savez DUA i Force izgleda nemogu\u0107im, imaju\u0107i u vidu animozitet koji vlada me\u0111u partijama i \u010dlanstvom, a te\u0161ko je vjerovati i da bi sporazum sada zaklju\u010dili Cungu i Nreki\u0107. Osim toga, lider Force je ljetos imao javnu polemiku sa liderom ulcinjskog SDP-a Selimom Resulbegovi\u0107em koga je optu\u017eio za korupciju, na \u0161ta mu je ovaj odgovorio da nije dorastao funkciji prvog \u010dovjeka op\u0161tine.<\/p>\n<p>SNP i Nova demokratija, koji imaju po jednog odbornika u parlamentu, ne\u0107e ulaziti u bilo kakve koalicije jer se zala\u017eu da Skup\u0161tina vrati mandat gra\u0111anima. To je potvrdio \u0161ef ulcinjskog SNP-a Andrija \u0106etkovi\u0107 navode\u0107i da vladaju\u0107a koalicija ne funkcioni\u0161e kvalitetno.<\/p>\n<div id=\"attachment_63492\" style=\"width: 518px\" class=\"wp-caption alignleft\"><a href=\"http:\/\/www.visit-ulcinj.com\/blog\/wp-content\/uploads\/2012\/09\/DPS-ULCINJ.jpg\"><img aria-describedby=\"caption-attachment-63492\" loading=\"lazy\" class=\" wp-image-63492\" title=\"DPS ULCINJ\" src=\"http:\/\/www.visit-ulcinj.com\/blog\/wp-content\/uploads\/2012\/09\/DPS-ULCINJ.jpg\" alt=\"\" width=\"508\" height=\"300\" \/><\/a><p id=\"caption-attachment-63492\" class=\"wp-caption-text\">Arhivske Slike<\/p><\/div>\n<p>\u201cIzvjesno je da ne mogu ispuniti ni 10 odsto obe\u0107anog. Zato smatramo da je najbolje da vratimo gra\u0111anima mandat i odr\u017eimo izbore kada i parlamentarne da ne bismo poreske obveznike dodatno optere\u0107ivali\u201d, kazao je \u0106etkovi\u0107 \u201cVijestima\u201d.<\/p>\n<p><strong>Diverzija sezone da lak\u0161e maknu<\/strong><\/p>\n<p>Cungua \u0110ukanovi\u0107evoj partiji bi u promjeni vlasti moglo da pomogne i nezadovoljstvo brojnih Ulcinjana zbog lo\u0161e turisti\u010dke sezone i tvrdnji da su zbog propusta lokalne uprave kosovski turisti ovog ljeta zaobilazili najju\u017eniju crnogorsku op\u0161tinu i ljetovali u Albaniji.<\/p>\n<p>Iako o\u010dekuju da se zbog lo\u0161e turisti\u010dke sezone kola slome na gradskoj upravi, poznavaoci prilika u Ulcinju smatraju da se sa dr\u017eavnog nivoa poku\u0161alo uticati na manji broj turista u Ulcinju. Tako su kosovski turisti odlazili u albanska ljetovali\u0161ta, kako bi izbjegavali vi\u0161esatna \u010dekanja na grani\u010dnom prelazu Sukobin.<\/p>\n<p>Na manjak interesovanja za Ulcinj, osim lo\u0161e ekonomske situacije, pomogli su i svakodnevni zastoji zbog nezavr\u0161enog mosta na Port Mileni. Dok je Vlada odlagala zavr\u0161etak radova, turisti su prilikom odlaska i dolaska na Veliku pla\u017eu satima \u010dekali u kilometarskim kolonama.<\/p>\n<p><strong>Samir Adrovi\u0107<br \/>\n<\/strong><strong><a href=\"http:\/\/www.vijesti.me\/\">Vijesti online<\/a><\/strong><strong><\/strong><\/p>\n","protected":false},"excerpt":{"rendered":"<p>Neuspjeli poku\u0161aji albanskih partija da se dogovore da na predstoje\u0107im izborima nastupe u koaliciji, najvjerovatnije \u0107e rezultirati time da Demokratska partija socijalista (DPS) ponovo preuzme vlast u Ulcinju. Prema saznanjima \u201cVijesti\u201d, to bi se moglo dogoditi nakon parlamentarnih izbora 14. oktobra. Novi lider ulcinjskog DPS-a Ljoro Nreki\u0107 rekao je da pregovori o novoj prekompoziciji na [&hellip;]<\/p>\n","protected":false},"author":1,"featured_media":0,"comment_status":"open","ping_status":"closed","sticky":false,"template":"","format":"standard","meta":{"spay_email":"","jetpack_publicize_message":"","jetpack_is_tweetstorm":false,"jetpack_publicize_feature_enabled":true},"categories":[8337],"tags":[19],"jetpack_publicize_connections":[],"yoast_head":"<!-- This site is optimized with the Yoast SEO plugin v19.1 - https:\/\/yoast.com\/wordpress\/plugins\/seo\/ -->\n<title>DPS &quot;grize&quot; za vlast u Ulcinju - Lajme nga Ulqini<\/title>\n<meta name=\"description\" content=\"Neuspjeli poku\u0161aji albanskih partija da se dogovore da na predstoje\u0107im izborima nastupe u koaliciji, najvjerovatnije \u0107e rezultirati time da Demokratska\" \/>\n<meta name=\"robots\" content=\"index, follow, max-snippet:-1, max-image-preview:large, max-video-preview:-1\" \/>\n<link rel=\"canonical\" href=\"https:\/\/www.visit-ulcinj.com\/blog\/2012\/09\/09\/dps-grize-za-vlast-u-ulcinju\/\" \/>\n<meta property=\"og:locale\" content=\"en_US\" \/>\n<meta property=\"og:type\" content=\"article\" \/>\n<meta property=\"og:title\" content=\"DPS &quot;grize&quot; za vlast u Ulcinju - Lajme nga Ulqini\" \/>\n<meta property=\"og:description\" content=\"Neuspjeli poku\u0161aji albanskih partija da se dogovore da na predstoje\u0107im izborima nastupe u koaliciji, najvjerovatnije \u0107e rezultirati time da Demokratska\" \/>\n<meta property=\"og:url\" content=\"https:\/\/www.visit-ulcinj.com\/blog\/2012\/09\/09\/dps-grize-za-vlast-u-ulcinju\/\" \/>\n<meta property=\"og:site_name\" content=\"Lajme nga Ulqini\" \/>\n<meta property=\"article:published_time\" content=\"2012-09-09T06:35:43+00:00\" \/>\n<meta property=\"article:modified_time\" content=\"2012-09-09T06:49:40+00:00\" \/>\n<meta property=\"og:image\" content=\"http:\/\/www.visit-ulcinj.com\/blog\/wp-content\/uploads\/2012\/09\/politicari-Ulcinja.2.jpg\" \/>\n<meta name=\"twitter:label1\" content=\"Written by\" \/>\n\t<meta name=\"twitter:data1\" content=\"ulqini\" \/>\n\t<meta name=\"twitter:label2\" content=\"Est. reading time\" \/>\n\t<meta name=\"twitter:data2\" content=\"4 minutes\" \/>\n<script type=\"application\/ld+json\" class=\"yoast-schema-graph\">{\"@context\":\"https:\/\/schema.org\",\"@graph\":[{\"@type\":\"WebSite\",\"@id\":\"https:\/\/www.visit-ulcinj.com\/blog\/#website\",\"url\":\"https:\/\/www.visit-ulcinj.com\/blog\/\",\"name\":\"Lajme nga Ulqini\",\"description\":\"Lajme,Vijesti,Ulqini,Ulqin,Crna Gora,Mali i Zi\",\"potentialAction\":[{\"@type\":\"SearchAction\",\"target\":{\"@type\":\"EntryPoint\",\"urlTemplate\":\"https:\/\/www.visit-ulcinj.com\/blog\/?s={search_term_string}\"},\"query-input\":\"required name=search_term_string\"}],\"inLanguage\":\"en-US\"},{\"@type\":\"ImageObject\",\"inLanguage\":\"en-US\",\"@id\":\"https:\/\/www.visit-ulcinj.com\/blog\/2012\/09\/09\/dps-grize-za-vlast-u-ulcinju\/#primaryimage\",\"url\":\"https:\/\/www.visit-ulcinj.com\/blog\/wp-content\/uploads\/2012\/09\/politicari-Ulcinja.2.jpg\",\"contentUrl\":\"https:\/\/www.visit-ulcinj.com\/blog\/wp-content\/uploads\/2012\/09\/politicari-Ulcinja.2.jpg\",\"width\":\"913\",\"height\":\"960\"},{\"@type\":\"WebPage\",\"@id\":\"https:\/\/www.visit-ulcinj.com\/blog\/2012\/09\/09\/dps-grize-za-vlast-u-ulcinju\/#webpage\",\"url\":\"https:\/\/www.visit-ulcinj.com\/blog\/2012\/09\/09\/dps-grize-za-vlast-u-ulcinju\/\",\"name\":\"DPS \\\"grize\\\" za vlast u Ulcinju - Lajme nga Ulqini\",\"isPartOf\":{\"@id\":\"https:\/\/www.visit-ulcinj.com\/blog\/#website\"},\"primaryImageOfPage\":{\"@id\":\"https:\/\/www.visit-ulcinj.com\/blog\/2012\/09\/09\/dps-grize-za-vlast-u-ulcinju\/#primaryimage\"},\"datePublished\":\"2012-09-09T06:35:43+00:00\",\"dateModified\":\"2012-09-09T06:49:40+00:00\",\"author\":{\"@id\":\"https:\/\/www.visit-ulcinj.com\/blog\/#\/schema\/person\/dcab619c614d3038751c63bc2aadc06d\"},\"description\":\"Neuspjeli poku\u0161aji albanskih partija da se dogovore da na predstoje\u0107im izborima nastupe u koaliciji, najvjerovatnije \u0107e rezultirati time da Demokratska\",\"breadcrumb\":{\"@id\":\"https:\/\/www.visit-ulcinj.com\/blog\/2012\/09\/09\/dps-grize-za-vlast-u-ulcinju\/#breadcrumb\"},\"inLanguage\":\"en-US\",\"potentialAction\":[{\"@type\":\"ReadAction\",\"target\":[\"https:\/\/www.visit-ulcinj.com\/blog\/2012\/09\/09\/dps-grize-za-vlast-u-ulcinju\/\"]}]},{\"@type\":\"BreadcrumbList\",\"@id\":\"https:\/\/www.visit-ulcinj.com\/blog\/2012\/09\/09\/dps-grize-za-vlast-u-ulcinju\/#breadcrumb\",\"itemListElement\":[{\"@type\":\"ListItem\",\"position\":1,\"name\":\"DPS &#8220;grize&#8221; za vlast u Ulcinju\"}]},{\"@type\":\"Person\",\"@id\":\"https:\/\/www.visit-ulcinj.com\/blog\/#\/schema\/person\/dcab619c614d3038751c63bc2aadc06d\",\"name\":\"ulqini\",\"sameAs\":[\"http:\/\/www.visit-ulcinj.com\"],\"url\":\"https:\/\/www.visit-ulcinj.com\/blog\/author\/admin\/\"}]}<\/script>\n<!-- \/ Yoast SEO plugin. -->","yoast_head_json":{"title":"DPS \"grize\" za vlast u Ulcinju - Lajme nga Ulqini","description":"Neuspjeli poku\u0161aji albanskih partija da se dogovore da na predstoje\u0107im izborima nastupe u koaliciji, najvjerovatnije \u0107e rezultirati time da Demokratska","robots":{"index":"index","follow":"follow","max-snippet":"max-snippet:-1","max-image-preview":"max-image-preview:large","max-video-preview":"max-video-preview:-1"},"canonical":"https:\/\/www.visit-ulcinj.com\/blog\/2012\/09\/09\/dps-grize-za-vlast-u-ulcinju\/","og_locale":"en_US","og_type":"article","og_title":"DPS \"grize\" za vlast u Ulcinju - Lajme nga Ulqini","og_description":"Neuspjeli poku\u0161aji albanskih partija da se dogovore da na predstoje\u0107im izborima nastupe u koaliciji, najvjerovatnije \u0107e rezultirati time da Demokratska","og_url":"https:\/\/www.visit-ulcinj.com\/blog\/2012\/09\/09\/dps-grize-za-vlast-u-ulcinju\/","og_site_name":"Lajme nga Ulqini","article_published_time":"2012-09-09T06:35:43+00:00","article_modified_time":"2012-09-09T06:49:40+00:00","og_image":[{"url":"http:\/\/www.visit-ulcinj.com\/blog\/wp-content\/uploads\/2012\/09\/politicari-Ulcinja.2.jpg"}],"twitter_misc":{"Written by":"ulqini","Est. reading time":"4 minutes"},"schema":{"@context":"https:\/\/schema.org","@graph":[{"@type":"WebSite","@id":"https:\/\/www.visit-ulcinj.com\/blog\/#website","url":"https:\/\/www.visit-ulcinj.com\/blog\/","name":"Lajme nga Ulqini","description":"Lajme,Vijesti,Ulqini,Ulqin,Crna Gora,Mali i Zi","potentialAction":[{"@type":"SearchAction","target":{"@type":"EntryPoint","urlTemplate":"https:\/\/www.visit-ulcinj.com\/blog\/?s={search_term_string}"},"query-input":"required name=search_term_string"}],"inLanguage":"en-US"},{"@type":"ImageObject","inLanguage":"en-US","@id":"https:\/\/www.visit-ulcinj.com\/blog\/2012\/09\/09\/dps-grize-za-vlast-u-ulcinju\/#primaryimage","url":"https:\/\/www.visit-ulcinj.com\/blog\/wp-content\/uploads\/2012\/09\/politicari-Ulcinja.2.jpg","contentUrl":"https:\/\/www.visit-ulcinj.com\/blog\/wp-content\/uploads\/2012\/09\/politicari-Ulcinja.2.jpg","width":"913","height":"960"},{"@type":"WebPage","@id":"https:\/\/www.visit-ulcinj.com\/blog\/2012\/09\/09\/dps-grize-za-vlast-u-ulcinju\/#webpage","url":"https:\/\/www.visit-ulcinj.com\/blog\/2012\/09\/09\/dps-grize-za-vlast-u-ulcinju\/","name":"DPS \"grize\" za vlast u Ulcinju - Lajme nga Ulqini","isPartOf":{"@id":"https:\/\/www.visit-ulcinj.com\/blog\/#website"},"primaryImageOfPage":{"@id":"https:\/\/www.visit-ulcinj.com\/blog\/2012\/09\/09\/dps-grize-za-vlast-u-ulcinju\/#primaryimage"},"datePublished":"2012-09-09T06:35:43+00:00","dateModified":"2012-09-09T06:49:40+00:00","author":{"@id":"https:\/\/www.visit-ulcinj.com\/blog\/#\/schema\/person\/dcab619c614d3038751c63bc2aadc06d"},"description":"Neuspjeli poku\u0161aji albanskih partija da se dogovore da na predstoje\u0107im izborima nastupe u koaliciji, najvjerovatnije \u0107e rezultirati time da Demokratska","breadcrumb":{"@id":"https:\/\/www.visit-ulcinj.com\/blog\/2012\/09\/09\/dps-grize-za-vlast-u-ulcinju\/#breadcrumb"},"inLanguage":"en-US","potentialAction":[{"@type":"ReadAction","target":["https:\/\/www.visit-ulcinj.com\/blog\/2012\/09\/09\/dps-grize-za-vlast-u-ulcinju\/"]}]},{"@type":"BreadcrumbList","@id":"https:\/\/www.visit-ulcinj.com\/blog\/2012\/09\/09\/dps-grize-za-vlast-u-ulcinju\/#breadcrumb","itemListElement":[{"@type":"ListItem","position":1,"name":"DPS &#8220;grize&#8221; za vlast u Ulcinju"}]},{"@type":"Person","@id":"https:\/\/www.visit-ulcinj.com\/blog\/#\/schema\/person\/dcab619c614d3038751c63bc2aadc06d","name":"ulqini","sameAs":["http:\/\/www.visit-ulcinj.com"],"url":"https:\/\/www.visit-ulcinj.com\/blog\/author\/admin\/"}]}},"jetpack_featured_media_url":"","jetpack_sharing_enabled":true,"jetpack_shortlink":"https:\/\/wp.me\/pe6lTn-gvZ","_links":{"self":[{"href":"https:\/\/www.visit-ulcinj.com\/blog\/wp-json\/wp\/v2\/posts\/63487"}],"collection":[{"href":"https:\/\/www.visit-ulcinj.com\/blog\/wp-json\/wp\/v2\/posts"}],"about":[{"href":"https:\/\/www.visit-ulcinj.com\/blog\/wp-json\/wp\/v2\/types\/post"}],"author":[{"embeddable":true,"href":"https:\/\/www.visit-ulcinj.com\/blog\/wp-json\/wp\/v2\/users\/1"}],"replies":[{"embeddable":true,"href":"https:\/\/www.visit-ulcinj.com\/blog\/wp-json\/wp\/v2\/comments?post=63487"}],"version-history":[{"count":3,"href":"https:\/\/www.visit-ulcinj.com\/blog\/wp-json\/wp\/v2\/posts\/63487\/revisions"}],"predecessor-version":[{"id":63491,"href":"https:\/\/www.visit-ulcinj.com\/blog\/wp-json\/wp\/v2\/posts\/63487\/revisions\/63491"}],"wp:attachment":[{"href":"https:\/\/www.visit-ulcinj.com\/blog\/wp-json\/wp\/v2\/media?parent=63487"}],"wp:term":[{"taxonomy":"category","embeddable":true,"href":"https:\/\/www.visit-ulcinj.com\/blog\/wp-json\/wp\/v2\/categories?post=63487"},{"taxonomy":"post_tag","embeddable":true,"href":"https:\/\/www.visit-ulcinj.com\/blog\/wp-json\/wp\/v2\/tags?post=63487"}],"curies":[{"name":"wp","href":"https:\/\/api.w.org\/{rel}","templated":true}]}}