{"id":635,"date":"2008-02-25T12:50:34","date_gmt":"2008-02-25T17:50:34","guid":{"rendered":"http:\/\/www.visit-ulcinj.com\/blog\/2008\/02\/25\/kako-vlast-i-opozicija-koriste-regionalni-problem-u-toku-predsjednicke-kampanje\/"},"modified":"2008-02-26T11:51:18","modified_gmt":"2008-02-26T16:51:18","slug":"kako-vlast-i-opozicija-koriste-regionalni-problem-u-toku-predsjednicke-kampanje","status":"publish","type":"post","link":"https:\/\/www.visit-ulcinj.com\/blog\/2008\/02\/25\/kako-vlast-i-opozicija-koriste-regionalni-problem-u-toku-predsjednicke-kampanje\/","title":{"rendered":"Kako vlast i opozicija koriste regionalni problem u toku predsjedni?ke kampanje"},"content":{"rendered":"<p><a href=\"http:\/\/www.visit-ulcinj.com\/blog\/2008\/02\/25\/kako-vlast-i-opozicija-koriste-regionalni-problem-u-toku-predsjednicke-kampanje\/aparthejd\/\" rel=\"attachment wp-att-636\" title=\"aparthejd\"><img loading=\"lazy\" src=\"http:\/\/www.visit-ulcinj.com\/blog\/wp-content\/uploads\/2008\/02\/shqiptar-ne-aparhejd.jpg\" alt=\"aparthejd\" align=\"left\" height=\"265\" width=\"193\" \/><\/a><strong>Kosovo najskuplja rije? pred izbore<\/strong><br \/>\nAko je vjerovati predsjedni?kim kandidatima, velika Srbija i velika Albanija mogle su se u petak sresti u tunelu Sozina.<br \/>\nUdaljeni samo 40-ak kilometara, Filip Vujanovi? u Pe?uricama kod Bara i opozicionari u centru Podgorice, upozorili su gra?ane da neprijatelj podmuklo vreba.<br \/>\nKandidat vlasti Vujanovi? upozorava: referendumska pobjeda je jo\u0161 ugro\u017eena, pa se mora potvrditi. To bi nakon parlamentarnih izbora 2006. godine i usvajanja Ustava trebalo da bude jubilarna tre?a potvrda referendumske volje.<br \/>\nS druge strane, opozicioni prvaci kosovsku nezavisnost vide kao signal nekim gradovima u Crnoj Gori da tra\u017ee autonomiju, \u0161to je dovoljan razlog da se na mitingu lagodno, iz petnih \u017eila, usklikne predizborno: &#8220;Ubij, zakolji, da \u0160iptar ne postoji&#8221;.<br \/>\nSve to u prisustvu politi?ara i sve\u0161tenstva Srpske parvoslavne crkve.<br \/>\nDo incidenta na ulicama nije moglo do?i jer je ministar unutra\u0161njih poslova Jusuf Kalamperovi? prevovremeno pozvao Albance da kosovsku nezavisnost slave u kamernom ambijentu, da ne uvrijede kom\u0161ije.<br \/>\nKada jo\u0161 poslanik DPS-a Lui? \u0160krelja izbjegne da direktno ?estita dr\u017eavu svojim sunarodnicima, onda je jasno da je predizborna kampanja u Crnoj Gori zapravo po?ela 17. februara u Pri\u0161tini.<br \/>\n&#8220;Ovo je zaista lijep sun?an dan za ovo doba godine&#8221;, rekao je u nedjelju \u0160krelja zagonetno, u maniru \u0161pijunskih romana.<br \/>\nTo nije omelo poslanika Emila Labudovi? (NSS) da prekju?e, obasjan svjetlom navija?kih baklji, zaprijeti onima u Crnoj Gori &#8220;koji iz prikrajka likuju&#8221; nad kosovskom nezavisno\u0161?u.<br \/>\nLider NS-a Predrag Popovi?, ro?eni Ulcinjanin, nije u petak rizikovao niti jedan zvi\u017eduk demonstranata i stao u za\u0161titu svojih kom\u0161ija, sa kojima ka\u017ee &#8220;ima vrlo pozitivna iskustva&#8221;.<br \/>\nZato je u velikom stilu nastupio kandidat Vujanovi? i rekao: &#8220;O?ekujem podr\u0161ku manjinskih naroda&#8221;.<br \/>\nLider Pokreta za promjene Neboj\u0161a Medojevi? ka\u017ee da govor mr\u017enje na opozicionim skupovima poma\u017ee DPS-u da opet nastupi kao faktor stabilnosti, \u0161to je Vujanovi? i uradio u Pe?uricama, naseljenim ve?inskim stanovni\u0161tvom muslimanske vjeroispovijesti.<br \/>\nBeogradski sociolog politike ?edomir ?upi? o?ekuje da ?e crnogorske stranke iskoristiti potpaljivu dimenziju kosovskog pitanja kao oru\u017eje predsjedni?ke kampanje.<br \/>\n&#8220;To su verbalni piromanski ratovi koji nemaju nikakve veze sa realno\u0161?u. Politika po?iva na mo?i i interesima. Ko to ne zna, taj je veliki gubitnik. Snovi o velikim balkanskim jednonacionalnim dr\u017eavama su politi?ka arheologija&#8221;, ocijenio je ?upi?.<br \/>\nOn napominje da Albanci u Crnoj Gori objektivno osje?aju nelagodu i strah kada ?uju uvredljive i prijete?e parole na ulicama glavnog grada svoje dr\u017eave.<br \/>\nZa ?upi?a to je politi?ka ?injenica i partije na to ra?unaju.<br \/>\n&#8220;Znate, strah je uvijek konkretan, on proizilazi iz odre?ene prijetnje&#8221;, ka\u017ee ?upi?.<br \/>\nPredsjednik Albanske alternative Vaselj Sini\u0161taj saglasan je da ?e veliki miting protiv nezavisnosti Kosova usmjeriti predizbornu trku.<br \/>\n&#8220;Ko ?e sad od Albanaca i da pomisli, a kamoli da da glas Sr?anu Mili?u. S druge strane i Medojevi? daje u posljednje vrijeme neke nekontrolisane izjave&#8230; Ostaje jedino vlast, koja o svemu ?uti&#8221;, rekao je Sini\u0161taj &#8220;Vijestima&#8221;.<br \/>\nKada politi?ari stanu iza te\u0161kih rije?i, onda je to jedna velika neodgovornost, smatra ?upi?, \u0161to bi moglo da sroza predizbornu kampanju i vrati politi?ki to?ak dvadesetak godina.<br \/>\n&#8220;Kada je Milo\u0161evi? stao iza te politike i tih parola, to je bio po?etak velike tragedije. Danas smo svjedoci da se istorija ponavlja, ali uvijek kao farsa&#8221;.<\/p>\n<p>B.MANDI?<br \/>\nwww.vijesti.cg.yu<\/p>\n<p><a href=\"http:\/\/www.visit-ulcinj.com\/blog\/wp-content\/uploads\/2008\/02\/dinosha00.jpg\" rel=\"lightbox[pics-1203960203]\" title=\"FERHAT DINOSHA.\"><img loading=\"lazy\" src=\"http:\/\/www.visit-ulcinj.com\/blog\/wp-content\/uploads\/2008\/02\/dinosha00.thumbnail.jpg\" alt=\"FERHAT DINOSHA.\" align=\"left\" height=\"200\" width=\"143\" \/><\/a><strong>DINO\u0160A: \u017dAO MI JE NAVU?ENE OMLADINE<\/strong><br \/>\nVaselj Sini\u0161taj smatra da su organizatori mitinga odgovorni za sve \u0161to se na njemu de\u0161ava, pa i za parole kojima se u petak u Podgorici pozivalo na ubistvo Albanaca.<br \/>\n&#8220;Jeste te\u0161ko masu kontrolisati, ali ipak, politi?ki lideri su odgovorni kada su ve? prijavili skup u policiji i prihvatili se organizacije&#8221;.<br \/>\nPredsjednik Demokratske unije Albanaca Ferhat Dino\u0161a \u017eali &#8220;\u0161to se opet Podgoricom valjaju fa\u0161isti?ke poruke prema Albancima&#8221;.<br \/>\n&#8220;\u017dao mi je \u0161to se to ?uje od mladih ljudi. Nepunoljetna omladina je navu?ena. Ipak, na tom mitingu je bilo pojedinaca koji su htjeli da to ne bude poruka skupa&#8221;, rekao je Dino\u0161a &#8220;Vijestima&#8221;.<br \/>\nIz Demokratske srpske stranke poru?ili su profesorima srednjih \u0161kola u Podgorici da su im ?aci ovih dana &#8220;odr\u017eali ?as iz etike&#8221;.<\/p>\n<p><a href=\"http:\/\/www.visit-ulcinj.com\/blog\/wp-content\/uploads\/2008\/02\/medojevic_sinishtaj2.jpg\" rel=\"lightbox[pics-1203960203]\" title=\"Medojevic_Sinishtaj\"><img loading=\"lazy\" src=\"http:\/\/www.visit-ulcinj.com\/blog\/wp-content\/uploads\/2008\/02\/medojevic_sinishtaj2.thumbnail.jpg\" alt=\"Medojevic_Sinishtaj\" align=\"left\" height=\"96\" width=\"128\" \/><\/a><strong>VRATITE SRBIMA OSMIJEH<\/strong><br \/>\nIako Albanci u Crnoj Gori nijesu organizovali slavlje na trgovima, i po Vladinom savjetu &#8220;?uvali drugoga od sebe&#8221;, mobilnim telefonima je krenula SMS poruka.<br \/>\n&#8220;Otvaranjem ove poruke ubili ste \u0160iptara! Sude?i po va\u0161em osmehu, vidi se da ste SRBIN! Pomozite srpstvu i \u0161aljite ovaj SMS dalje, vratimo Srbima osmeh&#8221;.<br \/>\nPredsjedni?ki kandidat PzP Neboj\u0161a Medojevi? osudio je ju?e govor mr\u017enje na crnogorskim trgovima.<br \/>\n?Niko nema pravo da svoj protest iskazuje tako \u0161to ?e prijetiti drugim narodima i gra?anima Crne Gore&#8230; Stvaranje atmosfere straha i me?unacionalnog nepovjerenja jedino doprinosi o?uvanju nedemokratskog, autoritarnog re\u017eima DPS. Na taj na?in se ne poma\u017ee ni srpskoj zajednici na Kosovu ni interesima stabilnosti i bezbjednosti u Srbiji i regionu&#8221;, rekao je Medojevi?.<br \/>\nOn je kazao da je posebno nedopustivo i besmisleno bijes usmjeravati prema diplomatskim predstavni\u0161tvima ili strancima na radu u Crnoj Gori<\/p>\n<p>www.vijesti.cg.yu<\/p>\n","protected":false},"excerpt":{"rendered":"<p><img loading=\"lazy\" src=\"http:\/\/www.visit-ulcinj.com\/blog\/wp-content\/uploads\/2008\/02\/shqiptar-ne-aparhejd.jpg\" alt=\"aparthejd\" align=\"left\" height=\"140\" width=\"140\" \/><\/p>\n","protected":false},"author":1,"featured_media":0,"comment_status":"open","ping_status":"closed","sticky":false,"template":"","format":"standard","meta":{"spay_email":"","jetpack_publicize_message":"","jetpack_is_tweetstorm":false,"jetpack_publicize_feature_enabled":true},"categories":[6],"tags":[91,1520,1340,530,1868,1742,1339,1879,1455,1572,1530,49,788,803,1603,113,1456,1019,246,1880,409,1844,1884,168],"jetpack_publicize_connections":[],"yoast_head":"<!-- This site is optimized with the Yoast SEO plugin v19.1 - https:\/\/yoast.com\/wordpress\/plugins\/seo\/ -->\n<title>Kako vlast i opozicija koriste regionalni problem u toku predsjedni?ke kampanje - Lajme nga Ulqini<\/title>\n<meta name=\"robots\" content=\"index, follow, max-snippet:-1, max-image-preview:large, max-video-preview:-1\" \/>\n<link rel=\"canonical\" href=\"https:\/\/www.visit-ulcinj.com\/blog\/2008\/02\/25\/kako-vlast-i-opozicija-koriste-regionalni-problem-u-toku-predsjednicke-kampanje\/\" \/>\n<meta property=\"og:locale\" content=\"en_US\" \/>\n<meta property=\"og:type\" content=\"article\" \/>\n<meta property=\"og:title\" content=\"Kako vlast i opozicija koriste regionalni problem u toku predsjedni?ke kampanje - Lajme nga Ulqini\" \/>\n<meta property=\"og:url\" content=\"https:\/\/www.visit-ulcinj.com\/blog\/2008\/02\/25\/kako-vlast-i-opozicija-koriste-regionalni-problem-u-toku-predsjednicke-kampanje\/\" \/>\n<meta property=\"og:site_name\" content=\"Lajme nga Ulqini\" \/>\n<meta property=\"article:published_time\" content=\"2008-02-25T17:50:34+00:00\" \/>\n<meta property=\"article:modified_time\" content=\"2008-02-26T16:51:18+00:00\" \/>\n<meta property=\"og:image\" content=\"http:\/\/www.visit-ulcinj.com\/blog\/wp-content\/uploads\/2008\/02\/shqiptar-ne-aparhejd.jpg\" \/>\n<meta name=\"twitter:label1\" content=\"Written by\" \/>\n\t<meta name=\"twitter:data1\" content=\"ulqini\" \/>\n\t<meta name=\"twitter:label2\" content=\"Est. reading time\" \/>\n\t<meta name=\"twitter:data2\" content=\"4 minutes\" \/>\n<script type=\"application\/ld+json\" class=\"yoast-schema-graph\">{\"@context\":\"https:\/\/schema.org\",\"@graph\":[{\"@type\":\"WebSite\",\"@id\":\"https:\/\/www.visit-ulcinj.com\/blog\/#website\",\"url\":\"https:\/\/www.visit-ulcinj.com\/blog\/\",\"name\":\"Lajme nga Ulqini\",\"description\":\"Lajme,Vijesti,Ulqini,Ulqin,Crna Gora,Mali i Zi\",\"potentialAction\":[{\"@type\":\"SearchAction\",\"target\":{\"@type\":\"EntryPoint\",\"urlTemplate\":\"https:\/\/www.visit-ulcinj.com\/blog\/?s={search_term_string}\"},\"query-input\":\"required name=search_term_string\"}],\"inLanguage\":\"en-US\"},{\"@type\":\"ImageObject\",\"inLanguage\":\"en-US\",\"@id\":\"https:\/\/www.visit-ulcinj.com\/blog\/2008\/02\/25\/kako-vlast-i-opozicija-koriste-regionalni-problem-u-toku-predsjednicke-kampanje\/#primaryimage\",\"url\":\"http:\/\/www.visit-ulcinj.com\/blog\/wp-content\/uploads\/2008\/02\/shqiptar-ne-aparhejd.jpg\",\"contentUrl\":\"http:\/\/www.visit-ulcinj.com\/blog\/wp-content\/uploads\/2008\/02\/shqiptar-ne-aparhejd.jpg\"},{\"@type\":\"WebPage\",\"@id\":\"https:\/\/www.visit-ulcinj.com\/blog\/2008\/02\/25\/kako-vlast-i-opozicija-koriste-regionalni-problem-u-toku-predsjednicke-kampanje\/#webpage\",\"url\":\"https:\/\/www.visit-ulcinj.com\/blog\/2008\/02\/25\/kako-vlast-i-opozicija-koriste-regionalni-problem-u-toku-predsjednicke-kampanje\/\",\"name\":\"Kako vlast i opozicija koriste regionalni problem u toku predsjedni?ke kampanje - Lajme nga Ulqini\",\"isPartOf\":{\"@id\":\"https:\/\/www.visit-ulcinj.com\/blog\/#website\"},\"primaryImageOfPage\":{\"@id\":\"https:\/\/www.visit-ulcinj.com\/blog\/2008\/02\/25\/kako-vlast-i-opozicija-koriste-regionalni-problem-u-toku-predsjednicke-kampanje\/#primaryimage\"},\"datePublished\":\"2008-02-25T17:50:34+00:00\",\"dateModified\":\"2008-02-26T16:51:18+00:00\",\"author\":{\"@id\":\"https:\/\/www.visit-ulcinj.com\/blog\/#\/schema\/person\/dcab619c614d3038751c63bc2aadc06d\"},\"breadcrumb\":{\"@id\":\"https:\/\/www.visit-ulcinj.com\/blog\/2008\/02\/25\/kako-vlast-i-opozicija-koriste-regionalni-problem-u-toku-predsjednicke-kampanje\/#breadcrumb\"},\"inLanguage\":\"en-US\",\"potentialAction\":[{\"@type\":\"ReadAction\",\"target\":[\"https:\/\/www.visit-ulcinj.com\/blog\/2008\/02\/25\/kako-vlast-i-opozicija-koriste-regionalni-problem-u-toku-predsjednicke-kampanje\/\"]}]},{\"@type\":\"BreadcrumbList\",\"@id\":\"https:\/\/www.visit-ulcinj.com\/blog\/2008\/02\/25\/kako-vlast-i-opozicija-koriste-regionalni-problem-u-toku-predsjednicke-kampanje\/#breadcrumb\",\"itemListElement\":[{\"@type\":\"ListItem\",\"position\":1,\"name\":\"Kako vlast i opozicija koriste regionalni problem u toku predsjedni?ke kampanje\"}]},{\"@type\":\"Person\",\"@id\":\"https:\/\/www.visit-ulcinj.com\/blog\/#\/schema\/person\/dcab619c614d3038751c63bc2aadc06d\",\"name\":\"ulqini\",\"sameAs\":[\"http:\/\/www.visit-ulcinj.com\"],\"url\":\"https:\/\/www.visit-ulcinj.com\/blog\/author\/admin\/\"}]}<\/script>\n<!-- \/ Yoast SEO plugin. -->","yoast_head_json":{"title":"Kako vlast i opozicija koriste regionalni problem u toku predsjedni?ke kampanje - Lajme nga Ulqini","robots":{"index":"index","follow":"follow","max-snippet":"max-snippet:-1","max-image-preview":"max-image-preview:large","max-video-preview":"max-video-preview:-1"},"canonical":"https:\/\/www.visit-ulcinj.com\/blog\/2008\/02\/25\/kako-vlast-i-opozicija-koriste-regionalni-problem-u-toku-predsjednicke-kampanje\/","og_locale":"en_US","og_type":"article","og_title":"Kako vlast i opozicija koriste regionalni problem u toku predsjedni?ke kampanje - Lajme nga Ulqini","og_url":"https:\/\/www.visit-ulcinj.com\/blog\/2008\/02\/25\/kako-vlast-i-opozicija-koriste-regionalni-problem-u-toku-predsjednicke-kampanje\/","og_site_name":"Lajme nga Ulqini","article_published_time":"2008-02-25T17:50:34+00:00","article_modified_time":"2008-02-26T16:51:18+00:00","og_image":[{"url":"http:\/\/www.visit-ulcinj.com\/blog\/wp-content\/uploads\/2008\/02\/shqiptar-ne-aparhejd.jpg"}],"twitter_misc":{"Written by":"ulqini","Est. reading time":"4 minutes"},"schema":{"@context":"https:\/\/schema.org","@graph":[{"@type":"WebSite","@id":"https:\/\/www.visit-ulcinj.com\/blog\/#website","url":"https:\/\/www.visit-ulcinj.com\/blog\/","name":"Lajme nga Ulqini","description":"Lajme,Vijesti,Ulqini,Ulqin,Crna Gora,Mali i Zi","potentialAction":[{"@type":"SearchAction","target":{"@type":"EntryPoint","urlTemplate":"https:\/\/www.visit-ulcinj.com\/blog\/?s={search_term_string}"},"query-input":"required name=search_term_string"}],"inLanguage":"en-US"},{"@type":"ImageObject","inLanguage":"en-US","@id":"https:\/\/www.visit-ulcinj.com\/blog\/2008\/02\/25\/kako-vlast-i-opozicija-koriste-regionalni-problem-u-toku-predsjednicke-kampanje\/#primaryimage","url":"http:\/\/www.visit-ulcinj.com\/blog\/wp-content\/uploads\/2008\/02\/shqiptar-ne-aparhejd.jpg","contentUrl":"http:\/\/www.visit-ulcinj.com\/blog\/wp-content\/uploads\/2008\/02\/shqiptar-ne-aparhejd.jpg"},{"@type":"WebPage","@id":"https:\/\/www.visit-ulcinj.com\/blog\/2008\/02\/25\/kako-vlast-i-opozicija-koriste-regionalni-problem-u-toku-predsjednicke-kampanje\/#webpage","url":"https:\/\/www.visit-ulcinj.com\/blog\/2008\/02\/25\/kako-vlast-i-opozicija-koriste-regionalni-problem-u-toku-predsjednicke-kampanje\/","name":"Kako vlast i opozicija koriste regionalni problem u toku predsjedni?ke kampanje - Lajme nga Ulqini","isPartOf":{"@id":"https:\/\/www.visit-ulcinj.com\/blog\/#website"},"primaryImageOfPage":{"@id":"https:\/\/www.visit-ulcinj.com\/blog\/2008\/02\/25\/kako-vlast-i-opozicija-koriste-regionalni-problem-u-toku-predsjednicke-kampanje\/#primaryimage"},"datePublished":"2008-02-25T17:50:34+00:00","dateModified":"2008-02-26T16:51:18+00:00","author":{"@id":"https:\/\/www.visit-ulcinj.com\/blog\/#\/schema\/person\/dcab619c614d3038751c63bc2aadc06d"},"breadcrumb":{"@id":"https:\/\/www.visit-ulcinj.com\/blog\/2008\/02\/25\/kako-vlast-i-opozicija-koriste-regionalni-problem-u-toku-predsjednicke-kampanje\/#breadcrumb"},"inLanguage":"en-US","potentialAction":[{"@type":"ReadAction","target":["https:\/\/www.visit-ulcinj.com\/blog\/2008\/02\/25\/kako-vlast-i-opozicija-koriste-regionalni-problem-u-toku-predsjednicke-kampanje\/"]}]},{"@type":"BreadcrumbList","@id":"https:\/\/www.visit-ulcinj.com\/blog\/2008\/02\/25\/kako-vlast-i-opozicija-koriste-regionalni-problem-u-toku-predsjednicke-kampanje\/#breadcrumb","itemListElement":[{"@type":"ListItem","position":1,"name":"Kako vlast i opozicija koriste regionalni problem u toku predsjedni?ke kampanje"}]},{"@type":"Person","@id":"https:\/\/www.visit-ulcinj.com\/blog\/#\/schema\/person\/dcab619c614d3038751c63bc2aadc06d","name":"ulqini","sameAs":["http:\/\/www.visit-ulcinj.com"],"url":"https:\/\/www.visit-ulcinj.com\/blog\/author\/admin\/"}]}},"jetpack_featured_media_url":"","jetpack_sharing_enabled":true,"jetpack_shortlink":"https:\/\/wp.me\/pe6lTn-af","_links":{"self":[{"href":"https:\/\/www.visit-ulcinj.com\/blog\/wp-json\/wp\/v2\/posts\/635"}],"collection":[{"href":"https:\/\/www.visit-ulcinj.com\/blog\/wp-json\/wp\/v2\/posts"}],"about":[{"href":"https:\/\/www.visit-ulcinj.com\/blog\/wp-json\/wp\/v2\/types\/post"}],"author":[{"embeddable":true,"href":"https:\/\/www.visit-ulcinj.com\/blog\/wp-json\/wp\/v2\/users\/1"}],"replies":[{"embeddable":true,"href":"https:\/\/www.visit-ulcinj.com\/blog\/wp-json\/wp\/v2\/comments?post=635"}],"version-history":[{"count":0,"href":"https:\/\/www.visit-ulcinj.com\/blog\/wp-json\/wp\/v2\/posts\/635\/revisions"}],"wp:attachment":[{"href":"https:\/\/www.visit-ulcinj.com\/blog\/wp-json\/wp\/v2\/media?parent=635"}],"wp:term":[{"taxonomy":"category","embeddable":true,"href":"https:\/\/www.visit-ulcinj.com\/blog\/wp-json\/wp\/v2\/categories?post=635"},{"taxonomy":"post_tag","embeddable":true,"href":"https:\/\/www.visit-ulcinj.com\/blog\/wp-json\/wp\/v2\/tags?post=635"}],"curies":[{"name":"wp","href":"https:\/\/api.w.org\/{rel}","templated":true}]}}