{"id":63503,"date":"2012-09-10T14:37:00","date_gmt":"2012-09-10T13:37:00","guid":{"rendered":"http:\/\/www.visit-ulcinj.com\/blog\/?p=63503"},"modified":"2012-09-11T22:27:28","modified_gmt":"2012-09-11T21:27:28","slug":"nenshkruhet-memorandum-bashkepunimi-ndermjet-ulqinit-dhe-malajzise","status":"publish","type":"post","link":"https:\/\/www.visit-ulcinj.com\/blog\/2012\/09\/10\/nenshkruhet-memorandum-bashkepunimi-ndermjet-ulqinit-dhe-malajzise\/","title":{"rendered":"N\u00ebnshkruhet memorandum bashk\u00ebpunimi nd\u00ebrmjet Ulqinit dhe Malajzis\u00eb"},"content":{"rendered":"<p><a href=\"http:\/\/www.visit-ulcinj.com\/blog\/wp-content\/uploads\/2012\/09\/N\u00ebnshkruhet-memorandum-bashk\u00ebpunimi-nd\u00ebrmjet-Ulqinit-dhe-Malajzis\u00eb.jpg\"><img loading=\"lazy\" class=\"alignleft  wp-image-63504\" title=\"N\u00ebnshkruhet memorandum bashk\u00ebpunimi nd\u00ebrmjet Ulqinit dhe Malajzis\u00eb\" src=\"http:\/\/www.visit-ulcinj.com\/blog\/wp-content\/uploads\/2012\/09\/N\u00ebnshkruhet-memorandum-bashk\u00ebpunimi-nd\u00ebrmjet-Ulqinit-dhe-Malajzis\u00eb.jpg\" alt=\"\" width=\"508\" height=\"360\" \/><\/a>Pas takimit t\u00eb mbajtur n\u00eb muajin Maj nd\u00ebrmjet p\u00ebrfaq\u00ebsuesve t\u00eb Komun\u00ebs s\u00eb Ulqinit dhe Od\u00ebs Ekonomike Malajziano \u2013Shqiptare, si dhe p\u00ebrfaq\u00ebsuesve t\u00eb tyre n\u00eb Kosov\u00eb, sot n\u00eb komun\u00ebn e Ulqinit \u00ebsht\u00eb biseduar p\u00ebr mund\u00ebsn\u00eb e bashk\u00ebpunimit nd\u00ebrmjet Malit t\u00eb Zi dhe Malajzis\u00eb, n\u00eb ve\u00e7anti Ulqinit.<\/p>\n<p>N\u00eb takimin e kryetarit Cungu dhe p\u00ebrfaq\u00ebsuesve t\u00eb Od\u00ebs Ekonomike Malajziano \u2013Shqiptare, Arb\u00ebr Murselit dhe P\u00ebrparim Kryeziut \u00ebsht\u00eb diskutuar p\u00ebr realizimin e q\u00ebllimeve t\u00eb p\u00ebrbashkta n\u00eb promovimin e zhvillimit t\u00eb q\u00ebndruesh\u00ebm ekonomik, promovimin e k\u00ebmbimit treg\u00ebtar dhe investimeve t\u00eb mund\u00ebshme n\u00eb turiz\u00ebm dhe bujq\u00ebsi.<br \/>\nKomuna e Ulqinit \u00ebsht\u00eb e interesuar n\u00eb t\u00ebrheqjen e investitor\u00ebve nga Malajzia dhe n\u00eb bashk\u00ebpunim me Od\u00ebn ekonomike p\u00ebrfaq\u00ebsuesit nga Ulqini do t\u00eb marrin pjes\u00eb n\u00eb Forumin q\u00eb do t\u00eb mbahet n\u00eb Malajzi, ku edhe do t\u00eb prezantojn\u00eb potencialet e tyre.<br \/>\nGjithashtu \u00ebsht\u00eb diskutuar p\u00ebr mund\u00ebsin\u00eb e hapjes s\u00eb zyres n\u00eb Ulqin e cila do t\u00eb kontriboj n\u00eb bashk\u00ebpunimin n\u00eb mes dy shteteve dhe t\u00eb ofroj t\u00eb gjitha informacionet mbi projektet dhe potencialet investitor\u00ebve t\u00eb interesuar nga Malajzia.<br \/>\nN\u00eb fund t\u00eb takimit \u00ebsht\u00eb n\u00ebnshkruar memorandumi i bashk\u00ebpunimit q\u00eb do t\u00eb sh\u00ebrbej si baz\u00eb n\u00eb bashk\u00ebpunimin e m\u00ebtutjesh\u00ebm.<\/p>\n<p><strong>Op\u0161tina Ulcinj \/ Komuna e Ulqinit<\/strong><br \/>\nTel: +382 30 412 050<br \/>\nFax: +382 30 412 413<br \/>\nAdresa: Bul. Skenderbeu bb, 85360 Ulcinj, MNE<\/p>\n","protected":false},"excerpt":{"rendered":"<p>Pas takimit t\u00eb mbajtur n\u00eb muajin Maj nd\u00ebrmjet p\u00ebrfaq\u00ebsuesve t\u00eb Komun\u00ebs s\u00eb Ulqinit dhe Od\u00ebs Ekonomike Malajziano \u2013Shqiptare, si dhe p\u00ebrfaq\u00ebsuesve t\u00eb tyre n\u00eb Kosov\u00eb, sot n\u00eb komun\u00ebn e Ulqinit \u00ebsht\u00eb biseduar p\u00ebr mund\u00ebsn\u00eb e bashk\u00ebpunimit nd\u00ebrmjet Malit t\u00eb Zi dhe Malajzis\u00eb, n\u00eb ve\u00e7anti Ulqinit. N\u00eb takimin e kryetarit Cungu dhe p\u00ebrfaq\u00ebsuesve t\u00eb Od\u00ebs Ekonomike [&hellip;]<\/p>\n","protected":false},"author":1,"featured_media":0,"comment_status":"open","ping_status":"closed","sticky":false,"template":"","format":"standard","meta":{"spay_email":"","jetpack_publicize_message":"","jetpack_is_tweetstorm":false,"jetpack_publicize_feature_enabled":true},"categories":[1,6],"tags":[297],"jetpack_publicize_connections":[],"yoast_head":"<!-- This site is optimized with the Yoast SEO plugin v19.1 - https:\/\/yoast.com\/wordpress\/plugins\/seo\/ -->\n<title>N\u00ebnshkruhet memorandum bashk\u00ebpunimi nd\u00ebrmjet Ulqinit dhe Malajzis\u00eb - Lajme nga Ulqini<\/title>\n<meta name=\"description\" content=\"Pas takimit t\u00eb mbajtur n\u00eb muajin Maj nd\u00ebrmjet p\u00ebrfaq\u00ebsuesve t\u00eb Komun\u00ebs s\u00eb Ulqinit dhe Od\u00ebs Ekonomike Malajziano \u2013Shqiptare, si dhe p\u00ebrfaq\u00ebsuesve t\u00eb tyre\" \/>\n<meta name=\"robots\" content=\"index, follow, max-snippet:-1, max-image-preview:large, max-video-preview:-1\" \/>\n<link rel=\"canonical\" href=\"https:\/\/www.visit-ulcinj.com\/blog\/2012\/09\/10\/nenshkruhet-memorandum-bashkepunimi-ndermjet-ulqinit-dhe-malajzise\/\" \/>\n<meta property=\"og:locale\" content=\"en_US\" \/>\n<meta property=\"og:type\" content=\"article\" \/>\n<meta property=\"og:title\" content=\"N\u00ebnshkruhet memorandum bashk\u00ebpunimi nd\u00ebrmjet Ulqinit dhe Malajzis\u00eb - Lajme nga Ulqini\" \/>\n<meta property=\"og:description\" content=\"Pas takimit t\u00eb mbajtur n\u00eb muajin Maj nd\u00ebrmjet p\u00ebrfaq\u00ebsuesve t\u00eb Komun\u00ebs s\u00eb Ulqinit dhe Od\u00ebs Ekonomike Malajziano \u2013Shqiptare, si dhe p\u00ebrfaq\u00ebsuesve t\u00eb tyre\" \/>\n<meta property=\"og:url\" content=\"https:\/\/www.visit-ulcinj.com\/blog\/2012\/09\/10\/nenshkruhet-memorandum-bashkepunimi-ndermjet-ulqinit-dhe-malajzise\/\" \/>\n<meta property=\"og:site_name\" content=\"Lajme nga Ulqini\" \/>\n<meta property=\"article:published_time\" content=\"2012-09-10T13:37:00+00:00\" \/>\n<meta property=\"article:modified_time\" content=\"2012-09-11T21:27:28+00:00\" \/>\n<meta name=\"twitter:label1\" content=\"Written by\" \/>\n\t<meta name=\"twitter:data1\" content=\"ulqini\" \/>\n\t<meta name=\"twitter:label2\" content=\"Est. reading time\" \/>\n\t<meta name=\"twitter:data2\" content=\"1 minute\" \/>\n<script type=\"application\/ld+json\" class=\"yoast-schema-graph\">{\"@context\":\"https:\/\/schema.org\",\"@graph\":[{\"@type\":\"WebSite\",\"@id\":\"https:\/\/www.visit-ulcinj.com\/blog\/#website\",\"url\":\"https:\/\/www.visit-ulcinj.com\/blog\/\",\"name\":\"Lajme nga Ulqini\",\"description\":\"Lajme,Vijesti,Ulqini,Ulqin,Crna Gora,Mali i Zi\",\"potentialAction\":[{\"@type\":\"SearchAction\",\"target\":{\"@type\":\"EntryPoint\",\"urlTemplate\":\"https:\/\/www.visit-ulcinj.com\/blog\/?s={search_term_string}\"},\"query-input\":\"required name=search_term_string\"}],\"inLanguage\":\"en-US\"},{\"@type\":\"WebPage\",\"@id\":\"https:\/\/www.visit-ulcinj.com\/blog\/2012\/09\/10\/nenshkruhet-memorandum-bashkepunimi-ndermjet-ulqinit-dhe-malajzise\/#webpage\",\"url\":\"https:\/\/www.visit-ulcinj.com\/blog\/2012\/09\/10\/nenshkruhet-memorandum-bashkepunimi-ndermjet-ulqinit-dhe-malajzise\/\",\"name\":\"N\u00ebnshkruhet memorandum bashk\u00ebpunimi nd\u00ebrmjet Ulqinit dhe Malajzis\u00eb - Lajme nga Ulqini\",\"isPartOf\":{\"@id\":\"https:\/\/www.visit-ulcinj.com\/blog\/#website\"},\"datePublished\":\"2012-09-10T13:37:00+00:00\",\"dateModified\":\"2012-09-11T21:27:28+00:00\",\"author\":{\"@id\":\"https:\/\/www.visit-ulcinj.com\/blog\/#\/schema\/person\/dcab619c614d3038751c63bc2aadc06d\"},\"description\":\"Pas takimit t\u00eb mbajtur n\u00eb muajin Maj nd\u00ebrmjet p\u00ebrfaq\u00ebsuesve t\u00eb Komun\u00ebs s\u00eb Ulqinit dhe Od\u00ebs Ekonomike Malajziano \u2013Shqiptare, si dhe p\u00ebrfaq\u00ebsuesve t\u00eb tyre\",\"breadcrumb\":{\"@id\":\"https:\/\/www.visit-ulcinj.com\/blog\/2012\/09\/10\/nenshkruhet-memorandum-bashkepunimi-ndermjet-ulqinit-dhe-malajzise\/#breadcrumb\"},\"inLanguage\":\"en-US\",\"potentialAction\":[{\"@type\":\"ReadAction\",\"target\":[\"https:\/\/www.visit-ulcinj.com\/blog\/2012\/09\/10\/nenshkruhet-memorandum-bashkepunimi-ndermjet-ulqinit-dhe-malajzise\/\"]}]},{\"@type\":\"BreadcrumbList\",\"@id\":\"https:\/\/www.visit-ulcinj.com\/blog\/2012\/09\/10\/nenshkruhet-memorandum-bashkepunimi-ndermjet-ulqinit-dhe-malajzise\/#breadcrumb\",\"itemListElement\":[{\"@type\":\"ListItem\",\"position\":1,\"name\":\"N\u00ebnshkruhet memorandum bashk\u00ebpunimi nd\u00ebrmjet Ulqinit dhe Malajzis\u00eb\"}]},{\"@type\":\"Person\",\"@id\":\"https:\/\/www.visit-ulcinj.com\/blog\/#\/schema\/person\/dcab619c614d3038751c63bc2aadc06d\",\"name\":\"ulqini\",\"sameAs\":[\"http:\/\/www.visit-ulcinj.com\"],\"url\":\"https:\/\/www.visit-ulcinj.com\/blog\/author\/admin\/\"}]}<\/script>\n<!-- \/ Yoast SEO plugin. -->","yoast_head_json":{"title":"N\u00ebnshkruhet memorandum bashk\u00ebpunimi nd\u00ebrmjet Ulqinit dhe Malajzis\u00eb - Lajme nga Ulqini","description":"Pas takimit t\u00eb mbajtur n\u00eb muajin Maj nd\u00ebrmjet p\u00ebrfaq\u00ebsuesve t\u00eb Komun\u00ebs s\u00eb Ulqinit dhe Od\u00ebs Ekonomike Malajziano \u2013Shqiptare, si dhe p\u00ebrfaq\u00ebsuesve t\u00eb tyre","robots":{"index":"index","follow":"follow","max-snippet":"max-snippet:-1","max-image-preview":"max-image-preview:large","max-video-preview":"max-video-preview:-1"},"canonical":"https:\/\/www.visit-ulcinj.com\/blog\/2012\/09\/10\/nenshkruhet-memorandum-bashkepunimi-ndermjet-ulqinit-dhe-malajzise\/","og_locale":"en_US","og_type":"article","og_title":"N\u00ebnshkruhet memorandum bashk\u00ebpunimi nd\u00ebrmjet Ulqinit dhe Malajzis\u00eb - Lajme nga Ulqini","og_description":"Pas takimit t\u00eb mbajtur n\u00eb muajin Maj nd\u00ebrmjet p\u00ebrfaq\u00ebsuesve t\u00eb Komun\u00ebs s\u00eb Ulqinit dhe Od\u00ebs Ekonomike Malajziano \u2013Shqiptare, si dhe p\u00ebrfaq\u00ebsuesve t\u00eb tyre","og_url":"https:\/\/www.visit-ulcinj.com\/blog\/2012\/09\/10\/nenshkruhet-memorandum-bashkepunimi-ndermjet-ulqinit-dhe-malajzise\/","og_site_name":"Lajme nga Ulqini","article_published_time":"2012-09-10T13:37:00+00:00","article_modified_time":"2012-09-11T21:27:28+00:00","twitter_misc":{"Written by":"ulqini","Est. reading time":"1 minute"},"schema":{"@context":"https:\/\/schema.org","@graph":[{"@type":"WebSite","@id":"https:\/\/www.visit-ulcinj.com\/blog\/#website","url":"https:\/\/www.visit-ulcinj.com\/blog\/","name":"Lajme nga Ulqini","description":"Lajme,Vijesti,Ulqini,Ulqin,Crna Gora,Mali i Zi","potentialAction":[{"@type":"SearchAction","target":{"@type":"EntryPoint","urlTemplate":"https:\/\/www.visit-ulcinj.com\/blog\/?s={search_term_string}"},"query-input":"required name=search_term_string"}],"inLanguage":"en-US"},{"@type":"WebPage","@id":"https:\/\/www.visit-ulcinj.com\/blog\/2012\/09\/10\/nenshkruhet-memorandum-bashkepunimi-ndermjet-ulqinit-dhe-malajzise\/#webpage","url":"https:\/\/www.visit-ulcinj.com\/blog\/2012\/09\/10\/nenshkruhet-memorandum-bashkepunimi-ndermjet-ulqinit-dhe-malajzise\/","name":"N\u00ebnshkruhet memorandum bashk\u00ebpunimi nd\u00ebrmjet Ulqinit dhe Malajzis\u00eb - Lajme nga Ulqini","isPartOf":{"@id":"https:\/\/www.visit-ulcinj.com\/blog\/#website"},"datePublished":"2012-09-10T13:37:00+00:00","dateModified":"2012-09-11T21:27:28+00:00","author":{"@id":"https:\/\/www.visit-ulcinj.com\/blog\/#\/schema\/person\/dcab619c614d3038751c63bc2aadc06d"},"description":"Pas takimit t\u00eb mbajtur n\u00eb muajin Maj nd\u00ebrmjet p\u00ebrfaq\u00ebsuesve t\u00eb Komun\u00ebs s\u00eb Ulqinit dhe Od\u00ebs Ekonomike Malajziano \u2013Shqiptare, si dhe p\u00ebrfaq\u00ebsuesve t\u00eb tyre","breadcrumb":{"@id":"https:\/\/www.visit-ulcinj.com\/blog\/2012\/09\/10\/nenshkruhet-memorandum-bashkepunimi-ndermjet-ulqinit-dhe-malajzise\/#breadcrumb"},"inLanguage":"en-US","potentialAction":[{"@type":"ReadAction","target":["https:\/\/www.visit-ulcinj.com\/blog\/2012\/09\/10\/nenshkruhet-memorandum-bashkepunimi-ndermjet-ulqinit-dhe-malajzise\/"]}]},{"@type":"BreadcrumbList","@id":"https:\/\/www.visit-ulcinj.com\/blog\/2012\/09\/10\/nenshkruhet-memorandum-bashkepunimi-ndermjet-ulqinit-dhe-malajzise\/#breadcrumb","itemListElement":[{"@type":"ListItem","position":1,"name":"N\u00ebnshkruhet memorandum bashk\u00ebpunimi nd\u00ebrmjet Ulqinit dhe Malajzis\u00eb"}]},{"@type":"Person","@id":"https:\/\/www.visit-ulcinj.com\/blog\/#\/schema\/person\/dcab619c614d3038751c63bc2aadc06d","name":"ulqini","sameAs":["http:\/\/www.visit-ulcinj.com"],"url":"https:\/\/www.visit-ulcinj.com\/blog\/author\/admin\/"}]}},"jetpack_featured_media_url":"","jetpack_sharing_enabled":true,"jetpack_shortlink":"https:\/\/wp.me\/pe6lTn-gwf","_links":{"self":[{"href":"https:\/\/www.visit-ulcinj.com\/blog\/wp-json\/wp\/v2\/posts\/63503"}],"collection":[{"href":"https:\/\/www.visit-ulcinj.com\/blog\/wp-json\/wp\/v2\/posts"}],"about":[{"href":"https:\/\/www.visit-ulcinj.com\/blog\/wp-json\/wp\/v2\/types\/post"}],"author":[{"embeddable":true,"href":"https:\/\/www.visit-ulcinj.com\/blog\/wp-json\/wp\/v2\/users\/1"}],"replies":[{"embeddable":true,"href":"https:\/\/www.visit-ulcinj.com\/blog\/wp-json\/wp\/v2\/comments?post=63503"}],"version-history":[{"count":3,"href":"https:\/\/www.visit-ulcinj.com\/blog\/wp-json\/wp\/v2\/posts\/63503\/revisions"}],"predecessor-version":[{"id":63520,"href":"https:\/\/www.visit-ulcinj.com\/blog\/wp-json\/wp\/v2\/posts\/63503\/revisions\/63520"}],"wp:attachment":[{"href":"https:\/\/www.visit-ulcinj.com\/blog\/wp-json\/wp\/v2\/media?parent=63503"}],"wp:term":[{"taxonomy":"category","embeddable":true,"href":"https:\/\/www.visit-ulcinj.com\/blog\/wp-json\/wp\/v2\/categories?post=63503"},{"taxonomy":"post_tag","embeddable":true,"href":"https:\/\/www.visit-ulcinj.com\/blog\/wp-json\/wp\/v2\/tags?post=63503"}],"curies":[{"name":"wp","href":"https:\/\/api.w.org\/{rel}","templated":true}]}}