{"id":63506,"date":"2012-09-10T14:49:06","date_gmt":"2012-09-10T13:49:06","guid":{"rendered":"http:\/\/www.visit-ulcinj.com\/blog\/?p=63506"},"modified":"2012-09-10T14:49:06","modified_gmt":"2012-09-10T13:49:06","slug":"potpisano-pismo-namjere-o-saradnji-izmedu-ulcinja-i-malezije","status":"publish","type":"post","link":"https:\/\/www.visit-ulcinj.com\/blog\/2012\/09\/10\/potpisano-pismo-namjere-o-saradnji-izmedu-ulcinja-i-malezije\/","title":{"rendered":"Potpisano Pismo namjere o saradnji izme\u0111u Ulcinja i Malezije"},"content":{"rendered":"<p><a href=\"http:\/\/www.visit-ulcinj.com\/blog\/wp-content\/uploads\/2012\/09\/Potpisano-Pismo-namjere-o-saradnji-Ulcinja-i-Malezije.jpg\"><img loading=\"lazy\" class=\"alignleft  wp-image-63508\" title=\"Potpisano Pismo namjere o saradnji Ulcinja i Malezije\" src=\"http:\/\/www.visit-ulcinj.com\/blog\/wp-content\/uploads\/2012\/09\/Potpisano-Pismo-namjere-o-saradnji-Ulcinja-i-Malezije.jpg\" alt=\"\" width=\"508\" height=\"360\" \/><\/a>Nakon sastanka koji su u Maju imali predstavnici Op\u0161tine Ulcinj i Privredne komore Malezije i Albanije, kao i predstavnicima njihove kancelarije na Kosovu, danas je u op\u0161tini Ulcinj razgovarano o mogu\u0107nosti saradnje izme\u0111u Crne Gore i Malezije, naro\u010dito Ulcinja.<\/p>\n<p>Na sastanku gradona\u010delnika Cungua i predstavnika Komore Arb\u00ebra Murselia i P\u00ebrparima Kryeziu je razgovarano o ostvarivanju zajedni\u010dkih ciljeva u smislu promovisanja odr\u017eivog razvoja ekonomije, promovisanja trgovinske razmjene i mogu\u0107ih budu\u0107ih zajedni\u010dkih ulaganja koja \u0107e biti usmjerena na turizam i poljoprivredu.<br \/>\nOpstina Ulcinj je veoma zaintresovana za privla\u010denje investitora iz Malezije, i u saradnji sa Privrednom komorom ce njeni predsatvnici u\u010destvovati na Forumu koji \u0107e se odr\u017eati u Maleziiji na kojem \u0107e predstaviti svoje potencijale.<br \/>\nTako\u0111e se razgovaralo i o mogu\u0107nosti otvaranja kancelarije u Ulcinju koja bi zna\u010dajno unaprijedila saradnju izme\u0111u dvije zemlje i pru\u017eila sve informacije o projektima i potencijalima zaintresovanim investitorima iz Malezije.<\/p>\n<p>Na kraju sastanka potpisano je i Pismo namjere koje ce slu\u017eiti kao osnova dalje saradnje.<\/p>\n<p><strong>Op\u0161tina Ulcinj \/ Komuna e Ulqinit<\/strong><br \/>\nTel: +382 30 412 050<br \/>\nFax: +382 30 412 413<br \/>\nAdresa: Bul. Skenderbeu bb, 85360 Ulcinj, MNE<\/p>\n","protected":false},"excerpt":{"rendered":"<p>Nakon sastanka koji su u Maju imali predstavnici Op\u0161tine Ulcinj i Privredne komore Malezije i Albanije, kao i predstavnicima njihove kancelarije na Kosovu, danas je u op\u0161tini Ulcinj razgovarano o mogu\u0107nosti saradnje izme\u0111u Crne Gore i Malezije, naro\u010dito Ulcinja. Na sastanku gradona\u010delnika Cungua i predstavnika Komore Arb\u00ebra Murselia i P\u00ebrparima Kryeziu je razgovarano o ostvarivanju [&hellip;]<\/p>\n","protected":false},"author":1,"featured_media":0,"comment_status":"open","ping_status":"closed","sticky":false,"template":"","format":"standard","meta":{"spay_email":"","jetpack_publicize_message":"","jetpack_is_tweetstorm":false,"jetpack_publicize_feature_enabled":true},"categories":[8337],"tags":[264],"jetpack_publicize_connections":[],"yoast_head":"<!-- This site is optimized with the Yoast SEO plugin v19.1 - https:\/\/yoast.com\/wordpress\/plugins\/seo\/ -->\n<title>Potpisano Pismo namjere o saradnji izme\u0111u Ulcinja i Malezije - Lajme nga Ulqini<\/title>\n<meta name=\"description\" content=\"Nakon sastanka koji su u Maju imali predstavnici Op\u0161tine Ulcinj i Privredne komore Malezije i Albanije, kao i predstavnicima njihove kancelarije na\" \/>\n<meta name=\"robots\" content=\"index, follow, max-snippet:-1, max-image-preview:large, max-video-preview:-1\" \/>\n<link rel=\"canonical\" href=\"https:\/\/www.visit-ulcinj.com\/blog\/2012\/09\/10\/potpisano-pismo-namjere-o-saradnji-izmedu-ulcinja-i-malezije\/\" \/>\n<meta property=\"og:locale\" content=\"en_US\" \/>\n<meta property=\"og:type\" content=\"article\" \/>\n<meta property=\"og:title\" content=\"Potpisano Pismo namjere o saradnji izme\u0111u Ulcinja i Malezije - Lajme nga Ulqini\" \/>\n<meta property=\"og:description\" content=\"Nakon sastanka koji su u Maju imali predstavnici Op\u0161tine Ulcinj i Privredne komore Malezije i Albanije, kao i predstavnicima njihove kancelarije na\" \/>\n<meta property=\"og:url\" content=\"https:\/\/www.visit-ulcinj.com\/blog\/2012\/09\/10\/potpisano-pismo-namjere-o-saradnji-izmedu-ulcinja-i-malezije\/\" \/>\n<meta property=\"og:site_name\" content=\"Lajme nga Ulqini\" \/>\n<meta property=\"article:published_time\" content=\"2012-09-10T13:49:06+00:00\" \/>\n<meta property=\"og:image\" content=\"http:\/\/www.visit-ulcinj.com\/blog\/wp-content\/uploads\/2012\/09\/Potpisano-Pismo-namjere-o-saradnji-Ulcinja-i-Malezije.jpg\" \/>\n<meta name=\"twitter:label1\" content=\"Written by\" \/>\n\t<meta name=\"twitter:data1\" content=\"ulqini\" \/>\n\t<meta name=\"twitter:label2\" content=\"Est. reading time\" \/>\n\t<meta name=\"twitter:data2\" content=\"1 minute\" \/>\n<script type=\"application\/ld+json\" class=\"yoast-schema-graph\">{\"@context\":\"https:\/\/schema.org\",\"@graph\":[{\"@type\":\"WebSite\",\"@id\":\"https:\/\/www.visit-ulcinj.com\/blog\/#website\",\"url\":\"https:\/\/www.visit-ulcinj.com\/blog\/\",\"name\":\"Lajme nga Ulqini\",\"description\":\"Lajme,Vijesti,Ulqini,Ulqin,Crna Gora,Mali i Zi\",\"potentialAction\":[{\"@type\":\"SearchAction\",\"target\":{\"@type\":\"EntryPoint\",\"urlTemplate\":\"https:\/\/www.visit-ulcinj.com\/blog\/?s={search_term_string}\"},\"query-input\":\"required name=search_term_string\"}],\"inLanguage\":\"en-US\"},{\"@type\":\"ImageObject\",\"inLanguage\":\"en-US\",\"@id\":\"https:\/\/www.visit-ulcinj.com\/blog\/2012\/09\/10\/potpisano-pismo-namjere-o-saradnji-izmedu-ulcinja-i-malezije\/#primaryimage\",\"url\":\"https:\/\/www.visit-ulcinj.com\/blog\/wp-content\/uploads\/2012\/09\/Potpisano-Pismo-namjere-o-saradnji-Ulcinja-i-Malezije.jpg\",\"contentUrl\":\"https:\/\/www.visit-ulcinj.com\/blog\/wp-content\/uploads\/2012\/09\/Potpisano-Pismo-namjere-o-saradnji-Ulcinja-i-Malezije.jpg\",\"width\":\"1000\",\"height\":\"905\"},{\"@type\":\"WebPage\",\"@id\":\"https:\/\/www.visit-ulcinj.com\/blog\/2012\/09\/10\/potpisano-pismo-namjere-o-saradnji-izmedu-ulcinja-i-malezije\/#webpage\",\"url\":\"https:\/\/www.visit-ulcinj.com\/blog\/2012\/09\/10\/potpisano-pismo-namjere-o-saradnji-izmedu-ulcinja-i-malezije\/\",\"name\":\"Potpisano Pismo namjere o saradnji izme\u0111u Ulcinja i Malezije - Lajme nga Ulqini\",\"isPartOf\":{\"@id\":\"https:\/\/www.visit-ulcinj.com\/blog\/#website\"},\"primaryImageOfPage\":{\"@id\":\"https:\/\/www.visit-ulcinj.com\/blog\/2012\/09\/10\/potpisano-pismo-namjere-o-saradnji-izmedu-ulcinja-i-malezije\/#primaryimage\"},\"datePublished\":\"2012-09-10T13:49:06+00:00\",\"dateModified\":\"2012-09-10T13:49:06+00:00\",\"author\":{\"@id\":\"https:\/\/www.visit-ulcinj.com\/blog\/#\/schema\/person\/dcab619c614d3038751c63bc2aadc06d\"},\"description\":\"Nakon sastanka koji su u Maju imali predstavnici Op\u0161tine Ulcinj i Privredne komore Malezije i Albanije, kao i predstavnicima njihove kancelarije na\",\"breadcrumb\":{\"@id\":\"https:\/\/www.visit-ulcinj.com\/blog\/2012\/09\/10\/potpisano-pismo-namjere-o-saradnji-izmedu-ulcinja-i-malezije\/#breadcrumb\"},\"inLanguage\":\"en-US\",\"potentialAction\":[{\"@type\":\"ReadAction\",\"target\":[\"https:\/\/www.visit-ulcinj.com\/blog\/2012\/09\/10\/potpisano-pismo-namjere-o-saradnji-izmedu-ulcinja-i-malezije\/\"]}]},{\"@type\":\"BreadcrumbList\",\"@id\":\"https:\/\/www.visit-ulcinj.com\/blog\/2012\/09\/10\/potpisano-pismo-namjere-o-saradnji-izmedu-ulcinja-i-malezije\/#breadcrumb\",\"itemListElement\":[{\"@type\":\"ListItem\",\"position\":1,\"name\":\"Potpisano Pismo namjere o saradnji izme\u0111u Ulcinja i Malezije\"}]},{\"@type\":\"Person\",\"@id\":\"https:\/\/www.visit-ulcinj.com\/blog\/#\/schema\/person\/dcab619c614d3038751c63bc2aadc06d\",\"name\":\"ulqini\",\"sameAs\":[\"http:\/\/www.visit-ulcinj.com\"],\"url\":\"https:\/\/www.visit-ulcinj.com\/blog\/author\/admin\/\"}]}<\/script>\n<!-- \/ Yoast SEO plugin. -->","yoast_head_json":{"title":"Potpisano Pismo namjere o saradnji izme\u0111u Ulcinja i Malezije - Lajme nga Ulqini","description":"Nakon sastanka koji su u Maju imali predstavnici Op\u0161tine Ulcinj i Privredne komore Malezije i Albanije, kao i predstavnicima njihove kancelarije na","robots":{"index":"index","follow":"follow","max-snippet":"max-snippet:-1","max-image-preview":"max-image-preview:large","max-video-preview":"max-video-preview:-1"},"canonical":"https:\/\/www.visit-ulcinj.com\/blog\/2012\/09\/10\/potpisano-pismo-namjere-o-saradnji-izmedu-ulcinja-i-malezije\/","og_locale":"en_US","og_type":"article","og_title":"Potpisano Pismo namjere o saradnji izme\u0111u Ulcinja i Malezije - Lajme nga Ulqini","og_description":"Nakon sastanka koji su u Maju imali predstavnici Op\u0161tine Ulcinj i Privredne komore Malezije i Albanije, kao i predstavnicima njihove kancelarije na","og_url":"https:\/\/www.visit-ulcinj.com\/blog\/2012\/09\/10\/potpisano-pismo-namjere-o-saradnji-izmedu-ulcinja-i-malezije\/","og_site_name":"Lajme nga Ulqini","article_published_time":"2012-09-10T13:49:06+00:00","og_image":[{"url":"http:\/\/www.visit-ulcinj.com\/blog\/wp-content\/uploads\/2012\/09\/Potpisano-Pismo-namjere-o-saradnji-Ulcinja-i-Malezije.jpg"}],"twitter_misc":{"Written by":"ulqini","Est. reading time":"1 minute"},"schema":{"@context":"https:\/\/schema.org","@graph":[{"@type":"WebSite","@id":"https:\/\/www.visit-ulcinj.com\/blog\/#website","url":"https:\/\/www.visit-ulcinj.com\/blog\/","name":"Lajme nga Ulqini","description":"Lajme,Vijesti,Ulqini,Ulqin,Crna Gora,Mali i Zi","potentialAction":[{"@type":"SearchAction","target":{"@type":"EntryPoint","urlTemplate":"https:\/\/www.visit-ulcinj.com\/blog\/?s={search_term_string}"},"query-input":"required name=search_term_string"}],"inLanguage":"en-US"},{"@type":"ImageObject","inLanguage":"en-US","@id":"https:\/\/www.visit-ulcinj.com\/blog\/2012\/09\/10\/potpisano-pismo-namjere-o-saradnji-izmedu-ulcinja-i-malezije\/#primaryimage","url":"https:\/\/www.visit-ulcinj.com\/blog\/wp-content\/uploads\/2012\/09\/Potpisano-Pismo-namjere-o-saradnji-Ulcinja-i-Malezije.jpg","contentUrl":"https:\/\/www.visit-ulcinj.com\/blog\/wp-content\/uploads\/2012\/09\/Potpisano-Pismo-namjere-o-saradnji-Ulcinja-i-Malezije.jpg","width":"1000","height":"905"},{"@type":"WebPage","@id":"https:\/\/www.visit-ulcinj.com\/blog\/2012\/09\/10\/potpisano-pismo-namjere-o-saradnji-izmedu-ulcinja-i-malezije\/#webpage","url":"https:\/\/www.visit-ulcinj.com\/blog\/2012\/09\/10\/potpisano-pismo-namjere-o-saradnji-izmedu-ulcinja-i-malezije\/","name":"Potpisano Pismo namjere o saradnji izme\u0111u Ulcinja i Malezije - Lajme nga Ulqini","isPartOf":{"@id":"https:\/\/www.visit-ulcinj.com\/blog\/#website"},"primaryImageOfPage":{"@id":"https:\/\/www.visit-ulcinj.com\/blog\/2012\/09\/10\/potpisano-pismo-namjere-o-saradnji-izmedu-ulcinja-i-malezije\/#primaryimage"},"datePublished":"2012-09-10T13:49:06+00:00","dateModified":"2012-09-10T13:49:06+00:00","author":{"@id":"https:\/\/www.visit-ulcinj.com\/blog\/#\/schema\/person\/dcab619c614d3038751c63bc2aadc06d"},"description":"Nakon sastanka koji su u Maju imali predstavnici Op\u0161tine Ulcinj i Privredne komore Malezije i Albanije, kao i predstavnicima njihove kancelarije na","breadcrumb":{"@id":"https:\/\/www.visit-ulcinj.com\/blog\/2012\/09\/10\/potpisano-pismo-namjere-o-saradnji-izmedu-ulcinja-i-malezije\/#breadcrumb"},"inLanguage":"en-US","potentialAction":[{"@type":"ReadAction","target":["https:\/\/www.visit-ulcinj.com\/blog\/2012\/09\/10\/potpisano-pismo-namjere-o-saradnji-izmedu-ulcinja-i-malezije\/"]}]},{"@type":"BreadcrumbList","@id":"https:\/\/www.visit-ulcinj.com\/blog\/2012\/09\/10\/potpisano-pismo-namjere-o-saradnji-izmedu-ulcinja-i-malezije\/#breadcrumb","itemListElement":[{"@type":"ListItem","position":1,"name":"Potpisano Pismo namjere o saradnji izme\u0111u Ulcinja i Malezije"}]},{"@type":"Person","@id":"https:\/\/www.visit-ulcinj.com\/blog\/#\/schema\/person\/dcab619c614d3038751c63bc2aadc06d","name":"ulqini","sameAs":["http:\/\/www.visit-ulcinj.com"],"url":"https:\/\/www.visit-ulcinj.com\/blog\/author\/admin\/"}]}},"jetpack_featured_media_url":"","jetpack_sharing_enabled":true,"jetpack_shortlink":"https:\/\/wp.me\/pe6lTn-gwi","_links":{"self":[{"href":"https:\/\/www.visit-ulcinj.com\/blog\/wp-json\/wp\/v2\/posts\/63506"}],"collection":[{"href":"https:\/\/www.visit-ulcinj.com\/blog\/wp-json\/wp\/v2\/posts"}],"about":[{"href":"https:\/\/www.visit-ulcinj.com\/blog\/wp-json\/wp\/v2\/types\/post"}],"author":[{"embeddable":true,"href":"https:\/\/www.visit-ulcinj.com\/blog\/wp-json\/wp\/v2\/users\/1"}],"replies":[{"embeddable":true,"href":"https:\/\/www.visit-ulcinj.com\/blog\/wp-json\/wp\/v2\/comments?post=63506"}],"version-history":[{"count":2,"href":"https:\/\/www.visit-ulcinj.com\/blog\/wp-json\/wp\/v2\/posts\/63506\/revisions"}],"predecessor-version":[{"id":63510,"href":"https:\/\/www.visit-ulcinj.com\/blog\/wp-json\/wp\/v2\/posts\/63506\/revisions\/63510"}],"wp:attachment":[{"href":"https:\/\/www.visit-ulcinj.com\/blog\/wp-json\/wp\/v2\/media?parent=63506"}],"wp:term":[{"taxonomy":"category","embeddable":true,"href":"https:\/\/www.visit-ulcinj.com\/blog\/wp-json\/wp\/v2\/categories?post=63506"},{"taxonomy":"post_tag","embeddable":true,"href":"https:\/\/www.visit-ulcinj.com\/blog\/wp-json\/wp\/v2\/tags?post=63506"}],"curies":[{"name":"wp","href":"https:\/\/api.w.org\/{rel}","templated":true}]}}