{"id":63521,"date":"2012-09-10T16:41:09","date_gmt":"2012-09-10T15:41:09","guid":{"rendered":"http:\/\/www.visit-ulcinj.com\/blog\/?p=63521"},"modified":"2012-09-10T16:45:17","modified_gmt":"2012-09-10T15:45:17","slug":"rompuy-mali-i-zi-pas-kroacise-anetar-i-be-se","status":"publish","type":"post","link":"https:\/\/www.visit-ulcinj.com\/blog\/2012\/09\/10\/rompuy-mali-i-zi-pas-kroacise-anetar-i-be-se\/","title":{"rendered":"Rompuy: Mali i Zi pas Kroacis\u00eb an\u00ebtar i BE-s\u00eb"},"content":{"rendered":"<p><a href=\"http:\/\/www.visit-ulcinj.com\/blog\/wp-content\/uploads\/2012\/09\/Rompuy-vujanovic.jpg\"><img loading=\"lazy\" class=\"alignleft  wp-image-63522\" title=\"Rompuy-vujanovic\" src=\"http:\/\/www.visit-ulcinj.com\/blog\/wp-content\/uploads\/2012\/09\/Rompuy-vujanovic-1024x677.jpg\" alt=\"\" width=\"508\" height=\"360\" \/><\/a>Sarajev\u00eb, 10 shtator\u00a0 &#8211; Presidenti i K\u00ebshillit Evropian Herman van Rompuy deklaroi sot, pas takimit me presidentin malazez Filip Vujanoviq, se Mali i Zi pas Kroacis\u00eb do t\u00eb jet\u00eb an\u00ebtarja e re e Bashkimit Evropian.<\/p>\n<p>Rompuy dhe Vujanoviq u takuan n\u00eb Sarajev\u00eb, ku marrin pjes\u00eb n\u00eb Konferenc\u00ebn nd\u00ebrkomb\u00ebtare p\u00ebr paqe.<\/p>\n<p>Kreu i BE-s\u00eb, transmeton njoftimin Qik-u, theksoi se marrja e shpejt\u00eb e statusit kandidiat p\u00ebr an\u00ebtar\u00ebsim dhe realizimi i negociatave p\u00ebr an\u00ebtar\u00ebsim jan\u00eb argumente se BE-ja \u00ebsht\u00eb e hapur p\u00ebr inkuadrimin e Malit t\u00eb Zi dhe \u00ebsht\u00eb e p\u00ebrgatitur q\u00eb t\u00eb vler\u00ebsoj\u00eb arritjet individuale t\u00eb \u00e7do shteti n\u00eb arritjen e standardeve evropiane.<\/p>\n<p>Vujanoviqi theksoi p\u00ebrkushtimin e Malit t\u00eb Zi ndaj integrimeve evropiane, duke theksuar se muajin e ardhsh\u00ebm n\u00eb vend do t\u00eb mbahen zgjedhjet parlamentare, t\u00eb cilat do t&#8217;i mund\u00ebsojn\u00eb qeveris\u00eb s\u00eb Malit t\u00eb Zi me kapacitet prej nj\u00eb mandati kat\u00ebrvje\u00e7ar t\u00eb kryej\u00eb negociata intensive p\u00ebr an\u00ebtar\u00ebsim n\u00eb BE.<\/p>\n<p>Presidenti i Malit t\u00eb Zi i p\u00ebrs\u00ebriti pritjet p\u00ebr trajtim individual t\u00eb \u00e7do vendi, me t\u00eb cilin n\u00eb m\u00ebnyr\u00eb individuale vler\u00ebsohen arritjet integruese t\u00eb \u00e7do vendi gjat\u00eb inkuadrimit n\u00eb BE.<\/p>\n<p>Koha Net<\/p>\n","protected":false},"excerpt":{"rendered":"<p>Sarajev\u00eb, 10 shtator\u00a0 &#8211; Presidenti i K\u00ebshillit Evropian Herman van Rompuy deklaroi sot, pas takimit me presidentin malazez Filip Vujanoviq, se Mali i Zi pas Kroacis\u00eb do t\u00eb jet\u00eb an\u00ebtarja e re e Bashkimit Evropian. Rompuy dhe Vujanoviq u takuan n\u00eb Sarajev\u00eb, ku marrin pjes\u00eb n\u00eb Konferenc\u00ebn nd\u00ebrkomb\u00ebtare p\u00ebr paqe. Kreu i BE-s\u00eb, transmeton njoftimin [&hellip;]<\/p>\n","protected":false},"author":1,"featured_media":0,"comment_status":"open","ping_status":"closed","sticky":false,"template":"","format":"standard","meta":{"spay_email":"","jetpack_publicize_message":"","jetpack_is_tweetstorm":false,"jetpack_publicize_feature_enabled":true},"categories":[6950],"tags":[95],"jetpack_publicize_connections":[],"yoast_head":"<!-- This site is optimized with the Yoast SEO plugin v19.1 - https:\/\/yoast.com\/wordpress\/plugins\/seo\/ -->\n<title>Rompuy: Mali i Zi pas Kroacis\u00eb an\u00ebtar i BE-s\u00eb - Lajme nga Ulqini<\/title>\n<meta name=\"description\" content=\"Sarajev\u00eb, 10 shtator\u00a0 - Presidenti i K\u00ebshillit Evropian Herman van Rompuy deklaroi sot, pas takimit me presidentin malazez Filip Vujanoviq, se Mali i Zi\" \/>\n<meta name=\"robots\" content=\"index, follow, max-snippet:-1, max-image-preview:large, max-video-preview:-1\" \/>\n<link rel=\"canonical\" href=\"https:\/\/www.visit-ulcinj.com\/blog\/2012\/09\/10\/rompuy-mali-i-zi-pas-kroacise-anetar-i-be-se\/\" \/>\n<meta property=\"og:locale\" content=\"en_US\" \/>\n<meta property=\"og:type\" content=\"article\" \/>\n<meta property=\"og:title\" content=\"Rompuy: Mali i Zi pas Kroacis\u00eb an\u00ebtar i BE-s\u00eb - Lajme nga Ulqini\" \/>\n<meta property=\"og:description\" content=\"Sarajev\u00eb, 10 shtator\u00a0 - Presidenti i K\u00ebshillit Evropian Herman van Rompuy deklaroi sot, pas takimit me presidentin malazez Filip Vujanoviq, se Mali i Zi\" \/>\n<meta property=\"og:url\" content=\"https:\/\/www.visit-ulcinj.com\/blog\/2012\/09\/10\/rompuy-mali-i-zi-pas-kroacise-anetar-i-be-se\/\" \/>\n<meta property=\"og:site_name\" content=\"Lajme nga Ulqini\" \/>\n<meta property=\"article:published_time\" content=\"2012-09-10T15:41:09+00:00\" \/>\n<meta property=\"article:modified_time\" content=\"2012-09-10T15:45:17+00:00\" \/>\n<meta property=\"og:image\" content=\"http:\/\/www.visit-ulcinj.com\/blog\/wp-content\/uploads\/2012\/09\/Rompuy-vujanovic-1024x677.jpg\" \/>\n<meta name=\"twitter:label1\" content=\"Written by\" \/>\n\t<meta name=\"twitter:data1\" content=\"ulqini\" \/>\n\t<meta name=\"twitter:label2\" content=\"Est. reading time\" \/>\n\t<meta name=\"twitter:data2\" content=\"1 minute\" \/>\n<script type=\"application\/ld+json\" class=\"yoast-schema-graph\">{\"@context\":\"https:\/\/schema.org\",\"@graph\":[{\"@type\":\"WebSite\",\"@id\":\"https:\/\/www.visit-ulcinj.com\/blog\/#website\",\"url\":\"https:\/\/www.visit-ulcinj.com\/blog\/\",\"name\":\"Lajme nga Ulqini\",\"description\":\"Lajme,Vijesti,Ulqini,Ulqin,Crna Gora,Mali i Zi\",\"potentialAction\":[{\"@type\":\"SearchAction\",\"target\":{\"@type\":\"EntryPoint\",\"urlTemplate\":\"https:\/\/www.visit-ulcinj.com\/blog\/?s={search_term_string}\"},\"query-input\":\"required name=search_term_string\"}],\"inLanguage\":\"en-US\"},{\"@type\":\"ImageObject\",\"inLanguage\":\"en-US\",\"@id\":\"https:\/\/www.visit-ulcinj.com\/blog\/2012\/09\/10\/rompuy-mali-i-zi-pas-kroacise-anetar-i-be-se\/#primaryimage\",\"url\":\"https:\/\/www.visit-ulcinj.com\/blog\/wp-content\/uploads\/2012\/09\/Rompuy-vujanovic.jpg\",\"contentUrl\":\"https:\/\/www.visit-ulcinj.com\/blog\/wp-content\/uploads\/2012\/09\/Rompuy-vujanovic.jpg\",\"width\":\"2268\",\"height\":\"1500\"},{\"@type\":\"WebPage\",\"@id\":\"https:\/\/www.visit-ulcinj.com\/blog\/2012\/09\/10\/rompuy-mali-i-zi-pas-kroacise-anetar-i-be-se\/#webpage\",\"url\":\"https:\/\/www.visit-ulcinj.com\/blog\/2012\/09\/10\/rompuy-mali-i-zi-pas-kroacise-anetar-i-be-se\/\",\"name\":\"Rompuy: Mali i Zi pas Kroacis\u00eb an\u00ebtar i BE-s\u00eb - Lajme nga Ulqini\",\"isPartOf\":{\"@id\":\"https:\/\/www.visit-ulcinj.com\/blog\/#website\"},\"primaryImageOfPage\":{\"@id\":\"https:\/\/www.visit-ulcinj.com\/blog\/2012\/09\/10\/rompuy-mali-i-zi-pas-kroacise-anetar-i-be-se\/#primaryimage\"},\"datePublished\":\"2012-09-10T15:41:09+00:00\",\"dateModified\":\"2012-09-10T15:45:17+00:00\",\"author\":{\"@id\":\"https:\/\/www.visit-ulcinj.com\/blog\/#\/schema\/person\/dcab619c614d3038751c63bc2aadc06d\"},\"description\":\"Sarajev\u00eb, 10 shtator\u00a0 - Presidenti i K\u00ebshillit Evropian Herman van Rompuy deklaroi sot, pas takimit me presidentin malazez Filip Vujanoviq, se Mali i Zi\",\"breadcrumb\":{\"@id\":\"https:\/\/www.visit-ulcinj.com\/blog\/2012\/09\/10\/rompuy-mali-i-zi-pas-kroacise-anetar-i-be-se\/#breadcrumb\"},\"inLanguage\":\"en-US\",\"potentialAction\":[{\"@type\":\"ReadAction\",\"target\":[\"https:\/\/www.visit-ulcinj.com\/blog\/2012\/09\/10\/rompuy-mali-i-zi-pas-kroacise-anetar-i-be-se\/\"]}]},{\"@type\":\"BreadcrumbList\",\"@id\":\"https:\/\/www.visit-ulcinj.com\/blog\/2012\/09\/10\/rompuy-mali-i-zi-pas-kroacise-anetar-i-be-se\/#breadcrumb\",\"itemListElement\":[{\"@type\":\"ListItem\",\"position\":1,\"name\":\"Rompuy: Mali i Zi pas Kroacis\u00eb an\u00ebtar i BE-s\u00eb\"}]},{\"@type\":\"Person\",\"@id\":\"https:\/\/www.visit-ulcinj.com\/blog\/#\/schema\/person\/dcab619c614d3038751c63bc2aadc06d\",\"name\":\"ulqini\",\"sameAs\":[\"http:\/\/www.visit-ulcinj.com\"],\"url\":\"https:\/\/www.visit-ulcinj.com\/blog\/author\/admin\/\"}]}<\/script>\n<!-- \/ Yoast SEO plugin. -->","yoast_head_json":{"title":"Rompuy: Mali i Zi pas Kroacis\u00eb an\u00ebtar i BE-s\u00eb - Lajme nga Ulqini","description":"Sarajev\u00eb, 10 shtator\u00a0 - Presidenti i K\u00ebshillit Evropian Herman van Rompuy deklaroi sot, pas takimit me presidentin malazez Filip Vujanoviq, se Mali i Zi","robots":{"index":"index","follow":"follow","max-snippet":"max-snippet:-1","max-image-preview":"max-image-preview:large","max-video-preview":"max-video-preview:-1"},"canonical":"https:\/\/www.visit-ulcinj.com\/blog\/2012\/09\/10\/rompuy-mali-i-zi-pas-kroacise-anetar-i-be-se\/","og_locale":"en_US","og_type":"article","og_title":"Rompuy: Mali i Zi pas Kroacis\u00eb an\u00ebtar i BE-s\u00eb - Lajme nga Ulqini","og_description":"Sarajev\u00eb, 10 shtator\u00a0 - Presidenti i K\u00ebshillit Evropian Herman van Rompuy deklaroi sot, pas takimit me presidentin malazez Filip Vujanoviq, se Mali i Zi","og_url":"https:\/\/www.visit-ulcinj.com\/blog\/2012\/09\/10\/rompuy-mali-i-zi-pas-kroacise-anetar-i-be-se\/","og_site_name":"Lajme nga Ulqini","article_published_time":"2012-09-10T15:41:09+00:00","article_modified_time":"2012-09-10T15:45:17+00:00","og_image":[{"url":"http:\/\/www.visit-ulcinj.com\/blog\/wp-content\/uploads\/2012\/09\/Rompuy-vujanovic-1024x677.jpg"}],"twitter_misc":{"Written by":"ulqini","Est. reading time":"1 minute"},"schema":{"@context":"https:\/\/schema.org","@graph":[{"@type":"WebSite","@id":"https:\/\/www.visit-ulcinj.com\/blog\/#website","url":"https:\/\/www.visit-ulcinj.com\/blog\/","name":"Lajme nga Ulqini","description":"Lajme,Vijesti,Ulqini,Ulqin,Crna Gora,Mali i Zi","potentialAction":[{"@type":"SearchAction","target":{"@type":"EntryPoint","urlTemplate":"https:\/\/www.visit-ulcinj.com\/blog\/?s={search_term_string}"},"query-input":"required name=search_term_string"}],"inLanguage":"en-US"},{"@type":"ImageObject","inLanguage":"en-US","@id":"https:\/\/www.visit-ulcinj.com\/blog\/2012\/09\/10\/rompuy-mali-i-zi-pas-kroacise-anetar-i-be-se\/#primaryimage","url":"https:\/\/www.visit-ulcinj.com\/blog\/wp-content\/uploads\/2012\/09\/Rompuy-vujanovic.jpg","contentUrl":"https:\/\/www.visit-ulcinj.com\/blog\/wp-content\/uploads\/2012\/09\/Rompuy-vujanovic.jpg","width":"2268","height":"1500"},{"@type":"WebPage","@id":"https:\/\/www.visit-ulcinj.com\/blog\/2012\/09\/10\/rompuy-mali-i-zi-pas-kroacise-anetar-i-be-se\/#webpage","url":"https:\/\/www.visit-ulcinj.com\/blog\/2012\/09\/10\/rompuy-mali-i-zi-pas-kroacise-anetar-i-be-se\/","name":"Rompuy: Mali i Zi pas Kroacis\u00eb an\u00ebtar i BE-s\u00eb - Lajme nga Ulqini","isPartOf":{"@id":"https:\/\/www.visit-ulcinj.com\/blog\/#website"},"primaryImageOfPage":{"@id":"https:\/\/www.visit-ulcinj.com\/blog\/2012\/09\/10\/rompuy-mali-i-zi-pas-kroacise-anetar-i-be-se\/#primaryimage"},"datePublished":"2012-09-10T15:41:09+00:00","dateModified":"2012-09-10T15:45:17+00:00","author":{"@id":"https:\/\/www.visit-ulcinj.com\/blog\/#\/schema\/person\/dcab619c614d3038751c63bc2aadc06d"},"description":"Sarajev\u00eb, 10 shtator\u00a0 - Presidenti i K\u00ebshillit Evropian Herman van Rompuy deklaroi sot, pas takimit me presidentin malazez Filip Vujanoviq, se Mali i Zi","breadcrumb":{"@id":"https:\/\/www.visit-ulcinj.com\/blog\/2012\/09\/10\/rompuy-mali-i-zi-pas-kroacise-anetar-i-be-se\/#breadcrumb"},"inLanguage":"en-US","potentialAction":[{"@type":"ReadAction","target":["https:\/\/www.visit-ulcinj.com\/blog\/2012\/09\/10\/rompuy-mali-i-zi-pas-kroacise-anetar-i-be-se\/"]}]},{"@type":"BreadcrumbList","@id":"https:\/\/www.visit-ulcinj.com\/blog\/2012\/09\/10\/rompuy-mali-i-zi-pas-kroacise-anetar-i-be-se\/#breadcrumb","itemListElement":[{"@type":"ListItem","position":1,"name":"Rompuy: Mali i Zi pas Kroacis\u00eb an\u00ebtar i BE-s\u00eb"}]},{"@type":"Person","@id":"https:\/\/www.visit-ulcinj.com\/blog\/#\/schema\/person\/dcab619c614d3038751c63bc2aadc06d","name":"ulqini","sameAs":["http:\/\/www.visit-ulcinj.com"],"url":"https:\/\/www.visit-ulcinj.com\/blog\/author\/admin\/"}]}},"jetpack_featured_media_url":"","jetpack_sharing_enabled":true,"jetpack_shortlink":"https:\/\/wp.me\/pe6lTn-gwx","_links":{"self":[{"href":"https:\/\/www.visit-ulcinj.com\/blog\/wp-json\/wp\/v2\/posts\/63521"}],"collection":[{"href":"https:\/\/www.visit-ulcinj.com\/blog\/wp-json\/wp\/v2\/posts"}],"about":[{"href":"https:\/\/www.visit-ulcinj.com\/blog\/wp-json\/wp\/v2\/types\/post"}],"author":[{"embeddable":true,"href":"https:\/\/www.visit-ulcinj.com\/blog\/wp-json\/wp\/v2\/users\/1"}],"replies":[{"embeddable":true,"href":"https:\/\/www.visit-ulcinj.com\/blog\/wp-json\/wp\/v2\/comments?post=63521"}],"version-history":[{"count":5,"href":"https:\/\/www.visit-ulcinj.com\/blog\/wp-json\/wp\/v2\/posts\/63521\/revisions"}],"predecessor-version":[{"id":63528,"href":"https:\/\/www.visit-ulcinj.com\/blog\/wp-json\/wp\/v2\/posts\/63521\/revisions\/63528"}],"wp:attachment":[{"href":"https:\/\/www.visit-ulcinj.com\/blog\/wp-json\/wp\/v2\/media?parent=63521"}],"wp:term":[{"taxonomy":"category","embeddable":true,"href":"https:\/\/www.visit-ulcinj.com\/blog\/wp-json\/wp\/v2\/categories?post=63521"},{"taxonomy":"post_tag","embeddable":true,"href":"https:\/\/www.visit-ulcinj.com\/blog\/wp-json\/wp\/v2\/tags?post=63521"}],"curies":[{"name":"wp","href":"https:\/\/api.w.org\/{rel}","templated":true}]}}