{"id":63534,"date":"2012-09-11T15:21:24","date_gmt":"2012-09-11T14:21:24","guid":{"rendered":"http:\/\/www.visit-ulcinj.com\/blog\/?p=63534"},"modified":"2012-10-27T06:22:31","modified_gmt":"2012-10-27T05:22:31","slug":"humb-jeten-ne-aksident-rrugor-21-vjecari-aldin-kurti","status":"publish","type":"post","link":"https:\/\/www.visit-ulcinj.com\/blog\/2012\/09\/11\/humb-jeten-ne-aksident-rrugor-21-vjecari-aldin-kurti\/","title":{"rendered":"Humb jet\u00ebn n\u00eb aksident rrugor 21-vje\u00e7ari Aldin Kurti &#8211; Video"},"content":{"rendered":"<p><a href=\"http:\/\/www.visit-ulcinj.com\/blog\/wp-content\/uploads\/2012\/09\/Humb-jet\u00ebn-n\u00eb-aksident-rrugor-21-vjecari-Aldin-Kurti.jpg\"><img loading=\"lazy\" class=\"alignleft  wp-image-63535\" title=\"Humb jet\u00ebn n\u00eb aksident rrugor 21-vjecari Aldin Kurti\" src=\"http:\/\/www.visit-ulcinj.com\/blog\/wp-content\/uploads\/2012\/09\/Humb-jet\u00ebn-n\u00eb-aksident-rrugor-21-vjecari-Aldin-Kurti.jpg\" alt=\"\" width=\"490\" height=\"380\" \/><\/a>Nj\u00eb 21-vje\u00e7ar nga Ulqini i Malit t\u00eb Zi ka humbur jet\u00ebn n\u00eb or\u00ebt e para t\u00eb m\u00ebngjesit t\u00eb dit\u00ebs s\u00eb sotme si shkak i nj\u00eb aksidenti n\u00eb aksin rrugor Lezh\u00eb-Shkod\u00ebr, n\u00eb vendin e quajtur Plezh\u00eb.<\/p>\n<p>Makina tip Wolksvagen Golf 5 me targa t\u00eb Ulqinit, e cila drejtohej nga 21-vje\u00e7ari Altin Kurti ka dal\u00eb nga rruga, duke u p\u00ebrplasur me trafik ndar\u00ebsen. Dyshohet se shkak i aksidentit ka qen\u00eb p\u00ebrgjumja e t\u00eb riut, i cili udh\u00ebtonte nga Tirana drejt Ulqinit.<\/p>\n<p>M\u00ebsohet se 21-vje\u00e7ari i aksidentuar \u00ebsht\u00eb i af\u00ebrm i kreut t\u00eb L\u00ebvizjes \u201cVet\u00ebvendosje\u201d n\u00eb Kosov\u00eb, Albin Kurti.<\/p>\n<p>Nd\u00ebrkoh\u00eb n\u00eb nj\u00eb tjet\u00ebr aksident t\u00eb ndodhur n\u00eb fshatin Shelcan t\u00eb Elbasanit, nj\u00eb 35-vje\u00e7ar ka humbur jet\u00ebn. Viktima Ndricim Topuzi ishte duke udh\u00ebtuar me nj\u00eb motor\u00e7iklet\u00eb, kur \u00ebsht\u00eb p\u00ebrplasur nga nj\u00eb kamion\u00e7in\u00eb me targe Elbasan 4273 B. 35-vjecari nd\u00ebrroi jet\u00eb n\u00eb spital, si pasoj\u00eb e plag\u00ebve t\u00eb marra nga p\u00ebrplasja.<\/p>\n<p><strong>(er.nu\/news24\/BalkanWeb)<\/strong><\/p>\n<p>&nbsp;<\/p>\n<p><strong>Vdes i riu nga Ulqini, humbi kontrollin n\u00eb Shkod\u00ebr- Lezh\u00eb<\/strong><strong><\/strong><\/p>\n<p>Nj\u00eb i ri ka gjetur vdekjen n\u00eb nj\u00eb aksident n\u00eb rrug\u00ebn Shkod\u00ebr-Lezh\u00eb, pran\u00eb vendit t\u00eb quajtur Kryebushat. Aldin Kurti, 21 vjec nga Ulqini i Malit te Zi, \u00ebsht\u00eb aksidentuar me automjetin e tij teksa po l\u00ebvizte nga Tirana ne drejtim te Shkodres rreth ores 1.00 t\u00eb m\u00ebngjesit t\u00eb k\u00ebsaj t\u00eb marte. 21-vje\u00e7ari, i cili \u00ebsht\u00eb i af\u00ebrm i liderit t\u00eb L\u00ebvizjes &#8220;Vet\u00ebvendosje&#8221; Albin Kurti, ka humbur kontrollin e mjetit, nd\u00ebrsa shpejtesia e larte ka b\u00ebr\u00eb q\u00eb makina t\u00eb kryej\u00eb disa rrokullisje.<\/p>\n<p>I riu Kurti ka p\u00ebsuar plage te renda ne koke dhe trup dhe ka gjetur vdekjen pak minuta pas aksidentit. Policia e qarkullimit rrugor dhe ekspertiza kriminalistike ne vendngjarje, kan\u00eb arritur n\u00eb p\u00ebrfundimin se shkak i aksidentit ka qene shpejtesia e lart\u00eb, si pasoj\u00eb e t\u00eb cil\u00ebs drejtuesi i mjetit ka humbur kontrollin duke dale nga rruga. Viktima eshte derguar ne morgun e Spitalit Rajonal te Shkodres.<\/p>\n<p><strong>Bruna Gjoka <\/strong><strong><br \/>\nAlbanian Screen<\/strong><\/p>\n<p>[flv]http:\/\/news.albanianscreen.tv\/siti\/sito_alsatnews\/upload\/images\/504f2af666605.flv[\/flv]<\/p>\n<p>&nbsp;<br \/>\n<iframe loading=\"lazy\" width=\"508\" height=\"360\" src=\"http:\/\/www.youtube.com\/embed\/YDiY2tWDIlU\" frameborder=\"0\" allowfullscreen><\/iframe><\/p>\n","protected":false},"excerpt":{"rendered":"<p>Nj\u00eb 21-vje\u00e7ar nga Ulqini i Malit t\u00eb Zi ka humbur jet\u00ebn n\u00eb or\u00ebt e para t\u00eb m\u00ebngjesit t\u00eb dit\u00ebs s\u00eb sotme si shkak i nj\u00eb aksidenti n\u00eb aksin rrugor Lezh\u00eb-Shkod\u00ebr, n\u00eb vendin e quajtur Plezh\u00eb. Makina tip Wolksvagen Golf 5 me targa t\u00eb Ulqinit, e cila drejtohej nga 21-vje\u00e7ari Altin Kurti ka dal\u00eb nga rruga, [&hellip;]<\/p>\n","protected":false},"author":1,"featured_media":0,"comment_status":"open","ping_status":"closed","sticky":false,"template":"","format":"standard","meta":{"spay_email":"","jetpack_publicize_message":"","jetpack_is_tweetstorm":false,"jetpack_publicize_feature_enabled":true},"categories":[1,6950],"tags":[20979,212,17828,17834,18370,17811,17831,18362,14353,17808,14354,12340,17840,17839,18363,17835,17814,17810,17816,17071,17807,3516,14652,17837,17827,20978,14358,222,17802,17812,17803,17820,17825,17817,17805,20032,20977,305,840,17823,17832,3506,17818,214,17680,14362,14363,18371,3507,17800,498,3500,115,14364,17799,3327,17841,17826,15213,18236,3512,17806,11648,18289,17838,95,17813,17804,15141,17836,14366,79,17073,18294,118,18368,18369,1653,1909,14367,17801,18360,17822,14368,14369,17824,14370,18291,2083,3231,14371,41,3617,14372,17844,17821,18372,17830,17077,18295,14375,17833,17829,200,18,20976,17513,17819,17809,14376],"jetpack_publicize_connections":[],"yoast_head":"<!-- This site is optimized with the Yoast SEO plugin v19.1 - https:\/\/yoast.com\/wordpress\/plugins\/seo\/ -->\n<title>Humb jet\u00ebn n\u00eb aksident rrugor 21-vje\u00e7ari Aldin Kurti - Video - Lajme nga Ulqini<\/title>\n<meta name=\"description\" content=\"Nj\u00eb 21-vje\u00e7ar nga Ulqini i Malit t\u00eb Zi ka humbur jet\u00ebn n\u00eb or\u00ebt e para t\u00eb m\u00ebngjesit t\u00eb dit\u00ebs s\u00eb sotme si shkak i nj\u00eb aksidenti n\u00eb aksin rrugor\" \/>\n<meta name=\"robots\" content=\"index, follow, max-snippet:-1, max-image-preview:large, max-video-preview:-1\" \/>\n<link rel=\"canonical\" href=\"https:\/\/www.visit-ulcinj.com\/blog\/2012\/09\/11\/humb-jeten-ne-aksident-rrugor-21-vjecari-aldin-kurti\/\" \/>\n<meta property=\"og:locale\" content=\"en_US\" \/>\n<meta property=\"og:type\" content=\"article\" \/>\n<meta property=\"og:title\" content=\"Humb jet\u00ebn n\u00eb aksident rrugor 21-vje\u00e7ari Aldin Kurti - Video - Lajme nga Ulqini\" \/>\n<meta property=\"og:description\" content=\"Nj\u00eb 21-vje\u00e7ar nga Ulqini i Malit t\u00eb Zi ka humbur jet\u00ebn n\u00eb or\u00ebt e para t\u00eb m\u00ebngjesit t\u00eb dit\u00ebs s\u00eb sotme si shkak i nj\u00eb aksidenti n\u00eb aksin rrugor\" \/>\n<meta property=\"og:url\" content=\"https:\/\/www.visit-ulcinj.com\/blog\/2012\/09\/11\/humb-jeten-ne-aksident-rrugor-21-vjecari-aldin-kurti\/\" \/>\n<meta property=\"og:site_name\" content=\"Lajme nga Ulqini\" \/>\n<meta property=\"article:published_time\" content=\"2012-09-11T14:21:24+00:00\" \/>\n<meta property=\"article:modified_time\" content=\"2012-10-27T05:22:31+00:00\" \/>\n<meta name=\"twitter:label1\" content=\"Written by\" \/>\n\t<meta name=\"twitter:data1\" content=\"ulqini\" \/>\n\t<meta name=\"twitter:label2\" content=\"Est. reading time\" \/>\n\t<meta name=\"twitter:data2\" content=\"2 minutes\" \/>\n<script type=\"application\/ld+json\" class=\"yoast-schema-graph\">{\"@context\":\"https:\/\/schema.org\",\"@graph\":[{\"@type\":\"WebSite\",\"@id\":\"https:\/\/www.visit-ulcinj.com\/blog\/#website\",\"url\":\"https:\/\/www.visit-ulcinj.com\/blog\/\",\"name\":\"Lajme nga Ulqini\",\"description\":\"Lajme,Vijesti,Ulqini,Ulqin,Crna Gora,Mali i Zi\",\"potentialAction\":[{\"@type\":\"SearchAction\",\"target\":{\"@type\":\"EntryPoint\",\"urlTemplate\":\"https:\/\/www.visit-ulcinj.com\/blog\/?s={search_term_string}\"},\"query-input\":\"required name=search_term_string\"}],\"inLanguage\":\"en-US\"},{\"@type\":\"WebPage\",\"@id\":\"https:\/\/www.visit-ulcinj.com\/blog\/2012\/09\/11\/humb-jeten-ne-aksident-rrugor-21-vjecari-aldin-kurti\/#webpage\",\"url\":\"https:\/\/www.visit-ulcinj.com\/blog\/2012\/09\/11\/humb-jeten-ne-aksident-rrugor-21-vjecari-aldin-kurti\/\",\"name\":\"Humb jet\u00ebn n\u00eb aksident rrugor 21-vje\u00e7ari Aldin Kurti - Video - Lajme nga Ulqini\",\"isPartOf\":{\"@id\":\"https:\/\/www.visit-ulcinj.com\/blog\/#website\"},\"datePublished\":\"2012-09-11T14:21:24+00:00\",\"dateModified\":\"2012-10-27T05:22:31+00:00\",\"author\":{\"@id\":\"https:\/\/www.visit-ulcinj.com\/blog\/#\/schema\/person\/dcab619c614d3038751c63bc2aadc06d\"},\"description\":\"Nj\u00eb 21-vje\u00e7ar nga Ulqini i Malit t\u00eb Zi ka humbur jet\u00ebn n\u00eb or\u00ebt e para t\u00eb m\u00ebngjesit t\u00eb dit\u00ebs s\u00eb sotme si shkak i nj\u00eb aksidenti n\u00eb aksin rrugor\",\"breadcrumb\":{\"@id\":\"https:\/\/www.visit-ulcinj.com\/blog\/2012\/09\/11\/humb-jeten-ne-aksident-rrugor-21-vjecari-aldin-kurti\/#breadcrumb\"},\"inLanguage\":\"en-US\",\"potentialAction\":[{\"@type\":\"ReadAction\",\"target\":[\"https:\/\/www.visit-ulcinj.com\/blog\/2012\/09\/11\/humb-jeten-ne-aksident-rrugor-21-vjecari-aldin-kurti\/\"]}]},{\"@type\":\"BreadcrumbList\",\"@id\":\"https:\/\/www.visit-ulcinj.com\/blog\/2012\/09\/11\/humb-jeten-ne-aksident-rrugor-21-vjecari-aldin-kurti\/#breadcrumb\",\"itemListElement\":[{\"@type\":\"ListItem\",\"position\":1,\"name\":\"Humb jet\u00ebn n\u00eb aksident rrugor 21-vje\u00e7ari Aldin Kurti &#8211; Video\"}]},{\"@type\":\"Person\",\"@id\":\"https:\/\/www.visit-ulcinj.com\/blog\/#\/schema\/person\/dcab619c614d3038751c63bc2aadc06d\",\"name\":\"ulqini\",\"sameAs\":[\"http:\/\/www.visit-ulcinj.com\"],\"url\":\"https:\/\/www.visit-ulcinj.com\/blog\/author\/admin\/\"}]}<\/script>\n<!-- \/ Yoast SEO plugin. -->","yoast_head_json":{"title":"Humb jet\u00ebn n\u00eb aksident rrugor 21-vje\u00e7ari Aldin Kurti - Video - Lajme nga Ulqini","description":"Nj\u00eb 21-vje\u00e7ar nga Ulqini i Malit t\u00eb Zi ka humbur jet\u00ebn n\u00eb or\u00ebt e para t\u00eb m\u00ebngjesit t\u00eb dit\u00ebs s\u00eb sotme si shkak i nj\u00eb aksidenti n\u00eb aksin rrugor","robots":{"index":"index","follow":"follow","max-snippet":"max-snippet:-1","max-image-preview":"max-image-preview:large","max-video-preview":"max-video-preview:-1"},"canonical":"https:\/\/www.visit-ulcinj.com\/blog\/2012\/09\/11\/humb-jeten-ne-aksident-rrugor-21-vjecari-aldin-kurti\/","og_locale":"en_US","og_type":"article","og_title":"Humb jet\u00ebn n\u00eb aksident rrugor 21-vje\u00e7ari Aldin Kurti - Video - Lajme nga Ulqini","og_description":"Nj\u00eb 21-vje\u00e7ar nga Ulqini i Malit t\u00eb Zi ka humbur jet\u00ebn n\u00eb or\u00ebt e para t\u00eb m\u00ebngjesit t\u00eb dit\u00ebs s\u00eb sotme si shkak i nj\u00eb aksidenti n\u00eb aksin rrugor","og_url":"https:\/\/www.visit-ulcinj.com\/blog\/2012\/09\/11\/humb-jeten-ne-aksident-rrugor-21-vjecari-aldin-kurti\/","og_site_name":"Lajme nga Ulqini","article_published_time":"2012-09-11T14:21:24+00:00","article_modified_time":"2012-10-27T05:22:31+00:00","twitter_misc":{"Written by":"ulqini","Est. reading time":"2 minutes"},"schema":{"@context":"https:\/\/schema.org","@graph":[{"@type":"WebSite","@id":"https:\/\/www.visit-ulcinj.com\/blog\/#website","url":"https:\/\/www.visit-ulcinj.com\/blog\/","name":"Lajme nga Ulqini","description":"Lajme,Vijesti,Ulqini,Ulqin,Crna Gora,Mali i Zi","potentialAction":[{"@type":"SearchAction","target":{"@type":"EntryPoint","urlTemplate":"https:\/\/www.visit-ulcinj.com\/blog\/?s={search_term_string}"},"query-input":"required name=search_term_string"}],"inLanguage":"en-US"},{"@type":"WebPage","@id":"https:\/\/www.visit-ulcinj.com\/blog\/2012\/09\/11\/humb-jeten-ne-aksident-rrugor-21-vjecari-aldin-kurti\/#webpage","url":"https:\/\/www.visit-ulcinj.com\/blog\/2012\/09\/11\/humb-jeten-ne-aksident-rrugor-21-vjecari-aldin-kurti\/","name":"Humb jet\u00ebn n\u00eb aksident rrugor 21-vje\u00e7ari Aldin Kurti - Video - Lajme nga Ulqini","isPartOf":{"@id":"https:\/\/www.visit-ulcinj.com\/blog\/#website"},"datePublished":"2012-09-11T14:21:24+00:00","dateModified":"2012-10-27T05:22:31+00:00","author":{"@id":"https:\/\/www.visit-ulcinj.com\/blog\/#\/schema\/person\/dcab619c614d3038751c63bc2aadc06d"},"description":"Nj\u00eb 21-vje\u00e7ar nga Ulqini i Malit t\u00eb Zi ka humbur jet\u00ebn n\u00eb or\u00ebt e para t\u00eb m\u00ebngjesit t\u00eb dit\u00ebs s\u00eb sotme si shkak i nj\u00eb aksidenti n\u00eb aksin rrugor","breadcrumb":{"@id":"https:\/\/www.visit-ulcinj.com\/blog\/2012\/09\/11\/humb-jeten-ne-aksident-rrugor-21-vjecari-aldin-kurti\/#breadcrumb"},"inLanguage":"en-US","potentialAction":[{"@type":"ReadAction","target":["https:\/\/www.visit-ulcinj.com\/blog\/2012\/09\/11\/humb-jeten-ne-aksident-rrugor-21-vjecari-aldin-kurti\/"]}]},{"@type":"BreadcrumbList","@id":"https:\/\/www.visit-ulcinj.com\/blog\/2012\/09\/11\/humb-jeten-ne-aksident-rrugor-21-vjecari-aldin-kurti\/#breadcrumb","itemListElement":[{"@type":"ListItem","position":1,"name":"Humb jet\u00ebn n\u00eb aksident rrugor 21-vje\u00e7ari Aldin Kurti &#8211; Video"}]},{"@type":"Person","@id":"https:\/\/www.visit-ulcinj.com\/blog\/#\/schema\/person\/dcab619c614d3038751c63bc2aadc06d","name":"ulqini","sameAs":["http:\/\/www.visit-ulcinj.com"],"url":"https:\/\/www.visit-ulcinj.com\/blog\/author\/admin\/"}]}},"jetpack_featured_media_url":"","jetpack_sharing_enabled":true,"jetpack_shortlink":"https:\/\/wp.me\/pe6lTn-gwK","_links":{"self":[{"href":"https:\/\/www.visit-ulcinj.com\/blog\/wp-json\/wp\/v2\/posts\/63534"}],"collection":[{"href":"https:\/\/www.visit-ulcinj.com\/blog\/wp-json\/wp\/v2\/posts"}],"about":[{"href":"https:\/\/www.visit-ulcinj.com\/blog\/wp-json\/wp\/v2\/types\/post"}],"author":[{"embeddable":true,"href":"https:\/\/www.visit-ulcinj.com\/blog\/wp-json\/wp\/v2\/users\/1"}],"replies":[{"embeddable":true,"href":"https:\/\/www.visit-ulcinj.com\/blog\/wp-json\/wp\/v2\/comments?post=63534"}],"version-history":[{"count":11,"href":"https:\/\/www.visit-ulcinj.com\/blog\/wp-json\/wp\/v2\/posts\/63534\/revisions"}],"predecessor-version":[{"id":65106,"href":"https:\/\/www.visit-ulcinj.com\/blog\/wp-json\/wp\/v2\/posts\/63534\/revisions\/65106"}],"wp:attachment":[{"href":"https:\/\/www.visit-ulcinj.com\/blog\/wp-json\/wp\/v2\/media?parent=63534"}],"wp:term":[{"taxonomy":"category","embeddable":true,"href":"https:\/\/www.visit-ulcinj.com\/blog\/wp-json\/wp\/v2\/categories?post=63534"},{"taxonomy":"post_tag","embeddable":true,"href":"https:\/\/www.visit-ulcinj.com\/blog\/wp-json\/wp\/v2\/tags?post=63534"}],"curies":[{"name":"wp","href":"https:\/\/api.w.org\/{rel}","templated":true}]}}