{"id":6356,"date":"2008-11-19T12:05:00","date_gmt":"2008-11-19T17:05:00","guid":{"rendered":"http:\/\/www.visit-ulcinj.com\/blog\/?p=6356"},"modified":"2008-11-19T12:05:00","modified_gmt":"2008-11-19T17:05:00","slug":"proteste-e-qete-ne-prishtine-kunder-planit-te-okb-se-per-euleksin","status":"publish","type":"post","link":"https:\/\/www.visit-ulcinj.com\/blog\/2008\/11\/19\/proteste-e-qete-ne-prishtine-kunder-planit-te-okb-se-per-euleksin\/","title":{"rendered":"Protest\u00eb e qet\u00eb n\u00eb Prishtin\u00eb kund\u00ebr planit t\u00eb OKB-s\u00eb p\u00ebr Euleksin"},"content":{"rendered":"<p><a href=\"http:\/\/www.visit-ulcinj.com\/blog\/wp-content\/uploads\/2008\/11\/proteste-e-qete-ne-prishtine.jpg\"><img loading=\"lazy\" class=\"alignleft size-medium wp-image-6357\" title=\"proteste-e-qete-ne-prishtine\" src=\"http:\/\/www.visit-ulcinj.com\/blog\/wp-content\/uploads\/2008\/11\/proteste-e-qete-ne-prishtine-300x231.jpg\" alt=\"\" width=\"376\" height=\"290\" srcset=\"https:\/\/www.visit-ulcinj.com\/blog\/wp-content\/uploads\/2008\/11\/proteste-e-qete-ne-prishtine-300x231.jpg 300w, https:\/\/www.visit-ulcinj.com\/blog\/wp-content\/uploads\/2008\/11\/proteste-e-qete-ne-prishtine.jpg 370w\" sizes=\"(max-width: 376px) 100vw, 376px\" \/><\/a>Dhjet\u00ebra mij\u00ebra qytetar\u00eb kan\u00eb protestuar sot n\u00eb Prishtin\u00eb kund\u00ebr marr\u00ebveshjes gjasht\u00ebpik\u00ebshe OKB-Beograd dhe i kan\u00eb l\u00ebn\u00eb EULEX-it nj\u00eb porosit t\u00eb qart\u00eb q\u00eb gjat\u00eb veprimtaris\u00eb s\u00eb vet n\u00eb Kosov\u00eb t\u00eb mos sillet ashtu si\u00e7 \u00ebsht\u00eb sjell\u00eb UNMIK-u gjat\u00eb n\u00ebnt\u00eb viteve t\u00eb kaluara.<br \/>\nPor, protestuesit t\u00eb cil\u00ebt nd\u00ebrtes\u00ebn q\u00eb UNMIK-u ia ka dor\u00ebzuar EULEX-it e kan\u00eb gjetur t\u00eb zbraz\u00ebt, pasi q\u00eb p\u00ebr shkaqe sigurie i gjith\u00eb stafi i EULEX-it ka \u00ebsht\u00eb t\u00ebrhequr n\u00eb or\u00ebt e paradites. Protesta q\u00eb ka filluar n\u00eb mesdit\u00eb para Bibliotek\u00ebs Komb\u00ebtare dhe Universitare t\u00eb Kosov\u00ebs \u00ebsht\u00eb organizuar p\u00ebr t\u00eb kund\u00ebrshtuar planin 6 pik\u00ebsh OKB- Beograd dhe presionit q\u00eb \u00ebsht\u00eb duke u ushtruar ndaj institucioneve t\u00eb Kosov\u00ebs p\u00ebr ta pranuar k\u00ebt\u00eb marr\u00ebveshje e cila \u00ebsht\u00eb konkretizim i k\u00ebrkesave t\u00eb Beogradit zyrtar p\u00ebr t\u00eb ashtuquajtur\u00ebn ndarje administrative t\u00eb Kosov\u00ebs.<br \/>\n&#8220;Ky neutralitet i bie nj\u00ebfar\u00eb paanshm\u00ebrie ndaj dy pal\u00ebve. Pra kur po thon\u00eb EULEX \u00ebsht\u00eb neutral po don\u00eb t\u00eb thon\u00eb q\u00eb p\u00ebr \u00e7\u00ebshtjen e Kosov\u00ebs jan\u00eb dy pal\u00eb: \u00ebsht\u00eb Kosova por \u00ebsht\u00eb edhe Serbia. N\u00ebse EULEX \u00ebsht\u00eb neutral ndaj statusit, at\u00ebher\u00eb ne nuk jemi neutral\u00eb ndaj statusit t\u00eb Kosov\u00ebs, e prandaj nuk jemi as neutral\u00eb ndaj EULEX-it&#8221;, deklaroi Albin Kurti, lider i L\u00ebvizjes Vet\u00ebvendosje.<br \/>\n&#8220;Dhe ne qytetar\u00ebt e Kosov\u00ebs kemi mesazh p\u00ebr k\u00ebta njer\u00ebz. Ne e dim\u00eb se q\u00ebllimi i Beogradit \u00ebsht\u00eb ndarja e Kosov\u00ebs dhe kjo reflektohet p\u00ebrmes 6 pikave t\u00eb Ban Ki-Munit. Ne i themi &#8220;Jo&#8221; ndarjes, ne jemi p\u00ebr sovranitetin e Kosov\u00ebs&#8221;, tha Igballe Rogova nga Rrjeti Kosovar i Gruas.<br \/>\nPara se t\u00eb shkojn\u00eb te selia e EULEX-it, protestuesit jan\u00eb ndalur af\u00ebr nd\u00ebrtes\u00ebs s\u00eb Kuvendit dhe Qeveris\u00eb s\u00eb Kosov\u00ebs p\u00ebr t&#8217;u l\u00ebn\u00eb porosit\u00eb e tyre lider\u00ebve kosovar\u00eb.<br \/>\n&#8220;Presionet p\u00ebr kompromise q\u00eb nuk po kan\u00eb fund me misione dhe imponime t\u00eb p\u00ebrkohshme q\u00eb po jetojn\u00eb m\u00eb gjat\u00eb se sa ne, nuk kan\u00eb t\u00eb b\u00ebjn\u00eb fare me demokraci. Kjo ka t\u00eb b\u00ebj\u00eb me hipokrizi, kjo ka t\u00eb b\u00ebj\u00eb me mashtrim&#8221;, tha Alban Bokshi nga Organizata &#8220;\u00c7ohu&#8221;.<br \/>\n&#8220;N\u00ebse p\u00ebrshkall\u00ebzohet gjendja n\u00eb Mitrovic\u00eb e gjetiu n\u00eb Kosov\u00eb, at\u00ebher\u00eb k\u00ebto institucione ose duhet t\u00eb japin dor\u00ebheqje, ose duhet ta ftojn\u00eb popullin p\u00ebr ta mbrojtur lirin\u00eb e fituar me gjak&#8221;, u shpreh Xhavit Jashari, p\u00ebrfaq\u00ebsues i Organizatave t\u00eb ish U\u00c7K-s\u00eb.<br \/>\nQytetar\u00ebt q\u00eb kan\u00eb marr\u00eb pjes\u00eb n\u00eb protest\u00eb jan\u00eb shprehur t\u00eb revoltuar me zhvillimet e fundit politike rreth Kosov\u00ebs. Ata thon\u00eb se jan\u00eb t\u00eb gatsh\u00ebm t\u00eb protestojn\u00eb edhe m\u00eb tej kund\u00ebr k\u00ebrkesave t\u00eb Serbis\u00eb ndaj Kosov\u00ebs dhe p\u00ebrpjekjeve nd\u00ebrkomb\u00ebtare p\u00ebr imponime t\u00eb zgjidhjeve.<br \/>\n&#8220;Serbia nuk ka vend k\u00ebtu as nuk ka me pas kurr\u00eb. Kjo ka marr\u00eb fund p\u00ebrgjithmon\u00eb&#8221;, tha nj\u00eb protestues.<br \/>\n&#8220;K\u00ebto gjasht\u00eb pika i kan\u00eb propozuar armiqt\u00eb tan\u00eb, Ban Ki-Mun apo kush \u00ebsht\u00eb ai q\u00eb i ka propozuar. P\u00ebr neve ai \u00ebsht\u00eb askush, nuk e njohim. Gjithmon\u00eb jam n\u00eb gjendje t\u00eb protestoj, deri n\u00eb vdekje&#8221;, u shpreh nj\u00eb protestues tjet\u00ebr.<br \/>\nPasi kan\u00eb p\u00ebrshkuar itinerarin e p\u00ebrcaktuar nga organizator\u00ebt dhe protestuesit jan\u00eb shp\u00ebrndar\u00eb t\u00eb qet\u00eb. Sipas policis\u00eb, nuk \u00ebsht\u00eb sh\u00ebnuar asnj\u00eb incident gjat\u00eb rrjedh\u00ebs s\u00eb protest\u00ebs dhe shp\u00ebrndarjes s\u00eb protestuesve.<br \/>\n<strong>P\u00ebrparim Isufi<br \/>\nALSAT KOSOVA<\/strong><\/p>\n<p><object classid=\"clsid:6bf52a52-394a-11d3-b153-00c04f79faa6\" width=\"400\" height=\"300\" codebase=\"http:\/\/activex.microsoft.com\/activex\/controls\/mplayer\/en\/nsmp2inf.cab#Version=5,1,52,701\"><param name=\"url\" value=\"mms:\/\/video.rtklive.com\/advertising\/konferenca.wmv\" \/><\/object><\/p>\n","protected":false},"excerpt":{"rendered":"<p>Dhjet\u00ebra mij\u00ebra qytetar\u00eb kan\u00eb protestuar sot n\u00eb Prishtin\u00eb kund\u00ebr marr\u00ebveshjes gjasht\u00ebpik\u00ebshe OKB-Beograd dhe i kan\u00eb l\u00ebn\u00eb EULEX-it nj\u00eb porosit t\u00eb qart\u00eb q\u00eb gjat\u00eb veprimtaris\u00eb s\u00eb vet n\u00eb Kosov\u00eb t\u00eb mos sillet ashtu si\u00e7 \u00ebsht\u00eb sjell\u00eb UNMIK-u gjat\u00eb n\u00ebnt\u00eb viteve t\u00eb kaluara. Por, protestuesit t\u00eb cil\u00ebt nd\u00ebrtes\u00ebn q\u00eb UNMIK-u ia ka dor\u00ebzuar EULEX-it e kan\u00eb gjetur [&hellip;]<\/p>\n","protected":false},"author":1,"featured_media":0,"comment_status":"open","ping_status":"closed","sticky":false,"template":"","format":"standard","meta":{"spay_email":"","jetpack_publicize_message":"","jetpack_is_tweetstorm":false,"jetpack_publicize_feature_enabled":true},"categories":[14],"tags":[49,5093],"jetpack_publicize_connections":[],"yoast_head":"<!-- This site is optimized with the Yoast SEO plugin v19.1 - https:\/\/yoast.com\/wordpress\/plugins\/seo\/ -->\n<title>Protest\u00eb e qet\u00eb n\u00eb Prishtin\u00eb kund\u00ebr planit t\u00eb OKB-s\u00eb p\u00ebr Euleksin - Lajme nga Ulqini<\/title>\n<meta name=\"description\" content=\"Dhjet\u00ebra mij\u00ebra qytetar\u00eb kan\u00eb protestuar sot n\u00eb Prishtin\u00eb kund\u00ebr marr\u00ebveshjes gjasht\u00ebpik\u00ebshe OKB-Beograd dhe i kan\u00eb l\u00ebn\u00eb EULEX-it nj\u00eb porosit t\u00eb qart\u00eb q\u00eb\" \/>\n<meta name=\"robots\" content=\"index, follow, max-snippet:-1, max-image-preview:large, max-video-preview:-1\" \/>\n<link rel=\"canonical\" href=\"https:\/\/www.visit-ulcinj.com\/blog\/2008\/11\/19\/proteste-e-qete-ne-prishtine-kunder-planit-te-okb-se-per-euleksin\/\" \/>\n<meta property=\"og:locale\" content=\"en_US\" \/>\n<meta property=\"og:type\" content=\"article\" \/>\n<meta property=\"og:title\" content=\"Protest\u00eb e qet\u00eb n\u00eb Prishtin\u00eb kund\u00ebr planit t\u00eb OKB-s\u00eb p\u00ebr Euleksin - Lajme nga Ulqini\" \/>\n<meta property=\"og:description\" content=\"Dhjet\u00ebra mij\u00ebra qytetar\u00eb kan\u00eb protestuar sot n\u00eb Prishtin\u00eb kund\u00ebr marr\u00ebveshjes gjasht\u00ebpik\u00ebshe OKB-Beograd dhe i kan\u00eb l\u00ebn\u00eb EULEX-it nj\u00eb porosit t\u00eb qart\u00eb q\u00eb\" \/>\n<meta property=\"og:url\" content=\"https:\/\/www.visit-ulcinj.com\/blog\/2008\/11\/19\/proteste-e-qete-ne-prishtine-kunder-planit-te-okb-se-per-euleksin\/\" \/>\n<meta property=\"og:site_name\" content=\"Lajme nga Ulqini\" \/>\n<meta property=\"article:published_time\" content=\"2008-11-19T17:05:00+00:00\" \/>\n<meta property=\"og:image\" content=\"http:\/\/www.visit-ulcinj.com\/blog\/wp-content\/uploads\/2008\/11\/proteste-e-qete-ne-prishtine-300x231.jpg\" \/>\n<meta name=\"twitter:label1\" content=\"Written by\" \/>\n\t<meta name=\"twitter:data1\" content=\"ulqini\" \/>\n\t<meta name=\"twitter:label2\" content=\"Est. reading time\" \/>\n\t<meta name=\"twitter:data2\" content=\"3 minutes\" \/>\n<script type=\"application\/ld+json\" class=\"yoast-schema-graph\">{\"@context\":\"https:\/\/schema.org\",\"@graph\":[{\"@type\":\"WebSite\",\"@id\":\"https:\/\/www.visit-ulcinj.com\/blog\/#website\",\"url\":\"https:\/\/www.visit-ulcinj.com\/blog\/\",\"name\":\"Lajme nga Ulqini\",\"description\":\"Lajme,Vijesti,Ulqini,Ulqin,Crna Gora,Mali i Zi\",\"potentialAction\":[{\"@type\":\"SearchAction\",\"target\":{\"@type\":\"EntryPoint\",\"urlTemplate\":\"https:\/\/www.visit-ulcinj.com\/blog\/?s={search_term_string}\"},\"query-input\":\"required name=search_term_string\"}],\"inLanguage\":\"en-US\"},{\"@type\":\"ImageObject\",\"inLanguage\":\"en-US\",\"@id\":\"https:\/\/www.visit-ulcinj.com\/blog\/2008\/11\/19\/proteste-e-qete-ne-prishtine-kunder-planit-te-okb-se-per-euleksin\/#primaryimage\",\"url\":\"http:\/\/www.visit-ulcinj.com\/blog\/wp-content\/uploads\/2008\/11\/proteste-e-qete-ne-prishtine-300x231.jpg\",\"contentUrl\":\"http:\/\/www.visit-ulcinj.com\/blog\/wp-content\/uploads\/2008\/11\/proteste-e-qete-ne-prishtine-300x231.jpg\"},{\"@type\":\"WebPage\",\"@id\":\"https:\/\/www.visit-ulcinj.com\/blog\/2008\/11\/19\/proteste-e-qete-ne-prishtine-kunder-planit-te-okb-se-per-euleksin\/#webpage\",\"url\":\"https:\/\/www.visit-ulcinj.com\/blog\/2008\/11\/19\/proteste-e-qete-ne-prishtine-kunder-planit-te-okb-se-per-euleksin\/\",\"name\":\"Protest\u00eb e qet\u00eb n\u00eb Prishtin\u00eb kund\u00ebr planit t\u00eb OKB-s\u00eb p\u00ebr Euleksin - Lajme nga Ulqini\",\"isPartOf\":{\"@id\":\"https:\/\/www.visit-ulcinj.com\/blog\/#website\"},\"primaryImageOfPage\":{\"@id\":\"https:\/\/www.visit-ulcinj.com\/blog\/2008\/11\/19\/proteste-e-qete-ne-prishtine-kunder-planit-te-okb-se-per-euleksin\/#primaryimage\"},\"datePublished\":\"2008-11-19T17:05:00+00:00\",\"dateModified\":\"2008-11-19T17:05:00+00:00\",\"author\":{\"@id\":\"https:\/\/www.visit-ulcinj.com\/blog\/#\/schema\/person\/dcab619c614d3038751c63bc2aadc06d\"},\"description\":\"Dhjet\u00ebra mij\u00ebra qytetar\u00eb kan\u00eb protestuar sot n\u00eb Prishtin\u00eb kund\u00ebr marr\u00ebveshjes gjasht\u00ebpik\u00ebshe OKB-Beograd dhe i kan\u00eb l\u00ebn\u00eb EULEX-it nj\u00eb porosit t\u00eb qart\u00eb q\u00eb\",\"breadcrumb\":{\"@id\":\"https:\/\/www.visit-ulcinj.com\/blog\/2008\/11\/19\/proteste-e-qete-ne-prishtine-kunder-planit-te-okb-se-per-euleksin\/#breadcrumb\"},\"inLanguage\":\"en-US\",\"potentialAction\":[{\"@type\":\"ReadAction\",\"target\":[\"https:\/\/www.visit-ulcinj.com\/blog\/2008\/11\/19\/proteste-e-qete-ne-prishtine-kunder-planit-te-okb-se-per-euleksin\/\"]}]},{\"@type\":\"BreadcrumbList\",\"@id\":\"https:\/\/www.visit-ulcinj.com\/blog\/2008\/11\/19\/proteste-e-qete-ne-prishtine-kunder-planit-te-okb-se-per-euleksin\/#breadcrumb\",\"itemListElement\":[{\"@type\":\"ListItem\",\"position\":1,\"name\":\"Protest\u00eb e qet\u00eb n\u00eb Prishtin\u00eb kund\u00ebr planit t\u00eb OKB-s\u00eb p\u00ebr Euleksin\"}]},{\"@type\":\"Person\",\"@id\":\"https:\/\/www.visit-ulcinj.com\/blog\/#\/schema\/person\/dcab619c614d3038751c63bc2aadc06d\",\"name\":\"ulqini\",\"sameAs\":[\"http:\/\/www.visit-ulcinj.com\"],\"url\":\"https:\/\/www.visit-ulcinj.com\/blog\/author\/admin\/\"}]}<\/script>\n<!-- \/ Yoast SEO plugin. -->","yoast_head_json":{"title":"Protest\u00eb e qet\u00eb n\u00eb Prishtin\u00eb kund\u00ebr planit t\u00eb OKB-s\u00eb p\u00ebr Euleksin - Lajme nga Ulqini","description":"Dhjet\u00ebra mij\u00ebra qytetar\u00eb kan\u00eb protestuar sot n\u00eb Prishtin\u00eb kund\u00ebr marr\u00ebveshjes gjasht\u00ebpik\u00ebshe OKB-Beograd dhe i kan\u00eb l\u00ebn\u00eb EULEX-it nj\u00eb porosit t\u00eb qart\u00eb q\u00eb","robots":{"index":"index","follow":"follow","max-snippet":"max-snippet:-1","max-image-preview":"max-image-preview:large","max-video-preview":"max-video-preview:-1"},"canonical":"https:\/\/www.visit-ulcinj.com\/blog\/2008\/11\/19\/proteste-e-qete-ne-prishtine-kunder-planit-te-okb-se-per-euleksin\/","og_locale":"en_US","og_type":"article","og_title":"Protest\u00eb e qet\u00eb n\u00eb Prishtin\u00eb kund\u00ebr planit t\u00eb OKB-s\u00eb p\u00ebr Euleksin - Lajme nga Ulqini","og_description":"Dhjet\u00ebra mij\u00ebra qytetar\u00eb kan\u00eb protestuar sot n\u00eb Prishtin\u00eb kund\u00ebr marr\u00ebveshjes gjasht\u00ebpik\u00ebshe OKB-Beograd dhe i kan\u00eb l\u00ebn\u00eb EULEX-it nj\u00eb porosit t\u00eb qart\u00eb q\u00eb","og_url":"https:\/\/www.visit-ulcinj.com\/blog\/2008\/11\/19\/proteste-e-qete-ne-prishtine-kunder-planit-te-okb-se-per-euleksin\/","og_site_name":"Lajme nga Ulqini","article_published_time":"2008-11-19T17:05:00+00:00","og_image":[{"url":"http:\/\/www.visit-ulcinj.com\/blog\/wp-content\/uploads\/2008\/11\/proteste-e-qete-ne-prishtine-300x231.jpg"}],"twitter_misc":{"Written by":"ulqini","Est. reading time":"3 minutes"},"schema":{"@context":"https:\/\/schema.org","@graph":[{"@type":"WebSite","@id":"https:\/\/www.visit-ulcinj.com\/blog\/#website","url":"https:\/\/www.visit-ulcinj.com\/blog\/","name":"Lajme nga Ulqini","description":"Lajme,Vijesti,Ulqini,Ulqin,Crna Gora,Mali i Zi","potentialAction":[{"@type":"SearchAction","target":{"@type":"EntryPoint","urlTemplate":"https:\/\/www.visit-ulcinj.com\/blog\/?s={search_term_string}"},"query-input":"required name=search_term_string"}],"inLanguage":"en-US"},{"@type":"ImageObject","inLanguage":"en-US","@id":"https:\/\/www.visit-ulcinj.com\/blog\/2008\/11\/19\/proteste-e-qete-ne-prishtine-kunder-planit-te-okb-se-per-euleksin\/#primaryimage","url":"http:\/\/www.visit-ulcinj.com\/blog\/wp-content\/uploads\/2008\/11\/proteste-e-qete-ne-prishtine-300x231.jpg","contentUrl":"http:\/\/www.visit-ulcinj.com\/blog\/wp-content\/uploads\/2008\/11\/proteste-e-qete-ne-prishtine-300x231.jpg"},{"@type":"WebPage","@id":"https:\/\/www.visit-ulcinj.com\/blog\/2008\/11\/19\/proteste-e-qete-ne-prishtine-kunder-planit-te-okb-se-per-euleksin\/#webpage","url":"https:\/\/www.visit-ulcinj.com\/blog\/2008\/11\/19\/proteste-e-qete-ne-prishtine-kunder-planit-te-okb-se-per-euleksin\/","name":"Protest\u00eb e qet\u00eb n\u00eb Prishtin\u00eb kund\u00ebr planit t\u00eb OKB-s\u00eb p\u00ebr Euleksin - Lajme nga Ulqini","isPartOf":{"@id":"https:\/\/www.visit-ulcinj.com\/blog\/#website"},"primaryImageOfPage":{"@id":"https:\/\/www.visit-ulcinj.com\/blog\/2008\/11\/19\/proteste-e-qete-ne-prishtine-kunder-planit-te-okb-se-per-euleksin\/#primaryimage"},"datePublished":"2008-11-19T17:05:00+00:00","dateModified":"2008-11-19T17:05:00+00:00","author":{"@id":"https:\/\/www.visit-ulcinj.com\/blog\/#\/schema\/person\/dcab619c614d3038751c63bc2aadc06d"},"description":"Dhjet\u00ebra mij\u00ebra qytetar\u00eb kan\u00eb protestuar sot n\u00eb Prishtin\u00eb kund\u00ebr marr\u00ebveshjes gjasht\u00ebpik\u00ebshe OKB-Beograd dhe i kan\u00eb l\u00ebn\u00eb EULEX-it nj\u00eb porosit t\u00eb qart\u00eb q\u00eb","breadcrumb":{"@id":"https:\/\/www.visit-ulcinj.com\/blog\/2008\/11\/19\/proteste-e-qete-ne-prishtine-kunder-planit-te-okb-se-per-euleksin\/#breadcrumb"},"inLanguage":"en-US","potentialAction":[{"@type":"ReadAction","target":["https:\/\/www.visit-ulcinj.com\/blog\/2008\/11\/19\/proteste-e-qete-ne-prishtine-kunder-planit-te-okb-se-per-euleksin\/"]}]},{"@type":"BreadcrumbList","@id":"https:\/\/www.visit-ulcinj.com\/blog\/2008\/11\/19\/proteste-e-qete-ne-prishtine-kunder-planit-te-okb-se-per-euleksin\/#breadcrumb","itemListElement":[{"@type":"ListItem","position":1,"name":"Protest\u00eb e qet\u00eb n\u00eb Prishtin\u00eb kund\u00ebr planit t\u00eb OKB-s\u00eb p\u00ebr Euleksin"}]},{"@type":"Person","@id":"https:\/\/www.visit-ulcinj.com\/blog\/#\/schema\/person\/dcab619c614d3038751c63bc2aadc06d","name":"ulqini","sameAs":["http:\/\/www.visit-ulcinj.com"],"url":"https:\/\/www.visit-ulcinj.com\/blog\/author\/admin\/"}]}},"jetpack_featured_media_url":"","jetpack_sharing_enabled":true,"jetpack_shortlink":"https:\/\/wp.me\/pe6lTn-1Ew","_links":{"self":[{"href":"https:\/\/www.visit-ulcinj.com\/blog\/wp-json\/wp\/v2\/posts\/6356"}],"collection":[{"href":"https:\/\/www.visit-ulcinj.com\/blog\/wp-json\/wp\/v2\/posts"}],"about":[{"href":"https:\/\/www.visit-ulcinj.com\/blog\/wp-json\/wp\/v2\/types\/post"}],"author":[{"embeddable":true,"href":"https:\/\/www.visit-ulcinj.com\/blog\/wp-json\/wp\/v2\/users\/1"}],"replies":[{"embeddable":true,"href":"https:\/\/www.visit-ulcinj.com\/blog\/wp-json\/wp\/v2\/comments?post=6356"}],"version-history":[{"count":0,"href":"https:\/\/www.visit-ulcinj.com\/blog\/wp-json\/wp\/v2\/posts\/6356\/revisions"}],"wp:attachment":[{"href":"https:\/\/www.visit-ulcinj.com\/blog\/wp-json\/wp\/v2\/media?parent=6356"}],"wp:term":[{"taxonomy":"category","embeddable":true,"href":"https:\/\/www.visit-ulcinj.com\/blog\/wp-json\/wp\/v2\/categories?post=6356"},{"taxonomy":"post_tag","embeddable":true,"href":"https:\/\/www.visit-ulcinj.com\/blog\/wp-json\/wp\/v2\/tags?post=6356"}],"curies":[{"name":"wp","href":"https:\/\/api.w.org\/{rel}","templated":true}]}}