{"id":63586,"date":"2012-09-13T12:23:49","date_gmt":"2012-09-13T11:23:49","guid":{"rendered":"http:\/\/www.visit-ulcinj.com\/blog\/?p=63586"},"modified":"2012-10-27T06:30:55","modified_gmt":"2012-10-27T05:30:55","slug":"in-memoriam-aldin-kurti","status":"publish","type":"post","link":"https:\/\/www.visit-ulcinj.com\/blog\/2012\/09\/13\/in-memoriam-aldin-kurti\/","title":{"rendered":"In Memoriam: Aldin Kurti"},"content":{"rendered":"<p><a href=\"http:\/\/www.visit-ulcinj.com\/blog\/wp-content\/uploads\/2012\/09\/In-Memoriam_Aldin-Kurti.jpg\"><img loading=\"lazy\" class=\"alignleft size-full wp-image-63587\" title=\"In Memoriam_Aldin Kurti\" src=\"http:\/\/www.visit-ulcinj.com\/blog\/wp-content\/uploads\/2012\/09\/In-Memoriam_Aldin-Kurti.jpg\" alt=\"\" width=\"720\" height=\"420\" srcset=\"https:\/\/www.visit-ulcinj.com\/blog\/wp-content\/uploads\/2012\/09\/In-Memoriam_Aldin-Kurti.jpg 720w, https:\/\/www.visit-ulcinj.com\/blog\/wp-content\/uploads\/2012\/09\/In-Memoriam_Aldin-Kurti-300x175.jpg 300w\" sizes=\"(max-width: 720px) 100vw, 720px\" \/><\/a>Familja Kurti me rastin e vdekjes s\u00eb djalit t\u00eb tyre Aldinit,m\u00eb 11 shtator\u00eb n\u00eb nj\u00eb aksident n\u00eb aksin rrugor Lezh\u00eb-Shkod\u00ebr,q\u00eb t\u00eb markuren kan pranuar ngush\u00ebllime t\u00eb shumta nga t\u00eb af\u00ebrmit, miqt\u00eb e qytetar\u00ebt e shumt\u00eb nga Ulqini dhe nga diaspora e mbar\u00eb bot\u00ebs.Kryefamiljarin e k\u00ebsaj familje, babain Kabilin dhe nan\u00ebs Havos por edhe an\u00ebtar\u00ebt tjer\u00eb t\u00eb familjes motres dhe v\u00ebllait,q\u00eb ky rast i ka prekur shum\u00eb.<\/p>\n<p>Mbet\u00ebm pa frym\u00eb, t\u00eb shtangur gati edhe pa \u00e7ehre, kur mor\u00ebm lajmin se nj\u00ebri nga an\u00ebtar\u00ebt \u00a0e familjes s\u00eb Kabil Kurtit kishte vdekur sot, n\u00eb or\u00ebt e pasnat\u00ebs \u00a0n\u00eb nj\u00eb aksident komunikacioni, n\u00eb aksin rrugor Lezh\u00eb-Shkod\u00ebr,e ai ishte djali Arlind Kurti. Ai u godit teksa po u kthente n\u00eb sht\u00ebpin e tij\u00eb,vdiq derisa po tentonte t\u00eb p\u00ebrjetonte jet\u00ebn, ajrin dhe tok\u00ebn.<\/p>\n<p>E kam shum\u00eb t\u00eb v\u00ebshtir\u00eb ti gjej\u00eb fjal\u00ebt q\u00eb do ta p\u00ebrshkruajn\u00eb dhimbjen e madhe q\u00eb e kemi p\u00ebr ty Aldin . Aq m\u00eb r\u00ebnd\u00eb \u00ebsht\u00eb q\u00eb un\u00eb &#8211; dashamiri i babait t\u00eb juaj, duhet t\u00eb shkruaj nj\u00eb p\u00ebrkujtim p\u00ebr ty, nj\u00eb p\u00ebrkujtim q\u00eb m\u00eb l\u00ebndon thell\u00eb n\u00eb shpirt\u00eb, nj\u00eb p\u00ebrkujtim q\u00eb do t\u00eb doja kurr t\u00eb mos e shkruaj.<br \/>\nE kobshme ishte dita e 11 shtatorit, kur vdekja e hershme t\u00eb ndau prej familjes. Ti shkove n\u00eb mosh\u00ebn m\u00eb t\u00eb mir\u00eb t\u00eb jet\u00ebs duke i \u00a0l\u00ebn\u00eb t\u00eb pik\u00eblluar, familjar\u00ebt, nx\u00ebn\u00ebsit e shkoll\u00ebs , fare e fisin si dhe t\u00eb gjith\u00eb shok\u00ebt e dashamir\u00ebt q\u00eb t\u00eb kan\u00eb njohur n\u00eb Ulqin e m\u00eb gj\u00ebr\u00eb n\u00eb diaspor.<\/p>\n<p>T\u00eb gjith\u00eb ne djem e vajza, t\u00eb rinj e t\u00eb moshuar. Ne mburremi me Aldinin. G\u00ebzohemi q\u00eb pat\u00ebm mund\u00ebsi ta njohim. Q\u00eb nuk mund t\u00eb ishim m\u00eb t\u00eb mir\u00eb se q\u00eb ishim me t\u00eb.<br \/>\nTi m\u00eb nuk je n\u00eb mesin ton\u00eb por prehesh i qet\u00eb n\u00eb amshim. N\u00eb zemrat tona dhe shpirtin tone shembulltyra, krenaria dhe bujaria e jote do t\u00eb mbeten t\u00eb paharruara p\u00ebrgjithmon\u00eb.<\/p>\n<p><strong>N\u00eb em\u00ebr t\u00eb stafit Lajme nga Ulqini! Aldin shihemi n\u00eb parajs\u00eb!<\/strong><\/p>\n<h3><a href=\"https:\/\/www.facebook.com\/pages\/In-memoriam-Aldin-Kurti\/439796439392051\" target=\"_blank\">In memoriam Aldin Kurti Facebook<\/a><\/h3>\n<p>&nbsp;<\/p>\n<p><strong>Per Aldinin nga Aii Da<\/strong><br \/>\n<strong> Gjithmon\u00eb do t\u00eb kujtojm\u00eb Aldi !!!<\/strong><br \/>\n&#8211; T\u00eb pakta jan\u00eb fjal\u00ebt p\u00ebr t\u00eb shprehur dhembjen p\u00ebr ty,mungesa jote u b\u00eb boshll\u00ebku m\u00eb i madh,zbraz\u00ebti q\u00eb nuk plot\u00ebsohet kurr\u00eb,nd\u00ebrsa kujtimi yt do t\u00eb jet\u00eb cdoher\u00eb pjes\u00eb e jet\u00ebs ton\u00eb.Sa r\u00ebnd\u00eb na i goditi zemrat vdekja jote vet\u00ebm Zoti e di,loti rrjedh nga syri se di kur do ndaloj\u00eb,ti tani Engj\u00ebll mbrojt\u00ebs,dhe nj\u00eb drit\u00eb q\u00eb ndricon do t\u00eb jesh\u00eb p\u00ebr ne.<br \/>\n&#8211; Asnj\u00eb moment s&#8217;t\u00eb ndajm\u00eb,ty n\u00eb shpirt e zem\u00ebr t\u00eb mbajm\u00eb,t\u00eb k\u00ebrkojm\u00eb n\u00eb cdo hap,por \u00ebsht\u00eb e kot\u00eb ti vet\u00ebm n\u00eb \u00ebndrra rri pran\u00eb.Ah..jet\u00eb e posht\u00ebr ti njer\u00ebzit i ndan\u00eb.<br \/>\n&#8211; Fytyra jote e dashur dhe e \u00ebmb\u00ebl nuk do t\u00eb harrohet kurr\u00eb,do t\u00eb kujtojm\u00eb aq sa jeta t\u00eb na zgjas\u00eb,ti do t\u00eb jetosh i gjall\u00eb p\u00ebr jet\u00eb n\u00eb shpirtin e cdokujt,gjithmon\u00eb do t\u00eb kujtohet buzqeshja e vecant\u00eb,kujtimi q\u00eb na le \u00ebsht\u00eb dhurata m\u00eb e bukur prej s\u00eb cil\u00ebs nuk do t\u00eb mund t\u00eb ndahemi asnj\u00ebher\u00eb,vdekja jote na la nj\u00eb dhembje q\u00eb askush nuk mund t\u00eb na sh\u00ebroj\u00eb,nd\u00ebrsa dashuria jote nj\u00eb kujtim q\u00eb askush nuk mund t\u00eb na e marr\u00eb.Thon\u00eb q\u00eb koha sh\u00ebron plag\u00ebt,po jo&#8230;koha ndoshta i zbut ato,por nuk i sh\u00ebron krejt\u00ebsisht,sepse mungesa jote tek shoq\u00ebria dhe familja n\u00eb vecanti ,n\u00eb cdo hap q\u00eb do t\u00eb b\u00ebjn\u00eb,do t\u00eb ndihet p\u00ebr cdo dit\u00eb e m\u00eb shum\u00eb,mbetemi duke t\u00eb kujtuar ashtu sic ishe fjal\u00ebmir\u00eb dhe plot humor ndaj t\u00eb gjith\u00ebve.<br \/>\nAT\u00cb Q\u00cb E DUAM NUK VDES,AI EC BASHK\u00cb ME NE CDO DIT\u00cb,I PA V\u00cbREJTUR,I PA D\u00cbGJUAR,POR GJITHMON\u00cb PRAN\u00cb NESH!<\/p>\n<p><strong>ALLAHU TE SHP\u00cbRBLEFT\u00cb ME XHENET&#8230;<\/strong><\/p>\n<h3><a href=\"https:\/\/www.facebook.com\/pages\/In-memoriam-Aldin-Kurti\/439796439392051\" target=\"_blank\">In memoriam Aldin Kurti Facebook<\/a><\/h3>\n<p><strong><a href=\"https:\/\/www.facebook.com\/suzana.x\">Suzana Dushku<\/a><\/strong><\/p>\n<p>Vdekja jote ALDIN Ishte nj\u00eb tragjedi e pap\u00ebrshkrueshme q\u00eb tronditi zemrat e shum\u00eb njer\u00ebzve,na i lig\u00ebshtoj fort zemrat dhe lot\u00ebt nuk pyesnin ask\u00ebnd,dh\u00ebmbje kishin dhe njer\u00ebzit q\u00eb st\u00eb kishin njohur kurr me par\u00eb,nj\u00eb foto e jotja dhe buz\u00ebqeshja jote q\u00eb ka mbetur n\u00eb fotot e shum\u00ebta dhe n\u00eb zemrat e shum\u00eb njer\u00ebzve familjes dhe shoq\u00ebris krijuan nj\u00eb dh\u00ebmbje q\u00eb nuk harrohet dhe q\u00eb kurr nuk do t\u00eb sh\u00ebrohet.La<\/p>\n<p>rgimi yt \u00ebsht\u00eb nj\u00eb humbje dhe nj\u00eb dh\u00ebmbje shum\u00eb e madhe . T\u00eb gjith\u00eb jemi n\u00eb pik\u00ebllim askush se pranon largimin t\u00ebnd. Ngush\u00ebllime t\u00eb sinqerta familjes Kurti edhe pse e dim q\u00eb me ngush\u00ebllimin ton nuk mund t\u00eb sh\u00ebrojm zemrat tuaja p\u00ebr humbjen e Aldit !!! Allahu Jua leht\u00ebsoft dh\u00ebmbjen !!!<br \/>\nEdhe pse tash m\u00eb i larguar por kurr i harruar Cdo njeri do d\u00ebshironte q\u00eb ta kthenin m&#8217;brapa dhe ta ken\u00eb pran vehtes p\u00ebrs\u00ebri.<\/p>\n<p>Ishe nj\u00eb Engj\u00ebll n\u00eb tok\u00eb dhe vazhdon t\u00eb jesh Engj\u00ebll n\u00eb qiell ..<\/p>\n<p>Pac Rahmet Allahu t\u00eb Shp\u00ebrbleft\u00eb Me Xhenet Inshallah !!!<\/p>\n<p><strong>\u2665 ALDIN \u2665 NEVER TOO FAR AWAY BECAUSE NOBODY WON&#8217;T LET THE TIME ERASE \u2665<br \/>\n<\/strong><\/p>\n<h3><a href=\"https:\/\/www.facebook.com\/pages\/In-memoriam-Aldin-Kurti\/439796439392051\" target=\"_blank\">In memoriam Aldin Kurti Facebook<\/a><\/h3>\n<p>Mesazhe nga FLORIN KURTI ne perkujtim te te dashurit tone Aldinit!!!<\/p>\n<p>&#8220;Ne gjithsesi do t`ju sprovojm\u00eb me di\u00e7ka nga frika dhe uria madje edhe me humbje t\u00eb pasuris\u00eb,t\u00eb jet\u00ebs e t\u00eb fryteve. Dhe ti (O Muhammed) p\u00ebrg\u00ebzoji durimtar\u00ebt, ata, q\u00eb kur u bie ndonj\u00eb fatkeq\u00ebsi thon\u00eb:V\u00ebrtet t\u00eb Allahut jemi dhe pa dyshimtek Ai do t\u00eb kthehemi.K\u00ebta jan\u00eb nga ata mbi t\u00eb cil\u00ebt derdhen salavatet (bekimet, faljet) nga Zo<\/p>\n<p>ti i tyre, dhe k\u00ebta jan\u00eb ata mbi t\u00eb cil\u00ebt zbret m\u00ebshira e Allahut, pik\u00ebrisht k\u00ebta jan\u00eb t\u00eb udh\u00ebzuarit ne rrug\u00ebn e drejt\u00eb.\u201d [Bekare, 155-157]<br \/>\nO ALLAH I LART\u00cbSUAR! KY ROB T\u00cb ERDHI TY.HAPJA DYERT E QIELLIT SHPIRTIT T\u00cb TIJ DHE PRANOJE SI \u00cbSHT\u00cb M\u00cb MIR\u00cb!<br \/>\nO ZOT,i lutem me sinqeritet madhnis\u00eb tande,falja gabimet Aldit ton\u00eb,pranoja, shum\u00ebfishoja dhe zmadhoja veprat e mira,zbrit m\u00ebshir\u00ebn tande mbi te, o Zot i gjith\u00ebsis\u00eb,v\u00ebrtet\u00eb ti je Fal\u00ebs, e don faljen, andaj fale k\u00ebt\u00eb djalosh!Forcoje ate, mos e l\u00ebr\u00eb n\u00eb frik\u00ebn e vetmis\u00eb,gostite dhe caktoja vendin me t\u00eb zgjedhurit e tu,shoq\u00ebroje me shpirt\u00ebra te mir\u00eb e me melek\u00eb,ndri\u00e7oja dhe zbukuroja varrin atij,zgjeroja varrin aq sa sheh syri n\u00eb horizont,b\u00ebja varrin kop\u00ebsht prej kopshteve t\u00eb Xhennetit!<br \/>\nNa ndihmo dhe neve, o Zot, t\u00eb jemi m\u00eb t\u00eb kujdessh\u00ebm n\u00eb respektimin e urdh\u00ebrave t\u00eb Tua n\u00eb k\u00ebt\u00eb bot\u00eb, sepse v\u00ebrtet\u00eb edhe ne nj\u00eb dit\u00eb do t\u00eb kthehemi tek Ti.Lavdia t\u00eb takon Ty o Krijues bujar!Na fal neve, o Fisnik!Pranoje lutjen ton\u00eb me m\u00ebshir\u00ebn T\u00ebnde, o M\u00ebshirues i m\u00ebshiruesve!Amin!El-Fatihah!<\/p>\n<h3><a href=\"https:\/\/www.facebook.com\/pages\/In-memoriam-Aldin-Kurti\/439796439392051\" target=\"_blank\">In memoriam Aldin Kurti Facebook<\/a><\/h3>\n<p>This life is filled with pain and sorrow,<br \/>\nI always wonder if I&#8217;ll make it through tomorrow.<br \/>\nI don&#8217;t know what we&#8217;re going to do,<br \/>\nwe&#8217;ll always miss you.<\/p>\n<p>I think about the joy, laughter, and tears,<br \/>\nand try not to have any fears.<br \/>\nI close my eyes and take a deep breath,<br \/>\nBut once again I start thinking about your death.<\/p>\n<div>I know you will always be in oury hearts,<br \/>\nand hearts starts slowly breaking apart.<br \/>\nwe always loved having you near,<br \/>\nand now I wish you were here.Linda K.<\/div>\n<div>\n<h3><a href=\"https:\/\/www.facebook.com\/pages\/In-memoriam-Aldin-Kurti\/439796439392051\" target=\"_blank\">In memoriam Aldin Kurti Facebook<\/a><\/h3>\n<p>You can shed tears that he is gone, or you can smile because he has lived. You can close your eyes and pray that he&#8217;ll come back, or you can open your eyes and see all he&#8217;s left. Your heart can be empty because you can&#8217;t see him, or you can be full of the love you shared. You can turn your back on tomorrow and live yesterday, or you can be happy for tomorrow because of yesterday. You can remember him only that he is gone, or you can cherish his memory and let it live on. You can cry and close your mind, be empty and turn your back. Or you can do what he&#8217;d want: smile, open your eyes, love and go on !!!<\/p>\n<p>Allahu E Shperblefte Me Xhenet Inshallah !!!<br \/>\nps.nje nga mesazhet e shumta qe vijne per Aldin!!! \u2665<\/p>\n<h3><a href=\"https:\/\/www.facebook.com\/pages\/In-memoriam-Aldin-Kurti\/439796439392051\" target=\"_blank\">In memoriam Aldin Kurti Facebook<\/a><\/h3>\n<p>Besart Luka<br \/>\n******** ALDIN KURTI ********<br \/>\nDicka n\u00eb shpirt ndjej nji penges\u00eb<br \/>\nVeshet e mi degjojn nji munges\u00eb<br \/>\nMungon shoku Aldin me em\u00ebr<br \/>\nPor veq k\u00ebtu, e jo n\u00eb zem\u00ebr<\/p>\n<p>Tash po shkruaj e m\u00eb shoq\u00ebron loti<br \/>\nVall\u00eb pse kaq t\u00eb ri t\u00eb mori zoti<br \/>\nPrind te kishin krenari<\/p>\n<div>E di se jeta \u00ebsht\u00eb matematik\u00eb<br \/>\nQofsh\u00eb mallkuar moj Amerik\u00eb<br \/>\nQe smle tja hedh nj\u00eb grusht dhe n\u00eb k\u00ebt dit.E mbaj prej teje mend cdo kujtim<br \/>\nNe at konvikt ku u rritem si dy te rinj<br \/>\nNuk pate n\u00eb zem\u00ebr vend p\u00ebr ofendim<br \/>\nPushofsh n\u00eb xhehnet o miku im.<\/p>\n<h3><a href=\"https:\/\/www.facebook.com\/pages\/In-memoriam-Aldin-Kurti\/439796439392051\" target=\"_blank\">In memoriam Aldin Kurti Facebook<\/a><\/h3>\n<div data-ft=\"{&quot;type&quot;:2,&quot;tn&quot;:&quot;:&quot;}\"><strong><a id=\"js_9\" href=\"https:\/\/www.facebook.com\/MimozAdi\" data-ft=\"{&quot;tn&quot;:&quot;;&quot;}\" data-hovercard=\"\/ajax\/hovercard\/user.php?id=758078671\">Mimoza Alovic<\/a><\/strong><\/div>\n<div id=\"id_5052e1d12869f5485227494\">Pas 5vitesh perseri,<br \/>\nndodh e njejta tragjedi<br \/>\n21vjecar,ne studime<br \/>\nsot ai mbetet ne kujtime&#8230;<br \/>\nPse o Zot kaq te ri?<\/p>\n<div>Pse familja te mbetet ne zi?<br \/>\nT&#8217;jetojm me dhimbje e kemi te veshtire,<br \/>\nndoshta pran teje jane me mire?<br \/>\nTash dhe Aldi erdhi pran teje<br \/>\ndhe nje engjull ke me shum<br \/>\nt&#8217;lutem o Zot nga afer ta mbrosh,<br \/>\nfamiljes se tij te dashur<br \/>\natje nga larg t&#8217;ju ndihmosh.<br \/>\nNje lutje Aldi per ty e kam:<br \/>\nGimin tim kur ta takosh,<br \/>\nte lutem shum t&#8217;ma perqafosh!<strong>PACIN RAHMET E QOFSHIN LULET ME TE BUKURA NE XHENET!!! \u2665\u2665<\/strong><\/p>\n<h3><a href=\"https:\/\/www.facebook.com\/pages\/In-memoriam-Aldin-Kurti\/439796439392051\" target=\"_blank\">In memoriam Aldin Kurti Facebook<\/a><\/h3>\n<div data-ft=\"{&quot;type&quot;:2,&quot;tn&quot;:&quot;:&quot;}\"><a id=\"js_12\" href=\"https:\/\/www.facebook.com\/lira.dino\" data-ft=\"{&quot;tn&quot;:&quot;;&quot;}\" data-hovercard=\"\/ajax\/hovercard\/user.php?id=1389441664\">Neradin N Jetlira<\/a><\/div>\n<div id=\"id_5052e2e132ddb8c22979806\">We wake up in the morning<br \/>\nAnd we look up to the sky<br \/>\nWe wonder why he took you<br \/>\nbefore we said good-bye<\/p>\n<div>We look up to the stars at night<br \/>\nAnd know you&#8217;re looking down<br \/>\nWe would like to think you&#8217;re proud of us<br \/>\nBut were just stumbling aroundWe crawl in bed and close our eyes<br \/>\nAnd realize that you&#8217;re gone<br \/>\nThen comes the fears and then the tears<br \/>\nAnd life just seems so wrongWe glance up at the heavens<br \/>\nAnd we know you&#8217;re flying by<br \/>\nOur Angel watching over us<br \/>\nWere happy as we cry.Aldush \u2665 :*-\/<\/p>\n<h3><a href=\"https:\/\/www.facebook.com\/pages\/In-memoriam-Aldin-Kurti\/439796439392051\" target=\"_blank\">In memoriam Aldin Kurti Facebook<\/a><\/h3>\n<div data-ft=\"{&quot;type&quot;:2,&quot;tn&quot;:&quot;:&quot;}\"><strong><a id=\"js_13\" href=\"https:\/\/www.facebook.com\/zanna.kovaci\" data-ft=\"{&quot;tn&quot;:&quot;;&quot;}\" data-hovercard=\"\/ajax\/hovercard\/user.php?id=100002152037657\">Zanna Kovaci<\/a><\/strong><\/div>\n<div id=\"id_5052e3a3d83430156883677\">Vete fakti i humbjes te nje moshatari te ben te gulcoje zemra nga dhimbja, nje jete e sapo nisur qe ndahet ne mes, fat i shkruar nga Allahu por qe vret shume shpirtra, ishte dicka teper e shpejtuar, jeta shpesh e padrejte e te rremben njerez qe i do prane vetes, ti qenke lindur qe te jesh i Zotit.Vdekja nuk pyet kur vjen,sikur te na pyeste te gjithe masivisht do ngriheshim kunder udhetimit tend pe<\/p>\n<div>r ne ate bote te perjetshme. Zemrat nuk jane te pergaditura per ndodhi kaq te medha. Ti nuk duhet te shkoje, sepse u mungon shume personave. KUR TE VIJE KOHA E RITAKIMIT LE TE JESH TI AI I CILI DO NA E HAPE PORTEN E XHENETIT SEPSE I TILLE ESHTE ALDINI I XHENETIT.. Respekte dhe ngushellimet me te thella familjes Kurti, Allahu ua forcofte zemrat kurse Aldi qofte engjulli juaj mbrojtes.<\/div>\n<\/div>\n<\/div>\n<div><\/div>\n<div>\n<h3><a href=\"https:\/\/www.facebook.com\/pages\/In-memoriam-Aldin-Kurti\/439796439392051\" target=\"_blank\">In memoriam Aldin Kurti Facebook<\/a><\/h3>\n<\/div>\n<div><\/div>\n<div>\n<div data-ft=\"{&quot;type&quot;:2,&quot;tn&quot;:&quot;:&quot;}\"><strong><a id=\"js_17\" href=\"https:\/\/www.facebook.com\/arta.cobaj\" data-ft=\"{&quot;tn&quot;:&quot;;&quot;}\" data-hovercard=\"\/ajax\/hovercard\/user.php?id=100002759374080\">Arta Cobaj<\/a><\/strong><\/div>\n<div id=\"id_5052e5b7aeedf7162835220\">Engjelli jone ne qiell, lule Xheneti!<br \/>\n\u2665\u2665\u2665<br \/>\nNje djal t&#8217;vetem,nana e shkret;<br \/>\nHala s&#8217;din se ca e ka gjet;<br \/>\nHala smunet me e besu;<\/p>\n<div>Rrin n&#8217;krye tvorrit tuj vajtu.<br \/>\nLot&#8217;t i rrjedhin sikur lumi;<br \/>\nNaten s&#8217;asht ka e merr ma gjumi;<br \/>\nRrin e lutet ne vetmi;<br \/>\nE ka djalin ne dh\u00e9 t&#8217;zi<br \/>\nMa me sy skena me e pa;<br \/>\nGjithmon n&#8217;zemer tkena o vlla&#8230;..???<\/div>\n<\/div>\n<div><\/div>\n<div>\n<h3><a href=\"https:\/\/www.facebook.com\/pages\/In-memoriam-Aldin-Kurti\/439796439392051\" target=\"_blank\">In memoriam Aldin Kurti Facebook<\/a><\/h3>\n<\/div>\n<div><\/div>\n<div>\n<div data-ft=\"{&quot;type&quot;:2,&quot;tn&quot;:&quot;:&quot;}\"><strong><a id=\"js_18\" href=\"https:\/\/www.facebook.com\/xhzeneli\" data-ft=\"{&quot;tn&quot;:&quot;;&quot;}\" data-hovercard=\"\/ajax\/hovercard\/user.php?id=100000599959936\">Xheladin Zeneli<\/a><\/strong><\/div>\n<div>SHOKUT TIM KABIL KURTIT DHE BASHK\u00cbSHORT\u00cbS S\u00cb TIJ, HAVO:<br \/>\n\u00cbsht\u00eb tep\u00ebr e v\u00ebshtir\u00eb t\u00eb p\u00ebrshkruhet me fjal\u00eb , humbja e madhe q\u00eb Ju si prind keni p\u00ebrjetuar me rastin e vdekjes tragjike te djalit tuaj n\u00eb lulen e rinis\u00eb. Dhimbjen e madhe e ndjeni vet\u00ebm Ju.<br \/>\nLutemi Zotit q\u00eb t&#8217;ju leht\u00ebsoj\u00eb plag\u00ebn n\u00eb zem\u00ebr dhe t&#8217;ju sjell paq\u00ebn n\u00eb mendjen tuaj.<br \/>\nNdajm\u00eb dhimjen e madhe me Ju.<\/div>\n<\/div>\n<div><\/div>\n<\/div>\n<div>\n<h3><a href=\"https:\/\/www.facebook.com\/pages\/In-memoriam-Aldin-Kurti\/439796439392051\" target=\"_blank\">In memoriam Aldin Kurti Facebook<\/a><\/h3>\n<\/div>\n<div>\n<p data-ft=\"{&quot;type&quot;:2,&quot;tn&quot;:&quot;:&quot;}\"><strong><a id=\"js_19\" href=\"https:\/\/www.facebook.com\/mpsokoli\" data-ft=\"{&quot;tn&quot;:&quot;;&quot;}\" data-hovercard=\"\/ajax\/hovercard\/user.php?id=1510650735\">Musa Pali<\/a><\/strong><\/p>\n<p data-ft=\"{&quot;type&quot;:1,&quot;tn&quot;:&quot;K&quot;}\">T\u00eb tronditur nga kjo ngjarje tragjike, ky lajm i tmerrsh\u00ebm na goditi thell\u00eb n\u00eb zemrat tona. T\u00eb jeni t\u00eb sigurt se do t\u00eb keni mb\u00ebshtetjen ton\u00eb t\u00eb fort\u00eb, duke qen\u00eb pran\u00eb jush me shpirt t\u00eb pik\u00eblluar. Duke marr\u00eb pjes\u00eb n\u00eb dhimbjen tuaj, FAMILJA KURTI, pranoni ngush\u00ebllimet tona t\u00eb sinqerta.<\/p>\n<h3><a href=\"https:\/\/www.facebook.com\/pages\/In-memoriam-Aldin-Kurti\/439796439392051\" target=\"_blank\">In memoriam Aldin Kurti Facebook<\/a><\/h3>\n<p data-ft=\"{&quot;type&quot;:2,&quot;tn&quot;:&quot;:&quot;}\"><strong><a href=\"https:\/\/www.facebook.com\/ilkopilko\" data-ft=\"{&quot;tn&quot;:&quot;;&quot;}\" data-hovercard=\"\/ajax\/hovercard\/user.php?id=100001526063873\">Ilir Muja<\/a><\/strong><\/p>\n<p data-ft=\"{&quot;type&quot;:1,&quot;tn&quot;:&quot;K&quot;}\">Nji dit e lutmtur nji dit plot gzim ,<br \/>\nPaprit erdh nji lajm plot trishtim<br \/>\nNji djal te rii npik triniss beri aksident pi pakujdesis<br \/>\nSi do ajo nan me shkuu nvorrim me i than dajlit lamtumir o shpirtii im.<br \/>\nJeta vazhdon<br \/>\nPo kujtimet mbeten djalit trii qe naksident e humbii jeten&#8230;<br \/>\nSkam cka me than skamm si me e pershkru ama Zoti ishalla Nxhenet ka me e Cu..:(((<\/p>\n<h3><a href=\"https:\/\/www.facebook.com\/pages\/In-memoriam-Aldin-Kurti\/439796439392051\" target=\"_blank\">In memoriam Aldin Kurti Facebook<\/a><\/h3>\n<p data-ft=\"{&quot;type&quot;:1,&quot;tn&quot;:&quot;K&quot;}\"><strong>Per Aldinin nga Axh Imer Kurti<\/strong><\/p>\n<p>Me eshte bllokuar truri ,<br \/>\nme eshte bllokuar zemra vetem te qaj di<br \/>\nkur mendoj per ty<br \/>\nprandaj nuk di te lidh fjalet e bukura<br \/>\ne te shkruaj nji poezi&#8230;<\/p>\n<p>Di vetem qe<br \/>\nderisa gjethet e vog\u00ebl fluturojne<\/p>\n<div>gjersa fllad i ftofte kalon<br \/>\ngjersa bota te rotullohet rreth diellit<br \/>\ngjersa bubullimat te shprethejne brenda stuhi<br \/>\nne mendjen e zemrat tona gjithmone do te jetosh TI!Derisa ora te beje tik taket e veta<br \/>\nderisa rete te qarkullojne neper qiell<br \/>\nderisa koha te kaloje e mbrapate mos kthehet<br \/>\nhumbja e te dashurit tone sdo te pushoje te ndjehet e verehet.<strong> SHPIRTI JOT NE PAQE PUSHOFTE <\/strong><br \/>\n<strong> ZOTI TE RUAJTE PRANE VETES DHE NE PERJETESI TE MBROFTE!<\/strong><\/p>\n<h3><a href=\"https:\/\/www.facebook.com\/pages\/In-memoriam-Aldin-Kurti\/439796439392051\" target=\"_blank\">In memoriam Aldin Kurti Facebook<\/a><\/h3>\n<p><strong>By Chun Chan<\/strong><\/p>\n<p><strong> \u2665\u2665\u2665\u2665 A L D I \u2665\u2665\u2665\u2665<\/strong><br \/>\nEshte e pamundur te harrosh nje person qe ka qene si nje vella per ty..<br \/>\nNje person qe e ke dashur me gjithe qenien tende..<br \/>\nNje person me te cilin ke qeshur e ke qare..<br \/>\nNje person qe ke kaluar gjithe diten me te duke luajtur e duke qeshur\u2026<br \/>\nNje person qe eshte i ngulur thelle ne zemren tende dhe qe kurre sdo dal..<br \/>\nEshte e pamundur te harrosh nje person te pazevendesueshem sepse ashtu ke qene per mua dhe ashtu do mbetesh gjithmone&#8230;<br \/>\n<strong>\u2665\u2665 LOVE U ALDI &amp; I WILL MISS U \u2665\u2665<\/strong><\/p>\n<h3><a href=\"https:\/\/www.facebook.com\/pages\/In-memoriam-Aldin-Kurti\/439796439392051\" target=\"_blank\">In memoriam Aldin Kurti Facebook<\/a><\/h3>\n<p><strong>By &#8216;Shpresa Kaleziq<\/strong><\/p>\n<p>Me 11 shtator na u xu dielli<br \/>\nNji lajm i zi ne Ulqin ja mrrini<br \/>\nLajm i zi he raft ne mal te shkret<br \/>\nNje djal i ri ne aksident ka mbet.<br \/>\nDjal i ri porsi zana<br \/>\nTmjert per te nana e baba<br \/>\nNe Tiran ishte tuj studiu<br \/>\nPor per prind u permallu<\/p>\n<div>E mur rrugen n&#8217;shpi me u kthy&#8217;<br \/>\nSe ka dite se zemrat ka me na i thy&#8217;<br \/>\nNa theu zemrat na vrau ne shpirt<br \/>\nTmjert na qe e pritem kete dite<br \/>\nTe mjert nana edhe baba<br \/>\nZoti iu rujt kto dy qe i kan mrapa<br \/>\nE Aldini past rahmet<br \/>\nShpirti i tij fjet ne xhennet. :(((<strong> Ne zemrat e familjes do jetoje per jet&#8217;..:((<\/strong><\/p>\n<h3><a href=\"https:\/\/www.facebook.com\/pages\/In-memoriam-Aldin-Kurti\/439796439392051\" target=\"_blank\">In memoriam Aldin Kurti Facebook<\/a><\/h3>\n<div data-ft=\"{&quot;type&quot;:2,&quot;tn&quot;:&quot;:&quot;}\"><strong><a id=\"js_6\" href=\"https:\/\/www.facebook.com\/liridon.sefa\" data-ft=\"{&quot;tn&quot;:&quot;;&quot;}\" data-hovercard=\"\/ajax\/hovercard\/user.php?id=591770626\">Liridon Sefa<\/a><\/strong><\/div>\n<div id=\"id_50549010907ad7c82797876\">N\u00eb shkoll\u00ebn fillore bashk\u00eb kemi m\u00ebsuar<br \/>\nsa kujtime pa kufi q\u00eb kurr skam p\u00ebr t&#8217;i harruar..<br \/>\nIshe nj\u00eb shok i bes\u00ebs, nj\u00eb shok i v\u00ebrtet\u00eb<br \/>\np\u00ebrse o v\u00ebllau im ti nd\u00ebrrove jet\u00eb?<br \/>\nP\u00ebrher\u00eb me buz\u00ebqeshje n\u00eb fytyr\u00eb dhe i gatsh\u00ebm p\u00ebr t\u00eb ndihmuar<\/p>\n<div>O V\u00cbLLA i dashur sa shum\u00eb m\u00eb ke trishtuar..<br \/>\nSa shum\u00eb kam p\u00ebr t\u00eb th\u00ebn\u00eb<br \/>\npor fjal\u00eb nuk gjej dot..<br \/>\na \u00ebsht\u00eb e mundshme, e BESUESHME?..<br \/>\nv\u00ebllau im nuk jeton m\u00eb n\u00eb k\u00ebt\u00eb bot\u00eb..<br \/>\nAllahu i lart\u00ebsuar n\u00eb k\u00ebt\u00eb mosh\u00eb t\u00eb b\u00ebri p\u00ebr vete<br \/>\nmua m\u00eb mbetet t\u00eb lutem, t\u00eb b\u00ebj sab\u00ebr..<br \/>\nq\u00eb t\u00eb gjesh\u00eb paqe n&#8217;bot\u00ebn tjet\u00ebr..<br \/>\nLot\u00ebt m\u00eb rrjedhin nga syt\u00eb mbi poezin\u00eb q\u00eb po shkruaj<br \/>\nshpresoj q\u00eb nj\u00eb dit\u00eb n\u00eb XHENNET kemi p\u00ebr t&#8217;u takuar..<\/div>\n<\/div>\n<\/div>\n<div><\/div>\n<div><\/div>\n<div><\/div>\n<div><strong><a id=\"js_1\" href=\"https:\/\/www.facebook.com\/iliriana.gjoni\" data-ft=\"{&quot;tn&quot;:&quot;;&quot;}\" data-hovercard=\"\/ajax\/hovercard\/user.php?id=524045020\">Iliriana Gjoni<\/a><img src=\"https:\/\/s-static.ak.facebook.com\/rsrc.php\/v2\/yw\/r\/drP8vlvSl_8.gif\" alt=\"a publi\u00e9 sur\" \/><a id=\"js_0\" href=\"https:\/\/www.facebook.com\/pages\/In-memoriam-Aldin-Kurti\/439796439392051?ref=stream\" data-ft=\"{&quot;tn&quot;:&quot;;&quot;}\" data-hovercard=\"\/ajax\/hovercard\/page.php?id=439796439392051\">In memoriam Aldin Kurti<\/a><\/strong><\/div>\n<div><\/div>\n<div>\n<div id=\"id_5059f3ece11bb7c15710650\">Derisa po shihja keto foto, po me mbusheshin syte me lote dhe me cdo pjese te shpirtit tim po ndjeja nje dhimbje te pafund per mungesen e Aldit.<br \/>\nEdhepse kemi pasur nje diference ne moshe, akoma kujtoj ditet kur bashke luanim &#8220;kuksi&#8221; te &#8220;shpia e vjeter&#8221; e lagjes tone. Camarrok i vecante, nuk humbiste rastin per te me gjetur gjithmone te paren, por sikur kuptonte paaftesine time ne kete loje, vazhd<\/p>\n<div>onte me kerkimin e te tjereve duke bere sikur s&#8217;me shihte&#8230;<br \/>\nKete vere rastesisht pata fatin ta takoj edhe nje here. Ishte bere nje goxha djale, i bukur si drite dielli, i qeshur dhe me nje qendrim tejet pozitiv. Folem shkurt, por fliste ne nje menyre te drejperdrejte dhe me sinqeritet. Buzeqeshi kur me pa, a thuase iu kujtua ndonje epizod nga komplotet tona te heshtura te diteve te femijerise.<br \/>\nPaska qene e shkurter koha e tij ne kete bote. Me sa duket shpesh ndodh keshtu me ata me te miret&#8230; E prape them, shihe bote vepren e ketij djali, se te jetosh 20 vjet dhe te ngjallesh respekt e dashuri tek te tjeret duhet te jesh nje njeri i madh.<br \/>\nUne besoj qe Aldi ishte i madh. Si te tille do ta mbaj mend dhe do ta dua kujtimin e tij.<br \/>\nPusho i qete miku im! Pusho i qete se kete rradhe une do bej sikur s&#8217;pashe. Do ta kapercej 11 shtatorin e cdo viti, e do te them Aldi eshte me ne. Se per mua miresia yte tashme ka zene vend pertej prezences fizike. Ti je pjese e zemrave te te gjithe neve qe kemi pasur fatin e mire te te njohim.<\/div>\n<\/div>\n<div><\/div>\n<div>\n<h3><a href=\"https:\/\/www.facebook.com\/pages\/In-memoriam-Aldin-Kurti\/439796439392051\" target=\"_blank\">In memoriam Aldin Kurti Facebook<\/a><\/h3>\n<\/div>\n<div><\/div>\n<div>Familja per djalin e humbur:<br \/>\nTI DO JETOSH PERGJITHMONE,Perjetesia ne Parajse ka rendesi &#8230;<br \/>\nQofsh nder engjujt me te perzgjedhur atje lart ne qiell!!!<\/p>\n<p>Te kemi dasht me zemet e me shpirt<br \/>\nQe ti prej nesh do largoheshe<br \/>\nkurr se kemi prite<\/p>\n<p>Ne thellsine e zemrave tona<br \/>\neshte vendos nje emer<\/p>\n<div>Pergjithmone kete emer<br \/>\ndo ta mbajme ne zemer<\/p>\n<p>Ne , i madh e i vogel e beme tashme tradite<br \/>\nqe te te duam edhe me tutje me zemer e me shpirt!<\/p>\n<p>Rruget behen te gjata kurse netet jane pa fund<br \/>\nQendrojme larg teje e ste gjejme askund,&#8230;<br \/>\ndo donim te te ndjenim prane, mos me le ne vetmi<br \/>\nte te perqafonim njeher dhe te largojme ket merzi.<\/p><\/div>\n<\/div>\n<\/div>\n<\/div>\n<\/div>\n<\/div>\n<\/div>\n<\/div>\n<\/div>\n<h3><a href=\"https:\/\/www.facebook.com\/pages\/In-memoriam-Aldin-Kurti\/439796439392051\" target=\"_blank\">T\u00eb gjitha publikimet gjinden\u00a0 n\u00eb In memoriam Aldin Kurti Facebook<\/a><\/h3>\n<\/div>\n<p><strong><br \/>\n<\/strong><br \/>\n<iframe loading=\"lazy\" width=\"508\" height=\"360\" src=\"http:\/\/www.youtube.com\/embed\/YDiY2tWDIlU\" frameborder=\"0\" allowfullscreen><\/iframe><\/p>\n","protected":false},"excerpt":{"rendered":"<p>Familja Kurti me rastin e vdekjes s\u00eb djalit t\u00eb tyre Aldinit,m\u00eb 11 shtator\u00eb n\u00eb nj\u00eb aksident n\u00eb aksin rrugor Lezh\u00eb-Shkod\u00ebr,q\u00eb t\u00eb markuren kan pranuar ngush\u00ebllime t\u00eb shumta nga t\u00eb af\u00ebrmit, miqt\u00eb e qytetar\u00ebt e shumt\u00eb nga Ulqini dhe nga diaspora e mbar\u00eb bot\u00ebs.Kryefamiljarin e k\u00ebsaj familje, babain Kabilin dhe nan\u00ebs Havos por edhe an\u00ebtar\u00ebt tjer\u00eb [&hellip;]<\/p>\n","protected":false},"author":1,"featured_media":0,"comment_status":"open","ping_status":"closed","sticky":false,"template":"","format":"standard","meta":{"spay_email":"","jetpack_publicize_message":"","jetpack_is_tweetstorm":false,"jetpack_publicize_feature_enabled":true},"categories":[5,1],"tags":[20979,20977,214,20666,200,20976,17513],"jetpack_publicize_connections":[],"yoast_head":"<!-- This site is optimized with the Yoast SEO plugin v19.1 - https:\/\/yoast.com\/wordpress\/plugins\/seo\/ -->\n<title>In Memoriam: Aldin Kurti - Lajme nga Ulqini<\/title>\n<meta name=\"description\" content=\"Familja Kurti me rastin e vdekjes s\u00eb djalit t\u00eb tyre Aldinit,m\u00eb 11 shtator\u00eb n\u00eb nj\u00eb aksident n\u00eb aksin rrugor Lezh\u00eb-Shkod\u00ebr,q\u00eb t\u00eb markuren kan pranuar\" \/>\n<meta name=\"robots\" content=\"index, follow, max-snippet:-1, max-image-preview:large, max-video-preview:-1\" \/>\n<link rel=\"canonical\" href=\"https:\/\/www.visit-ulcinj.com\/blog\/2012\/09\/13\/in-memoriam-aldin-kurti\/\" \/>\n<meta property=\"og:locale\" content=\"en_US\" \/>\n<meta property=\"og:type\" content=\"article\" \/>\n<meta property=\"og:title\" content=\"In Memoriam: Aldin Kurti - Lajme nga Ulqini\" \/>\n<meta property=\"og:description\" content=\"Familja Kurti me rastin e vdekjes s\u00eb djalit t\u00eb tyre Aldinit,m\u00eb 11 shtator\u00eb n\u00eb nj\u00eb aksident n\u00eb aksin rrugor Lezh\u00eb-Shkod\u00ebr,q\u00eb t\u00eb markuren kan pranuar\" \/>\n<meta property=\"og:url\" content=\"https:\/\/www.visit-ulcinj.com\/blog\/2012\/09\/13\/in-memoriam-aldin-kurti\/\" \/>\n<meta property=\"og:site_name\" content=\"Lajme nga Ulqini\" \/>\n<meta property=\"article:published_time\" content=\"2012-09-13T11:23:49+00:00\" \/>\n<meta property=\"article:modified_time\" content=\"2012-10-27T05:30:55+00:00\" \/>\n<meta property=\"og:image\" content=\"http:\/\/www.visit-ulcinj.com\/blog\/wp-content\/uploads\/2012\/09\/In-Memoriam_Aldin-Kurti.jpg\" \/>\n<meta name=\"twitter:label1\" content=\"Written by\" \/>\n\t<meta name=\"twitter:data1\" content=\"ulqini\" \/>\n\t<meta name=\"twitter:label2\" content=\"Est. reading time\" \/>\n\t<meta name=\"twitter:data2\" content=\"16 minutes\" \/>\n<script type=\"application\/ld+json\" class=\"yoast-schema-graph\">{\"@context\":\"https:\/\/schema.org\",\"@graph\":[{\"@type\":\"WebSite\",\"@id\":\"https:\/\/www.visit-ulcinj.com\/blog\/#website\",\"url\":\"https:\/\/www.visit-ulcinj.com\/blog\/\",\"name\":\"Lajme nga Ulqini\",\"description\":\"Lajme,Vijesti,Ulqini,Ulqin,Crna Gora,Mali i Zi\",\"potentialAction\":[{\"@type\":\"SearchAction\",\"target\":{\"@type\":\"EntryPoint\",\"urlTemplate\":\"https:\/\/www.visit-ulcinj.com\/blog\/?s={search_term_string}\"},\"query-input\":\"required name=search_term_string\"}],\"inLanguage\":\"en-US\"},{\"@type\":\"ImageObject\",\"inLanguage\":\"en-US\",\"@id\":\"https:\/\/www.visit-ulcinj.com\/blog\/2012\/09\/13\/in-memoriam-aldin-kurti\/#primaryimage\",\"url\":\"https:\/\/www.visit-ulcinj.com\/blog\/wp-content\/uploads\/2012\/09\/In-Memoriam_Aldin-Kurti.jpg\",\"contentUrl\":\"https:\/\/www.visit-ulcinj.com\/blog\/wp-content\/uploads\/2012\/09\/In-Memoriam_Aldin-Kurti.jpg\",\"width\":\"720\",\"height\":\"420\"},{\"@type\":\"WebPage\",\"@id\":\"https:\/\/www.visit-ulcinj.com\/blog\/2012\/09\/13\/in-memoriam-aldin-kurti\/#webpage\",\"url\":\"https:\/\/www.visit-ulcinj.com\/blog\/2012\/09\/13\/in-memoriam-aldin-kurti\/\",\"name\":\"In Memoriam: Aldin Kurti - Lajme nga Ulqini\",\"isPartOf\":{\"@id\":\"https:\/\/www.visit-ulcinj.com\/blog\/#website\"},\"primaryImageOfPage\":{\"@id\":\"https:\/\/www.visit-ulcinj.com\/blog\/2012\/09\/13\/in-memoriam-aldin-kurti\/#primaryimage\"},\"datePublished\":\"2012-09-13T11:23:49+00:00\",\"dateModified\":\"2012-10-27T05:30:55+00:00\",\"author\":{\"@id\":\"https:\/\/www.visit-ulcinj.com\/blog\/#\/schema\/person\/dcab619c614d3038751c63bc2aadc06d\"},\"description\":\"Familja Kurti me rastin e vdekjes s\u00eb djalit t\u00eb tyre Aldinit,m\u00eb 11 shtator\u00eb n\u00eb nj\u00eb aksident n\u00eb aksin rrugor Lezh\u00eb-Shkod\u00ebr,q\u00eb t\u00eb markuren kan pranuar\",\"breadcrumb\":{\"@id\":\"https:\/\/www.visit-ulcinj.com\/blog\/2012\/09\/13\/in-memoriam-aldin-kurti\/#breadcrumb\"},\"inLanguage\":\"en-US\",\"potentialAction\":[{\"@type\":\"ReadAction\",\"target\":[\"https:\/\/www.visit-ulcinj.com\/blog\/2012\/09\/13\/in-memoriam-aldin-kurti\/\"]}]},{\"@type\":\"BreadcrumbList\",\"@id\":\"https:\/\/www.visit-ulcinj.com\/blog\/2012\/09\/13\/in-memoriam-aldin-kurti\/#breadcrumb\",\"itemListElement\":[{\"@type\":\"ListItem\",\"position\":1,\"name\":\"In Memoriam: Aldin Kurti\"}]},{\"@type\":\"Person\",\"@id\":\"https:\/\/www.visit-ulcinj.com\/blog\/#\/schema\/person\/dcab619c614d3038751c63bc2aadc06d\",\"name\":\"ulqini\",\"sameAs\":[\"http:\/\/www.visit-ulcinj.com\"],\"url\":\"https:\/\/www.visit-ulcinj.com\/blog\/author\/admin\/\"}]}<\/script>\n<!-- \/ Yoast SEO plugin. -->","yoast_head_json":{"title":"In Memoriam: Aldin Kurti - Lajme nga Ulqini","description":"Familja Kurti me rastin e vdekjes s\u00eb djalit t\u00eb tyre Aldinit,m\u00eb 11 shtator\u00eb n\u00eb nj\u00eb aksident n\u00eb aksin rrugor Lezh\u00eb-Shkod\u00ebr,q\u00eb t\u00eb markuren kan pranuar","robots":{"index":"index","follow":"follow","max-snippet":"max-snippet:-1","max-image-preview":"max-image-preview:large","max-video-preview":"max-video-preview:-1"},"canonical":"https:\/\/www.visit-ulcinj.com\/blog\/2012\/09\/13\/in-memoriam-aldin-kurti\/","og_locale":"en_US","og_type":"article","og_title":"In Memoriam: Aldin Kurti - Lajme nga Ulqini","og_description":"Familja Kurti me rastin e vdekjes s\u00eb djalit t\u00eb tyre Aldinit,m\u00eb 11 shtator\u00eb n\u00eb nj\u00eb aksident n\u00eb aksin rrugor Lezh\u00eb-Shkod\u00ebr,q\u00eb t\u00eb markuren kan pranuar","og_url":"https:\/\/www.visit-ulcinj.com\/blog\/2012\/09\/13\/in-memoriam-aldin-kurti\/","og_site_name":"Lajme nga Ulqini","article_published_time":"2012-09-13T11:23:49+00:00","article_modified_time":"2012-10-27T05:30:55+00:00","og_image":[{"url":"http:\/\/www.visit-ulcinj.com\/blog\/wp-content\/uploads\/2012\/09\/In-Memoriam_Aldin-Kurti.jpg"}],"twitter_misc":{"Written by":"ulqini","Est. reading time":"16 minutes"},"schema":{"@context":"https:\/\/schema.org","@graph":[{"@type":"WebSite","@id":"https:\/\/www.visit-ulcinj.com\/blog\/#website","url":"https:\/\/www.visit-ulcinj.com\/blog\/","name":"Lajme nga Ulqini","description":"Lajme,Vijesti,Ulqini,Ulqin,Crna Gora,Mali i Zi","potentialAction":[{"@type":"SearchAction","target":{"@type":"EntryPoint","urlTemplate":"https:\/\/www.visit-ulcinj.com\/blog\/?s={search_term_string}"},"query-input":"required name=search_term_string"}],"inLanguage":"en-US"},{"@type":"ImageObject","inLanguage":"en-US","@id":"https:\/\/www.visit-ulcinj.com\/blog\/2012\/09\/13\/in-memoriam-aldin-kurti\/#primaryimage","url":"https:\/\/www.visit-ulcinj.com\/blog\/wp-content\/uploads\/2012\/09\/In-Memoriam_Aldin-Kurti.jpg","contentUrl":"https:\/\/www.visit-ulcinj.com\/blog\/wp-content\/uploads\/2012\/09\/In-Memoriam_Aldin-Kurti.jpg","width":"720","height":"420"},{"@type":"WebPage","@id":"https:\/\/www.visit-ulcinj.com\/blog\/2012\/09\/13\/in-memoriam-aldin-kurti\/#webpage","url":"https:\/\/www.visit-ulcinj.com\/blog\/2012\/09\/13\/in-memoriam-aldin-kurti\/","name":"In Memoriam: Aldin Kurti - Lajme nga Ulqini","isPartOf":{"@id":"https:\/\/www.visit-ulcinj.com\/blog\/#website"},"primaryImageOfPage":{"@id":"https:\/\/www.visit-ulcinj.com\/blog\/2012\/09\/13\/in-memoriam-aldin-kurti\/#primaryimage"},"datePublished":"2012-09-13T11:23:49+00:00","dateModified":"2012-10-27T05:30:55+00:00","author":{"@id":"https:\/\/www.visit-ulcinj.com\/blog\/#\/schema\/person\/dcab619c614d3038751c63bc2aadc06d"},"description":"Familja Kurti me rastin e vdekjes s\u00eb djalit t\u00eb tyre Aldinit,m\u00eb 11 shtator\u00eb n\u00eb nj\u00eb aksident n\u00eb aksin rrugor Lezh\u00eb-Shkod\u00ebr,q\u00eb t\u00eb markuren kan pranuar","breadcrumb":{"@id":"https:\/\/www.visit-ulcinj.com\/blog\/2012\/09\/13\/in-memoriam-aldin-kurti\/#breadcrumb"},"inLanguage":"en-US","potentialAction":[{"@type":"ReadAction","target":["https:\/\/www.visit-ulcinj.com\/blog\/2012\/09\/13\/in-memoriam-aldin-kurti\/"]}]},{"@type":"BreadcrumbList","@id":"https:\/\/www.visit-ulcinj.com\/blog\/2012\/09\/13\/in-memoriam-aldin-kurti\/#breadcrumb","itemListElement":[{"@type":"ListItem","position":1,"name":"In Memoriam: Aldin Kurti"}]},{"@type":"Person","@id":"https:\/\/www.visit-ulcinj.com\/blog\/#\/schema\/person\/dcab619c614d3038751c63bc2aadc06d","name":"ulqini","sameAs":["http:\/\/www.visit-ulcinj.com"],"url":"https:\/\/www.visit-ulcinj.com\/blog\/author\/admin\/"}]}},"jetpack_featured_media_url":"","jetpack_sharing_enabled":true,"jetpack_shortlink":"https:\/\/wp.me\/pe6lTn-gxA","_links":{"self":[{"href":"https:\/\/www.visit-ulcinj.com\/blog\/wp-json\/wp\/v2\/posts\/63586"}],"collection":[{"href":"https:\/\/www.visit-ulcinj.com\/blog\/wp-json\/wp\/v2\/posts"}],"about":[{"href":"https:\/\/www.visit-ulcinj.com\/blog\/wp-json\/wp\/v2\/types\/post"}],"author":[{"embeddable":true,"href":"https:\/\/www.visit-ulcinj.com\/blog\/wp-json\/wp\/v2\/users\/1"}],"replies":[{"embeddable":true,"href":"https:\/\/www.visit-ulcinj.com\/blog\/wp-json\/wp\/v2\/comments?post=63586"}],"version-history":[{"count":26,"href":"https:\/\/www.visit-ulcinj.com\/blog\/wp-json\/wp\/v2\/posts\/63586\/revisions"}],"predecessor-version":[{"id":63597,"href":"https:\/\/www.visit-ulcinj.com\/blog\/wp-json\/wp\/v2\/posts\/63586\/revisions\/63597"}],"wp:attachment":[{"href":"https:\/\/www.visit-ulcinj.com\/blog\/wp-json\/wp\/v2\/media?parent=63586"}],"wp:term":[{"taxonomy":"category","embeddable":true,"href":"https:\/\/www.visit-ulcinj.com\/blog\/wp-json\/wp\/v2\/categories?post=63586"},{"taxonomy":"post_tag","embeddable":true,"href":"https:\/\/www.visit-ulcinj.com\/blog\/wp-json\/wp\/v2\/tags?post=63586"}],"curies":[{"name":"wp","href":"https:\/\/api.w.org\/{rel}","templated":true}]}}