{"id":63591,"date":"2012-09-13T13:39:09","date_gmt":"2012-09-13T12:39:09","guid":{"rendered":"http:\/\/www.visit-ulcinj.com\/blog\/?p=63591"},"modified":"2012-09-13T13:39:09","modified_gmt":"2012-09-13T12:39:09","slug":"vali-corleone-hero-qe-shpetoi-nje-vajze","status":"publish","type":"post","link":"https:\/\/www.visit-ulcinj.com\/blog\/2012\/09\/13\/vali-corleone-hero-qe-shpetoi-nje-vajze\/","title":{"rendered":"Vali Corleone &#8220;Hero&#8221; q\u00eb shp\u00ebtoi nj\u00eb vajz\u00eb"},"content":{"rendered":"<p><a href=\"http:\/\/www.visit-ulcinj.com\/blog\/wp-content\/uploads\/2012\/09\/VALI-CORLEONE.jpg\"><img loading=\"lazy\" class=\"alignleft  wp-image-63592\" title=\"VALI CORLEONE\" src=\"http:\/\/www.visit-ulcinj.com\/blog\/wp-content\/uploads\/2012\/09\/VALI-CORLEONE.jpg\" alt=\"\" width=\"508\" height=\"360\" \/><\/a>Jan\u00eb p\u00ebrgjakur duart e Valentino Corleones i njohur si Vali.Vali ka treguar n\u00eb rrjetin social Facebook se si n\u00eb Mal t\u00eb Zi, Ulqin ka nxjerr\u00eb nga nj\u00eb vetur\u00eb e aksidentuar nj\u00eb vajz\u00eb e\u00a0 cila kishte mbet n\u00eb vetur\u00ebn e rrotulluar prapa dhe nuk mund t\u00eb dilte pasi q\u00eb ishte l\u00ebnduar.Corleone ka shkruar se dikush kishte th\u00ebn\u00eb se vetura do eksplodonte s\u00eb shpejti pasi q\u00eb vetura kishte filluar t\u00eb digjej, prandaj askush s\u2019guxoi t\u00eb afrohej.Por ishte Vali ai q\u00eb mori guximin t\u00eb hyj n\u00eb vetur\u00eb\u00a0 dhe t\u00eb nxjerr t\u00eb aksidentuar\u00ebn nga vetura duke ia dor\u00ebzuar nj\u00eb personit q\u00eb gjendej aty.Vali ashtu i p\u00ebrgjakur kishte tentuar t\u00eb shp\u00ebtoi edhe personin e dyt\u00eb q\u00eb gjendej n\u00eb vetur\u00eb por\u00a0 kishte qen\u00eb e pamundur pasi q\u00eb sic e p\u00ebrshkruan ai personit i ishte z\u00ebn\u00eb nj\u00ebra k\u00ebmb\u00eb tek timoni dhe ka pritur ardhjen e policis\u00eb.\u201cNdjehem shum\u00eb mir\u00eb q\u00eb i ndihmova. Pasi q\u00eb askush nuk guxonte ti afrohej vetur\u00ebs pasi t\u00eb gjith\u00eb frik\u00ebsoheshin se do eksplodonte, mendja ime m\u00eb tha se edhe n\u00ebse do vdes\u00ebsh aty duhet t\u00eb vazhdoj dhe ti shp\u00ebtoj.<\/p>\n<p><a href=\"http:\/\/www.visit-ulcinj.com\/blog\/wp-content\/uploads\/2012\/09\/VALI-CORLEONE.1.jpg\"><img loading=\"lazy\" class=\"alignleft  wp-image-63593\" title=\"VALI CORLEONE.1\" src=\"http:\/\/www.visit-ulcinj.com\/blog\/wp-content\/uploads\/2012\/09\/VALI-CORLEONE.1.jpg\" alt=\"\" width=\"508\" height=\"600\" \/><\/a><\/p>\n<p>Edhe me vdek nuk ka lidhje!\u201dka th\u00ebn\u00eb Vali n\u00eb nj\u00eb prononcim p\u00ebr InfoGLOBIN.Vali n\u00eb k\u00ebt\u00eb status ka treguar edhe se si pas k\u00ebsaj ndodhie ka shkuar n\u00eb nj\u00eb club, por aty \u00ebsht\u00eb sulmuar nga sigurimi dhe stafi I lokalit. Sic rr\u00ebfen ai m\u00eb von\u00eb \u00ebsht\u00eb arrestuar nga policia dhe \u00ebsht\u00eb future n\u00eb burg. Por pasi ka paguar d\u00ebnimin \u00ebsht\u00eb liruar.\/gazetashqip\/<\/p>\n<!--YouTube Error: bad URL entered-->\n","protected":false},"excerpt":{"rendered":"<p>Jan\u00eb p\u00ebrgjakur duart e Valentino Corleones i njohur si Vali.Vali ka treguar n\u00eb rrjetin social Facebook se si n\u00eb Mal t\u00eb Zi, Ulqin ka nxjerr\u00eb nga nj\u00eb vetur\u00eb e aksidentuar nj\u00eb vajz\u00eb e\u00a0 cila kishte mbet n\u00eb vetur\u00ebn e rrotulluar prapa dhe nuk mund t\u00eb dilte pasi q\u00eb ishte l\u00ebnduar.Corleone ka shkruar se dikush kishte [&hellip;]<\/p>\n","protected":false},"author":1,"featured_media":0,"comment_status":"open","ping_status":"closed","sticky":false,"template":"","format":"standard","meta":{"spay_email":"","jetpack_publicize_message":"","jetpack_is_tweetstorm":false,"jetpack_publicize_feature_enabled":true},"categories":[1],"tags":[20982,200,18,20900,4896],"jetpack_publicize_connections":[],"yoast_head":"<!-- This site is optimized with the Yoast SEO plugin v19.1 - https:\/\/yoast.com\/wordpress\/plugins\/seo\/ -->\n<title>Vali Corleone &quot;Hero&quot; q\u00eb shp\u00ebtoi nj\u00eb vajz\u00eb - Lajme nga Ulqini<\/title>\n<meta name=\"description\" content=\"Jan\u00eb p\u00ebrgjakur duart e Valentino Corleones i njohur si Vali.Vali ka treguar n\u00eb rrjetin social Facebook se si n\u00eb Mal t\u00eb Zi, Ulqin ka nxjerr\u00eb nga nj\u00eb vetur\u00eb\" \/>\n<meta name=\"robots\" content=\"index, follow, max-snippet:-1, max-image-preview:large, max-video-preview:-1\" \/>\n<link rel=\"canonical\" href=\"https:\/\/www.visit-ulcinj.com\/blog\/2012\/09\/13\/vali-corleone-hero-qe-shpetoi-nje-vajze\/\" \/>\n<meta property=\"og:locale\" content=\"en_US\" \/>\n<meta property=\"og:type\" content=\"article\" \/>\n<meta property=\"og:title\" content=\"Vali Corleone &quot;Hero&quot; q\u00eb shp\u00ebtoi nj\u00eb vajz\u00eb - Lajme nga Ulqini\" \/>\n<meta property=\"og:description\" content=\"Jan\u00eb p\u00ebrgjakur duart e Valentino Corleones i njohur si Vali.Vali ka treguar n\u00eb rrjetin social Facebook se si n\u00eb Mal t\u00eb Zi, Ulqin ka nxjerr\u00eb nga nj\u00eb vetur\u00eb\" \/>\n<meta property=\"og:url\" content=\"https:\/\/www.visit-ulcinj.com\/blog\/2012\/09\/13\/vali-corleone-hero-qe-shpetoi-nje-vajze\/\" \/>\n<meta property=\"og:site_name\" content=\"Lajme nga Ulqini\" \/>\n<meta property=\"article:published_time\" content=\"2012-09-13T12:39:09+00:00\" \/>\n<meta property=\"og:image\" content=\"http:\/\/www.visit-ulcinj.com\/blog\/wp-content\/uploads\/2012\/09\/VALI-CORLEONE.jpg\" \/>\n<meta name=\"twitter:label1\" content=\"Written by\" \/>\n\t<meta name=\"twitter:data1\" content=\"ulqini\" \/>\n\t<meta name=\"twitter:label2\" content=\"Est. reading time\" \/>\n\t<meta name=\"twitter:data2\" content=\"1 minute\" \/>\n<script type=\"application\/ld+json\" class=\"yoast-schema-graph\">{\"@context\":\"https:\/\/schema.org\",\"@graph\":[{\"@type\":\"WebSite\",\"@id\":\"https:\/\/www.visit-ulcinj.com\/blog\/#website\",\"url\":\"https:\/\/www.visit-ulcinj.com\/blog\/\",\"name\":\"Lajme nga Ulqini\",\"description\":\"Lajme,Vijesti,Ulqini,Ulqin,Crna Gora,Mali i Zi\",\"potentialAction\":[{\"@type\":\"SearchAction\",\"target\":{\"@type\":\"EntryPoint\",\"urlTemplate\":\"https:\/\/www.visit-ulcinj.com\/blog\/?s={search_term_string}\"},\"query-input\":\"required name=search_term_string\"}],\"inLanguage\":\"en-US\"},{\"@type\":\"ImageObject\",\"inLanguage\":\"en-US\",\"@id\":\"https:\/\/www.visit-ulcinj.com\/blog\/2012\/09\/13\/vali-corleone-hero-qe-shpetoi-nje-vajze\/#primaryimage\",\"url\":\"http:\/\/www.visit-ulcinj.com\/blog\/wp-content\/uploads\/2012\/09\/VALI-CORLEONE.jpg\",\"contentUrl\":\"http:\/\/www.visit-ulcinj.com\/blog\/wp-content\/uploads\/2012\/09\/VALI-CORLEONE.jpg\"},{\"@type\":\"WebPage\",\"@id\":\"https:\/\/www.visit-ulcinj.com\/blog\/2012\/09\/13\/vali-corleone-hero-qe-shpetoi-nje-vajze\/#webpage\",\"url\":\"https:\/\/www.visit-ulcinj.com\/blog\/2012\/09\/13\/vali-corleone-hero-qe-shpetoi-nje-vajze\/\",\"name\":\"Vali Corleone \\\"Hero\\\" q\u00eb shp\u00ebtoi nj\u00eb vajz\u00eb - Lajme nga Ulqini\",\"isPartOf\":{\"@id\":\"https:\/\/www.visit-ulcinj.com\/blog\/#website\"},\"primaryImageOfPage\":{\"@id\":\"https:\/\/www.visit-ulcinj.com\/blog\/2012\/09\/13\/vali-corleone-hero-qe-shpetoi-nje-vajze\/#primaryimage\"},\"datePublished\":\"2012-09-13T12:39:09+00:00\",\"dateModified\":\"2012-09-13T12:39:09+00:00\",\"author\":{\"@id\":\"https:\/\/www.visit-ulcinj.com\/blog\/#\/schema\/person\/dcab619c614d3038751c63bc2aadc06d\"},\"description\":\"Jan\u00eb p\u00ebrgjakur duart e Valentino Corleones i njohur si Vali.Vali ka treguar n\u00eb rrjetin social Facebook se si n\u00eb Mal t\u00eb Zi, Ulqin ka nxjerr\u00eb nga nj\u00eb vetur\u00eb\",\"breadcrumb\":{\"@id\":\"https:\/\/www.visit-ulcinj.com\/blog\/2012\/09\/13\/vali-corleone-hero-qe-shpetoi-nje-vajze\/#breadcrumb\"},\"inLanguage\":\"en-US\",\"potentialAction\":[{\"@type\":\"ReadAction\",\"target\":[\"https:\/\/www.visit-ulcinj.com\/blog\/2012\/09\/13\/vali-corleone-hero-qe-shpetoi-nje-vajze\/\"]}]},{\"@type\":\"BreadcrumbList\",\"@id\":\"https:\/\/www.visit-ulcinj.com\/blog\/2012\/09\/13\/vali-corleone-hero-qe-shpetoi-nje-vajze\/#breadcrumb\",\"itemListElement\":[{\"@type\":\"ListItem\",\"position\":1,\"name\":\"Vali Corleone &#8220;Hero&#8221; q\u00eb shp\u00ebtoi nj\u00eb vajz\u00eb\"}]},{\"@type\":\"Person\",\"@id\":\"https:\/\/www.visit-ulcinj.com\/blog\/#\/schema\/person\/dcab619c614d3038751c63bc2aadc06d\",\"name\":\"ulqini\",\"sameAs\":[\"http:\/\/www.visit-ulcinj.com\"],\"url\":\"https:\/\/www.visit-ulcinj.com\/blog\/author\/admin\/\"}]}<\/script>\n<!-- \/ Yoast SEO plugin. -->","yoast_head_json":{"title":"Vali Corleone \"Hero\" q\u00eb shp\u00ebtoi nj\u00eb vajz\u00eb - Lajme nga Ulqini","description":"Jan\u00eb p\u00ebrgjakur duart e Valentino Corleones i njohur si Vali.Vali ka treguar n\u00eb rrjetin social Facebook se si n\u00eb Mal t\u00eb Zi, Ulqin ka nxjerr\u00eb nga nj\u00eb vetur\u00eb","robots":{"index":"index","follow":"follow","max-snippet":"max-snippet:-1","max-image-preview":"max-image-preview:large","max-video-preview":"max-video-preview:-1"},"canonical":"https:\/\/www.visit-ulcinj.com\/blog\/2012\/09\/13\/vali-corleone-hero-qe-shpetoi-nje-vajze\/","og_locale":"en_US","og_type":"article","og_title":"Vali Corleone \"Hero\" q\u00eb shp\u00ebtoi nj\u00eb vajz\u00eb - Lajme nga Ulqini","og_description":"Jan\u00eb p\u00ebrgjakur duart e Valentino Corleones i njohur si Vali.Vali ka treguar n\u00eb rrjetin social Facebook se si n\u00eb Mal t\u00eb Zi, Ulqin ka nxjerr\u00eb nga nj\u00eb vetur\u00eb","og_url":"https:\/\/www.visit-ulcinj.com\/blog\/2012\/09\/13\/vali-corleone-hero-qe-shpetoi-nje-vajze\/","og_site_name":"Lajme nga Ulqini","article_published_time":"2012-09-13T12:39:09+00:00","og_image":[{"url":"http:\/\/www.visit-ulcinj.com\/blog\/wp-content\/uploads\/2012\/09\/VALI-CORLEONE.jpg"}],"twitter_misc":{"Written by":"ulqini","Est. reading time":"1 minute"},"schema":{"@context":"https:\/\/schema.org","@graph":[{"@type":"WebSite","@id":"https:\/\/www.visit-ulcinj.com\/blog\/#website","url":"https:\/\/www.visit-ulcinj.com\/blog\/","name":"Lajme nga Ulqini","description":"Lajme,Vijesti,Ulqini,Ulqin,Crna Gora,Mali i Zi","potentialAction":[{"@type":"SearchAction","target":{"@type":"EntryPoint","urlTemplate":"https:\/\/www.visit-ulcinj.com\/blog\/?s={search_term_string}"},"query-input":"required name=search_term_string"}],"inLanguage":"en-US"},{"@type":"ImageObject","inLanguage":"en-US","@id":"https:\/\/www.visit-ulcinj.com\/blog\/2012\/09\/13\/vali-corleone-hero-qe-shpetoi-nje-vajze\/#primaryimage","url":"http:\/\/www.visit-ulcinj.com\/blog\/wp-content\/uploads\/2012\/09\/VALI-CORLEONE.jpg","contentUrl":"http:\/\/www.visit-ulcinj.com\/blog\/wp-content\/uploads\/2012\/09\/VALI-CORLEONE.jpg"},{"@type":"WebPage","@id":"https:\/\/www.visit-ulcinj.com\/blog\/2012\/09\/13\/vali-corleone-hero-qe-shpetoi-nje-vajze\/#webpage","url":"https:\/\/www.visit-ulcinj.com\/blog\/2012\/09\/13\/vali-corleone-hero-qe-shpetoi-nje-vajze\/","name":"Vali Corleone \"Hero\" q\u00eb shp\u00ebtoi nj\u00eb vajz\u00eb - Lajme nga Ulqini","isPartOf":{"@id":"https:\/\/www.visit-ulcinj.com\/blog\/#website"},"primaryImageOfPage":{"@id":"https:\/\/www.visit-ulcinj.com\/blog\/2012\/09\/13\/vali-corleone-hero-qe-shpetoi-nje-vajze\/#primaryimage"},"datePublished":"2012-09-13T12:39:09+00:00","dateModified":"2012-09-13T12:39:09+00:00","author":{"@id":"https:\/\/www.visit-ulcinj.com\/blog\/#\/schema\/person\/dcab619c614d3038751c63bc2aadc06d"},"description":"Jan\u00eb p\u00ebrgjakur duart e Valentino Corleones i njohur si Vali.Vali ka treguar n\u00eb rrjetin social Facebook se si n\u00eb Mal t\u00eb Zi, Ulqin ka nxjerr\u00eb nga nj\u00eb vetur\u00eb","breadcrumb":{"@id":"https:\/\/www.visit-ulcinj.com\/blog\/2012\/09\/13\/vali-corleone-hero-qe-shpetoi-nje-vajze\/#breadcrumb"},"inLanguage":"en-US","potentialAction":[{"@type":"ReadAction","target":["https:\/\/www.visit-ulcinj.com\/blog\/2012\/09\/13\/vali-corleone-hero-qe-shpetoi-nje-vajze\/"]}]},{"@type":"BreadcrumbList","@id":"https:\/\/www.visit-ulcinj.com\/blog\/2012\/09\/13\/vali-corleone-hero-qe-shpetoi-nje-vajze\/#breadcrumb","itemListElement":[{"@type":"ListItem","position":1,"name":"Vali Corleone &#8220;Hero&#8221; q\u00eb shp\u00ebtoi nj\u00eb vajz\u00eb"}]},{"@type":"Person","@id":"https:\/\/www.visit-ulcinj.com\/blog\/#\/schema\/person\/dcab619c614d3038751c63bc2aadc06d","name":"ulqini","sameAs":["http:\/\/www.visit-ulcinj.com"],"url":"https:\/\/www.visit-ulcinj.com\/blog\/author\/admin\/"}]}},"jetpack_featured_media_url":"","jetpack_sharing_enabled":true,"jetpack_shortlink":"https:\/\/wp.me\/pe6lTn-gxF","_links":{"self":[{"href":"https:\/\/www.visit-ulcinj.com\/blog\/wp-json\/wp\/v2\/posts\/63591"}],"collection":[{"href":"https:\/\/www.visit-ulcinj.com\/blog\/wp-json\/wp\/v2\/posts"}],"about":[{"href":"https:\/\/www.visit-ulcinj.com\/blog\/wp-json\/wp\/v2\/types\/post"}],"author":[{"embeddable":true,"href":"https:\/\/www.visit-ulcinj.com\/blog\/wp-json\/wp\/v2\/users\/1"}],"replies":[{"embeddable":true,"href":"https:\/\/www.visit-ulcinj.com\/blog\/wp-json\/wp\/v2\/comments?post=63591"}],"version-history":[{"count":1,"href":"https:\/\/www.visit-ulcinj.com\/blog\/wp-json\/wp\/v2\/posts\/63591\/revisions"}],"predecessor-version":[{"id":63594,"href":"https:\/\/www.visit-ulcinj.com\/blog\/wp-json\/wp\/v2\/posts\/63591\/revisions\/63594"}],"wp:attachment":[{"href":"https:\/\/www.visit-ulcinj.com\/blog\/wp-json\/wp\/v2\/media?parent=63591"}],"wp:term":[{"taxonomy":"category","embeddable":true,"href":"https:\/\/www.visit-ulcinj.com\/blog\/wp-json\/wp\/v2\/categories?post=63591"},{"taxonomy":"post_tag","embeddable":true,"href":"https:\/\/www.visit-ulcinj.com\/blog\/wp-json\/wp\/v2\/tags?post=63591"}],"curies":[{"name":"wp","href":"https:\/\/api.w.org\/{rel}","templated":true}]}}