{"id":6360,"date":"2008-11-19T12:36:44","date_gmt":"2008-11-19T17:36:44","guid":{"rendered":"http:\/\/www.visit-ulcinj.com\/blog\/?p=6360"},"modified":"2008-11-19T12:36:44","modified_gmt":"2008-11-19T17:36:44","slug":"miljaniq-eshte-kandidat-per-ambasador-i-malit-te-zi-ne-prishtine","status":"publish","type":"post","link":"https:\/\/www.visit-ulcinj.com\/blog\/2008\/11\/19\/miljaniq-eshte-kandidat-per-ambasador-i-malit-te-zi-ne-prishtine\/","title":{"rendered":"Miljaniq \u00ebsht\u00eb kandidat p\u00ebr ambasador i Malit t\u00eb Zi n\u00eb Prishtin\u00eb"},"content":{"rendered":"<p><a href=\"http:\/\/www.visit-ulcinj.com\/blog\/wp-content\/uploads\/2008\/11\/radovan-miljanic.jpg\"><img loading=\"lazy\" class=\"alignleft size-medium wp-image-6361\" title=\"radovan-miljanic\" src=\"http:\/\/www.visit-ulcinj.com\/blog\/wp-content\/uploads\/2008\/11\/radovan-miljanic.jpg\" alt=\"\" width=\"161\" height=\"178\" \/><\/a>Drejtori i Radio Televizionit t\u00eb Malit t\u00eb Zi, Radovan Miljaniq, \u00ebsht\u00eb kandidat p\u00ebr ambasador t\u00eb k\u00ebtij shteti n\u00eb Prishtin\u00eb, rapotorjn mediat serbe, duke u thirrur n\u00eb burime jozyrtare. Mir\u00ebpo, Miljaniq mbr\u00ebm\u00eb u ka th\u00ebn\u00eb gazetar\u00ebve n\u00eb Podgoric\u00eb se nuk ka ndonj\u00eb informacion p\u00ebr em\u00ebrimin e tij si ambasador i Malit t\u00eb Zi n\u00eb Prishtin\u00eb. Lajmi vjen dy dit\u00eb pas p\u00ebrmendjes s\u00eb emrit t\u00eb Azem Vllasit do t\u00eb jet\u00eb ambasador i Kosov\u00ebs n\u00eb Podgoric\u00eb. Sipas k\u00ebtyre mediave, ambasador n\u00eb Beograd pritet t\u00eb em\u00ebrohet an\u00ebtari i senatit shtet\u00ebror p\u00ebr mbik\u00ebqyrje institucionale, Dushan Mrdoviq. Sipas k\u00ebtyre burimeve, Mrdoviq do ta z\u00ebvend\u00ebsoj\u00eb ambasadoren e deritashme Anka Vojvodiq, e cila \u00ebsht\u00eb larguar nga Serbia, pas vendimit t\u00eb marr\u00eb nga Mali i Zi p\u00ebr njohjen e pavar\u00ebsis\u00eb s\u00eb Kosov\u00ebs.<br \/>\n<strong>Koha Vizion<\/strong><\/p>\n","protected":false},"excerpt":{"rendered":"<p>Drejtori i Radio Televizionit t\u00eb Malit t\u00eb Zi, Radovan Miljaniq, \u00ebsht\u00eb kandidat p\u00ebr ambasador t\u00eb k\u00ebtij shteti n\u00eb Prishtin\u00eb, rapotorjn mediat serbe, duke u thirrur n\u00eb burime jozyrtare. Mir\u00ebpo, Miljaniq mbr\u00ebm\u00eb u ka th\u00ebn\u00eb gazetar\u00ebve n\u00eb Podgoric\u00eb se nuk ka ndonj\u00eb informacion p\u00ebr em\u00ebrimin e tij si ambasador i Malit t\u00eb Zi n\u00eb Prishtin\u00eb. Lajmi [&hellip;]<\/p>\n","protected":false},"author":1,"featured_media":0,"comment_status":"open","ping_status":"closed","sticky":false,"template":"","format":"standard","meta":{"spay_email":"","jetpack_publicize_message":"","jetpack_is_tweetstorm":false,"jetpack_publicize_feature_enabled":true},"categories":[6],"tags":[95,5095,5094],"jetpack_publicize_connections":[],"yoast_head":"<!-- This site is optimized with the Yoast SEO plugin v19.1 - https:\/\/yoast.com\/wordpress\/plugins\/seo\/ -->\n<title>Miljaniq \u00ebsht\u00eb kandidat p\u00ebr ambasador i Malit t\u00eb Zi n\u00eb Prishtin\u00eb - Lajme nga Ulqini<\/title>\n<meta name=\"description\" content=\"Drejtori i Radio Televizionit t\u00eb Malit t\u00eb Zi, Radovan Miljaniq, \u00ebsht\u00eb kandidat p\u00ebr ambasador t\u00eb k\u00ebtij shteti n\u00eb Prishtin\u00eb, rapotorjn mediat serbe, duke u\" \/>\n<meta name=\"robots\" content=\"index, follow, max-snippet:-1, max-image-preview:large, max-video-preview:-1\" \/>\n<link rel=\"canonical\" href=\"https:\/\/www.visit-ulcinj.com\/blog\/2008\/11\/19\/miljaniq-eshte-kandidat-per-ambasador-i-malit-te-zi-ne-prishtine\/\" \/>\n<meta property=\"og:locale\" content=\"en_US\" \/>\n<meta property=\"og:type\" content=\"article\" \/>\n<meta property=\"og:title\" content=\"Miljaniq \u00ebsht\u00eb kandidat p\u00ebr ambasador i Malit t\u00eb Zi n\u00eb Prishtin\u00eb - Lajme nga Ulqini\" \/>\n<meta property=\"og:description\" content=\"Drejtori i Radio Televizionit t\u00eb Malit t\u00eb Zi, Radovan Miljaniq, \u00ebsht\u00eb kandidat p\u00ebr ambasador t\u00eb k\u00ebtij shteti n\u00eb Prishtin\u00eb, rapotorjn mediat serbe, duke u\" \/>\n<meta property=\"og:url\" content=\"https:\/\/www.visit-ulcinj.com\/blog\/2008\/11\/19\/miljaniq-eshte-kandidat-per-ambasador-i-malit-te-zi-ne-prishtine\/\" \/>\n<meta property=\"og:site_name\" content=\"Lajme nga Ulqini\" \/>\n<meta property=\"article:published_time\" content=\"2008-11-19T17:36:44+00:00\" \/>\n<meta property=\"og:image\" content=\"http:\/\/www.visit-ulcinj.com\/blog\/wp-content\/uploads\/2008\/11\/radovan-miljanic.jpg\" \/>\n<meta name=\"twitter:label1\" content=\"Written by\" \/>\n\t<meta name=\"twitter:data1\" content=\"ulqini\" \/>\n\t<meta name=\"twitter:label2\" content=\"Est. reading time\" \/>\n\t<meta name=\"twitter:data2\" content=\"1 minute\" \/>\n<script type=\"application\/ld+json\" class=\"yoast-schema-graph\">{\"@context\":\"https:\/\/schema.org\",\"@graph\":[{\"@type\":\"WebSite\",\"@id\":\"https:\/\/www.visit-ulcinj.com\/blog\/#website\",\"url\":\"https:\/\/www.visit-ulcinj.com\/blog\/\",\"name\":\"Lajme nga Ulqini\",\"description\":\"Lajme,Vijesti,Ulqini,Ulqin,Crna Gora,Mali i Zi\",\"potentialAction\":[{\"@type\":\"SearchAction\",\"target\":{\"@type\":\"EntryPoint\",\"urlTemplate\":\"https:\/\/www.visit-ulcinj.com\/blog\/?s={search_term_string}\"},\"query-input\":\"required name=search_term_string\"}],\"inLanguage\":\"en-US\"},{\"@type\":\"ImageObject\",\"inLanguage\":\"en-US\",\"@id\":\"https:\/\/www.visit-ulcinj.com\/blog\/2008\/11\/19\/miljaniq-eshte-kandidat-per-ambasador-i-malit-te-zi-ne-prishtine\/#primaryimage\",\"url\":\"http:\/\/www.visit-ulcinj.com\/blog\/wp-content\/uploads\/2008\/11\/radovan-miljanic.jpg\",\"contentUrl\":\"http:\/\/www.visit-ulcinj.com\/blog\/wp-content\/uploads\/2008\/11\/radovan-miljanic.jpg\"},{\"@type\":\"WebPage\",\"@id\":\"https:\/\/www.visit-ulcinj.com\/blog\/2008\/11\/19\/miljaniq-eshte-kandidat-per-ambasador-i-malit-te-zi-ne-prishtine\/#webpage\",\"url\":\"https:\/\/www.visit-ulcinj.com\/blog\/2008\/11\/19\/miljaniq-eshte-kandidat-per-ambasador-i-malit-te-zi-ne-prishtine\/\",\"name\":\"Miljaniq \u00ebsht\u00eb kandidat p\u00ebr ambasador i Malit t\u00eb Zi n\u00eb Prishtin\u00eb - Lajme nga Ulqini\",\"isPartOf\":{\"@id\":\"https:\/\/www.visit-ulcinj.com\/blog\/#website\"},\"primaryImageOfPage\":{\"@id\":\"https:\/\/www.visit-ulcinj.com\/blog\/2008\/11\/19\/miljaniq-eshte-kandidat-per-ambasador-i-malit-te-zi-ne-prishtine\/#primaryimage\"},\"datePublished\":\"2008-11-19T17:36:44+00:00\",\"dateModified\":\"2008-11-19T17:36:44+00:00\",\"author\":{\"@id\":\"https:\/\/www.visit-ulcinj.com\/blog\/#\/schema\/person\/dcab619c614d3038751c63bc2aadc06d\"},\"description\":\"Drejtori i Radio Televizionit t\u00eb Malit t\u00eb Zi, Radovan Miljaniq, \u00ebsht\u00eb kandidat p\u00ebr ambasador t\u00eb k\u00ebtij shteti n\u00eb Prishtin\u00eb, rapotorjn mediat serbe, duke u\",\"breadcrumb\":{\"@id\":\"https:\/\/www.visit-ulcinj.com\/blog\/2008\/11\/19\/miljaniq-eshte-kandidat-per-ambasador-i-malit-te-zi-ne-prishtine\/#breadcrumb\"},\"inLanguage\":\"en-US\",\"potentialAction\":[{\"@type\":\"ReadAction\",\"target\":[\"https:\/\/www.visit-ulcinj.com\/blog\/2008\/11\/19\/miljaniq-eshte-kandidat-per-ambasador-i-malit-te-zi-ne-prishtine\/\"]}]},{\"@type\":\"BreadcrumbList\",\"@id\":\"https:\/\/www.visit-ulcinj.com\/blog\/2008\/11\/19\/miljaniq-eshte-kandidat-per-ambasador-i-malit-te-zi-ne-prishtine\/#breadcrumb\",\"itemListElement\":[{\"@type\":\"ListItem\",\"position\":1,\"name\":\"Miljaniq \u00ebsht\u00eb kandidat p\u00ebr ambasador i Malit t\u00eb Zi n\u00eb Prishtin\u00eb\"}]},{\"@type\":\"Person\",\"@id\":\"https:\/\/www.visit-ulcinj.com\/blog\/#\/schema\/person\/dcab619c614d3038751c63bc2aadc06d\",\"name\":\"ulqini\",\"sameAs\":[\"http:\/\/www.visit-ulcinj.com\"],\"url\":\"https:\/\/www.visit-ulcinj.com\/blog\/author\/admin\/\"}]}<\/script>\n<!-- \/ Yoast SEO plugin. -->","yoast_head_json":{"title":"Miljaniq \u00ebsht\u00eb kandidat p\u00ebr ambasador i Malit t\u00eb Zi n\u00eb Prishtin\u00eb - Lajme nga Ulqini","description":"Drejtori i Radio Televizionit t\u00eb Malit t\u00eb Zi, Radovan Miljaniq, \u00ebsht\u00eb kandidat p\u00ebr ambasador t\u00eb k\u00ebtij shteti n\u00eb Prishtin\u00eb, rapotorjn mediat serbe, duke u","robots":{"index":"index","follow":"follow","max-snippet":"max-snippet:-1","max-image-preview":"max-image-preview:large","max-video-preview":"max-video-preview:-1"},"canonical":"https:\/\/www.visit-ulcinj.com\/blog\/2008\/11\/19\/miljaniq-eshte-kandidat-per-ambasador-i-malit-te-zi-ne-prishtine\/","og_locale":"en_US","og_type":"article","og_title":"Miljaniq \u00ebsht\u00eb kandidat p\u00ebr ambasador i Malit t\u00eb Zi n\u00eb Prishtin\u00eb - Lajme nga Ulqini","og_description":"Drejtori i Radio Televizionit t\u00eb Malit t\u00eb Zi, Radovan Miljaniq, \u00ebsht\u00eb kandidat p\u00ebr ambasador t\u00eb k\u00ebtij shteti n\u00eb Prishtin\u00eb, rapotorjn mediat serbe, duke u","og_url":"https:\/\/www.visit-ulcinj.com\/blog\/2008\/11\/19\/miljaniq-eshte-kandidat-per-ambasador-i-malit-te-zi-ne-prishtine\/","og_site_name":"Lajme nga Ulqini","article_published_time":"2008-11-19T17:36:44+00:00","og_image":[{"url":"http:\/\/www.visit-ulcinj.com\/blog\/wp-content\/uploads\/2008\/11\/radovan-miljanic.jpg"}],"twitter_misc":{"Written by":"ulqini","Est. reading time":"1 minute"},"schema":{"@context":"https:\/\/schema.org","@graph":[{"@type":"WebSite","@id":"https:\/\/www.visit-ulcinj.com\/blog\/#website","url":"https:\/\/www.visit-ulcinj.com\/blog\/","name":"Lajme nga Ulqini","description":"Lajme,Vijesti,Ulqini,Ulqin,Crna Gora,Mali i Zi","potentialAction":[{"@type":"SearchAction","target":{"@type":"EntryPoint","urlTemplate":"https:\/\/www.visit-ulcinj.com\/blog\/?s={search_term_string}"},"query-input":"required name=search_term_string"}],"inLanguage":"en-US"},{"@type":"ImageObject","inLanguage":"en-US","@id":"https:\/\/www.visit-ulcinj.com\/blog\/2008\/11\/19\/miljaniq-eshte-kandidat-per-ambasador-i-malit-te-zi-ne-prishtine\/#primaryimage","url":"http:\/\/www.visit-ulcinj.com\/blog\/wp-content\/uploads\/2008\/11\/radovan-miljanic.jpg","contentUrl":"http:\/\/www.visit-ulcinj.com\/blog\/wp-content\/uploads\/2008\/11\/radovan-miljanic.jpg"},{"@type":"WebPage","@id":"https:\/\/www.visit-ulcinj.com\/blog\/2008\/11\/19\/miljaniq-eshte-kandidat-per-ambasador-i-malit-te-zi-ne-prishtine\/#webpage","url":"https:\/\/www.visit-ulcinj.com\/blog\/2008\/11\/19\/miljaniq-eshte-kandidat-per-ambasador-i-malit-te-zi-ne-prishtine\/","name":"Miljaniq \u00ebsht\u00eb kandidat p\u00ebr ambasador i Malit t\u00eb Zi n\u00eb Prishtin\u00eb - Lajme nga Ulqini","isPartOf":{"@id":"https:\/\/www.visit-ulcinj.com\/blog\/#website"},"primaryImageOfPage":{"@id":"https:\/\/www.visit-ulcinj.com\/blog\/2008\/11\/19\/miljaniq-eshte-kandidat-per-ambasador-i-malit-te-zi-ne-prishtine\/#primaryimage"},"datePublished":"2008-11-19T17:36:44+00:00","dateModified":"2008-11-19T17:36:44+00:00","author":{"@id":"https:\/\/www.visit-ulcinj.com\/blog\/#\/schema\/person\/dcab619c614d3038751c63bc2aadc06d"},"description":"Drejtori i Radio Televizionit t\u00eb Malit t\u00eb Zi, Radovan Miljaniq, \u00ebsht\u00eb kandidat p\u00ebr ambasador t\u00eb k\u00ebtij shteti n\u00eb Prishtin\u00eb, rapotorjn mediat serbe, duke u","breadcrumb":{"@id":"https:\/\/www.visit-ulcinj.com\/blog\/2008\/11\/19\/miljaniq-eshte-kandidat-per-ambasador-i-malit-te-zi-ne-prishtine\/#breadcrumb"},"inLanguage":"en-US","potentialAction":[{"@type":"ReadAction","target":["https:\/\/www.visit-ulcinj.com\/blog\/2008\/11\/19\/miljaniq-eshte-kandidat-per-ambasador-i-malit-te-zi-ne-prishtine\/"]}]},{"@type":"BreadcrumbList","@id":"https:\/\/www.visit-ulcinj.com\/blog\/2008\/11\/19\/miljaniq-eshte-kandidat-per-ambasador-i-malit-te-zi-ne-prishtine\/#breadcrumb","itemListElement":[{"@type":"ListItem","position":1,"name":"Miljaniq \u00ebsht\u00eb kandidat p\u00ebr ambasador i Malit t\u00eb Zi n\u00eb Prishtin\u00eb"}]},{"@type":"Person","@id":"https:\/\/www.visit-ulcinj.com\/blog\/#\/schema\/person\/dcab619c614d3038751c63bc2aadc06d","name":"ulqini","sameAs":["http:\/\/www.visit-ulcinj.com"],"url":"https:\/\/www.visit-ulcinj.com\/blog\/author\/admin\/"}]}},"jetpack_featured_media_url":"","jetpack_sharing_enabled":true,"jetpack_shortlink":"https:\/\/wp.me\/pe6lTn-1EA","_links":{"self":[{"href":"https:\/\/www.visit-ulcinj.com\/blog\/wp-json\/wp\/v2\/posts\/6360"}],"collection":[{"href":"https:\/\/www.visit-ulcinj.com\/blog\/wp-json\/wp\/v2\/posts"}],"about":[{"href":"https:\/\/www.visit-ulcinj.com\/blog\/wp-json\/wp\/v2\/types\/post"}],"author":[{"embeddable":true,"href":"https:\/\/www.visit-ulcinj.com\/blog\/wp-json\/wp\/v2\/users\/1"}],"replies":[{"embeddable":true,"href":"https:\/\/www.visit-ulcinj.com\/blog\/wp-json\/wp\/v2\/comments?post=6360"}],"version-history":[{"count":0,"href":"https:\/\/www.visit-ulcinj.com\/blog\/wp-json\/wp\/v2\/posts\/6360\/revisions"}],"wp:attachment":[{"href":"https:\/\/www.visit-ulcinj.com\/blog\/wp-json\/wp\/v2\/media?parent=6360"}],"wp:term":[{"taxonomy":"category","embeddable":true,"href":"https:\/\/www.visit-ulcinj.com\/blog\/wp-json\/wp\/v2\/categories?post=6360"},{"taxonomy":"post_tag","embeddable":true,"href":"https:\/\/www.visit-ulcinj.com\/blog\/wp-json\/wp\/v2\/tags?post=6360"}],"curies":[{"name":"wp","href":"https:\/\/api.w.org\/{rel}","templated":true}]}}