{"id":63605,"date":"2012-09-13T17:41:41","date_gmt":"2012-09-13T16:41:41","guid":{"rendered":"http:\/\/www.visit-ulcinj.com\/blog\/?p=63605"},"modified":"2012-09-18T21:13:52","modified_gmt":"2012-09-18T20:13:52","slug":"keshilli-komunal-i-forces-per-kraje-dhe-tivar","status":"publish","type":"post","link":"https:\/\/www.visit-ulcinj.com\/blog\/2012\/09\/13\/keshilli-komunal-i-forces-per-kraje-dhe-tivar\/","title":{"rendered":"K\u00ebshilli Komunal i Forc\u00ebs p\u00ebr Kraj\u00eb dhe Tivar"},"content":{"rendered":"<p align=\"center\"><strong><a href=\"http:\/\/www.visit-ulcinj.com\/blog\/wp-content\/uploads\/2012\/09\/K\u00ebshilli-Komunal-i-Forc\u00ebs-p\u00ebr-Kraj\u00eb-dhe-Tivar.jpg\"><img loading=\"lazy\" class=\"alignleft  wp-image-63606\" title=\"K\u00ebshilli Komunal i Forc\u00ebs p\u00ebr Kraj\u00eb dhe Tivar\" src=\"http:\/\/www.visit-ulcinj.com\/blog\/wp-content\/uploads\/2012\/09\/K\u00ebshilli-Komunal-i-Forc\u00ebs-p\u00ebr-Kraj\u00eb-dhe-Tivar-1024x680.jpg\" alt=\"\" width=\"508\" height=\"360\" \/><\/a>Kumtes\u00eb\u00a0 per opinion<\/strong><\/p>\n<p align=\"center\"><strong>\u00a0<\/strong><\/p>\n<p align=\"center\"><strong>K\u00ebshilli Komunal i Forc\u00ebs p\u00ebr Kraj\u00eb dhe Tivar<\/strong><\/p>\n<p>&nbsp;<\/p>\n<p>Forca e re demokratike me dat\u00eb 12.09.2012\u00a0 formoi k\u00ebshillin komunal p\u00ebr Kraje dhe Tivar me \u00e7 rast hapi edhe zyren e saj n\u00eb Ostros.<\/p>\n<p>N\u00eb Kuvendin themelues t\u00eb k\u00ebshillit komunal p\u00ebrve\u00e7 delegat\u00ebve dhe kryesis\u00eb s\u00eb zgjedhur, morr\u00ebn pjes\u00eb\u00a0 edhe kryetari i Forc\u00ebs dhe nj\u00ebkoh\u00ebsisht Kryetar i Komu\u00ebs Nazif Cungu, deputeti i Forc\u00ebs Genci Nimanbegu, N\u00ebnkryetari Xhaudet Cakuli si dhe funksioner\u00eb t\u00eb tjer\u00eb t\u00eb partis\u00eb.<\/p>\n<p>N\u00eb k\u00ebt\u00eb Kuvend si an\u00ebtar\u00eb t\u00eb\u00a0 Kryesis\u00eb u zgjodh\u00ebn:Ilirijan Koliqi, Blerim Ramusha, Teuta Gje\u00e7britaj, Artan \u00c7obi, dhe Muharrem Kanaqi\u00a0 nd\u00ebrsa p\u00ebr kryetar t\u00eb K\u00ebshillit Komunal u zgjodh Ilirijan Koliqi\u00a0 dhe p\u00ebr n\u00ebnkryetar Blerim Ramusha<\/p>\n<p>Forca n\u00eb programin e fush\u00ebveprmit t\u00eb saj p\u00ebr Kraje ka theksuar disa pika t\u00eb r\u00ebnd\u00ebsishme p\u00ebr zhvillim e m\u00ebtejsh\u00ebme t\u00eb k\u00ebtij rajoni, si\u00e7 jan\u00eb Ruajtja e identitetit komb\u00ebtar dhe vlerave t\u00eb trashigimis\u00eb kulturore dhe historike, P\u00ebrdorimi i lir\u00eb i gjuh\u00ebs shqipe dhe simbolit komb\u00ebtar\u00a0 n\u00eb administrat\u00ebn lokale ne pjeset ku dominon popullata me shumic\u00eb shqiptare, Bashk\u00ebpunimi me diaspor\u00ebn dhe angazhimi p\u00ebr krijimin e kushteve p\u00ebr investime kapitale n\u00eb vendlindje, Furnizimi i territorit t\u00eb Kraj\u00ebs me uj\u00eb t\u00eb pish\u00ebm, Mbrojtja e pron\u00ebs dhe territoreve shqiptare te rrezikuara dhe t\u00eb okupuara si\u00e7 jan\u00eb: Kisha n\u00eb maje t\u00eb Rumis\u00eb dhe disa ujdhesa n\u00eb Liqenin e Shkodr\u00ebs, Futja e zonave atraktive t\u00eb Kraj\u00ebs n\u00eb ofertat turistike t\u00eb OT Ulqinit si zon\u00eb e turizmit malor dhe t\u00eb atrakcioneve te ndryshme turistike, karakteristik\u00eb p\u00ebr k\u00ebt\u00eb rajon, Hapja e klas\u00ebs\u00a0 n\u00eb gjuh\u00ebn shqipe n\u00eb Tivar si dhe shume ceshtje te tjera per te cilat Forca do te ngreje zerin per banoret e kesaj komune.<\/p>\n<p>Pas kuvendit themelues u organizua edhe nje koktej i rastit n\u00eb Restaurantin Teuta n\u00eb Ostros.<\/p>\n<p>&nbsp;<\/p>\n<p>Sh\u00ebrbimi p\u00ebr informim<\/p>\n<p>Forca e re demokratike<\/p>\n<p>Ulqin 13.09.2012<\/p>\n<p><!--YouTube Error: bad URL entered--><br \/>\n\n\t\t<style type=\"text\/css\">\n\t\t\t#gallery-1 {\n\t\t\t\tmargin: auto;\n\t\t\t}\n\t\t\t#gallery-1 .gallery-item {\n\t\t\t\tfloat: left;\n\t\t\t\tmargin-top: 10px;\n\t\t\t\ttext-align: center;\n\t\t\t\twidth: 33%;\n\t\t\t}\n\t\t\t#gallery-1 img {\n\t\t\t\tborder: 2px solid #cfcfcf;\n\t\t\t}\n\t\t\t#gallery-1 .gallery-caption {\n\t\t\t\tmargin-left: 0;\n\t\t\t}\n\t\t\t\/* see gallery_shortcode() in wp-includes\/media.php *\/\n\t\t<\/style>\n\t\t<div id='gallery-1' class='gallery galleryid-63605 gallery-columns-3 gallery-size-thumbnail'><dl class='gallery-item'>\n\t\t\t<dt class='gallery-icon landscape'>\n\t\t\t\t<a href='https:\/\/www.visit-ulcinj.com\/blog\/wp-content\/uploads\/2012\/09\/K\u00ebshilli-Komunal-i-Forc\u00ebs-p\u00ebr-Kraj\u00eb-dhe-Tivar.jpg'><img width=\"150\" height=\"150\" src=\"https:\/\/www.visit-ulcinj.com\/blog\/wp-content\/uploads\/2012\/09\/K\u00ebshilli-Komunal-i-Forc\u00ebs-p\u00ebr-Kraj\u00eb-dhe-Tivar-150x150.jpg\" class=\"attachment-thumbnail size-thumbnail\" alt=\"\" loading=\"lazy\" \/><\/a>\n\t\t\t<\/dt><\/dl><dl class='gallery-item'>\n\t\t\t<dt class='gallery-icon landscape'>\n\t\t\t\t<a href='https:\/\/www.visit-ulcinj.com\/blog\/wp-content\/uploads\/2012\/09\/K\u00ebshilli-Komunal-i-Forc\u00ebs-p\u00ebr-Kraj\u00eb-dhe-Tivar.1.jpg'><img width=\"150\" height=\"150\" src=\"https:\/\/www.visit-ulcinj.com\/blog\/wp-content\/uploads\/2012\/09\/K\u00ebshilli-Komunal-i-Forc\u00ebs-p\u00ebr-Kraj\u00eb-dhe-Tivar.1-150x150.jpg\" class=\"attachment-thumbnail size-thumbnail\" alt=\"\" loading=\"lazy\" \/><\/a>\n\t\t\t<\/dt><\/dl><dl class='gallery-item'>\n\t\t\t<dt class='gallery-icon landscape'>\n\t\t\t\t<a href='https:\/\/www.visit-ulcinj.com\/blog\/wp-content\/uploads\/2012\/09\/K\u00ebshilli-Komunal-i-Forc\u00ebs-p\u00ebr-Kraj\u00eb-dhe-Tivar.2.jpg'><img width=\"150\" height=\"150\" src=\"https:\/\/www.visit-ulcinj.com\/blog\/wp-content\/uploads\/2012\/09\/K\u00ebshilli-Komunal-i-Forc\u00ebs-p\u00ebr-Kraj\u00eb-dhe-Tivar.2-150x150.jpg\" class=\"attachment-thumbnail size-thumbnail\" alt=\"\" loading=\"lazy\" \/><\/a>\n\t\t\t<\/dt><\/dl><br style=\"clear: both\" \/><dl class='gallery-item'>\n\t\t\t<dt class='gallery-icon landscape'>\n\t\t\t\t<a href='https:\/\/www.visit-ulcinj.com\/blog\/wp-content\/uploads\/2012\/09\/K\u00ebshilli-Komunal-i-Forc\u00ebs-p\u00ebr-Kraj\u00eb-dhe-Tivar.3.jpg'><img width=\"150\" height=\"150\" src=\"https:\/\/www.visit-ulcinj.com\/blog\/wp-content\/uploads\/2012\/09\/K\u00ebshilli-Komunal-i-Forc\u00ebs-p\u00ebr-Kraj\u00eb-dhe-Tivar.3-150x150.jpg\" class=\"attachment-thumbnail size-thumbnail\" alt=\"\" loading=\"lazy\" \/><\/a>\n\t\t\t<\/dt><\/dl><dl class='gallery-item'>\n\t\t\t<dt class='gallery-icon landscape'>\n\t\t\t\t<a href='https:\/\/www.visit-ulcinj.com\/blog\/wp-content\/uploads\/2012\/09\/K\u00ebshilli-Komunal-i-Forc\u00ebs-p\u00ebr-Kraj\u00eb-dhe-Tivar.4.jpg'><img width=\"150\" height=\"150\" src=\"https:\/\/www.visit-ulcinj.com\/blog\/wp-content\/uploads\/2012\/09\/K\u00ebshilli-Komunal-i-Forc\u00ebs-p\u00ebr-Kraj\u00eb-dhe-Tivar.4-150x150.jpg\" class=\"attachment-thumbnail size-thumbnail\" alt=\"\" loading=\"lazy\" \/><\/a>\n\t\t\t<\/dt><\/dl>\n\t\t\t<br style='clear: both' \/>\n\t\t<\/div>\n<\/p>\n","protected":false},"excerpt":{"rendered":"<p>Kumtes\u00eb\u00a0 per opinion \u00a0 K\u00ebshilli Komunal i Forc\u00ebs p\u00ebr Kraj\u00eb dhe Tivar &nbsp; Forca e re demokratike me dat\u00eb 12.09.2012\u00a0 formoi k\u00ebshillin komunal p\u00ebr Kraje dhe Tivar me \u00e7 rast hapi edhe zyren e saj n\u00eb Ostros. N\u00eb Kuvendin themelues t\u00eb k\u00ebshillit komunal p\u00ebrve\u00e7 delegat\u00ebve dhe kryesis\u00eb s\u00eb zgjedhur, morr\u00ebn pjes\u00eb\u00a0 edhe kryetari i Forc\u00ebs [&hellip;]<\/p>\n","protected":false},"author":1,"featured_media":0,"comment_status":"open","ping_status":"closed","sticky":false,"template":"","format":"standard","meta":{"spay_email":"","jetpack_publicize_message":"","jetpack_is_tweetstorm":false,"jetpack_publicize_feature_enabled":true},"categories":[6950,6],"tags":[672,200],"jetpack_publicize_connections":[],"yoast_head":"<!-- This site is optimized with the Yoast SEO plugin v19.1 - https:\/\/yoast.com\/wordpress\/plugins\/seo\/ -->\n<title>K\u00ebshilli Komunal i Forc\u00ebs p\u00ebr Kraj\u00eb dhe Tivar - Lajme nga Ulqini<\/title>\n<meta name=\"description\" content=\"Kumtes\u00eb\u00a0 per opinion \u00a0 K\u00ebshilli Komunal i Forc\u00ebs p\u00ebr Kraj\u00eb dhe Tivar &nbsp; Forca e re demokratike me dat\u00eb 12.09.2012\u00a0 formoi k\u00ebshillin komunal p\u00ebr Kraje\" \/>\n<meta name=\"robots\" content=\"index, follow, max-snippet:-1, max-image-preview:large, max-video-preview:-1\" \/>\n<link rel=\"canonical\" href=\"https:\/\/www.visit-ulcinj.com\/blog\/2012\/09\/13\/keshilli-komunal-i-forces-per-kraje-dhe-tivar\/\" \/>\n<meta property=\"og:locale\" content=\"en_US\" \/>\n<meta property=\"og:type\" content=\"article\" \/>\n<meta property=\"og:title\" content=\"K\u00ebshilli Komunal i Forc\u00ebs p\u00ebr Kraj\u00eb dhe Tivar - Lajme nga Ulqini\" \/>\n<meta property=\"og:description\" content=\"Kumtes\u00eb\u00a0 per opinion \u00a0 K\u00ebshilli Komunal i Forc\u00ebs p\u00ebr Kraj\u00eb dhe Tivar &nbsp; Forca e re demokratike me dat\u00eb 12.09.2012\u00a0 formoi k\u00ebshillin komunal p\u00ebr Kraje\" \/>\n<meta property=\"og:url\" content=\"https:\/\/www.visit-ulcinj.com\/blog\/2012\/09\/13\/keshilli-komunal-i-forces-per-kraje-dhe-tivar\/\" \/>\n<meta property=\"og:site_name\" content=\"Lajme nga Ulqini\" \/>\n<meta property=\"article:published_time\" content=\"2012-09-13T16:41:41+00:00\" \/>\n<meta property=\"article:modified_time\" content=\"2012-09-18T20:13:52+00:00\" \/>\n<meta property=\"og:image\" content=\"https:\/\/www.visit-ulcinj.com\/blog\/wp-content\/uploads\/2012\/09\/K\u00ebshilli-Komunal-i-Forc\u00ebs-p\u00ebr-Kraj\u00eb-dhe-Tivar-150x150.jpg\" \/>\n<meta name=\"twitter:label1\" content=\"Written by\" \/>\n\t<meta name=\"twitter:data1\" content=\"ulqini\" \/>\n\t<meta name=\"twitter:label2\" content=\"Est. reading time\" \/>\n\t<meta name=\"twitter:data2\" content=\"2 minutes\" \/>\n<script type=\"application\/ld+json\" class=\"yoast-schema-graph\">{\"@context\":\"https:\/\/schema.org\",\"@graph\":[{\"@type\":\"WebSite\",\"@id\":\"https:\/\/www.visit-ulcinj.com\/blog\/#website\",\"url\":\"https:\/\/www.visit-ulcinj.com\/blog\/\",\"name\":\"Lajme nga Ulqini\",\"description\":\"Lajme,Vijesti,Ulqini,Ulqin,Crna Gora,Mali i Zi\",\"potentialAction\":[{\"@type\":\"SearchAction\",\"target\":{\"@type\":\"EntryPoint\",\"urlTemplate\":\"https:\/\/www.visit-ulcinj.com\/blog\/?s={search_term_string}\"},\"query-input\":\"required name=search_term_string\"}],\"inLanguage\":\"en-US\"},{\"@type\":\"WebPage\",\"@id\":\"https:\/\/www.visit-ulcinj.com\/blog\/2012\/09\/13\/keshilli-komunal-i-forces-per-kraje-dhe-tivar\/#webpage\",\"url\":\"https:\/\/www.visit-ulcinj.com\/blog\/2012\/09\/13\/keshilli-komunal-i-forces-per-kraje-dhe-tivar\/\",\"name\":\"K\u00ebshilli Komunal i Forc\u00ebs p\u00ebr Kraj\u00eb dhe Tivar - Lajme nga Ulqini\",\"isPartOf\":{\"@id\":\"https:\/\/www.visit-ulcinj.com\/blog\/#website\"},\"datePublished\":\"2012-09-13T16:41:41+00:00\",\"dateModified\":\"2012-09-18T20:13:52+00:00\",\"author\":{\"@id\":\"https:\/\/www.visit-ulcinj.com\/blog\/#\/schema\/person\/dcab619c614d3038751c63bc2aadc06d\"},\"description\":\"Kumtes\u00eb\u00a0 per opinion \u00a0 K\u00ebshilli Komunal i Forc\u00ebs p\u00ebr Kraj\u00eb dhe Tivar &nbsp; Forca e re demokratike me dat\u00eb 12.09.2012\u00a0 formoi k\u00ebshillin komunal p\u00ebr Kraje\",\"breadcrumb\":{\"@id\":\"https:\/\/www.visit-ulcinj.com\/blog\/2012\/09\/13\/keshilli-komunal-i-forces-per-kraje-dhe-tivar\/#breadcrumb\"},\"inLanguage\":\"en-US\",\"potentialAction\":[{\"@type\":\"ReadAction\",\"target\":[\"https:\/\/www.visit-ulcinj.com\/blog\/2012\/09\/13\/keshilli-komunal-i-forces-per-kraje-dhe-tivar\/\"]}]},{\"@type\":\"BreadcrumbList\",\"@id\":\"https:\/\/www.visit-ulcinj.com\/blog\/2012\/09\/13\/keshilli-komunal-i-forces-per-kraje-dhe-tivar\/#breadcrumb\",\"itemListElement\":[{\"@type\":\"ListItem\",\"position\":1,\"name\":\"K\u00ebshilli Komunal i Forc\u00ebs p\u00ebr Kraj\u00eb dhe Tivar\"}]},{\"@type\":\"Person\",\"@id\":\"https:\/\/www.visit-ulcinj.com\/blog\/#\/schema\/person\/dcab619c614d3038751c63bc2aadc06d\",\"name\":\"ulqini\",\"sameAs\":[\"http:\/\/www.visit-ulcinj.com\"],\"url\":\"https:\/\/www.visit-ulcinj.com\/blog\/author\/admin\/\"}]}<\/script>\n<!-- \/ Yoast SEO plugin. -->","yoast_head_json":{"title":"K\u00ebshilli Komunal i Forc\u00ebs p\u00ebr Kraj\u00eb dhe Tivar - Lajme nga Ulqini","description":"Kumtes\u00eb\u00a0 per opinion \u00a0 K\u00ebshilli Komunal i Forc\u00ebs p\u00ebr Kraj\u00eb dhe Tivar &nbsp; Forca e re demokratike me dat\u00eb 12.09.2012\u00a0 formoi k\u00ebshillin komunal p\u00ebr Kraje","robots":{"index":"index","follow":"follow","max-snippet":"max-snippet:-1","max-image-preview":"max-image-preview:large","max-video-preview":"max-video-preview:-1"},"canonical":"https:\/\/www.visit-ulcinj.com\/blog\/2012\/09\/13\/keshilli-komunal-i-forces-per-kraje-dhe-tivar\/","og_locale":"en_US","og_type":"article","og_title":"K\u00ebshilli Komunal i Forc\u00ebs p\u00ebr Kraj\u00eb dhe Tivar - Lajme nga Ulqini","og_description":"Kumtes\u00eb\u00a0 per opinion \u00a0 K\u00ebshilli Komunal i Forc\u00ebs p\u00ebr Kraj\u00eb dhe Tivar &nbsp; Forca e re demokratike me dat\u00eb 12.09.2012\u00a0 formoi k\u00ebshillin komunal p\u00ebr Kraje","og_url":"https:\/\/www.visit-ulcinj.com\/blog\/2012\/09\/13\/keshilli-komunal-i-forces-per-kraje-dhe-tivar\/","og_site_name":"Lajme nga Ulqini","article_published_time":"2012-09-13T16:41:41+00:00","article_modified_time":"2012-09-18T20:13:52+00:00","og_image":[{"url":"https:\/\/www.visit-ulcinj.com\/blog\/wp-content\/uploads\/2012\/09\/K\u00ebshilli-Komunal-i-Forc\u00ebs-p\u00ebr-Kraj\u00eb-dhe-Tivar-150x150.jpg"}],"twitter_misc":{"Written by":"ulqini","Est. reading time":"2 minutes"},"schema":{"@context":"https:\/\/schema.org","@graph":[{"@type":"WebSite","@id":"https:\/\/www.visit-ulcinj.com\/blog\/#website","url":"https:\/\/www.visit-ulcinj.com\/blog\/","name":"Lajme nga Ulqini","description":"Lajme,Vijesti,Ulqini,Ulqin,Crna Gora,Mali i Zi","potentialAction":[{"@type":"SearchAction","target":{"@type":"EntryPoint","urlTemplate":"https:\/\/www.visit-ulcinj.com\/blog\/?s={search_term_string}"},"query-input":"required name=search_term_string"}],"inLanguage":"en-US"},{"@type":"WebPage","@id":"https:\/\/www.visit-ulcinj.com\/blog\/2012\/09\/13\/keshilli-komunal-i-forces-per-kraje-dhe-tivar\/#webpage","url":"https:\/\/www.visit-ulcinj.com\/blog\/2012\/09\/13\/keshilli-komunal-i-forces-per-kraje-dhe-tivar\/","name":"K\u00ebshilli Komunal i Forc\u00ebs p\u00ebr Kraj\u00eb dhe Tivar - Lajme nga Ulqini","isPartOf":{"@id":"https:\/\/www.visit-ulcinj.com\/blog\/#website"},"datePublished":"2012-09-13T16:41:41+00:00","dateModified":"2012-09-18T20:13:52+00:00","author":{"@id":"https:\/\/www.visit-ulcinj.com\/blog\/#\/schema\/person\/dcab619c614d3038751c63bc2aadc06d"},"description":"Kumtes\u00eb\u00a0 per opinion \u00a0 K\u00ebshilli Komunal i Forc\u00ebs p\u00ebr Kraj\u00eb dhe Tivar &nbsp; Forca e re demokratike me dat\u00eb 12.09.2012\u00a0 formoi k\u00ebshillin komunal p\u00ebr Kraje","breadcrumb":{"@id":"https:\/\/www.visit-ulcinj.com\/blog\/2012\/09\/13\/keshilli-komunal-i-forces-per-kraje-dhe-tivar\/#breadcrumb"},"inLanguage":"en-US","potentialAction":[{"@type":"ReadAction","target":["https:\/\/www.visit-ulcinj.com\/blog\/2012\/09\/13\/keshilli-komunal-i-forces-per-kraje-dhe-tivar\/"]}]},{"@type":"BreadcrumbList","@id":"https:\/\/www.visit-ulcinj.com\/blog\/2012\/09\/13\/keshilli-komunal-i-forces-per-kraje-dhe-tivar\/#breadcrumb","itemListElement":[{"@type":"ListItem","position":1,"name":"K\u00ebshilli Komunal i Forc\u00ebs p\u00ebr Kraj\u00eb dhe Tivar"}]},{"@type":"Person","@id":"https:\/\/www.visit-ulcinj.com\/blog\/#\/schema\/person\/dcab619c614d3038751c63bc2aadc06d","name":"ulqini","sameAs":["http:\/\/www.visit-ulcinj.com"],"url":"https:\/\/www.visit-ulcinj.com\/blog\/author\/admin\/"}]}},"jetpack_featured_media_url":"","jetpack_sharing_enabled":true,"jetpack_shortlink":"https:\/\/wp.me\/pe6lTn-gxT","_links":{"self":[{"href":"https:\/\/www.visit-ulcinj.com\/blog\/wp-json\/wp\/v2\/posts\/63605"}],"collection":[{"href":"https:\/\/www.visit-ulcinj.com\/blog\/wp-json\/wp\/v2\/posts"}],"about":[{"href":"https:\/\/www.visit-ulcinj.com\/blog\/wp-json\/wp\/v2\/types\/post"}],"author":[{"embeddable":true,"href":"https:\/\/www.visit-ulcinj.com\/blog\/wp-json\/wp\/v2\/users\/1"}],"replies":[{"embeddable":true,"href":"https:\/\/www.visit-ulcinj.com\/blog\/wp-json\/wp\/v2\/comments?post=63605"}],"version-history":[{"count":5,"href":"https:\/\/www.visit-ulcinj.com\/blog\/wp-json\/wp\/v2\/posts\/63605\/revisions"}],"predecessor-version":[{"id":63621,"href":"https:\/\/www.visit-ulcinj.com\/blog\/wp-json\/wp\/v2\/posts\/63605\/revisions\/63621"}],"wp:attachment":[{"href":"https:\/\/www.visit-ulcinj.com\/blog\/wp-json\/wp\/v2\/media?parent=63605"}],"wp:term":[{"taxonomy":"category","embeddable":true,"href":"https:\/\/www.visit-ulcinj.com\/blog\/wp-json\/wp\/v2\/categories?post=63605"},{"taxonomy":"post_tag","embeddable":true,"href":"https:\/\/www.visit-ulcinj.com\/blog\/wp-json\/wp\/v2\/tags?post=63605"}],"curies":[{"name":"wp","href":"https:\/\/api.w.org\/{rel}","templated":true}]}}