{"id":6363,"date":"2008-11-19T12:51:24","date_gmt":"2008-11-19T17:51:24","guid":{"rendered":"http:\/\/www.visit-ulcinj.com\/blog\/?p=6363"},"modified":"2008-11-19T12:55:51","modified_gmt":"2008-11-19T17:55:51","slug":"ingridi-me-pamje-te-brendshme","status":"publish","type":"post","link":"https:\/\/www.visit-ulcinj.com\/blog\/2008\/11\/19\/ingridi-me-pamje-te-brendshme\/","title":{"rendered":"Ingridi me pamje &#8216;t\u00eb brendshme&#8217;"},"content":{"rendered":"<p><a href=\"http:\/\/www.visit-ulcinj.com\/blog\/wp-content\/uploads\/2008\/11\/ingrid-gjoni3.jpg\"><img loading=\"lazy\" class=\"alignleft size-medium wp-image-6366\" title=\"ingrid-gjoni3\" src=\"http:\/\/www.visit-ulcinj.com\/blog\/wp-content\/uploads\/2008\/11\/ingrid-gjoni3-161x300.jpg\" alt=\"\" width=\"197\" height=\"175\" \/><\/a>Gjat\u00eb pjes\u00ebmarrjes n\u00eb &#8220;Jav\u00ebn shqiptare t\u00eb mod\u00ebs&#8221;, k\u00ebng\u00ebtarja kontroverse, Ingrid Gjoni, \u00ebsht\u00eb shfaqur me veshje serioze ku dominonte ngjyra e zez\u00eb, nd\u00ebrsa m\u00eb von\u00eb \u00ebsht\u00eb v\u00ebrejtur di\u00e7ka tjet\u00ebr n\u00eb dukjen e saj.<\/p>\n<p>Gjat\u00eb performanc\u00ebs s\u00eb saj, para personaliteteve t\u00eb njohura t\u00eb jet\u00ebs publike n\u00eb Shqip\u00ebri, k\u00ebng\u00ebtarja i ka zbuluar veshjet e brendshme n\u00eb sy t\u00eb t\u00eb pranishm\u00ebve.<\/p>\n<p>Suplementi \u2018Bluetooth\u2019 i \u2018Gazet\u00ebs Shqiptare\u201d ka publikuar disa fotografi t\u00eb cilat tregojn\u00eb Ingridin dhe veshjet e brendshme t\u00eb saj.<\/p>\n<p><strong>Blue<\/strong><strong>tooth<\/strong><\/p>\n\n<!--YouTube Error: bad URL entered-->\n","protected":false},"excerpt":{"rendered":"<p>Gjat\u00eb pjes\u00ebmarrjes n\u00eb &#8220;Jav\u00ebn shqiptare t\u00eb mod\u00ebs&#8221;, k\u00ebng\u00ebtarja kontroverse, Ingrid Gjoni, \u00ebsht\u00eb shfaqur me veshje serioze ku dominonte ngjyra e zez\u00eb, nd\u00ebrsa m\u00eb von\u00eb \u00ebsht\u00eb v\u00ebrejtur di\u00e7ka tjet\u00ebr n\u00eb dukjen e saj. Gjat\u00eb performanc\u00ebs s\u00eb saj, para personaliteteve t\u00eb njohura t\u00eb jet\u00ebs publike n\u00eb Shqip\u00ebri, k\u00ebng\u00ebtarja i ka zbuluar veshjet e brendshme n\u00eb sy t\u00eb [&hellip;]<\/p>\n","protected":false},"author":1,"featured_media":0,"comment_status":"open","ping_status":"closed","sticky":false,"template":"","format":"standard","meta":{"spay_email":"","jetpack_publicize_message":"","jetpack_is_tweetstorm":false,"jetpack_publicize_feature_enabled":true},"categories":[1],"tags":[4966],"jetpack_publicize_connections":[],"yoast_head":"<!-- This site is optimized with the Yoast SEO plugin v19.1 - https:\/\/yoast.com\/wordpress\/plugins\/seo\/ -->\n<title>Ingridi me pamje &#039;t\u00eb brendshme&#039; - Lajme nga Ulqini<\/title>\n<meta name=\"description\" content=\"Gjat\u00eb pjes\u00ebmarrjes n\u00eb &quot;Jav\u00ebn shqiptare t\u00eb mod\u00ebs&quot;, k\u00ebng\u00ebtarja kontroverse, Ingrid Gjoni, \u00ebsht\u00eb shfaqur me veshje serioze ku dominonte ngjyra e zez\u00eb, nd\u00ebrsa\" \/>\n<meta name=\"robots\" content=\"index, follow, max-snippet:-1, max-image-preview:large, max-video-preview:-1\" \/>\n<link rel=\"canonical\" href=\"https:\/\/www.visit-ulcinj.com\/blog\/2008\/11\/19\/ingridi-me-pamje-te-brendshme\/\" \/>\n<meta property=\"og:locale\" content=\"en_US\" \/>\n<meta property=\"og:type\" content=\"article\" \/>\n<meta property=\"og:title\" content=\"Ingridi me pamje &#039;t\u00eb brendshme&#039; - Lajme nga Ulqini\" \/>\n<meta property=\"og:description\" content=\"Gjat\u00eb pjes\u00ebmarrjes n\u00eb &quot;Jav\u00ebn shqiptare t\u00eb mod\u00ebs&quot;, k\u00ebng\u00ebtarja kontroverse, Ingrid Gjoni, \u00ebsht\u00eb shfaqur me veshje serioze ku dominonte ngjyra e zez\u00eb, nd\u00ebrsa\" \/>\n<meta property=\"og:url\" content=\"https:\/\/www.visit-ulcinj.com\/blog\/2008\/11\/19\/ingridi-me-pamje-te-brendshme\/\" \/>\n<meta property=\"og:site_name\" content=\"Lajme nga Ulqini\" \/>\n<meta property=\"article:published_time\" content=\"2008-11-19T17:51:24+00:00\" \/>\n<meta property=\"article:modified_time\" content=\"2008-11-19T17:55:51+00:00\" \/>\n<meta property=\"og:image\" content=\"https:\/\/www.visit-ulcinj.com\/blog\/wp-content\/uploads\/2008\/11\/ingrid-gjoni21-150x150.jpg\" \/>\n<meta name=\"twitter:label1\" content=\"Written by\" \/>\n\t<meta name=\"twitter:data1\" content=\"ulqini\" \/>\n\t<meta name=\"twitter:label2\" content=\"Est. reading time\" \/>\n\t<meta name=\"twitter:data2\" content=\"1 minute\" \/>\n<script type=\"application\/ld+json\" class=\"yoast-schema-graph\">{\"@context\":\"https:\/\/schema.org\",\"@graph\":[{\"@type\":\"WebSite\",\"@id\":\"https:\/\/www.visit-ulcinj.com\/blog\/#website\",\"url\":\"https:\/\/www.visit-ulcinj.com\/blog\/\",\"name\":\"Lajme nga Ulqini\",\"description\":\"Lajme,Vijesti,Ulqini,Ulqin,Crna Gora,Mali i Zi\",\"potentialAction\":[{\"@type\":\"SearchAction\",\"target\":{\"@type\":\"EntryPoint\",\"urlTemplate\":\"https:\/\/www.visit-ulcinj.com\/blog\/?s={search_term_string}\"},\"query-input\":\"required name=search_term_string\"}],\"inLanguage\":\"en-US\"},{\"@type\":\"ImageObject\",\"inLanguage\":\"en-US\",\"@id\":\"https:\/\/www.visit-ulcinj.com\/blog\/2008\/11\/19\/ingridi-me-pamje-te-brendshme\/#primaryimage\",\"url\":\"http:\/\/www.visit-ulcinj.com\/blog\/wp-content\/uploads\/2008\/11\/ingrid-gjoni3-161x300.jpg\",\"contentUrl\":\"http:\/\/www.visit-ulcinj.com\/blog\/wp-content\/uploads\/2008\/11\/ingrid-gjoni3-161x300.jpg\"},{\"@type\":\"WebPage\",\"@id\":\"https:\/\/www.visit-ulcinj.com\/blog\/2008\/11\/19\/ingridi-me-pamje-te-brendshme\/#webpage\",\"url\":\"https:\/\/www.visit-ulcinj.com\/blog\/2008\/11\/19\/ingridi-me-pamje-te-brendshme\/\",\"name\":\"Ingridi me pamje 't\u00eb brendshme' - Lajme nga Ulqini\",\"isPartOf\":{\"@id\":\"https:\/\/www.visit-ulcinj.com\/blog\/#website\"},\"primaryImageOfPage\":{\"@id\":\"https:\/\/www.visit-ulcinj.com\/blog\/2008\/11\/19\/ingridi-me-pamje-te-brendshme\/#primaryimage\"},\"datePublished\":\"2008-11-19T17:51:24+00:00\",\"dateModified\":\"2008-11-19T17:55:51+00:00\",\"author\":{\"@id\":\"https:\/\/www.visit-ulcinj.com\/blog\/#\/schema\/person\/dcab619c614d3038751c63bc2aadc06d\"},\"description\":\"Gjat\u00eb pjes\u00ebmarrjes n\u00eb \\\"Jav\u00ebn shqiptare t\u00eb mod\u00ebs\\\", k\u00ebng\u00ebtarja kontroverse, Ingrid Gjoni, \u00ebsht\u00eb shfaqur me veshje serioze ku dominonte ngjyra e zez\u00eb, nd\u00ebrsa\",\"breadcrumb\":{\"@id\":\"https:\/\/www.visit-ulcinj.com\/blog\/2008\/11\/19\/ingridi-me-pamje-te-brendshme\/#breadcrumb\"},\"inLanguage\":\"en-US\",\"potentialAction\":[{\"@type\":\"ReadAction\",\"target\":[\"https:\/\/www.visit-ulcinj.com\/blog\/2008\/11\/19\/ingridi-me-pamje-te-brendshme\/\"]}]},{\"@type\":\"BreadcrumbList\",\"@id\":\"https:\/\/www.visit-ulcinj.com\/blog\/2008\/11\/19\/ingridi-me-pamje-te-brendshme\/#breadcrumb\",\"itemListElement\":[{\"@type\":\"ListItem\",\"position\":1,\"name\":\"Ingridi me pamje &#8216;t\u00eb brendshme&#8217;\"}]},{\"@type\":\"Person\",\"@id\":\"https:\/\/www.visit-ulcinj.com\/blog\/#\/schema\/person\/dcab619c614d3038751c63bc2aadc06d\",\"name\":\"ulqini\",\"sameAs\":[\"http:\/\/www.visit-ulcinj.com\"],\"url\":\"https:\/\/www.visit-ulcinj.com\/blog\/author\/admin\/\"}]}<\/script>\n<!-- \/ Yoast SEO plugin. -->","yoast_head_json":{"title":"Ingridi me pamje 't\u00eb brendshme' - Lajme nga Ulqini","description":"Gjat\u00eb pjes\u00ebmarrjes n\u00eb \"Jav\u00ebn shqiptare t\u00eb mod\u00ebs\", k\u00ebng\u00ebtarja kontroverse, Ingrid Gjoni, \u00ebsht\u00eb shfaqur me veshje serioze ku dominonte ngjyra e zez\u00eb, nd\u00ebrsa","robots":{"index":"index","follow":"follow","max-snippet":"max-snippet:-1","max-image-preview":"max-image-preview:large","max-video-preview":"max-video-preview:-1"},"canonical":"https:\/\/www.visit-ulcinj.com\/blog\/2008\/11\/19\/ingridi-me-pamje-te-brendshme\/","og_locale":"en_US","og_type":"article","og_title":"Ingridi me pamje 't\u00eb brendshme' - Lajme nga Ulqini","og_description":"Gjat\u00eb pjes\u00ebmarrjes n\u00eb \"Jav\u00ebn shqiptare t\u00eb mod\u00ebs\", k\u00ebng\u00ebtarja kontroverse, Ingrid Gjoni, \u00ebsht\u00eb shfaqur me veshje serioze ku dominonte ngjyra e zez\u00eb, nd\u00ebrsa","og_url":"https:\/\/www.visit-ulcinj.com\/blog\/2008\/11\/19\/ingridi-me-pamje-te-brendshme\/","og_site_name":"Lajme nga Ulqini","article_published_time":"2008-11-19T17:51:24+00:00","article_modified_time":"2008-11-19T17:55:51+00:00","og_image":[{"url":"https:\/\/www.visit-ulcinj.com\/blog\/wp-content\/uploads\/2008\/11\/ingrid-gjoni21-150x150.jpg"}],"twitter_misc":{"Written by":"ulqini","Est. reading time":"1 minute"},"schema":{"@context":"https:\/\/schema.org","@graph":[{"@type":"WebSite","@id":"https:\/\/www.visit-ulcinj.com\/blog\/#website","url":"https:\/\/www.visit-ulcinj.com\/blog\/","name":"Lajme nga Ulqini","description":"Lajme,Vijesti,Ulqini,Ulqin,Crna Gora,Mali i Zi","potentialAction":[{"@type":"SearchAction","target":{"@type":"EntryPoint","urlTemplate":"https:\/\/www.visit-ulcinj.com\/blog\/?s={search_term_string}"},"query-input":"required name=search_term_string"}],"inLanguage":"en-US"},{"@type":"ImageObject","inLanguage":"en-US","@id":"https:\/\/www.visit-ulcinj.com\/blog\/2008\/11\/19\/ingridi-me-pamje-te-brendshme\/#primaryimage","url":"http:\/\/www.visit-ulcinj.com\/blog\/wp-content\/uploads\/2008\/11\/ingrid-gjoni3-161x300.jpg","contentUrl":"http:\/\/www.visit-ulcinj.com\/blog\/wp-content\/uploads\/2008\/11\/ingrid-gjoni3-161x300.jpg"},{"@type":"WebPage","@id":"https:\/\/www.visit-ulcinj.com\/blog\/2008\/11\/19\/ingridi-me-pamje-te-brendshme\/#webpage","url":"https:\/\/www.visit-ulcinj.com\/blog\/2008\/11\/19\/ingridi-me-pamje-te-brendshme\/","name":"Ingridi me pamje 't\u00eb brendshme' - Lajme nga Ulqini","isPartOf":{"@id":"https:\/\/www.visit-ulcinj.com\/blog\/#website"},"primaryImageOfPage":{"@id":"https:\/\/www.visit-ulcinj.com\/blog\/2008\/11\/19\/ingridi-me-pamje-te-brendshme\/#primaryimage"},"datePublished":"2008-11-19T17:51:24+00:00","dateModified":"2008-11-19T17:55:51+00:00","author":{"@id":"https:\/\/www.visit-ulcinj.com\/blog\/#\/schema\/person\/dcab619c614d3038751c63bc2aadc06d"},"description":"Gjat\u00eb pjes\u00ebmarrjes n\u00eb \"Jav\u00ebn shqiptare t\u00eb mod\u00ebs\", k\u00ebng\u00ebtarja kontroverse, Ingrid Gjoni, \u00ebsht\u00eb shfaqur me veshje serioze ku dominonte ngjyra e zez\u00eb, nd\u00ebrsa","breadcrumb":{"@id":"https:\/\/www.visit-ulcinj.com\/blog\/2008\/11\/19\/ingridi-me-pamje-te-brendshme\/#breadcrumb"},"inLanguage":"en-US","potentialAction":[{"@type":"ReadAction","target":["https:\/\/www.visit-ulcinj.com\/blog\/2008\/11\/19\/ingridi-me-pamje-te-brendshme\/"]}]},{"@type":"BreadcrumbList","@id":"https:\/\/www.visit-ulcinj.com\/blog\/2008\/11\/19\/ingridi-me-pamje-te-brendshme\/#breadcrumb","itemListElement":[{"@type":"ListItem","position":1,"name":"Ingridi me pamje &#8216;t\u00eb brendshme&#8217;"}]},{"@type":"Person","@id":"https:\/\/www.visit-ulcinj.com\/blog\/#\/schema\/person\/dcab619c614d3038751c63bc2aadc06d","name":"ulqini","sameAs":["http:\/\/www.visit-ulcinj.com"],"url":"https:\/\/www.visit-ulcinj.com\/blog\/author\/admin\/"}]}},"jetpack_featured_media_url":"","jetpack_sharing_enabled":true,"jetpack_shortlink":"https:\/\/wp.me\/pe6lTn-1ED","_links":{"self":[{"href":"https:\/\/www.visit-ulcinj.com\/blog\/wp-json\/wp\/v2\/posts\/6363"}],"collection":[{"href":"https:\/\/www.visit-ulcinj.com\/blog\/wp-json\/wp\/v2\/posts"}],"about":[{"href":"https:\/\/www.visit-ulcinj.com\/blog\/wp-json\/wp\/v2\/types\/post"}],"author":[{"embeddable":true,"href":"https:\/\/www.visit-ulcinj.com\/blog\/wp-json\/wp\/v2\/users\/1"}],"replies":[{"embeddable":true,"href":"https:\/\/www.visit-ulcinj.com\/blog\/wp-json\/wp\/v2\/comments?post=6363"}],"version-history":[{"count":0,"href":"https:\/\/www.visit-ulcinj.com\/blog\/wp-json\/wp\/v2\/posts\/6363\/revisions"}],"wp:attachment":[{"href":"https:\/\/www.visit-ulcinj.com\/blog\/wp-json\/wp\/v2\/media?parent=6363"}],"wp:term":[{"taxonomy":"category","embeddable":true,"href":"https:\/\/www.visit-ulcinj.com\/blog\/wp-json\/wp\/v2\/categories?post=6363"},{"taxonomy":"post_tag","embeddable":true,"href":"https:\/\/www.visit-ulcinj.com\/blog\/wp-json\/wp\/v2\/tags?post=6363"}],"curies":[{"name":"wp","href":"https:\/\/api.w.org\/{rel}","templated":true}]}}